{"id":146309,"date":"2023-12-26T17:00:00","date_gmt":"2023-12-26T20:00:00","guid":{"rendered":"https:\/\/folhapopular.info\/?p=146309"},"modified":"2023-12-26T15:26:55","modified_gmt":"2023-12-26T18:26:55","slug":"espetaculo-natalino-de-poco-das-antas-reuniu-comunidade-e-visitantes","status":"publish","type":"post","link":"https:\/\/folhapopular.info\/index.php\/2023\/12\/26\/espetaculo-natalino-de-poco-das-antas-reuniu-comunidade-e-visitantes\/","title":{"rendered":"Espet\u00e1culo natalino de Po\u00e7o das Antas reuniu comunidade e visitantes"},"content":{"rendered":"\n<p>A chuva n\u00e3o impediu a programa\u00e7\u00e3o do Natal da Fam\u00edlia, realizado pela Administra\u00e7\u00e3o Municipal de Po\u00e7o das Antas, atrav\u00e9s da Secretaria da Educa\u00e7\u00e3o, Cultura, Desporto e Turismo na noite de sexta-feira (22\/12) em frente \u00e0 Prefeitura.<\/p>\n\n\n\n<p>O p\u00fablico compareceu para assistir \u00e0 encena\u00e7\u00e3o do espet\u00e1culo natalino \u201c\u00c9 Tempo de Recome\u00e7ar \u2013 3\u00aa edi\u00e7\u00e3o\u201d. A programa\u00e7\u00e3o iniciou com a presen\u00e7a de autoridades e abertura oficial com o pronunciamento da prefeita de Po\u00e7o das Antas, V\u00e2nia Brackmann, que agradeceu a presen\u00e7a da comunidade e dos visitantes. Logo ap\u00f3s, as soberanas do Munic\u00edpio, rainha Daniele Beatriz Schirmer, primeira princesa Tatiana Rosa Flach e segunda princesa Andressa Eduarda Forneck deixaram a sua mensagem de Natal.<\/p>\n\n\n\n<p>A programa\u00e7\u00e3o seguiu com o sorteio de uma moto Yamaha 0km e R$ 1 mil reais, o \u00faltimo da campanha Minha Nota Vale Pr\u00eamios 2023. As ganhadoras da noite foram Andressa Rodrigues, que recebeu o valor em dinheiro, e Ananda Isabel Huebner, que levou as chaves da motocicleta. As duas premiadas s\u00e3o moradoras de Po\u00e7o das Antas.<\/p>\n\n\n\n<p>Na sequ\u00eancia, deu-se in\u00edcio \u00e0 encena\u00e7\u00e3o do nascimento do menino Jesus, com o espet\u00e1culo \u201c\u00c9 Tempo de Recome\u00e7ar\u201d, sob dire\u00e7\u00e3o de Marcelo Brentano. A apresenta\u00e7\u00e3o mesclou teatro, dan\u00e7a e canto e envolveu pessoas e grupos da comunidade. Participaram atores e atrizes volunt\u00e1rios, o Coral Municipal e o Grupo Vocal de\u00a0Po\u00e7o das Antas, o Grupo de Dan\u00e7as Folcl\u00f3ricas Alem\u00e3s Musikfreunde, o Grupo de Dan\u00e7as Tradicionais Ga\u00fachas do Munic\u00edpio, os alunos da oficina de Dan\u00e7a Moderna da Escola Municipal de Ensino Fundamental (Emef) Leo Pedro Schneider e demais cantores do munic\u00edpio e da regi\u00e3o.<\/p>\n\n\n\n<p>Para encerrar a festa ocorreu ainda a chegada do Papai Noel, que distribuiu pacotinhos e abra\u00e7os \u00e0s crian\u00e7as no sagu\u00e3o da Prefeitura, ao lado da \u00e1rvore de Natal, junto da equipe da Sicredi Ouro Branco RS\/MG, apoiadora da programa\u00e7\u00e3o natalina de Po\u00e7o das Antas.<\/p>\n","protected":false},"excerpt":{"rendered":"<p>A chuva n\u00e3o impediu a programa\u00e7\u00e3o do Natal da Fam\u00edlia, realizado pela Administra\u00e7\u00e3o Municipal de Po\u00e7o das Antas, atrav\u00e9s da Secretaria da Educa\u00e7\u00e3o, Cultura, Desporto e Turismo na noite de sexta-feira (22\/12) em frente \u00e0 Prefeitura. O p\u00fablico compareceu para assistir \u00e0 encena\u00e7\u00e3o do espet\u00e1culo natalino \u201c\u00c9 Tempo de Recome\u00e7ar \u2013 3\u00aa edi\u00e7\u00e3o\u201d. A programa\u00e7\u00e3o [&hellip;]<\/p>\n","protected":false},"author":8,"featured_media":146318,"comment_status":"open","ping_status":"open","sticky":false,"template":"","format":"standard","meta":{"pmpro_default_level":"","_jetpack_memberships_contains_paid_content":false,"footnotes":""},"categories":[2,10999,6],"tags":[5366,7201,40],"class_list":{"0":"post-146309","1":"post","2":"type-post","3":"status-publish","4":"format-standard","5":"has-post-thumbnail","7":"category-featured","8":"category-entretenimento","9":"category-inclusive","10":"tag-comunidade","11":"tag-espetaculo-natalino","12":"tag-poco-das-antas","13":"pmpro-has-access"},"yoast_head":"<!-- This site is optimized with the Yoast SEO plugin v27.5 - https:\/\/yoast.com\/product\/yoast-seo-wordpress\/ -->\n<title>Espet\u00e1culo natalino de Po\u00e7o das Antas reuniu comunidade e visitantes - Folha Popular<\/title>\n<meta name=\"robots\" content=\"index, follow, max-snippet:-1, max-image-preview:large, max-video-preview:-1\" \/>\n<link rel=\"canonical\" href=\"https:\/\/folhapopular.info\/index.php\/2023\/12\/26\/espetaculo-natalino-de-poco-das-antas-reuniu-comunidade-e-visitantes\/\" \/>\n<meta property=\"og:locale\" content=\"pt_BR\" \/>\n<meta property=\"og:type\" content=\"article\" \/>\n<meta property=\"og:title\" content=\"Espet\u00e1culo natalino de Po\u00e7o das Antas reuniu comunidade e visitantes - Folha Popular\" \/>\n<meta property=\"og:description\" content=\"A chuva n\u00e3o impediu a programa\u00e7\u00e3o do Natal da Fam\u00edlia, realizado pela Administra\u00e7\u00e3o Municipal de Po\u00e7o das Antas, atrav\u00e9s da Secretaria da Educa\u00e7\u00e3o, Cultura, Desporto e Turismo na noite de sexta-feira (22\/12) em frente \u00e0 Prefeitura. O p\u00fablico compareceu para assistir \u00e0 encena\u00e7\u00e3o do espet\u00e1culo natalino \u201c\u00c9 Tempo de Recome\u00e7ar \u2013 3\u00aa edi\u00e7\u00e3o\u201d. A programa\u00e7\u00e3o [&hellip;]\" \/>\n<meta property=\"og:url\" content=\"https:\/\/folhapopular.info\/index.php\/2023\/12\/26\/espetaculo-natalino-de-poco-das-antas-reuniu-comunidade-e-visitantes\/\" \/>\n<meta property=\"og:site_name\" content=\"Folha Popular\" \/>\n<meta property=\"article:published_time\" content=\"2023-12-26T20:00:00+00:00\" \/>\n<meta property=\"og:image\" content=\"https:\/\/folhapopular.info\/wp-content\/uploads\/2023\/12\/7-Mesmo-com-chuva-espetaculo-natalino-de-Poco-das-Antas-foi-apresentado-e-reuniu-comunidade-e-visitantes-scaled.jpg\" \/>\n\t<meta property=\"og:image:width\" content=\"2560\" \/>\n\t<meta property=\"og:image:height\" content=\"1707\" \/>\n\t<meta property=\"og:image:type\" content=\"image\/jpeg\" \/>\n<meta name=\"author\" content=\"Reda\u00e7\u00e3o Folha Popular\" \/>\n<meta name=\"twitter:card\" content=\"summary_large_image\" \/>\n<meta name=\"twitter:label1\" content=\"Escrito por\" \/>\n\t<meta name=\"twitter:data1\" content=\"Reda\u00e7\u00e3o Folha Popular\" \/>\n\t<meta name=\"twitter:label2\" content=\"Est. tempo de leitura\" \/>\n\t<meta name=\"twitter:data2\" content=\"2 minutos\" \/>\n<script type=\"application\/ld+json\" class=\"yoast-schema-graph\">{\"@context\":\"https:\\\/\\\/schema.org\",\"@graph\":[{\"@type\":\"Article\",\"@id\":\"https:\\\/\\\/folhapopular.info\\\/index.php\\\/2023\\\/12\\\/26\\\/espetaculo-natalino-de-poco-das-antas-reuniu-comunidade-e-visitantes\\\/#article\",\"isPartOf\":{\"@id\":\"https:\\\/\\\/folhapopular.info\\\/index.php\\\/2023\\\/12\\\/26\\\/espetaculo-natalino-de-poco-das-antas-reuniu-comunidade-e-visitantes\\\/\"},\"author\":{\"name\":\"Reda\u00e7\u00e3o Folha Popular\",\"@id\":\"https:\\\/\\\/folhapopular.info\\\/#\\\/schema\\\/person\\\/2814e8a0df7643585a9ca38bc6eb9d4b\"},\"headline\":\"Espet\u00e1culo natalino de Po\u00e7o das Antas reuniu comunidade e visitantes\",\"datePublished\":\"2023-12-26T20:00:00+00:00\",\"mainEntityOfPage\":{\"@id\":\"https:\\\/\\\/folhapopular.info\\\/index.php\\\/2023\\\/12\\\/26\\\/espetaculo-natalino-de-poco-das-antas-reuniu-comunidade-e-visitantes\\\/\"},\"wordCount\":355,\"commentCount\":0,\"image\":{\"@id\":\"https:\\\/\\\/folhapopular.info\\\/index.php\\\/2023\\\/12\\\/26\\\/espetaculo-natalino-de-poco-das-antas-reuniu-comunidade-e-visitantes\\\/#primaryimage\"},\"thumbnailUrl\":\"https:\\\/\\\/folhapopular.info\\\/wp-content\\\/uploads\\\/2023\\\/12\\\/7-Mesmo-com-chuva-espetaculo-natalino-de-Poco-das-Antas-foi-apresentado-e-reuniu-comunidade-e-visitantes-scaled.jpg\",\"keywords\":[\"Comunidade\",\"Espet\u00e1culo natalino\",\"Po\u00e7o das Antas\"],\"articleSection\":[\"Destaques\",\"Entretenimento\",\"Inclusive\"],\"inLanguage\":\"pt-BR\",\"potentialAction\":[{\"@type\":\"CommentAction\",\"name\":\"Comment\",\"target\":[\"https:\\\/\\\/folhapopular.info\\\/index.php\\\/2023\\\/12\\\/26\\\/espetaculo-natalino-de-poco-das-antas-reuniu-comunidade-e-visitantes\\\/#respond\"]}]},{\"@type\":\"WebPage\",\"@id\":\"https:\\\/\\\/folhapopular.info\\\/index.php\\\/2023\\\/12\\\/26\\\/espetaculo-natalino-de-poco-das-antas-reuniu-comunidade-e-visitantes\\\/\",\"url\":\"https:\\\/\\\/folhapopular.info\\\/index.php\\\/2023\\\/12\\\/26\\\/espetaculo-natalino-de-poco-das-antas-reuniu-comunidade-e-visitantes\\\/\",\"name\":\"Espet\u00e1culo natalino de Po\u00e7o das Antas reuniu comunidade e visitantes - Folha Popular\",\"isPartOf\":{\"@id\":\"https:\\\/\\\/folhapopular.info\\\/#website\"},\"primaryImageOfPage\":{\"@id\":\"https:\\\/\\\/folhapopular.info\\\/index.php\\\/2023\\\/12\\\/26\\\/espetaculo-natalino-de-poco-das-antas-reuniu-comunidade-e-visitantes\\\/#primaryimage\"},\"image\":{\"@id\":\"https:\\\/\\\/folhapopular.info\\\/index.php\\\/2023\\\/12\\\/26\\\/espetaculo-natalino-de-poco-das-antas-reuniu-comunidade-e-visitantes\\\/#primaryimage\"},\"thumbnailUrl\":\"https:\\\/\\\/folhapopular.info\\\/wp-content\\\/uploads\\\/2023\\\/12\\\/7-Mesmo-com-chuva-espetaculo-natalino-de-Poco-das-Antas-foi-apresentado-e-reuniu-comunidade-e-visitantes-scaled.jpg\",\"datePublished\":\"2023-12-26T20:00:00+00:00\",\"author\":{\"@id\":\"https:\\\/\\\/folhapopular.info\\\/#\\\/schema\\\/person\\\/2814e8a0df7643585a9ca38bc6eb9d4b\"},\"breadcrumb\":{\"@id\":\"https:\\\/\\\/folhapopular.info\\\/index.php\\\/2023\\\/12\\\/26\\\/espetaculo-natalino-de-poco-das-antas-reuniu-comunidade-e-visitantes\\\/#breadcrumb\"},\"inLanguage\":\"pt-BR\",\"potentialAction\":[{\"@type\":\"ReadAction\",\"target\":[\"https:\\\/\\\/folhapopular.info\\\/index.php\\\/2023\\\/12\\\/26\\\/espetaculo-natalino-de-poco-das-antas-reuniu-comunidade-e-visitantes\\\/\"]}]},{\"@type\":\"ImageObject\",\"inLanguage\":\"pt-BR\",\"@id\":\"https:\\\/\\\/folhapopular.info\\\/index.php\\\/2023\\\/12\\\/26\\\/espetaculo-natalino-de-poco-das-antas-reuniu-comunidade-e-visitantes\\\/#primaryimage\",\"url\":\"https:\\\/\\\/folhapopular.info\\\/wp-content\\\/uploads\\\/2023\\\/12\\\/7-Mesmo-com-chuva-espetaculo-natalino-de-Poco-das-Antas-foi-apresentado-e-reuniu-comunidade-e-visitantes-scaled.jpg\",\"contentUrl\":\"https:\\\/\\\/folhapopular.info\\\/wp-content\\\/uploads\\\/2023\\\/12\\\/7-Mesmo-com-chuva-espetaculo-natalino-de-Poco-das-Antas-foi-apresentado-e-reuniu-comunidade-e-visitantes-scaled.jpg\",\"width\":2560,\"height\":1707,\"caption\":\"Encena\u00e7\u00e3o do espet\u00e1culo \u201c\u00c9 Tempo de Recome\u00e7ar\u201d \\\/ Cr\u00e9dito: Divulga\u00e7\u00e3o\"},{\"@type\":\"BreadcrumbList\",\"@id\":\"https:\\\/\\\/folhapopular.info\\\/index.php\\\/2023\\\/12\\\/26\\\/espetaculo-natalino-de-poco-das-antas-reuniu-comunidade-e-visitantes\\\/#breadcrumb\",\"itemListElement\":[{\"@type\":\"ListItem\",\"position\":1,\"name\":\"In\u00edcio\",\"item\":\"https:\\\/\\\/folhapopular.info\\\/\"},{\"@type\":\"ListItem\",\"position\":2,\"name\":\"Espet\u00e1culo natalino de Po\u00e7o das Antas reuniu comunidade e visitantes\"}]},{\"@type\":\"WebSite\",\"@id\":\"https:\\\/\\\/folhapopular.info\\\/#website\",\"url\":\"https:\\\/\\\/folhapopular.info\\\/\",\"name\":\"Folha Popular\",\"description\":\"Onde voc\u00ea tem vez e voz\",\"potentialAction\":[{\"@type\":\"SearchAction\",\"target\":{\"@type\":\"EntryPoint\",\"urlTemplate\":\"https:\\\/\\\/folhapopular.info\\\/?s={search_term_string}\"},\"query-input\":{\"@type\":\"PropertyValueSpecification\",\"valueRequired\":true,\"valueName\":\"search_term_string\"}}],\"inLanguage\":\"pt-BR\"},{\"@type\":\"Person\",\"@id\":\"https:\\\/\\\/folhapopular.info\\\/#\\\/schema\\\/person\\\/2814e8a0df7643585a9ca38bc6eb9d4b\",\"name\":\"Reda\u00e7\u00e3o Folha Popular\",\"image\":{\"@type\":\"ImageObject\",\"inLanguage\":\"pt-BR\",\"@id\":\"https:\\\/\\\/folhapopular.info\\\/wp-content\\\/uploads\\\/2026\\\/04\\\/Folha-1.webp\",\"url\":\"https:\\\/\\\/folhapopular.info\\\/wp-content\\\/uploads\\\/2026\\\/04\\\/Folha-1.webp\",\"contentUrl\":\"https:\\\/\\\/folhapopular.info\\\/wp-content\\\/uploads\\\/2026\\\/04\\\/Folha-1.webp\",\"caption\":\"Reda\u00e7\u00e3o Folha Popular\"},\"url\":\"https:\\\/\\\/folhapopular.info\\\/index.php\\\/author\\\/redacao\\\/\"}]}<\/script>\n<!-- \/ Yoast SEO plugin. -->","yoast_head_json":{"title":"Espet\u00e1culo natalino de Po\u00e7o das Antas reuniu comunidade e visitantes - Folha Popular","robots":{"index":"index","follow":"follow","max-snippet":"max-snippet:-1","max-image-preview":"max-image-preview:large","max-video-preview":"max-video-preview:-1"},"canonical":"https:\/\/folhapopular.info\/index.php\/2023\/12\/26\/espetaculo-natalino-de-poco-das-antas-reuniu-comunidade-e-visitantes\/","og_locale":"pt_BR","og_type":"article","og_title":"Espet\u00e1culo natalino de Po\u00e7o das Antas reuniu comunidade e visitantes - Folha Popular","og_description":"A chuva n\u00e3o impediu a programa\u00e7\u00e3o do Natal da Fam\u00edlia, realizado pela Administra\u00e7\u00e3o Municipal de Po\u00e7o das Antas, atrav\u00e9s da Secretaria da Educa\u00e7\u00e3o, Cultura, Desporto e Turismo na noite de sexta-feira (22\/12) em frente \u00e0 Prefeitura. O p\u00fablico compareceu para assistir \u00e0 encena\u00e7\u00e3o do espet\u00e1culo natalino \u201c\u00c9 Tempo de Recome\u00e7ar \u2013 3\u00aa edi\u00e7\u00e3o\u201d. A programa\u00e7\u00e3o [&hellip;]","og_url":"https:\/\/folhapopular.info\/index.php\/2023\/12\/26\/espetaculo-natalino-de-poco-das-antas-reuniu-comunidade-e-visitantes\/","og_site_name":"Folha Popular","article_published_time":"2023-12-26T20:00:00+00:00","og_image":[{"width":2560,"height":1707,"url":"https:\/\/folhapopular.info\/wp-content\/uploads\/2023\/12\/7-Mesmo-com-chuva-espetaculo-natalino-de-Poco-das-Antas-foi-apresentado-e-reuniu-comunidade-e-visitantes-scaled.jpg","type":"image\/jpeg"}],"author":"Reda\u00e7\u00e3o Folha Popular","twitter_card":"summary_large_image","twitter_misc":{"Escrito por":"Reda\u00e7\u00e3o Folha Popular","Est. tempo de leitura":"2 minutos"},"schema":{"@context":"https:\/\/schema.org","@graph":[{"@type":"Article","@id":"https:\/\/folhapopular.info\/index.php\/2023\/12\/26\/espetaculo-natalino-de-poco-das-antas-reuniu-comunidade-e-visitantes\/#article","isPartOf":{"@id":"https:\/\/folhapopular.info\/index.php\/2023\/12\/26\/espetaculo-natalino-de-poco-das-antas-reuniu-comunidade-e-visitantes\/"},"author":{"name":"Reda\u00e7\u00e3o Folha Popular","@id":"https:\/\/folhapopular.info\/#\/schema\/person\/2814e8a0df7643585a9ca38bc6eb9d4b"},"headline":"Espet\u00e1culo natalino de Po\u00e7o das Antas reuniu comunidade e visitantes","datePublished":"2023-12-26T20:00:00+00:00","mainEntityOfPage":{"@id":"https:\/\/folhapopular.info\/index.php\/2023\/12\/26\/espetaculo-natalino-de-poco-das-antas-reuniu-comunidade-e-visitantes\/"},"wordCount":355,"commentCount":0,"image":{"@id":"https:\/\/folhapopular.info\/index.php\/2023\/12\/26\/espetaculo-natalino-de-poco-das-antas-reuniu-comunidade-e-visitantes\/#primaryimage"},"thumbnailUrl":"https:\/\/folhapopular.info\/wp-content\/uploads\/2023\/12\/7-Mesmo-com-chuva-espetaculo-natalino-de-Poco-das-Antas-foi-apresentado-e-reuniu-comunidade-e-visitantes-scaled.jpg","keywords":["Comunidade","Espet\u00e1culo natalino","Po\u00e7o das Antas"],"articleSection":["Destaques","Entretenimento","Inclusive"],"inLanguage":"pt-BR","potentialAction":[{"@type":"CommentAction","name":"Comment","target":["https:\/\/folhapopular.info\/index.php\/2023\/12\/26\/espetaculo-natalino-de-poco-das-antas-reuniu-comunidade-e-visitantes\/#respond"]}]},{"@type":"WebPage","@id":"https:\/\/folhapopular.info\/index.php\/2023\/12\/26\/espetaculo-natalino-de-poco-das-antas-reuniu-comunidade-e-visitantes\/","url":"https:\/\/folhapopular.info\/index.php\/2023\/12\/26\/espetaculo-natalino-de-poco-das-antas-reuniu-comunidade-e-visitantes\/","name":"Espet\u00e1culo natalino de Po\u00e7o das Antas reuniu comunidade e visitantes - Folha Popular","isPartOf":{"@id":"https:\/\/folhapopular.info\/#website"},"primaryImageOfPage":{"@id":"https:\/\/folhapopular.info\/index.php\/2023\/12\/26\/espetaculo-natalino-de-poco-das-antas-reuniu-comunidade-e-visitantes\/#primaryimage"},"image":{"@id":"https:\/\/folhapopular.info\/index.php\/2023\/12\/26\/espetaculo-natalino-de-poco-das-antas-reuniu-comunidade-e-visitantes\/#primaryimage"},"thumbnailUrl":"https:\/\/folhapopular.info\/wp-content\/uploads\/2023\/12\/7-Mesmo-com-chuva-espetaculo-natalino-de-Poco-das-Antas-foi-apresentado-e-reuniu-comunidade-e-visitantes-scaled.jpg","datePublished":"2023-12-26T20:00:00+00:00","author":{"@id":"https:\/\/folhapopular.info\/#\/schema\/person\/2814e8a0df7643585a9ca38bc6eb9d4b"},"breadcrumb":{"@id":"https:\/\/folhapopular.info\/index.php\/2023\/12\/26\/espetaculo-natalino-de-poco-das-antas-reuniu-comunidade-e-visitantes\/#breadcrumb"},"inLanguage":"pt-BR","potentialAction":[{"@type":"ReadAction","target":["https:\/\/folhapopular.info\/index.php\/2023\/12\/26\/espetaculo-natalino-de-poco-das-antas-reuniu-comunidade-e-visitantes\/"]}]},{"@type":"ImageObject","inLanguage":"pt-BR","@id":"https:\/\/folhapopular.info\/index.php\/2023\/12\/26\/espetaculo-natalino-de-poco-das-antas-reuniu-comunidade-e-visitantes\/#primaryimage","url":"https:\/\/folhapopular.info\/wp-content\/uploads\/2023\/12\/7-Mesmo-com-chuva-espetaculo-natalino-de-Poco-das-Antas-foi-apresentado-e-reuniu-comunidade-e-visitantes-scaled.jpg","contentUrl":"https:\/\/folhapopular.info\/wp-content\/uploads\/2023\/12\/7-Mesmo-com-chuva-espetaculo-natalino-de-Poco-das-Antas-foi-apresentado-e-reuniu-comunidade-e-visitantes-scaled.jpg","width":2560,"height":1707,"caption":"Encena\u00e7\u00e3o do espet\u00e1culo \u201c\u00c9 Tempo de Recome\u00e7ar\u201d \/ Cr\u00e9dito: Divulga\u00e7\u00e3o"},{"@type":"BreadcrumbList","@id":"https:\/\/folhapopular.info\/index.php\/2023\/12\/26\/espetaculo-natalino-de-poco-das-antas-reuniu-comunidade-e-visitantes\/#breadcrumb","itemListElement":[{"@type":"ListItem","position":1,"name":"In\u00edcio","item":"https:\/\/folhapopular.info\/"},{"@type":"ListItem","position":2,"name":"Espet\u00e1culo natalino de Po\u00e7o das Antas reuniu comunidade e visitantes"}]},{"@type":"WebSite","@id":"https:\/\/folhapopular.info\/#website","url":"https:\/\/folhapopular.info\/","name":"Folha Popular","description":"Onde voc\u00ea tem vez e voz","potentialAction":[{"@type":"SearchAction","target":{"@type":"EntryPoint","urlTemplate":"https:\/\/folhapopular.info\/?s={search_term_string}"},"query-input":{"@type":"PropertyValueSpecification","valueRequired":true,"valueName":"search_term_string"}}],"inLanguage":"pt-BR"},{"@type":"Person","@id":"https:\/\/folhapopular.info\/#\/schema\/person\/2814e8a0df7643585a9ca38bc6eb9d4b","name":"Reda\u00e7\u00e3o Folha Popular","image":{"@type":"ImageObject","inLanguage":"pt-BR","@id":"https:\/\/folhapopular.info\/wp-content\/uploads\/2026\/04\/Folha-1.webp","url":"https:\/\/folhapopular.info\/wp-content\/uploads\/2026\/04\/Folha-1.webp","contentUrl":"https:\/\/folhapopular.info\/wp-content\/uploads\/2026\/04\/Folha-1.webp","caption":"Reda\u00e7\u00e3o Folha Popular"},"url":"https:\/\/folhapopular.info\/index.php\/author\/redacao\/"}]}},"jetpack_featured_media_url":"https:\/\/folhapopular.info\/wp-content\/uploads\/2023\/12\/7-Mesmo-com-chuva-espetaculo-natalino-de-Poco-das-Antas-foi-apresentado-e-reuniu-comunidade-e-visitantes-scaled.jpg","jetpack_sharing_enabled":true,"amp_enabled":true,"_links":{"self":[{"href":"https:\/\/folhapopular.info\/index.php\/wp-json\/wp\/v2\/posts\/146309","targetHints":{"allow":["GET"]}}],"collection":[{"href":"https:\/\/folhapopular.info\/index.php\/wp-json\/wp\/v2\/posts"}],"about":[{"href":"https:\/\/folhapopular.info\/index.php\/wp-json\/wp\/v2\/types\/post"}],"author":[{"embeddable":true,"href":"https:\/\/folhapopular.info\/index.php\/wp-json\/wp\/v2\/users\/8"}],"replies":[{"embeddable":true,"href":"https:\/\/folhapopular.info\/index.php\/wp-json\/wp\/v2\/comments?post=146309"}],"version-history":[{"count":0,"href":"https:\/\/folhapopular.info\/index.php\/wp-json\/wp\/v2\/posts\/146309\/revisions"}],"wp:featuredmedia":[{"embeddable":true,"href":"https:\/\/folhapopular.info\/index.php\/wp-json\/wp\/v2\/media\/146318"}],"wp:attachment":[{"href":"https:\/\/folhapopular.info\/index.php\/wp-json\/wp\/v2\/media?parent=146309"}],"wp:term":[{"taxonomy":"category","embeddable":true,"href":"https:\/\/folhapopular.info\/index.php\/wp-json\/wp\/v2\/categories?post=146309"},{"taxonomy":"post_tag","embeddable":true,"href":"https:\/\/folhapopular.info\/index.php\/wp-json\/wp\/v2\/tags?post=146309"}],"curies":[{"name":"wp","href":"https:\/\/api.w.org\/{rel}","templated":true}]}}