{"id":146643,"date":"2024-01-04T13:16:29","date_gmt":"2024-01-04T16:16:29","guid":{"rendered":"https:\/\/folhapopular.info\/?p=146643"},"modified":"2024-01-04T13:16:32","modified_gmt":"2024-01-04T16:16:32","slug":"retrospectiva-brasil-acima-e-regiao-abaixo-do-esperado","status":"publish","type":"post","link":"https:\/\/folhapopular.info\/index.php\/2024\/01\/04\/retrospectiva-brasil-acima-e-regiao-abaixo-do-esperado\/","title":{"rendered":"Retrospectiva: Brasil acima e regi\u00e3o abaixo do esperado"},"content":{"rendered":"\n<p>Uma das \u00e1reas que mais impacta na vida e bem-estar das pessoas \u00e9 a economia. Embora para muitos o tema pare\u00e7a dif\u00edcil ou chato e n\u00e3o desperte interesse, ele reflete na vida de todos. Pre\u00e7os, empregos, consumo, investimentos, tudo depende da roda da economia para girar.<\/p>\n\n\n\n<p>E assim como os demais setores, a economia tem seus altos e baixos, e diversos fatores que a impactam ao longo de um ano, seja no n\u00edvel macro (a economia geral ou do pa\u00eds), seja no n\u00edvel local.<\/p>\n\n\n\n<p>Em 2023, conforme a economista e professora da Univates, Fernanda Sindelar, a economia brasileira teve um desempenho melhor do que o inicialmente previsto. A previs\u00e3o do PIB no in\u00edcio do ano indicava um crescimento inferior a 1%, mas deve fechar o ano acima dos 3%. Segundo a profissional, isso se deve a diversos fatores ao longo do ano. \u201cEm especial, a agropecu\u00e1ria, j\u00e1 que tivemos um excelente resultado na safra no primeiro trimestre, o que ajudou outros setores da economia\u201d, explica.<\/p>\n\n\n\n<p>Conforme Fernanda, outro fator que impactou a retomada de crescimento foram as medidas fiscais e sociais implementadas pelo governo por meio de isen\u00e7\u00e3o\/redu\u00e7\u00e3o de al\u00edquotas de impostos e manuten\u00e7\u00e3o do pagamento de R$ 600,00 de Bolsa Fam\u00edlia. \u201cA retomada da economia tamb\u00e9m contribuiu para a cria\u00e7\u00e3o de empregos. Al\u00e9m disso, os pre\u00e7os ao longo do ano foram reduzindo, e desde agosto tamb\u00e9m observamos uma queda da taxa de juros, os quais embora continuem altos, reduziram 2% ao longo do ano\u201d, complementa.<\/p>\n\n\n\n<p>No entanto, o desempenho da economia regional ficou abaixo do esperado. \u201cA regi\u00e3o foi especialmente impactada pelos efeitos clim\u00e1ticos. No in\u00edcio do ano, o setor agr\u00edcola sofreu com os efeitos da seca, e no segundo semestre v\u00e1rios epis\u00f3dios de cheias, em diferentes momentos e munic\u00edpios, impactaram a economia regional devido El Ni\u00f1o intenso\u201d, pondera.<\/p>\n\n\n\n<p>A professora refor\u00e7a ainda que algumas empresas exportadoras da regi\u00e3o tamb\u00e9m continuaram sentido os impactos da instabilidade mundial. Al\u00e9m disso, a redu\u00e7\u00e3o das atividades da Cooperativa Languiru impactou especialmente as atividades econ\u00f4micas de alguns munic\u00edpios, de maneira direta e indireta devido ao seu efeito multiplicador.<\/p>\n\n\n\n<h2 class=\"wp-block-heading\">Pontos positivo e negativos<\/h2>\n\n\n\n<p>Entre os altos e baixos da economia, \u00e9 poss\u00edvel apontar alguns pontos positivos e negativos. Entre as marcas boas do ano, Fernanda salienta retomada do crescimento mais consistente da economia brasileira pelo segundo ano consecutivo; a redu\u00e7\u00e3o dos juros que contribui para a retomada das atividades econ\u00f4micas, embora ainda estejam altos; e aprova\u00e7\u00e3o da Reforma Tribut\u00e1ria, que visa simplificar a cobran\u00e7a de impostos.<\/p>\n\n\n\n<p>J\u00e1 entre as marcas ruins, salienta que embora o governo tenha ampliado as pol\u00edticas fiscais e sociais, este fato contribuiu para o distanciamento da meta fiscal e o aumento do d\u00e9ficit prim\u00e1rio. \u201cPode impactar negativamente na estabilidade da economia e afastar investidores internacionais no pr\u00f3ximo ano\u201d, considera.<\/p>\n\n\n\n<p>Tamb\u00e9m salienta os efeitos clim\u00e1ticos potencializados pelo El Ni\u00f1o que impactaram negativamente a economia de diversas regi\u00f5es especialmente dos estados da regi\u00e3o sul.<\/p>\n\n\n\n<p>Ainda comenta que a estagna\u00e7\u00e3o do setor industrial tamb\u00e9m preocupa bastante. \u201cTende a dificultar o crescimento do pa\u00eds nos pr\u00f3ximos anos\u201d, opina.<\/p>\n\n\n\n<p>Por fim, cita que &#8220;continuamos com uma grande disparidade de renda no Brasil e o n\u00edvel de endividamento das fam\u00edlias \u00e9 muito elevado, o que pode comprometer o desempenho da economia brasileira\u201d.<\/p>\n\n\n\n<h2 class=\"wp-block-heading\">Para 2024<\/h2>\n\n\n\n<p>A economista destaca que as perspectivas de crescimento para 2024 s\u00e3o menores. \u201cH\u00e1 maior receio quanto ao risco fiscal (gastos governamentais superiores as receitas), o que pode contribuir para o aumento do endividamento p\u00fablico e distanciamento da meta fiscal, e assim pressionar novamente a taxa de juros\u201d, esclarece.<\/p>\n\n\n\n<p>Por outro lado, ela avalia que se a economia se mantiver est\u00e1vel, considerando que os pre\u00e7os est\u00e3o mais controlados, h\u00e1 expectativa de que a taxa de juros continue caindo. \u201cCom isso, a economia tende a ser impulsionada pela maior procura por cr\u00e9dito\u201d, considera.<\/p>\n\n\n\n<p>No contexto regional, Fernanda acredita que o desafio para diversos munic\u00edpios \u00e9 reconstruir suas infraestruturas e retomar as atividades econ\u00f4micas depois das perdas de 2023. \u201cAs elei\u00e7\u00f5es municipais tamb\u00e9m tendem a influenciar\u201d, acredita.<\/p>\n\n\n\n<p>Quanto aos desafios e oportunidades, pondera que \u201csomos um pa\u00eds com muitas riquezas, mas precisamos melhorar nossa produtividade e retomar um crescimento de forma mais s\u00f3lida\u201d. Assim, aponta a necessidade de desenvolver pol\u00edticas p\u00fablicas e investimentos considerando que os efeitos clim\u00e1ticos tamb\u00e9m s\u00e3o fundamentais, pois estes estar\u00e3o cada vez mais presentes. \u201cAl\u00e9m disso, a taxa de juros precisa reduzir mais para facilitar a retomada dos investimentos industriais. E ainda, h\u00e1 a necessidade de melhorar o n\u00edvel de renda m\u00e9dio da popula\u00e7\u00e3o e reduzir as disparidades sociais\u201d, conclui.<\/p>\n","protected":false},"excerpt":{"rendered":"<p>Uma das \u00e1reas que mais impacta na vida e bem-estar das pessoas \u00e9 a economia. Embora para muitos o tema pare\u00e7a dif\u00edcil ou chato e n\u00e3o desperte interesse, ele reflete na vida de todos. Pre\u00e7os, empregos, consumo, investimentos, tudo depende da roda da economia para girar. E assim como os demais setores, a economia tem [&hellip;]<\/p>\n","protected":false},"author":5,"featured_media":146644,"comment_status":"open","ping_status":"open","sticky":false,"template":"","format":"standard","meta":{"pmpro_default_level":"","_jetpack_memberships_contains_paid_content":false,"footnotes":""},"categories":[2,10991],"tags":[263,746,315],"class_list":{"0":"post-146643","1":"post","2":"type-post","3":"status-publish","4":"format-standard","5":"has-post-thumbnail","7":"category-featured","8":"category-economia","9":"tag-brasil","10":"tag-economia","11":"tag-regiao","12":"pmpro-has-access"},"yoast_head":"<!-- This site is optimized with the Yoast SEO plugin v27.5 - https:\/\/yoast.com\/product\/yoast-seo-wordpress\/ -->\n<title>Retrospectiva: Brasil acima e regi\u00e3o abaixo do esperado - Folha Popular<\/title>\n<meta name=\"robots\" content=\"index, follow, max-snippet:-1, max-image-preview:large, max-video-preview:-1\" \/>\n<link rel=\"canonical\" href=\"https:\/\/folhapopular.info\/index.php\/2024\/01\/04\/retrospectiva-brasil-acima-e-regiao-abaixo-do-esperado\/\" \/>\n<meta property=\"og:locale\" content=\"pt_BR\" \/>\n<meta property=\"og:type\" content=\"article\" \/>\n<meta property=\"og:title\" content=\"Retrospectiva: Brasil acima e regi\u00e3o abaixo do esperado - Folha Popular\" \/>\n<meta property=\"og:description\" content=\"Uma das \u00e1reas que mais impacta na vida e bem-estar das pessoas \u00e9 a economia. Embora para muitos o tema pare\u00e7a dif\u00edcil ou chato e n\u00e3o desperte interesse, ele reflete na vida de todos. Pre\u00e7os, empregos, consumo, investimentos, tudo depende da roda da economia para girar. E assim como os demais setores, a economia tem [&hellip;]\" \/>\n<meta property=\"og:url\" content=\"https:\/\/folhapopular.info\/index.php\/2024\/01\/04\/retrospectiva-brasil-acima-e-regiao-abaixo-do-esperado\/\" \/>\n<meta property=\"og:site_name\" content=\"Folha Popular\" \/>\n<meta property=\"article:published_time\" content=\"2024-01-04T16:16:29+00:00\" \/>\n<meta property=\"article:modified_time\" content=\"2024-01-04T16:16:32+00:00\" \/>\n<meta property=\"og:image\" content=\"http:\/\/folhapopular.info\/wp-content\/uploads\/2023\/12\/pexels-nataliya-vaitkevich-6120251-scaled.jpg\" \/>\n\t<meta property=\"og:image:width\" content=\"2560\" \/>\n\t<meta property=\"og:image:height\" content=\"1707\" \/>\n\t<meta property=\"og:image:type\" content=\"image\/jpeg\" \/>\n<meta name=\"author\" content=\"Paloma Cristine Griesang\" \/>\n<meta name=\"twitter:card\" content=\"summary_large_image\" \/>\n<meta name=\"twitter:label1\" content=\"Escrito por\" \/>\n\t<meta name=\"twitter:data1\" content=\"Paloma Cristine Griesang\" \/>\n\t<meta name=\"twitter:label2\" content=\"Est. tempo de leitura\" \/>\n\t<meta name=\"twitter:data2\" content=\"5 minutos\" \/>\n<script type=\"application\/ld+json\" class=\"yoast-schema-graph\">{\"@context\":\"https:\\\/\\\/schema.org\",\"@graph\":[{\"@type\":\"Article\",\"@id\":\"https:\\\/\\\/folhapopular.info\\\/index.php\\\/2024\\\/01\\\/04\\\/retrospectiva-brasil-acima-e-regiao-abaixo-do-esperado\\\/#article\",\"isPartOf\":{\"@id\":\"https:\\\/\\\/folhapopular.info\\\/index.php\\\/2024\\\/01\\\/04\\\/retrospectiva-brasil-acima-e-regiao-abaixo-do-esperado\\\/\"},\"author\":{\"name\":\"Paloma Cristine Griesang\",\"@id\":\"https:\\\/\\\/folhapopular.info\\\/#\\\/schema\\\/person\\\/6441c3adb14a6337552a9700ef5698d2\"},\"headline\":\"Retrospectiva: Brasil acima e regi\u00e3o abaixo do esperado\",\"datePublished\":\"2024-01-04T16:16:29+00:00\",\"dateModified\":\"2024-01-04T16:16:32+00:00\",\"mainEntityOfPage\":{\"@id\":\"https:\\\/\\\/folhapopular.info\\\/index.php\\\/2024\\\/01\\\/04\\\/retrospectiva-brasil-acima-e-regiao-abaixo-do-esperado\\\/\"},\"wordCount\":825,\"commentCount\":0,\"image\":{\"@id\":\"https:\\\/\\\/folhapopular.info\\\/index.php\\\/2024\\\/01\\\/04\\\/retrospectiva-brasil-acima-e-regiao-abaixo-do-esperado\\\/#primaryimage\"},\"thumbnailUrl\":\"https:\\\/\\\/folhapopular.info\\\/wp-content\\\/uploads\\\/2023\\\/12\\\/pexels-nataliya-vaitkevich-6120251-scaled.jpg\",\"keywords\":[\"Brasil\",\"Economia\",\"Regi\u00e3o\"],\"articleSection\":[\"Destaques\",\"Economia\"],\"inLanguage\":\"pt-BR\",\"potentialAction\":[{\"@type\":\"CommentAction\",\"name\":\"Comment\",\"target\":[\"https:\\\/\\\/folhapopular.info\\\/index.php\\\/2024\\\/01\\\/04\\\/retrospectiva-brasil-acima-e-regiao-abaixo-do-esperado\\\/#respond\"]}]},{\"@type\":\"WebPage\",\"@id\":\"https:\\\/\\\/folhapopular.info\\\/index.php\\\/2024\\\/01\\\/04\\\/retrospectiva-brasil-acima-e-regiao-abaixo-do-esperado\\\/\",\"url\":\"https:\\\/\\\/folhapopular.info\\\/index.php\\\/2024\\\/01\\\/04\\\/retrospectiva-brasil-acima-e-regiao-abaixo-do-esperado\\\/\",\"name\":\"Retrospectiva: Brasil acima e regi\u00e3o abaixo do esperado - Folha Popular\",\"isPartOf\":{\"@id\":\"https:\\\/\\\/folhapopular.info\\\/#website\"},\"primaryImageOfPage\":{\"@id\":\"https:\\\/\\\/folhapopular.info\\\/index.php\\\/2024\\\/01\\\/04\\\/retrospectiva-brasil-acima-e-regiao-abaixo-do-esperado\\\/#primaryimage\"},\"image\":{\"@id\":\"https:\\\/\\\/folhapopular.info\\\/index.php\\\/2024\\\/01\\\/04\\\/retrospectiva-brasil-acima-e-regiao-abaixo-do-esperado\\\/#primaryimage\"},\"thumbnailUrl\":\"https:\\\/\\\/folhapopular.info\\\/wp-content\\\/uploads\\\/2023\\\/12\\\/pexels-nataliya-vaitkevich-6120251-scaled.jpg\",\"datePublished\":\"2024-01-04T16:16:29+00:00\",\"dateModified\":\"2024-01-04T16:16:32+00:00\",\"author\":{\"@id\":\"https:\\\/\\\/folhapopular.info\\\/#\\\/schema\\\/person\\\/6441c3adb14a6337552a9700ef5698d2\"},\"breadcrumb\":{\"@id\":\"https:\\\/\\\/folhapopular.info\\\/index.php\\\/2024\\\/01\\\/04\\\/retrospectiva-brasil-acima-e-regiao-abaixo-do-esperado\\\/#breadcrumb\"},\"inLanguage\":\"pt-BR\",\"potentialAction\":[{\"@type\":\"ReadAction\",\"target\":[\"https:\\\/\\\/folhapopular.info\\\/index.php\\\/2024\\\/01\\\/04\\\/retrospectiva-brasil-acima-e-regiao-abaixo-do-esperado\\\/\"]}]},{\"@type\":\"ImageObject\",\"inLanguage\":\"pt-BR\",\"@id\":\"https:\\\/\\\/folhapopular.info\\\/index.php\\\/2024\\\/01\\\/04\\\/retrospectiva-brasil-acima-e-regiao-abaixo-do-esperado\\\/#primaryimage\",\"url\":\"https:\\\/\\\/folhapopular.info\\\/wp-content\\\/uploads\\\/2023\\\/12\\\/pexels-nataliya-vaitkevich-6120251-scaled.jpg\",\"contentUrl\":\"https:\\\/\\\/folhapopular.info\\\/wp-content\\\/uploads\\\/2023\\\/12\\\/pexels-nataliya-vaitkevich-6120251-scaled.jpg\",\"width\":2560,\"height\":1707,\"caption\":\"Cr\u00e9dito: Pexels\"},{\"@type\":\"BreadcrumbList\",\"@id\":\"https:\\\/\\\/folhapopular.info\\\/index.php\\\/2024\\\/01\\\/04\\\/retrospectiva-brasil-acima-e-regiao-abaixo-do-esperado\\\/#breadcrumb\",\"itemListElement\":[{\"@type\":\"ListItem\",\"position\":1,\"name\":\"In\u00edcio\",\"item\":\"https:\\\/\\\/folhapopular.info\\\/\"},{\"@type\":\"ListItem\",\"position\":2,\"name\":\"Retrospectiva: Brasil acima e regi\u00e3o abaixo do esperado\"}]},{\"@type\":\"WebSite\",\"@id\":\"https:\\\/\\\/folhapopular.info\\\/#website\",\"url\":\"https:\\\/\\\/folhapopular.info\\\/\",\"name\":\"Folha Popular\",\"description\":\"Onde voc\u00ea tem vez e voz\",\"potentialAction\":[{\"@type\":\"SearchAction\",\"target\":{\"@type\":\"EntryPoint\",\"urlTemplate\":\"https:\\\/\\\/folhapopular.info\\\/?s={search_term_string}\"},\"query-input\":{\"@type\":\"PropertyValueSpecification\",\"valueRequired\":true,\"valueName\":\"search_term_string\"}}],\"inLanguage\":\"pt-BR\"},{\"@type\":\"Person\",\"@id\":\"https:\\\/\\\/folhapopular.info\\\/#\\\/schema\\\/person\\\/6441c3adb14a6337552a9700ef5698d2\",\"name\":\"Paloma Cristine Griesang\",\"image\":{\"@type\":\"ImageObject\",\"inLanguage\":\"pt-BR\",\"@id\":\"https:\\\/\\\/secure.gravatar.com\\\/avatar\\\/7a1c3f1e1b05846882a13987cf3bd04239fe0ea8fd472d7d16d7f21c265005a5?s=96&d=mm&r=g\",\"url\":\"https:\\\/\\\/secure.gravatar.com\\\/avatar\\\/7a1c3f1e1b05846882a13987cf3bd04239fe0ea8fd472d7d16d7f21c265005a5?s=96&d=mm&r=g\",\"contentUrl\":\"https:\\\/\\\/secure.gravatar.com\\\/avatar\\\/7a1c3f1e1b05846882a13987cf3bd04239fe0ea8fd472d7d16d7f21c265005a5?s=96&d=mm&r=g\",\"caption\":\"Paloma Cristine Griesang\"},\"url\":\"https:\\\/\\\/folhapopular.info\\\/index.php\\\/author\\\/paloma-griesang\\\/\"}]}<\/script>\n<!-- \/ Yoast SEO plugin. -->","yoast_head_json":{"title":"Retrospectiva: Brasil acima e regi\u00e3o abaixo do esperado - Folha Popular","robots":{"index":"index","follow":"follow","max-snippet":"max-snippet:-1","max-image-preview":"max-image-preview:large","max-video-preview":"max-video-preview:-1"},"canonical":"https:\/\/folhapopular.info\/index.php\/2024\/01\/04\/retrospectiva-brasil-acima-e-regiao-abaixo-do-esperado\/","og_locale":"pt_BR","og_type":"article","og_title":"Retrospectiva: Brasil acima e regi\u00e3o abaixo do esperado - Folha Popular","og_description":"Uma das \u00e1reas que mais impacta na vida e bem-estar das pessoas \u00e9 a economia. Embora para muitos o tema pare\u00e7a dif\u00edcil ou chato e n\u00e3o desperte interesse, ele reflete na vida de todos. Pre\u00e7os, empregos, consumo, investimentos, tudo depende da roda da economia para girar. E assim como os demais setores, a economia tem [&hellip;]","og_url":"https:\/\/folhapopular.info\/index.php\/2024\/01\/04\/retrospectiva-brasil-acima-e-regiao-abaixo-do-esperado\/","og_site_name":"Folha Popular","article_published_time":"2024-01-04T16:16:29+00:00","article_modified_time":"2024-01-04T16:16:32+00:00","og_image":[{"width":2560,"height":1707,"url":"http:\/\/folhapopular.info\/wp-content\/uploads\/2023\/12\/pexels-nataliya-vaitkevich-6120251-scaled.jpg","type":"image\/jpeg"}],"author":"Paloma Cristine Griesang","twitter_card":"summary_large_image","twitter_misc":{"Escrito por":"Paloma Cristine Griesang","Est. tempo de leitura":"5 minutos"},"schema":{"@context":"https:\/\/schema.org","@graph":[{"@type":"Article","@id":"https:\/\/folhapopular.info\/index.php\/2024\/01\/04\/retrospectiva-brasil-acima-e-regiao-abaixo-do-esperado\/#article","isPartOf":{"@id":"https:\/\/folhapopular.info\/index.php\/2024\/01\/04\/retrospectiva-brasil-acima-e-regiao-abaixo-do-esperado\/"},"author":{"name":"Paloma Cristine Griesang","@id":"https:\/\/folhapopular.info\/#\/schema\/person\/6441c3adb14a6337552a9700ef5698d2"},"headline":"Retrospectiva: Brasil acima e regi\u00e3o abaixo do esperado","datePublished":"2024-01-04T16:16:29+00:00","dateModified":"2024-01-04T16:16:32+00:00","mainEntityOfPage":{"@id":"https:\/\/folhapopular.info\/index.php\/2024\/01\/04\/retrospectiva-brasil-acima-e-regiao-abaixo-do-esperado\/"},"wordCount":825,"commentCount":0,"image":{"@id":"https:\/\/folhapopular.info\/index.php\/2024\/01\/04\/retrospectiva-brasil-acima-e-regiao-abaixo-do-esperado\/#primaryimage"},"thumbnailUrl":"https:\/\/folhapopular.info\/wp-content\/uploads\/2023\/12\/pexels-nataliya-vaitkevich-6120251-scaled.jpg","keywords":["Brasil","Economia","Regi\u00e3o"],"articleSection":["Destaques","Economia"],"inLanguage":"pt-BR","potentialAction":[{"@type":"CommentAction","name":"Comment","target":["https:\/\/folhapopular.info\/index.php\/2024\/01\/04\/retrospectiva-brasil-acima-e-regiao-abaixo-do-esperado\/#respond"]}]},{"@type":"WebPage","@id":"https:\/\/folhapopular.info\/index.php\/2024\/01\/04\/retrospectiva-brasil-acima-e-regiao-abaixo-do-esperado\/","url":"https:\/\/folhapopular.info\/index.php\/2024\/01\/04\/retrospectiva-brasil-acima-e-regiao-abaixo-do-esperado\/","name":"Retrospectiva: Brasil acima e regi\u00e3o abaixo do esperado - Folha Popular","isPartOf":{"@id":"https:\/\/folhapopular.info\/#website"},"primaryImageOfPage":{"@id":"https:\/\/folhapopular.info\/index.php\/2024\/01\/04\/retrospectiva-brasil-acima-e-regiao-abaixo-do-esperado\/#primaryimage"},"image":{"@id":"https:\/\/folhapopular.info\/index.php\/2024\/01\/04\/retrospectiva-brasil-acima-e-regiao-abaixo-do-esperado\/#primaryimage"},"thumbnailUrl":"https:\/\/folhapopular.info\/wp-content\/uploads\/2023\/12\/pexels-nataliya-vaitkevich-6120251-scaled.jpg","datePublished":"2024-01-04T16:16:29+00:00","dateModified":"2024-01-04T16:16:32+00:00","author":{"@id":"https:\/\/folhapopular.info\/#\/schema\/person\/6441c3adb14a6337552a9700ef5698d2"},"breadcrumb":{"@id":"https:\/\/folhapopular.info\/index.php\/2024\/01\/04\/retrospectiva-brasil-acima-e-regiao-abaixo-do-esperado\/#breadcrumb"},"inLanguage":"pt-BR","potentialAction":[{"@type":"ReadAction","target":["https:\/\/folhapopular.info\/index.php\/2024\/01\/04\/retrospectiva-brasil-acima-e-regiao-abaixo-do-esperado\/"]}]},{"@type":"ImageObject","inLanguage":"pt-BR","@id":"https:\/\/folhapopular.info\/index.php\/2024\/01\/04\/retrospectiva-brasil-acima-e-regiao-abaixo-do-esperado\/#primaryimage","url":"https:\/\/folhapopular.info\/wp-content\/uploads\/2023\/12\/pexels-nataliya-vaitkevich-6120251-scaled.jpg","contentUrl":"https:\/\/folhapopular.info\/wp-content\/uploads\/2023\/12\/pexels-nataliya-vaitkevich-6120251-scaled.jpg","width":2560,"height":1707,"caption":"Cr\u00e9dito: Pexels"},{"@type":"BreadcrumbList","@id":"https:\/\/folhapopular.info\/index.php\/2024\/01\/04\/retrospectiva-brasil-acima-e-regiao-abaixo-do-esperado\/#breadcrumb","itemListElement":[{"@type":"ListItem","position":1,"name":"In\u00edcio","item":"https:\/\/folhapopular.info\/"},{"@type":"ListItem","position":2,"name":"Retrospectiva: Brasil acima e regi\u00e3o abaixo do esperado"}]},{"@type":"WebSite","@id":"https:\/\/folhapopular.info\/#website","url":"https:\/\/folhapopular.info\/","name":"Folha Popular","description":"Onde voc\u00ea tem vez e voz","potentialAction":[{"@type":"SearchAction","target":{"@type":"EntryPoint","urlTemplate":"https:\/\/folhapopular.info\/?s={search_term_string}"},"query-input":{"@type":"PropertyValueSpecification","valueRequired":true,"valueName":"search_term_string"}}],"inLanguage":"pt-BR"},{"@type":"Person","@id":"https:\/\/folhapopular.info\/#\/schema\/person\/6441c3adb14a6337552a9700ef5698d2","name":"Paloma Cristine Griesang","image":{"@type":"ImageObject","inLanguage":"pt-BR","@id":"https:\/\/secure.gravatar.com\/avatar\/7a1c3f1e1b05846882a13987cf3bd04239fe0ea8fd472d7d16d7f21c265005a5?s=96&d=mm&r=g","url":"https:\/\/secure.gravatar.com\/avatar\/7a1c3f1e1b05846882a13987cf3bd04239fe0ea8fd472d7d16d7f21c265005a5?s=96&d=mm&r=g","contentUrl":"https:\/\/secure.gravatar.com\/avatar\/7a1c3f1e1b05846882a13987cf3bd04239fe0ea8fd472d7d16d7f21c265005a5?s=96&d=mm&r=g","caption":"Paloma Cristine Griesang"},"url":"https:\/\/folhapopular.info\/index.php\/author\/paloma-griesang\/"}]}},"jetpack_featured_media_url":"https:\/\/folhapopular.info\/wp-content\/uploads\/2023\/12\/pexels-nataliya-vaitkevich-6120251-scaled.jpg","jetpack_sharing_enabled":true,"amp_enabled":true,"_links":{"self":[{"href":"https:\/\/folhapopular.info\/index.php\/wp-json\/wp\/v2\/posts\/146643","targetHints":{"allow":["GET"]}}],"collection":[{"href":"https:\/\/folhapopular.info\/index.php\/wp-json\/wp\/v2\/posts"}],"about":[{"href":"https:\/\/folhapopular.info\/index.php\/wp-json\/wp\/v2\/types\/post"}],"author":[{"embeddable":true,"href":"https:\/\/folhapopular.info\/index.php\/wp-json\/wp\/v2\/users\/5"}],"replies":[{"embeddable":true,"href":"https:\/\/folhapopular.info\/index.php\/wp-json\/wp\/v2\/comments?post=146643"}],"version-history":[{"count":0,"href":"https:\/\/folhapopular.info\/index.php\/wp-json\/wp\/v2\/posts\/146643\/revisions"}],"wp:featuredmedia":[{"embeddable":true,"href":"https:\/\/folhapopular.info\/index.php\/wp-json\/wp\/v2\/media\/146644"}],"wp:attachment":[{"href":"https:\/\/folhapopular.info\/index.php\/wp-json\/wp\/v2\/media?parent=146643"}],"wp:term":[{"taxonomy":"category","embeddable":true,"href":"https:\/\/folhapopular.info\/index.php\/wp-json\/wp\/v2\/categories?post=146643"},{"taxonomy":"post_tag","embeddable":true,"href":"https:\/\/folhapopular.info\/index.php\/wp-json\/wp\/v2\/tags?post=146643"}],"curies":[{"name":"wp","href":"https:\/\/api.w.org\/{rel}","templated":true}]}}