{"id":146702,"date":"2023-12-30T10:51:05","date_gmt":"2023-12-30T13:51:05","guid":{"rendered":"https:\/\/folhapopular.info\/?p=146702"},"modified":"2023-12-30T10:51:08","modified_gmt":"2023-12-30T13:51:08","slug":"prf-prende-motorista-de-carreta-embriagado-na-br-386-em-lajeado","status":"publish","type":"post","link":"https:\/\/folhapopular.info\/index.php\/2023\/12\/30\/prf-prende-motorista-de-carreta-embriagado-na-br-386-em-lajeado\/","title":{"rendered":"PRF prende motorista de carreta embriagado na BR-386 em Lajeado"},"content":{"rendered":"\n<p>No in\u00edcio da noite dessa sexta-feira (29\/12), na BR 386 em Lajeado, a Pol\u00edcia Rodovi\u00e1ria Federal (PRF) prendeu o motorista de uma carreta pelo crime de embriaguez ao volante.<\/p>\n\n\n\n<p>Ap\u00f3s receber den\u00fancias de que uma carreta emplacada em Teut\u00f4nia estava circulando em zigue-zague na rodovia, os policiais partiram para averigua\u00e7\u00e3o e abordaram o ve\u00edculo.&nbsp;<\/p>\n\n\n\n<p>O motorista apresentava vis\u00edveis sinais de embriaguez, tais como h\u00e1lito et\u00edlico, fala arrastada, olhos vermelhos e dificuldade para caminhar. Questionado, ele afirmou que havia consumido bebidas alco\u00f3licas, mas se recusou a realizar o teste do baf\u00f4metro.<\/p>\n\n\n\n<p>O homem, de 45 anos e morador de Teut\u00f4nia, foi preso em flagrante e encaminhado \u00e0 Pol\u00edcia Judici\u00e1ria de Lajeado. Ele responder\u00e1 pelo crime de embriaguez ao volante, que tem pena de 6 meses a 3 anos de deten\u00e7\u00e3o, al\u00e9m de ter sido autuado pelas infra\u00e7\u00f5es, que somaram mais de R$ 3 mil, e gerar\u00e3o um processo de suspens\u00e3o do direito de dirigir.<\/p>\n","protected":false},"excerpt":{"rendered":"<p>No in\u00edcio da noite dessa sexta-feira (29\/12), na BR 386 em Lajeado, a Pol\u00edcia Rodovi\u00e1ria Federal (PRF) prendeu o motorista de uma carreta pelo crime de embriaguez ao volante. Ap\u00f3s receber den\u00fancias de que uma carreta emplacada em Teut\u00f4nia estava circulando em zigue-zague na rodovia, os policiais partiram para averigua\u00e7\u00e3o e abordaram o ve\u00edculo.&nbsp; O [&hellip;]<\/p>\n","protected":false},"author":8,"featured_media":146703,"comment_status":"open","ping_status":"open","sticky":false,"template":"","format":"standard","meta":{"pmpro_default_level":"","_jetpack_memberships_contains_paid_content":false,"footnotes":""},"categories":[10982,7],"tags":[91,832,27,107],"class_list":{"0":"post-146702","1":"post","2":"type-post","3":"status-publish","4":"format-standard","5":"has-post-thumbnail","7":"category-policia","8":"category-seguranca","9":"tag-br-386","10":"tag-embriaguez","11":"tag-lajeado","12":"tag-prisao","13":"pmpro-has-access"},"yoast_head":"<!-- This site is optimized with the Yoast SEO plugin v27.5 - https:\/\/yoast.com\/product\/yoast-seo-wordpress\/ -->\n<title>PRF prende motorista de carreta embriagado na BR-386 em Lajeado - Folha Popular<\/title>\n<meta name=\"robots\" content=\"index, follow, max-snippet:-1, max-image-preview:large, max-video-preview:-1\" \/>\n<link rel=\"canonical\" href=\"https:\/\/folhapopular.info\/index.php\/2023\/12\/30\/prf-prende-motorista-de-carreta-embriagado-na-br-386-em-lajeado\/\" \/>\n<meta property=\"og:locale\" content=\"pt_BR\" \/>\n<meta property=\"og:type\" content=\"article\" \/>\n<meta property=\"og:title\" content=\"PRF prende motorista de carreta embriagado na BR-386 em Lajeado - Folha Popular\" \/>\n<meta property=\"og:description\" content=\"No in\u00edcio da noite dessa sexta-feira (29\/12), na BR 386 em Lajeado, a Pol\u00edcia Rodovi\u00e1ria Federal (PRF) prendeu o motorista de uma carreta pelo crime de embriaguez ao volante. Ap\u00f3s receber den\u00fancias de que uma carreta emplacada em Teut\u00f4nia estava circulando em zigue-zague na rodovia, os policiais partiram para averigua\u00e7\u00e3o e abordaram o ve\u00edculo.&nbsp; O [&hellip;]\" \/>\n<meta property=\"og:url\" content=\"https:\/\/folhapopular.info\/index.php\/2023\/12\/30\/prf-prende-motorista-de-carreta-embriagado-na-br-386-em-lajeado\/\" \/>\n<meta property=\"og:site_name\" content=\"Folha Popular\" \/>\n<meta property=\"article:published_time\" content=\"2023-12-30T13:51:05+00:00\" \/>\n<meta property=\"article:modified_time\" content=\"2023-12-30T13:51:08+00:00\" \/>\n<meta property=\"og:image\" content=\"http:\/\/folhapopular.info\/wp-content\/uploads\/2023\/12\/WhatsApp-Image-2023-12-30-at-08.18.59.jpeg\" \/>\n\t<meta property=\"og:image:width\" content=\"1600\" \/>\n\t<meta property=\"og:image:height\" content=\"1204\" \/>\n\t<meta property=\"og:image:type\" content=\"image\/jpeg\" \/>\n<meta name=\"author\" content=\"Reda\u00e7\u00e3o Folha Popular\" \/>\n<meta name=\"twitter:card\" content=\"summary_large_image\" \/>\n<meta name=\"twitter:label1\" content=\"Escrito por\" \/>\n\t<meta name=\"twitter:data1\" content=\"Reda\u00e7\u00e3o Folha Popular\" \/>\n\t<meta name=\"twitter:label2\" content=\"Est. tempo de leitura\" \/>\n\t<meta name=\"twitter:data2\" content=\"2 minutos\" \/>\n<script type=\"application\/ld+json\" class=\"yoast-schema-graph\">{\"@context\":\"https:\\\/\\\/schema.org\",\"@graph\":[{\"@type\":\"Article\",\"@id\":\"https:\\\/\\\/folhapopular.info\\\/index.php\\\/2023\\\/12\\\/30\\\/prf-prende-motorista-de-carreta-embriagado-na-br-386-em-lajeado\\\/#article\",\"isPartOf\":{\"@id\":\"https:\\\/\\\/folhapopular.info\\\/index.php\\\/2023\\\/12\\\/30\\\/prf-prende-motorista-de-carreta-embriagado-na-br-386-em-lajeado\\\/\"},\"author\":{\"name\":\"Reda\u00e7\u00e3o Folha Popular\",\"@id\":\"https:\\\/\\\/folhapopular.info\\\/#\\\/schema\\\/person\\\/2814e8a0df7643585a9ca38bc6eb9d4b\"},\"headline\":\"PRF prende motorista de carreta embriagado na BR-386 em Lajeado\",\"datePublished\":\"2023-12-30T13:51:05+00:00\",\"dateModified\":\"2023-12-30T13:51:08+00:00\",\"mainEntityOfPage\":{\"@id\":\"https:\\\/\\\/folhapopular.info\\\/index.php\\\/2023\\\/12\\\/30\\\/prf-prende-motorista-de-carreta-embriagado-na-br-386-em-lajeado\\\/\"},\"wordCount\":178,\"commentCount\":0,\"image\":{\"@id\":\"https:\\\/\\\/folhapopular.info\\\/index.php\\\/2023\\\/12\\\/30\\\/prf-prende-motorista-de-carreta-embriagado-na-br-386-em-lajeado\\\/#primaryimage\"},\"thumbnailUrl\":\"https:\\\/\\\/folhapopular.info\\\/wp-content\\\/uploads\\\/2023\\\/12\\\/WhatsApp-Image-2023-12-30-at-08.18.59.jpeg\",\"keywords\":[\"BR-386\",\"Embriaguez\",\"Lajeado\",\"Pris\u00e3o\"],\"articleSection\":[\"Pol\u00edcia\",\"Seguran\u00e7a\"],\"inLanguage\":\"pt-BR\",\"potentialAction\":[{\"@type\":\"CommentAction\",\"name\":\"Comment\",\"target\":[\"https:\\\/\\\/folhapopular.info\\\/index.php\\\/2023\\\/12\\\/30\\\/prf-prende-motorista-de-carreta-embriagado-na-br-386-em-lajeado\\\/#respond\"]}]},{\"@type\":\"WebPage\",\"@id\":\"https:\\\/\\\/folhapopular.info\\\/index.php\\\/2023\\\/12\\\/30\\\/prf-prende-motorista-de-carreta-embriagado-na-br-386-em-lajeado\\\/\",\"url\":\"https:\\\/\\\/folhapopular.info\\\/index.php\\\/2023\\\/12\\\/30\\\/prf-prende-motorista-de-carreta-embriagado-na-br-386-em-lajeado\\\/\",\"name\":\"PRF prende motorista de carreta embriagado na BR-386 em Lajeado - Folha Popular\",\"isPartOf\":{\"@id\":\"https:\\\/\\\/folhapopular.info\\\/#website\"},\"primaryImageOfPage\":{\"@id\":\"https:\\\/\\\/folhapopular.info\\\/index.php\\\/2023\\\/12\\\/30\\\/prf-prende-motorista-de-carreta-embriagado-na-br-386-em-lajeado\\\/#primaryimage\"},\"image\":{\"@id\":\"https:\\\/\\\/folhapopular.info\\\/index.php\\\/2023\\\/12\\\/30\\\/prf-prende-motorista-de-carreta-embriagado-na-br-386-em-lajeado\\\/#primaryimage\"},\"thumbnailUrl\":\"https:\\\/\\\/folhapopular.info\\\/wp-content\\\/uploads\\\/2023\\\/12\\\/WhatsApp-Image-2023-12-30-at-08.18.59.jpeg\",\"datePublished\":\"2023-12-30T13:51:05+00:00\",\"dateModified\":\"2023-12-30T13:51:08+00:00\",\"author\":{\"@id\":\"https:\\\/\\\/folhapopular.info\\\/#\\\/schema\\\/person\\\/2814e8a0df7643585a9ca38bc6eb9d4b\"},\"breadcrumb\":{\"@id\":\"https:\\\/\\\/folhapopular.info\\\/index.php\\\/2023\\\/12\\\/30\\\/prf-prende-motorista-de-carreta-embriagado-na-br-386-em-lajeado\\\/#breadcrumb\"},\"inLanguage\":\"pt-BR\",\"potentialAction\":[{\"@type\":\"ReadAction\",\"target\":[\"https:\\\/\\\/folhapopular.info\\\/index.php\\\/2023\\\/12\\\/30\\\/prf-prende-motorista-de-carreta-embriagado-na-br-386-em-lajeado\\\/\"]}]},{\"@type\":\"ImageObject\",\"inLanguage\":\"pt-BR\",\"@id\":\"https:\\\/\\\/folhapopular.info\\\/index.php\\\/2023\\\/12\\\/30\\\/prf-prende-motorista-de-carreta-embriagado-na-br-386-em-lajeado\\\/#primaryimage\",\"url\":\"https:\\\/\\\/folhapopular.info\\\/wp-content\\\/uploads\\\/2023\\\/12\\\/WhatsApp-Image-2023-12-30-at-08.18.59.jpeg\",\"contentUrl\":\"https:\\\/\\\/folhapopular.info\\\/wp-content\\\/uploads\\\/2023\\\/12\\\/WhatsApp-Image-2023-12-30-at-08.18.59.jpeg\",\"width\":1600,\"height\":1204,\"caption\":\"Cr\u00e9dito: PRF \\\/ Divulga\u00e7\u00e3o\"},{\"@type\":\"BreadcrumbList\",\"@id\":\"https:\\\/\\\/folhapopular.info\\\/index.php\\\/2023\\\/12\\\/30\\\/prf-prende-motorista-de-carreta-embriagado-na-br-386-em-lajeado\\\/#breadcrumb\",\"itemListElement\":[{\"@type\":\"ListItem\",\"position\":1,\"name\":\"In\u00edcio\",\"item\":\"https:\\\/\\\/folhapopular.info\\\/\"},{\"@type\":\"ListItem\",\"position\":2,\"name\":\"PRF prende motorista de carreta embriagado na BR-386 em Lajeado\"}]},{\"@type\":\"WebSite\",\"@id\":\"https:\\\/\\\/folhapopular.info\\\/#website\",\"url\":\"https:\\\/\\\/folhapopular.info\\\/\",\"name\":\"Folha Popular\",\"description\":\"Onde voc\u00ea tem vez e voz\",\"potentialAction\":[{\"@type\":\"SearchAction\",\"target\":{\"@type\":\"EntryPoint\",\"urlTemplate\":\"https:\\\/\\\/folhapopular.info\\\/?s={search_term_string}\"},\"query-input\":{\"@type\":\"PropertyValueSpecification\",\"valueRequired\":true,\"valueName\":\"search_term_string\"}}],\"inLanguage\":\"pt-BR\"},{\"@type\":\"Person\",\"@id\":\"https:\\\/\\\/folhapopular.info\\\/#\\\/schema\\\/person\\\/2814e8a0df7643585a9ca38bc6eb9d4b\",\"name\":\"Reda\u00e7\u00e3o Folha Popular\",\"image\":{\"@type\":\"ImageObject\",\"inLanguage\":\"pt-BR\",\"@id\":\"https:\\\/\\\/folhapopular.info\\\/wp-content\\\/uploads\\\/2026\\\/04\\\/Folha-1.webp\",\"url\":\"https:\\\/\\\/folhapopular.info\\\/wp-content\\\/uploads\\\/2026\\\/04\\\/Folha-1.webp\",\"contentUrl\":\"https:\\\/\\\/folhapopular.info\\\/wp-content\\\/uploads\\\/2026\\\/04\\\/Folha-1.webp\",\"caption\":\"Reda\u00e7\u00e3o Folha Popular\"},\"url\":\"https:\\\/\\\/folhapopular.info\\\/index.php\\\/author\\\/redacao\\\/\"}]}<\/script>\n<!-- \/ Yoast SEO plugin. -->","yoast_head_json":{"title":"PRF prende motorista de carreta embriagado na BR-386 em Lajeado - Folha Popular","robots":{"index":"index","follow":"follow","max-snippet":"max-snippet:-1","max-image-preview":"max-image-preview:large","max-video-preview":"max-video-preview:-1"},"canonical":"https:\/\/folhapopular.info\/index.php\/2023\/12\/30\/prf-prende-motorista-de-carreta-embriagado-na-br-386-em-lajeado\/","og_locale":"pt_BR","og_type":"article","og_title":"PRF prende motorista de carreta embriagado na BR-386 em Lajeado - Folha Popular","og_description":"No in\u00edcio da noite dessa sexta-feira (29\/12), na BR 386 em Lajeado, a Pol\u00edcia Rodovi\u00e1ria Federal (PRF) prendeu o motorista de uma carreta pelo crime de embriaguez ao volante. Ap\u00f3s receber den\u00fancias de que uma carreta emplacada em Teut\u00f4nia estava circulando em zigue-zague na rodovia, os policiais partiram para averigua\u00e7\u00e3o e abordaram o ve\u00edculo.&nbsp; O [&hellip;]","og_url":"https:\/\/folhapopular.info\/index.php\/2023\/12\/30\/prf-prende-motorista-de-carreta-embriagado-na-br-386-em-lajeado\/","og_site_name":"Folha Popular","article_published_time":"2023-12-30T13:51:05+00:00","article_modified_time":"2023-12-30T13:51:08+00:00","og_image":[{"width":1600,"height":1204,"url":"http:\/\/folhapopular.info\/wp-content\/uploads\/2023\/12\/WhatsApp-Image-2023-12-30-at-08.18.59.jpeg","type":"image\/jpeg"}],"author":"Reda\u00e7\u00e3o Folha Popular","twitter_card":"summary_large_image","twitter_misc":{"Escrito por":"Reda\u00e7\u00e3o Folha Popular","Est. tempo de leitura":"2 minutos"},"schema":{"@context":"https:\/\/schema.org","@graph":[{"@type":"Article","@id":"https:\/\/folhapopular.info\/index.php\/2023\/12\/30\/prf-prende-motorista-de-carreta-embriagado-na-br-386-em-lajeado\/#article","isPartOf":{"@id":"https:\/\/folhapopular.info\/index.php\/2023\/12\/30\/prf-prende-motorista-de-carreta-embriagado-na-br-386-em-lajeado\/"},"author":{"name":"Reda\u00e7\u00e3o Folha Popular","@id":"https:\/\/folhapopular.info\/#\/schema\/person\/2814e8a0df7643585a9ca38bc6eb9d4b"},"headline":"PRF prende motorista de carreta embriagado na BR-386 em Lajeado","datePublished":"2023-12-30T13:51:05+00:00","dateModified":"2023-12-30T13:51:08+00:00","mainEntityOfPage":{"@id":"https:\/\/folhapopular.info\/index.php\/2023\/12\/30\/prf-prende-motorista-de-carreta-embriagado-na-br-386-em-lajeado\/"},"wordCount":178,"commentCount":0,"image":{"@id":"https:\/\/folhapopular.info\/index.php\/2023\/12\/30\/prf-prende-motorista-de-carreta-embriagado-na-br-386-em-lajeado\/#primaryimage"},"thumbnailUrl":"https:\/\/folhapopular.info\/wp-content\/uploads\/2023\/12\/WhatsApp-Image-2023-12-30-at-08.18.59.jpeg","keywords":["BR-386","Embriaguez","Lajeado","Pris\u00e3o"],"articleSection":["Pol\u00edcia","Seguran\u00e7a"],"inLanguage":"pt-BR","potentialAction":[{"@type":"CommentAction","name":"Comment","target":["https:\/\/folhapopular.info\/index.php\/2023\/12\/30\/prf-prende-motorista-de-carreta-embriagado-na-br-386-em-lajeado\/#respond"]}]},{"@type":"WebPage","@id":"https:\/\/folhapopular.info\/index.php\/2023\/12\/30\/prf-prende-motorista-de-carreta-embriagado-na-br-386-em-lajeado\/","url":"https:\/\/folhapopular.info\/index.php\/2023\/12\/30\/prf-prende-motorista-de-carreta-embriagado-na-br-386-em-lajeado\/","name":"PRF prende motorista de carreta embriagado na BR-386 em Lajeado - Folha Popular","isPartOf":{"@id":"https:\/\/folhapopular.info\/#website"},"primaryImageOfPage":{"@id":"https:\/\/folhapopular.info\/index.php\/2023\/12\/30\/prf-prende-motorista-de-carreta-embriagado-na-br-386-em-lajeado\/#primaryimage"},"image":{"@id":"https:\/\/folhapopular.info\/index.php\/2023\/12\/30\/prf-prende-motorista-de-carreta-embriagado-na-br-386-em-lajeado\/#primaryimage"},"thumbnailUrl":"https:\/\/folhapopular.info\/wp-content\/uploads\/2023\/12\/WhatsApp-Image-2023-12-30-at-08.18.59.jpeg","datePublished":"2023-12-30T13:51:05+00:00","dateModified":"2023-12-30T13:51:08+00:00","author":{"@id":"https:\/\/folhapopular.info\/#\/schema\/person\/2814e8a0df7643585a9ca38bc6eb9d4b"},"breadcrumb":{"@id":"https:\/\/folhapopular.info\/index.php\/2023\/12\/30\/prf-prende-motorista-de-carreta-embriagado-na-br-386-em-lajeado\/#breadcrumb"},"inLanguage":"pt-BR","potentialAction":[{"@type":"ReadAction","target":["https:\/\/folhapopular.info\/index.php\/2023\/12\/30\/prf-prende-motorista-de-carreta-embriagado-na-br-386-em-lajeado\/"]}]},{"@type":"ImageObject","inLanguage":"pt-BR","@id":"https:\/\/folhapopular.info\/index.php\/2023\/12\/30\/prf-prende-motorista-de-carreta-embriagado-na-br-386-em-lajeado\/#primaryimage","url":"https:\/\/folhapopular.info\/wp-content\/uploads\/2023\/12\/WhatsApp-Image-2023-12-30-at-08.18.59.jpeg","contentUrl":"https:\/\/folhapopular.info\/wp-content\/uploads\/2023\/12\/WhatsApp-Image-2023-12-30-at-08.18.59.jpeg","width":1600,"height":1204,"caption":"Cr\u00e9dito: PRF \/ Divulga\u00e7\u00e3o"},{"@type":"BreadcrumbList","@id":"https:\/\/folhapopular.info\/index.php\/2023\/12\/30\/prf-prende-motorista-de-carreta-embriagado-na-br-386-em-lajeado\/#breadcrumb","itemListElement":[{"@type":"ListItem","position":1,"name":"In\u00edcio","item":"https:\/\/folhapopular.info\/"},{"@type":"ListItem","position":2,"name":"PRF prende motorista de carreta embriagado na BR-386 em Lajeado"}]},{"@type":"WebSite","@id":"https:\/\/folhapopular.info\/#website","url":"https:\/\/folhapopular.info\/","name":"Folha Popular","description":"Onde voc\u00ea tem vez e voz","potentialAction":[{"@type":"SearchAction","target":{"@type":"EntryPoint","urlTemplate":"https:\/\/folhapopular.info\/?s={search_term_string}"},"query-input":{"@type":"PropertyValueSpecification","valueRequired":true,"valueName":"search_term_string"}}],"inLanguage":"pt-BR"},{"@type":"Person","@id":"https:\/\/folhapopular.info\/#\/schema\/person\/2814e8a0df7643585a9ca38bc6eb9d4b","name":"Reda\u00e7\u00e3o Folha Popular","image":{"@type":"ImageObject","inLanguage":"pt-BR","@id":"https:\/\/folhapopular.info\/wp-content\/uploads\/2026\/04\/Folha-1.webp","url":"https:\/\/folhapopular.info\/wp-content\/uploads\/2026\/04\/Folha-1.webp","contentUrl":"https:\/\/folhapopular.info\/wp-content\/uploads\/2026\/04\/Folha-1.webp","caption":"Reda\u00e7\u00e3o Folha Popular"},"url":"https:\/\/folhapopular.info\/index.php\/author\/redacao\/"}]}},"jetpack_featured_media_url":"https:\/\/folhapopular.info\/wp-content\/uploads\/2023\/12\/WhatsApp-Image-2023-12-30-at-08.18.59.jpeg","jetpack_sharing_enabled":true,"amp_enabled":true,"_links":{"self":[{"href":"https:\/\/folhapopular.info\/index.php\/wp-json\/wp\/v2\/posts\/146702","targetHints":{"allow":["GET"]}}],"collection":[{"href":"https:\/\/folhapopular.info\/index.php\/wp-json\/wp\/v2\/posts"}],"about":[{"href":"https:\/\/folhapopular.info\/index.php\/wp-json\/wp\/v2\/types\/post"}],"author":[{"embeddable":true,"href":"https:\/\/folhapopular.info\/index.php\/wp-json\/wp\/v2\/users\/8"}],"replies":[{"embeddable":true,"href":"https:\/\/folhapopular.info\/index.php\/wp-json\/wp\/v2\/comments?post=146702"}],"version-history":[{"count":0,"href":"https:\/\/folhapopular.info\/index.php\/wp-json\/wp\/v2\/posts\/146702\/revisions"}],"wp:featuredmedia":[{"embeddable":true,"href":"https:\/\/folhapopular.info\/index.php\/wp-json\/wp\/v2\/media\/146703"}],"wp:attachment":[{"href":"https:\/\/folhapopular.info\/index.php\/wp-json\/wp\/v2\/media?parent=146702"}],"wp:term":[{"taxonomy":"category","embeddable":true,"href":"https:\/\/folhapopular.info\/index.php\/wp-json\/wp\/v2\/categories?post=146702"},{"taxonomy":"post_tag","embeddable":true,"href":"https:\/\/folhapopular.info\/index.php\/wp-json\/wp\/v2\/tags?post=146702"}],"curies":[{"name":"wp","href":"https:\/\/api.w.org\/{rel}","templated":true}]}}