{"id":146798,"date":"2024-01-03T08:15:44","date_gmt":"2024-01-03T11:15:44","guid":{"rendered":"https:\/\/folhapopular.info\/?p=146798"},"modified":"2024-01-03T08:15:47","modified_gmt":"2024-01-03T11:15:47","slug":"lajeado-inicia-cadastros-para-repasse-do-sos-rs-a-pequenos-negocios-atingidos-pelas-cheias","status":"publish","type":"post","link":"https:\/\/folhapopular.info\/index.php\/2024\/01\/03\/lajeado-inicia-cadastros-para-repasse-do-sos-rs-a-pequenos-negocios-atingidos-pelas-cheias\/","title":{"rendered":"Lajeado inicia cadastros para repasse do SOS RS a pequenos neg\u00f3cios atingidos pelas cheias"},"content":{"rendered":"\n<p>A Prefeitura de Lajeado e Governo do Estado iniciam, na pr\u00f3xima segunda-feira (8\/1), o cadastro de Microempreendedores Individuais (MEIs), aut\u00f4nomos, artes\u00e3os, pescadores e pequenos agricultores\/produtores rurais do munic\u00edpio que tiveram seus neg\u00f3cios atingidos pelas cheias de setembro e novembro. O cadastro ser\u00e1 para repasse do valor arrecadado via PIX pelo SOS Rio Grande do Sul (programa do Governo do Estado). Cada beneficiado receber\u00e1 R$ 2,5 mil como aux\u00edlio para retomar seus neg\u00f3cios.<\/p>\n\n\n\n<p>O cadastro deve ser realizado de forma presencial no Laborat\u00f3rio de Inova\u00e7\u00e3o Governamental e Social de Lajeado (Labil\u00e1), que est\u00e1 localizado na Rua Marechal Deodoro, n\u00b0 379, em frente \u00e0 Pra\u00e7a do Chafariz. O prazo segue at\u00e9 sexta-feira (12\/1). O hor\u00e1rio de atendimento ser\u00e1 de segunda a quinta-feira, das 8h30 \u00e0s 11h30 e das 13h30 \u00e0s 16h30 e na sexta-feira, das 8h30 \u00e0s 14h.<\/p>\n\n\n\n<p>Para receber o benef\u00edcio, os Microempreendedores Individuais (MEIs), aut\u00f4nomos, artes\u00e3os, pescadores e pequenos agricultores\/produtores rurais devem levar algum comprovante do estabelecimento e documento de identifica\u00e7\u00e3o. Ap\u00f3s o t\u00e9rmino das inscri\u00e7\u00f5es, ser\u00e1 feita an\u00e1lise das informa\u00e7\u00f5es para posterior recebimento do benef\u00edcio. O repasse do valor do programa \u00e9 conduzido pela Central \u00danica das Favelas (Cufa), uma das entidades participantes do Comit\u00ea Gestor do SOS Rio Grande do Sul.<\/p>\n\n\n\n<p>Os recursos servem como aux\u00edlio para a recupera\u00e7\u00e3o dos neg\u00f3cios afetados e s\u00e3o transferidos diretamente para as contas dos beneficiados. O objetivo \u00e9 contribuir para a retomada da atividade econ\u00f4mica nas \u00e1reas afetadas.<\/p>\n\n\n\n<p>Conforme a representante da Casa Civil, Mareli Vogel, o cadastro deve ser realizado por parte dos MEIs e aut\u00f4nomos, mas isso n\u00e3o garante o recebimento do benef\u00edcio. &#8220;\u00c9 importante que as pessoas que tiveram sua fonte de renda atingida, mesmo que de forma aut\u00f4noma, se cadastrem. Ap\u00f3s, ser\u00e1 feita uma valida\u00e7\u00e3o das informa\u00e7\u00f5es repassadas e a partir disso, o benef\u00edcio ser\u00e1 repassado&#8221;, cita.<\/p>\n\n\n\n<h2 class=\"wp-block-heading\">SOS Rio Grande do Sul<\/h2>\n\n\n\n<p>O Governo do Estado criou, em setembro, a conta SOS Rio Grande do Sul, no Banrisul, para receber doa\u00e7\u00f5es em dinheiro daqueles que quiserem ajudar as v\u00edtimas das enchentes que atingiram o Rio Grande do Sul. Foi estabelecida uma chave PIX (CNPJ: 92.958.800\/0001-38), que segue dispon\u00edvel, para que empresas e pessoas f\u00edsicas possam repassar qualquer valor de forma segura, em um canal oficial.<\/p>\n\n\n\n<p>Os recursos v\u00eam de doa\u00e7\u00f5es efetuadas em conta gerenciada pela Associa\u00e7\u00e3o dos Bancos no Estado para atender unicamente as regi\u00f5es impactadas por enchentes. Os dep\u00f3sitos alcan\u00e7aram R$ 5.180.195 desde o in\u00edcio da campanha, em 9 de setembro. J\u00e1 receberam recursos os munic\u00edpios de Arroio do Meio, Cruzeiro do Sul, Encantado, Mu\u00e7um, Roca Sales e Santa Tereza.<\/p>\n\n\n\n<h2 class=\"wp-block-heading\">Como comprovar a atividade:<\/h2>\n\n\n\n<p><strong>Identidade\/CPF (aut\u00f4nomo)<\/strong><br>&#8211; Comprovante de resid\u00eancia em nome do titular.<br><br><strong>MEIs<\/strong><br>&#8211; Cart\u00e3o de CNPJ do MEI;<br>&#8211; Endere\u00e7o comercial do MEI.<br><br><strong>Pescadores<\/strong><br>&#8211; Carteira de Pescador.<br><br><strong>Artes\u00e3os<\/strong><br>&#8211; Carteira de Artes\u00e3o.<br><br><strong>Agricultor<\/strong><br>&#8211; Tal\u00e3o de produtor.<\/p>\n","protected":false},"excerpt":{"rendered":"<p>A Prefeitura de Lajeado e Governo do Estado iniciam, na pr\u00f3xima segunda-feira (8\/1), o cadastro de Microempreendedores Individuais (MEIs), aut\u00f4nomos, artes\u00e3os, pescadores e pequenos agricultores\/produtores rurais do munic\u00edpio que tiveram seus neg\u00f3cios atingidos pelas cheias de setembro e novembro. O cadastro ser\u00e1 para repasse do valor arrecadado via PIX pelo SOS Rio Grande do Sul [&hellip;]<\/p>\n","protected":false},"author":8,"featured_media":146799,"comment_status":"open","ping_status":"open","sticky":false,"template":"","format":"standard","meta":{"pmpro_default_level":"","_jetpack_memberships_contains_paid_content":false,"footnotes":""},"categories":[2,10991,12473],"tags":[27,326,13478],"class_list":{"0":"post-146798","1":"post","2":"type-post","3":"status-publish","4":"format-standard","5":"has-post-thumbnail","7":"category-featured","8":"category-economia","9":"category-negocios","10":"tag-lajeado","11":"tag-negocios","12":"tag-sos-rio-grande-do-sul","13":"pmpro-has-access"},"yoast_head":"<!-- This site is optimized with the Yoast SEO plugin v27.5 - https:\/\/yoast.com\/product\/yoast-seo-wordpress\/ -->\n<title>Lajeado inicia cadastros para repasse do SOS RS a pequenos neg\u00f3cios atingidos pelas cheias - Folha Popular<\/title>\n<meta name=\"robots\" content=\"index, follow, max-snippet:-1, max-image-preview:large, max-video-preview:-1\" \/>\n<link rel=\"canonical\" href=\"https:\/\/folhapopular.info\/index.php\/2024\/01\/03\/lajeado-inicia-cadastros-para-repasse-do-sos-rs-a-pequenos-negocios-atingidos-pelas-cheias\/\" \/>\n<meta property=\"og:locale\" content=\"pt_BR\" \/>\n<meta property=\"og:type\" content=\"article\" \/>\n<meta property=\"og:title\" content=\"Lajeado inicia cadastros para repasse do SOS RS a pequenos neg\u00f3cios atingidos pelas cheias - Folha Popular\" \/>\n<meta property=\"og:description\" content=\"A Prefeitura de Lajeado e Governo do Estado iniciam, na pr\u00f3xima segunda-feira (8\/1), o cadastro de Microempreendedores Individuais (MEIs), aut\u00f4nomos, artes\u00e3os, pescadores e pequenos agricultores\/produtores rurais do munic\u00edpio que tiveram seus neg\u00f3cios atingidos pelas cheias de setembro e novembro. O cadastro ser\u00e1 para repasse do valor arrecadado via PIX pelo SOS Rio Grande do Sul [&hellip;]\" \/>\n<meta property=\"og:url\" content=\"https:\/\/folhapopular.info\/index.php\/2024\/01\/03\/lajeado-inicia-cadastros-para-repasse-do-sos-rs-a-pequenos-negocios-atingidos-pelas-cheias\/\" \/>\n<meta property=\"og:site_name\" content=\"Folha Popular\" \/>\n<meta property=\"article:published_time\" content=\"2024-01-03T11:15:44+00:00\" \/>\n<meta property=\"article:modified_time\" content=\"2024-01-03T11:15:47+00:00\" \/>\n<meta property=\"og:image\" content=\"http:\/\/folhapopular.info\/wp-content\/uploads\/2024\/01\/Reuniao-SOS-RS-scaled.jpg\" \/>\n\t<meta property=\"og:image:width\" content=\"2560\" \/>\n\t<meta property=\"og:image:height\" content=\"1707\" \/>\n\t<meta property=\"og:image:type\" content=\"image\/jpeg\" \/>\n<meta name=\"author\" content=\"Reda\u00e7\u00e3o Folha Popular\" \/>\n<meta name=\"twitter:card\" content=\"summary_large_image\" \/>\n<meta name=\"twitter:label1\" content=\"Escrito por\" \/>\n\t<meta name=\"twitter:data1\" content=\"Reda\u00e7\u00e3o Folha Popular\" \/>\n\t<meta name=\"twitter:label2\" content=\"Est. tempo de leitura\" \/>\n\t<meta name=\"twitter:data2\" content=\"3 minutos\" \/>\n<script type=\"application\/ld+json\" class=\"yoast-schema-graph\">{\"@context\":\"https:\\\/\\\/schema.org\",\"@graph\":[{\"@type\":\"Article\",\"@id\":\"https:\\\/\\\/folhapopular.info\\\/index.php\\\/2024\\\/01\\\/03\\\/lajeado-inicia-cadastros-para-repasse-do-sos-rs-a-pequenos-negocios-atingidos-pelas-cheias\\\/#article\",\"isPartOf\":{\"@id\":\"https:\\\/\\\/folhapopular.info\\\/index.php\\\/2024\\\/01\\\/03\\\/lajeado-inicia-cadastros-para-repasse-do-sos-rs-a-pequenos-negocios-atingidos-pelas-cheias\\\/\"},\"author\":{\"name\":\"Reda\u00e7\u00e3o Folha Popular\",\"@id\":\"https:\\\/\\\/folhapopular.info\\\/#\\\/schema\\\/person\\\/2814e8a0df7643585a9ca38bc6eb9d4b\"},\"headline\":\"Lajeado inicia cadastros para repasse do SOS RS a pequenos neg\u00f3cios atingidos pelas cheias\",\"datePublished\":\"2024-01-03T11:15:44+00:00\",\"dateModified\":\"2024-01-03T11:15:47+00:00\",\"mainEntityOfPage\":{\"@id\":\"https:\\\/\\\/folhapopular.info\\\/index.php\\\/2024\\\/01\\\/03\\\/lajeado-inicia-cadastros-para-repasse-do-sos-rs-a-pequenos-negocios-atingidos-pelas-cheias\\\/\"},\"wordCount\":526,\"commentCount\":0,\"image\":{\"@id\":\"https:\\\/\\\/folhapopular.info\\\/index.php\\\/2024\\\/01\\\/03\\\/lajeado-inicia-cadastros-para-repasse-do-sos-rs-a-pequenos-negocios-atingidos-pelas-cheias\\\/#primaryimage\"},\"thumbnailUrl\":\"https:\\\/\\\/folhapopular.info\\\/wp-content\\\/uploads\\\/2024\\\/01\\\/Reuniao-SOS-RS-scaled.jpg\",\"keywords\":[\"Lajeado\",\"Neg\u00f3cios\",\"SOS Rio Grande do Sul\"],\"articleSection\":[\"Destaques\",\"Economia\",\"Neg\u00f3cios\"],\"inLanguage\":\"pt-BR\",\"potentialAction\":[{\"@type\":\"CommentAction\",\"name\":\"Comment\",\"target\":[\"https:\\\/\\\/folhapopular.info\\\/index.php\\\/2024\\\/01\\\/03\\\/lajeado-inicia-cadastros-para-repasse-do-sos-rs-a-pequenos-negocios-atingidos-pelas-cheias\\\/#respond\"]}]},{\"@type\":\"WebPage\",\"@id\":\"https:\\\/\\\/folhapopular.info\\\/index.php\\\/2024\\\/01\\\/03\\\/lajeado-inicia-cadastros-para-repasse-do-sos-rs-a-pequenos-negocios-atingidos-pelas-cheias\\\/\",\"url\":\"https:\\\/\\\/folhapopular.info\\\/index.php\\\/2024\\\/01\\\/03\\\/lajeado-inicia-cadastros-para-repasse-do-sos-rs-a-pequenos-negocios-atingidos-pelas-cheias\\\/\",\"name\":\"Lajeado inicia cadastros para repasse do SOS RS a pequenos neg\u00f3cios atingidos pelas cheias - Folha Popular\",\"isPartOf\":{\"@id\":\"https:\\\/\\\/folhapopular.info\\\/#website\"},\"primaryImageOfPage\":{\"@id\":\"https:\\\/\\\/folhapopular.info\\\/index.php\\\/2024\\\/01\\\/03\\\/lajeado-inicia-cadastros-para-repasse-do-sos-rs-a-pequenos-negocios-atingidos-pelas-cheias\\\/#primaryimage\"},\"image\":{\"@id\":\"https:\\\/\\\/folhapopular.info\\\/index.php\\\/2024\\\/01\\\/03\\\/lajeado-inicia-cadastros-para-repasse-do-sos-rs-a-pequenos-negocios-atingidos-pelas-cheias\\\/#primaryimage\"},\"thumbnailUrl\":\"https:\\\/\\\/folhapopular.info\\\/wp-content\\\/uploads\\\/2024\\\/01\\\/Reuniao-SOS-RS-scaled.jpg\",\"datePublished\":\"2024-01-03T11:15:44+00:00\",\"dateModified\":\"2024-01-03T11:15:47+00:00\",\"author\":{\"@id\":\"https:\\\/\\\/folhapopular.info\\\/#\\\/schema\\\/person\\\/2814e8a0df7643585a9ca38bc6eb9d4b\"},\"breadcrumb\":{\"@id\":\"https:\\\/\\\/folhapopular.info\\\/index.php\\\/2024\\\/01\\\/03\\\/lajeado-inicia-cadastros-para-repasse-do-sos-rs-a-pequenos-negocios-atingidos-pelas-cheias\\\/#breadcrumb\"},\"inLanguage\":\"pt-BR\",\"potentialAction\":[{\"@type\":\"ReadAction\",\"target\":[\"https:\\\/\\\/folhapopular.info\\\/index.php\\\/2024\\\/01\\\/03\\\/lajeado-inicia-cadastros-para-repasse-do-sos-rs-a-pequenos-negocios-atingidos-pelas-cheias\\\/\"]}]},{\"@type\":\"ImageObject\",\"inLanguage\":\"pt-BR\",\"@id\":\"https:\\\/\\\/folhapopular.info\\\/index.php\\\/2024\\\/01\\\/03\\\/lajeado-inicia-cadastros-para-repasse-do-sos-rs-a-pequenos-negocios-atingidos-pelas-cheias\\\/#primaryimage\",\"url\":\"https:\\\/\\\/folhapopular.info\\\/wp-content\\\/uploads\\\/2024\\\/01\\\/Reuniao-SOS-RS-scaled.jpg\",\"contentUrl\":\"https:\\\/\\\/folhapopular.info\\\/wp-content\\\/uploads\\\/2024\\\/01\\\/Reuniao-SOS-RS-scaled.jpg\",\"width\":2560,\"height\":1707,\"caption\":\"Cr\u00e9dito: Laura Mallmann\"},{\"@type\":\"BreadcrumbList\",\"@id\":\"https:\\\/\\\/folhapopular.info\\\/index.php\\\/2024\\\/01\\\/03\\\/lajeado-inicia-cadastros-para-repasse-do-sos-rs-a-pequenos-negocios-atingidos-pelas-cheias\\\/#breadcrumb\",\"itemListElement\":[{\"@type\":\"ListItem\",\"position\":1,\"name\":\"In\u00edcio\",\"item\":\"https:\\\/\\\/folhapopular.info\\\/\"},{\"@type\":\"ListItem\",\"position\":2,\"name\":\"Lajeado inicia cadastros para repasse do SOS RS a pequenos neg\u00f3cios atingidos pelas cheias\"}]},{\"@type\":\"WebSite\",\"@id\":\"https:\\\/\\\/folhapopular.info\\\/#website\",\"url\":\"https:\\\/\\\/folhapopular.info\\\/\",\"name\":\"Folha Popular\",\"description\":\"Onde voc\u00ea tem vez e voz\",\"potentialAction\":[{\"@type\":\"SearchAction\",\"target\":{\"@type\":\"EntryPoint\",\"urlTemplate\":\"https:\\\/\\\/folhapopular.info\\\/?s={search_term_string}\"},\"query-input\":{\"@type\":\"PropertyValueSpecification\",\"valueRequired\":true,\"valueName\":\"search_term_string\"}}],\"inLanguage\":\"pt-BR\"},{\"@type\":\"Person\",\"@id\":\"https:\\\/\\\/folhapopular.info\\\/#\\\/schema\\\/person\\\/2814e8a0df7643585a9ca38bc6eb9d4b\",\"name\":\"Reda\u00e7\u00e3o Folha Popular\",\"image\":{\"@type\":\"ImageObject\",\"inLanguage\":\"pt-BR\",\"@id\":\"https:\\\/\\\/folhapopular.info\\\/wp-content\\\/uploads\\\/2026\\\/04\\\/Folha-1.webp\",\"url\":\"https:\\\/\\\/folhapopular.info\\\/wp-content\\\/uploads\\\/2026\\\/04\\\/Folha-1.webp\",\"contentUrl\":\"https:\\\/\\\/folhapopular.info\\\/wp-content\\\/uploads\\\/2026\\\/04\\\/Folha-1.webp\",\"caption\":\"Reda\u00e7\u00e3o Folha Popular\"},\"url\":\"https:\\\/\\\/folhapopular.info\\\/index.php\\\/author\\\/redacao\\\/\"}]}<\/script>\n<!-- \/ Yoast SEO plugin. -->","yoast_head_json":{"title":"Lajeado inicia cadastros para repasse do SOS RS a pequenos neg\u00f3cios atingidos pelas cheias - Folha Popular","robots":{"index":"index","follow":"follow","max-snippet":"max-snippet:-1","max-image-preview":"max-image-preview:large","max-video-preview":"max-video-preview:-1"},"canonical":"https:\/\/folhapopular.info\/index.php\/2024\/01\/03\/lajeado-inicia-cadastros-para-repasse-do-sos-rs-a-pequenos-negocios-atingidos-pelas-cheias\/","og_locale":"pt_BR","og_type":"article","og_title":"Lajeado inicia cadastros para repasse do SOS RS a pequenos neg\u00f3cios atingidos pelas cheias - Folha Popular","og_description":"A Prefeitura de Lajeado e Governo do Estado iniciam, na pr\u00f3xima segunda-feira (8\/1), o cadastro de Microempreendedores Individuais (MEIs), aut\u00f4nomos, artes\u00e3os, pescadores e pequenos agricultores\/produtores rurais do munic\u00edpio que tiveram seus neg\u00f3cios atingidos pelas cheias de setembro e novembro. O cadastro ser\u00e1 para repasse do valor arrecadado via PIX pelo SOS Rio Grande do Sul [&hellip;]","og_url":"https:\/\/folhapopular.info\/index.php\/2024\/01\/03\/lajeado-inicia-cadastros-para-repasse-do-sos-rs-a-pequenos-negocios-atingidos-pelas-cheias\/","og_site_name":"Folha Popular","article_published_time":"2024-01-03T11:15:44+00:00","article_modified_time":"2024-01-03T11:15:47+00:00","og_image":[{"width":2560,"height":1707,"url":"http:\/\/folhapopular.info\/wp-content\/uploads\/2024\/01\/Reuniao-SOS-RS-scaled.jpg","type":"image\/jpeg"}],"author":"Reda\u00e7\u00e3o Folha Popular","twitter_card":"summary_large_image","twitter_misc":{"Escrito por":"Reda\u00e7\u00e3o Folha Popular","Est. tempo de leitura":"3 minutos"},"schema":{"@context":"https:\/\/schema.org","@graph":[{"@type":"Article","@id":"https:\/\/folhapopular.info\/index.php\/2024\/01\/03\/lajeado-inicia-cadastros-para-repasse-do-sos-rs-a-pequenos-negocios-atingidos-pelas-cheias\/#article","isPartOf":{"@id":"https:\/\/folhapopular.info\/index.php\/2024\/01\/03\/lajeado-inicia-cadastros-para-repasse-do-sos-rs-a-pequenos-negocios-atingidos-pelas-cheias\/"},"author":{"name":"Reda\u00e7\u00e3o Folha Popular","@id":"https:\/\/folhapopular.info\/#\/schema\/person\/2814e8a0df7643585a9ca38bc6eb9d4b"},"headline":"Lajeado inicia cadastros para repasse do SOS RS a pequenos neg\u00f3cios atingidos pelas cheias","datePublished":"2024-01-03T11:15:44+00:00","dateModified":"2024-01-03T11:15:47+00:00","mainEntityOfPage":{"@id":"https:\/\/folhapopular.info\/index.php\/2024\/01\/03\/lajeado-inicia-cadastros-para-repasse-do-sos-rs-a-pequenos-negocios-atingidos-pelas-cheias\/"},"wordCount":526,"commentCount":0,"image":{"@id":"https:\/\/folhapopular.info\/index.php\/2024\/01\/03\/lajeado-inicia-cadastros-para-repasse-do-sos-rs-a-pequenos-negocios-atingidos-pelas-cheias\/#primaryimage"},"thumbnailUrl":"https:\/\/folhapopular.info\/wp-content\/uploads\/2024\/01\/Reuniao-SOS-RS-scaled.jpg","keywords":["Lajeado","Neg\u00f3cios","SOS Rio Grande do Sul"],"articleSection":["Destaques","Economia","Neg\u00f3cios"],"inLanguage":"pt-BR","potentialAction":[{"@type":"CommentAction","name":"Comment","target":["https:\/\/folhapopular.info\/index.php\/2024\/01\/03\/lajeado-inicia-cadastros-para-repasse-do-sos-rs-a-pequenos-negocios-atingidos-pelas-cheias\/#respond"]}]},{"@type":"WebPage","@id":"https:\/\/folhapopular.info\/index.php\/2024\/01\/03\/lajeado-inicia-cadastros-para-repasse-do-sos-rs-a-pequenos-negocios-atingidos-pelas-cheias\/","url":"https:\/\/folhapopular.info\/index.php\/2024\/01\/03\/lajeado-inicia-cadastros-para-repasse-do-sos-rs-a-pequenos-negocios-atingidos-pelas-cheias\/","name":"Lajeado inicia cadastros para repasse do SOS RS a pequenos neg\u00f3cios atingidos pelas cheias - Folha Popular","isPartOf":{"@id":"https:\/\/folhapopular.info\/#website"},"primaryImageOfPage":{"@id":"https:\/\/folhapopular.info\/index.php\/2024\/01\/03\/lajeado-inicia-cadastros-para-repasse-do-sos-rs-a-pequenos-negocios-atingidos-pelas-cheias\/#primaryimage"},"image":{"@id":"https:\/\/folhapopular.info\/index.php\/2024\/01\/03\/lajeado-inicia-cadastros-para-repasse-do-sos-rs-a-pequenos-negocios-atingidos-pelas-cheias\/#primaryimage"},"thumbnailUrl":"https:\/\/folhapopular.info\/wp-content\/uploads\/2024\/01\/Reuniao-SOS-RS-scaled.jpg","datePublished":"2024-01-03T11:15:44+00:00","dateModified":"2024-01-03T11:15:47+00:00","author":{"@id":"https:\/\/folhapopular.info\/#\/schema\/person\/2814e8a0df7643585a9ca38bc6eb9d4b"},"breadcrumb":{"@id":"https:\/\/folhapopular.info\/index.php\/2024\/01\/03\/lajeado-inicia-cadastros-para-repasse-do-sos-rs-a-pequenos-negocios-atingidos-pelas-cheias\/#breadcrumb"},"inLanguage":"pt-BR","potentialAction":[{"@type":"ReadAction","target":["https:\/\/folhapopular.info\/index.php\/2024\/01\/03\/lajeado-inicia-cadastros-para-repasse-do-sos-rs-a-pequenos-negocios-atingidos-pelas-cheias\/"]}]},{"@type":"ImageObject","inLanguage":"pt-BR","@id":"https:\/\/folhapopular.info\/index.php\/2024\/01\/03\/lajeado-inicia-cadastros-para-repasse-do-sos-rs-a-pequenos-negocios-atingidos-pelas-cheias\/#primaryimage","url":"https:\/\/folhapopular.info\/wp-content\/uploads\/2024\/01\/Reuniao-SOS-RS-scaled.jpg","contentUrl":"https:\/\/folhapopular.info\/wp-content\/uploads\/2024\/01\/Reuniao-SOS-RS-scaled.jpg","width":2560,"height":1707,"caption":"Cr\u00e9dito: Laura Mallmann"},{"@type":"BreadcrumbList","@id":"https:\/\/folhapopular.info\/index.php\/2024\/01\/03\/lajeado-inicia-cadastros-para-repasse-do-sos-rs-a-pequenos-negocios-atingidos-pelas-cheias\/#breadcrumb","itemListElement":[{"@type":"ListItem","position":1,"name":"In\u00edcio","item":"https:\/\/folhapopular.info\/"},{"@type":"ListItem","position":2,"name":"Lajeado inicia cadastros para repasse do SOS RS a pequenos neg\u00f3cios atingidos pelas cheias"}]},{"@type":"WebSite","@id":"https:\/\/folhapopular.info\/#website","url":"https:\/\/folhapopular.info\/","name":"Folha Popular","description":"Onde voc\u00ea tem vez e voz","potentialAction":[{"@type":"SearchAction","target":{"@type":"EntryPoint","urlTemplate":"https:\/\/folhapopular.info\/?s={search_term_string}"},"query-input":{"@type":"PropertyValueSpecification","valueRequired":true,"valueName":"search_term_string"}}],"inLanguage":"pt-BR"},{"@type":"Person","@id":"https:\/\/folhapopular.info\/#\/schema\/person\/2814e8a0df7643585a9ca38bc6eb9d4b","name":"Reda\u00e7\u00e3o Folha Popular","image":{"@type":"ImageObject","inLanguage":"pt-BR","@id":"https:\/\/folhapopular.info\/wp-content\/uploads\/2026\/04\/Folha-1.webp","url":"https:\/\/folhapopular.info\/wp-content\/uploads\/2026\/04\/Folha-1.webp","contentUrl":"https:\/\/folhapopular.info\/wp-content\/uploads\/2026\/04\/Folha-1.webp","caption":"Reda\u00e7\u00e3o Folha Popular"},"url":"https:\/\/folhapopular.info\/index.php\/author\/redacao\/"}]}},"jetpack_featured_media_url":"https:\/\/folhapopular.info\/wp-content\/uploads\/2024\/01\/Reuniao-SOS-RS-scaled.jpg","jetpack_sharing_enabled":true,"amp_enabled":true,"_links":{"self":[{"href":"https:\/\/folhapopular.info\/index.php\/wp-json\/wp\/v2\/posts\/146798","targetHints":{"allow":["GET"]}}],"collection":[{"href":"https:\/\/folhapopular.info\/index.php\/wp-json\/wp\/v2\/posts"}],"about":[{"href":"https:\/\/folhapopular.info\/index.php\/wp-json\/wp\/v2\/types\/post"}],"author":[{"embeddable":true,"href":"https:\/\/folhapopular.info\/index.php\/wp-json\/wp\/v2\/users\/8"}],"replies":[{"embeddable":true,"href":"https:\/\/folhapopular.info\/index.php\/wp-json\/wp\/v2\/comments?post=146798"}],"version-history":[{"count":0,"href":"https:\/\/folhapopular.info\/index.php\/wp-json\/wp\/v2\/posts\/146798\/revisions"}],"wp:featuredmedia":[{"embeddable":true,"href":"https:\/\/folhapopular.info\/index.php\/wp-json\/wp\/v2\/media\/146799"}],"wp:attachment":[{"href":"https:\/\/folhapopular.info\/index.php\/wp-json\/wp\/v2\/media?parent=146798"}],"wp:term":[{"taxonomy":"category","embeddable":true,"href":"https:\/\/folhapopular.info\/index.php\/wp-json\/wp\/v2\/categories?post=146798"},{"taxonomy":"post_tag","embeddable":true,"href":"https:\/\/folhapopular.info\/index.php\/wp-json\/wp\/v2\/tags?post=146798"}],"curies":[{"name":"wp","href":"https:\/\/api.w.org\/{rel}","templated":true}]}}