{"id":147251,"date":"2024-01-10T09:00:03","date_gmt":"2024-01-10T12:00:03","guid":{"rendered":"https:\/\/folhapopular.info\/?p=147251"},"modified":"2024-01-10T09:23:47","modified_gmt":"2024-01-10T12:23:47","slug":"presidente-do-sistema-ocergs-recebe-medalha-da-56a-legislatura-da-assembleia-legislativa-do-rs","status":"publish","type":"post","link":"https:\/\/folhapopular.info\/index.php\/2024\/01\/10\/presidente-do-sistema-ocergs-recebe-medalha-da-56a-legislatura-da-assembleia-legislativa-do-rs\/","title":{"rendered":"Presidente do Sistema Ocergs recebe medalha da 56\u00aa Legislatura da Assembleia Legislativa do RS"},"content":{"rendered":"\n<p>A Assembleia Legislativa do RS entregou, na manh\u00e3 desta ter\u00e7a-feira (9\/1), a medalha da 56\u00aa Legislatura ao presidente do Sistema Ocergs, Darci Pedro Hartmann. A distin\u00e7\u00e3o reconhece tanto a trajet\u00f3ria pessoal de Hartmann, quanto o papel das cooperativas para diferentes setores da economia ga\u00facha, e foi proposta pelo deputado estadual Rafael Braga (MDB).<\/p>\n\n\n\n<p>Lideran\u00e7as do cooperativismo e do agroneg\u00f3cio se reuniram no Sal\u00e3o J\u00falio de Castilhos para acompanhar a entrega da medalha. &#8220;Esse \u00e9 um reconhecimento a quem coopera, especialmente em um momento delicado para o nosso agroneg\u00f3cio. Por onde passou, Darci Hartmann deixou sua marca de compet\u00eancia e de grande gestor. Ele sempre personificou o cooperativismo. Um l\u00edder que sabe ouvir E construir de forma coletiva. Essa \u00e9 uma homenagem muito justa&#8221;, afirmou o deputado.<\/p>\n\n\n\n<p>Representando a presid\u00eancia da Assembleia, o deputado Elton Weber, que tamb\u00e9m preside a Frente Parlamentar do Cooperativismo, lembrou a trajet\u00f3ria de Hartmann. &#8220;O curr\u00edculo do Darci fala por si. N\u00e3o apenas pela sua trajet\u00f3ria pol\u00edtica, mas pela sua hist\u00f3ria como produtor e cooperativista. Hoje, ele tem a tarefa fundamental de liderar as cooperativas ga\u00fachas e seus diferentes ramos no caminho do crescimento&#8221;, destacou.<\/p>\n\n\n\n<h2 class=\"wp-block-heading\"><strong>Vida dedicada ao cooperativismo<\/strong><\/h2>\n\n\n\n<p>Advogado por forma\u00e7\u00e3o, Darci Hartmann sempre foi um homem do campo. Como produtor rural, dedicou sua vida ao trabalho nas cooperativas. Foi assim que chegou \u00e0 presid\u00eancia da Cotrisoja, ainda em 1990. Tamb\u00e9m foi presidente da Cooperjacu\u00ed e vice-presidente da Fecoagro. Na pol\u00edtica, governou sua cidade natal, Selbach, em duas ocasi\u00f5es, entre 1988 e 1992 e entre 2000 e 2004. <\/p>\n\n\n\n<p>&#8220;A vida \u00e9 feita de coopera\u00e7\u00e3o. Da vida em comunidade, principalmente nos nossos pequenos munic\u00edpios. No trabalho, seja no campo ou na cidade. Ningu\u00e9m faz nada sozinho, precisamos sempre estar de m\u00e3os dadas com outras pessoas para alcan\u00e7ar nossos objetivos&#8221;, disse, ao receber a medalha.<\/p>\n\n\n\n<p>Atualmente, al\u00e9m da presid\u00eancia do Sistema Ocergs, Hartmann ocupa a presid\u00eancia da Fundacep Fecotrigo, as vice-presid\u00eancias da Cooperativa Central Ga\u00facha (CCGL) e da Sintemar. Tamb\u00e9m \u00e9 vice-presidente da Terminais Mar\u00edtimos em Rio Grande Termasa \u2013 Tergrasa.<\/p>\n","protected":false},"excerpt":{"rendered":"<p>A Assembleia Legislativa do RS entregou, na manh\u00e3 desta ter\u00e7a-feira (9\/1), a medalha da 56\u00aa Legislatura ao presidente do Sistema Ocergs, Darci Pedro Hartmann. A distin\u00e7\u00e3o reconhece tanto a trajet\u00f3ria pessoal de Hartmann, quanto o papel das cooperativas para diferentes setores da economia ga\u00facha, e foi proposta pelo deputado estadual Rafael Braga (MDB). Lideran\u00e7as do [&hellip;]<\/p>\n","protected":false},"author":8,"featured_media":147255,"comment_status":"open","ping_status":"open","sticky":false,"template":"","format":"standard","meta":{"pmpro_default_level":"","_jetpack_memberships_contains_paid_content":false,"footnotes":""},"categories":[10992,2],"tags":[2124,2303,1678,13086],"class_list":{"0":"post-147251","1":"post","2":"type-post","3":"status-publish","4":"format-standard","5":"has-post-thumbnail","7":"category-coopop","8":"category-featured","9":"tag-assembleia-legislativa","10":"tag-cooperativismo","11":"tag-medalha","12":"tag-sistema-ocergs","13":"pmpro-has-access"},"yoast_head":"<!-- This site is optimized with the Yoast SEO plugin v27.5 - https:\/\/yoast.com\/product\/yoast-seo-wordpress\/ -->\n<title>Presidente do Sistema Ocergs recebe medalha da 56\u00aa Legislatura da Assembleia Legislativa do RS - Folha Popular<\/title>\n<meta name=\"robots\" content=\"index, follow, max-snippet:-1, max-image-preview:large, max-video-preview:-1\" \/>\n<link rel=\"canonical\" href=\"https:\/\/folhapopular.info\/index.php\/2024\/01\/10\/presidente-do-sistema-ocergs-recebe-medalha-da-56a-legislatura-da-assembleia-legislativa-do-rs\/\" \/>\n<meta property=\"og:locale\" content=\"pt_BR\" \/>\n<meta property=\"og:type\" content=\"article\" \/>\n<meta property=\"og:title\" content=\"Presidente do Sistema Ocergs recebe medalha da 56\u00aa Legislatura da Assembleia Legislativa do RS - Folha Popular\" \/>\n<meta property=\"og:description\" content=\"A Assembleia Legislativa do RS entregou, na manh\u00e3 desta ter\u00e7a-feira (9\/1), a medalha da 56\u00aa Legislatura ao presidente do Sistema Ocergs, Darci Pedro Hartmann. A distin\u00e7\u00e3o reconhece tanto a trajet\u00f3ria pessoal de Hartmann, quanto o papel das cooperativas para diferentes setores da economia ga\u00facha, e foi proposta pelo deputado estadual Rafael Braga (MDB). Lideran\u00e7as do [&hellip;]\" \/>\n<meta property=\"og:url\" content=\"https:\/\/folhapopular.info\/index.php\/2024\/01\/10\/presidente-do-sistema-ocergs-recebe-medalha-da-56a-legislatura-da-assembleia-legislativa-do-rs\/\" \/>\n<meta property=\"og:site_name\" content=\"Folha Popular\" \/>\n<meta property=\"article:published_time\" content=\"2024-01-10T12:00:03+00:00\" \/>\n<meta property=\"article:modified_time\" content=\"2024-01-10T12:23:47+00:00\" \/>\n<meta property=\"og:image\" content=\"http:\/\/folhapopular.info\/wp-content\/uploads\/2024\/01\/unnamed-16.jpg\" \/>\n\t<meta property=\"og:image:width\" content=\"800\" \/>\n\t<meta property=\"og:image:height\" content=\"533\" \/>\n\t<meta property=\"og:image:type\" content=\"image\/jpeg\" \/>\n<meta name=\"author\" content=\"Reda\u00e7\u00e3o Folha Popular\" \/>\n<meta name=\"twitter:card\" content=\"summary_large_image\" \/>\n<meta name=\"twitter:label1\" content=\"Escrito por\" \/>\n\t<meta name=\"twitter:data1\" content=\"Reda\u00e7\u00e3o Folha Popular\" \/>\n\t<meta name=\"twitter:label2\" content=\"Est. tempo de leitura\" \/>\n\t<meta name=\"twitter:data2\" content=\"3 minutos\" \/>\n<script type=\"application\/ld+json\" class=\"yoast-schema-graph\">{\"@context\":\"https:\\\/\\\/schema.org\",\"@graph\":[{\"@type\":\"Article\",\"@id\":\"https:\\\/\\\/folhapopular.info\\\/index.php\\\/2024\\\/01\\\/10\\\/presidente-do-sistema-ocergs-recebe-medalha-da-56a-legislatura-da-assembleia-legislativa-do-rs\\\/#article\",\"isPartOf\":{\"@id\":\"https:\\\/\\\/folhapopular.info\\\/index.php\\\/2024\\\/01\\\/10\\\/presidente-do-sistema-ocergs-recebe-medalha-da-56a-legislatura-da-assembleia-legislativa-do-rs\\\/\"},\"author\":{\"name\":\"Reda\u00e7\u00e3o Folha Popular\",\"@id\":\"https:\\\/\\\/folhapopular.info\\\/#\\\/schema\\\/person\\\/2814e8a0df7643585a9ca38bc6eb9d4b\"},\"headline\":\"Presidente do Sistema Ocergs recebe medalha da 56\u00aa Legislatura da Assembleia Legislativa do RS\",\"datePublished\":\"2024-01-10T12:00:03+00:00\",\"dateModified\":\"2024-01-10T12:23:47+00:00\",\"mainEntityOfPage\":{\"@id\":\"https:\\\/\\\/folhapopular.info\\\/index.php\\\/2024\\\/01\\\/10\\\/presidente-do-sistema-ocergs-recebe-medalha-da-56a-legislatura-da-assembleia-legislativa-do-rs\\\/\"},\"wordCount\":371,\"commentCount\":0,\"image\":{\"@id\":\"https:\\\/\\\/folhapopular.info\\\/index.php\\\/2024\\\/01\\\/10\\\/presidente-do-sistema-ocergs-recebe-medalha-da-56a-legislatura-da-assembleia-legislativa-do-rs\\\/#primaryimage\"},\"thumbnailUrl\":\"https:\\\/\\\/folhapopular.info\\\/wp-content\\\/uploads\\\/2024\\\/01\\\/unnamed-16.jpg\",\"keywords\":[\"Assembleia Legislativa\",\"cooperativismo\",\"Medalha\",\"Sistema Ocergs\"],\"articleSection\":[\"Coopop\",\"Destaques\"],\"inLanguage\":\"pt-BR\",\"potentialAction\":[{\"@type\":\"CommentAction\",\"name\":\"Comment\",\"target\":[\"https:\\\/\\\/folhapopular.info\\\/index.php\\\/2024\\\/01\\\/10\\\/presidente-do-sistema-ocergs-recebe-medalha-da-56a-legislatura-da-assembleia-legislativa-do-rs\\\/#respond\"]}]},{\"@type\":\"WebPage\",\"@id\":\"https:\\\/\\\/folhapopular.info\\\/index.php\\\/2024\\\/01\\\/10\\\/presidente-do-sistema-ocergs-recebe-medalha-da-56a-legislatura-da-assembleia-legislativa-do-rs\\\/\",\"url\":\"https:\\\/\\\/folhapopular.info\\\/index.php\\\/2024\\\/01\\\/10\\\/presidente-do-sistema-ocergs-recebe-medalha-da-56a-legislatura-da-assembleia-legislativa-do-rs\\\/\",\"name\":\"Presidente do Sistema Ocergs recebe medalha da 56\u00aa Legislatura da Assembleia Legislativa do RS - Folha Popular\",\"isPartOf\":{\"@id\":\"https:\\\/\\\/folhapopular.info\\\/#website\"},\"primaryImageOfPage\":{\"@id\":\"https:\\\/\\\/folhapopular.info\\\/index.php\\\/2024\\\/01\\\/10\\\/presidente-do-sistema-ocergs-recebe-medalha-da-56a-legislatura-da-assembleia-legislativa-do-rs\\\/#primaryimage\"},\"image\":{\"@id\":\"https:\\\/\\\/folhapopular.info\\\/index.php\\\/2024\\\/01\\\/10\\\/presidente-do-sistema-ocergs-recebe-medalha-da-56a-legislatura-da-assembleia-legislativa-do-rs\\\/#primaryimage\"},\"thumbnailUrl\":\"https:\\\/\\\/folhapopular.info\\\/wp-content\\\/uploads\\\/2024\\\/01\\\/unnamed-16.jpg\",\"datePublished\":\"2024-01-10T12:00:03+00:00\",\"dateModified\":\"2024-01-10T12:23:47+00:00\",\"author\":{\"@id\":\"https:\\\/\\\/folhapopular.info\\\/#\\\/schema\\\/person\\\/2814e8a0df7643585a9ca38bc6eb9d4b\"},\"breadcrumb\":{\"@id\":\"https:\\\/\\\/folhapopular.info\\\/index.php\\\/2024\\\/01\\\/10\\\/presidente-do-sistema-ocergs-recebe-medalha-da-56a-legislatura-da-assembleia-legislativa-do-rs\\\/#breadcrumb\"},\"inLanguage\":\"pt-BR\",\"potentialAction\":[{\"@type\":\"ReadAction\",\"target\":[\"https:\\\/\\\/folhapopular.info\\\/index.php\\\/2024\\\/01\\\/10\\\/presidente-do-sistema-ocergs-recebe-medalha-da-56a-legislatura-da-assembleia-legislativa-do-rs\\\/\"]}]},{\"@type\":\"ImageObject\",\"inLanguage\":\"pt-BR\",\"@id\":\"https:\\\/\\\/folhapopular.info\\\/index.php\\\/2024\\\/01\\\/10\\\/presidente-do-sistema-ocergs-recebe-medalha-da-56a-legislatura-da-assembleia-legislativa-do-rs\\\/#primaryimage\",\"url\":\"https:\\\/\\\/folhapopular.info\\\/wp-content\\\/uploads\\\/2024\\\/01\\\/unnamed-16.jpg\",\"contentUrl\":\"https:\\\/\\\/folhapopular.info\\\/wp-content\\\/uploads\\\/2024\\\/01\\\/unnamed-16.jpg\",\"width\":800,\"height\":533,\"caption\":\"Cr\u00e9dito: Maicon Hinrichsen \\\/ Divulga\u00e7\u00e3o\"},{\"@type\":\"BreadcrumbList\",\"@id\":\"https:\\\/\\\/folhapopular.info\\\/index.php\\\/2024\\\/01\\\/10\\\/presidente-do-sistema-ocergs-recebe-medalha-da-56a-legislatura-da-assembleia-legislativa-do-rs\\\/#breadcrumb\",\"itemListElement\":[{\"@type\":\"ListItem\",\"position\":1,\"name\":\"In\u00edcio\",\"item\":\"https:\\\/\\\/folhapopular.info\\\/\"},{\"@type\":\"ListItem\",\"position\":2,\"name\":\"Presidente do Sistema Ocergs recebe medalha da 56\u00aa Legislatura da Assembleia Legislativa do RS\"}]},{\"@type\":\"WebSite\",\"@id\":\"https:\\\/\\\/folhapopular.info\\\/#website\",\"url\":\"https:\\\/\\\/folhapopular.info\\\/\",\"name\":\"Folha Popular\",\"description\":\"Onde voc\u00ea tem vez e voz\",\"potentialAction\":[{\"@type\":\"SearchAction\",\"target\":{\"@type\":\"EntryPoint\",\"urlTemplate\":\"https:\\\/\\\/folhapopular.info\\\/?s={search_term_string}\"},\"query-input\":{\"@type\":\"PropertyValueSpecification\",\"valueRequired\":true,\"valueName\":\"search_term_string\"}}],\"inLanguage\":\"pt-BR\"},{\"@type\":\"Person\",\"@id\":\"https:\\\/\\\/folhapopular.info\\\/#\\\/schema\\\/person\\\/2814e8a0df7643585a9ca38bc6eb9d4b\",\"name\":\"Reda\u00e7\u00e3o Folha Popular\",\"image\":{\"@type\":\"ImageObject\",\"inLanguage\":\"pt-BR\",\"@id\":\"https:\\\/\\\/folhapopular.info\\\/wp-content\\\/uploads\\\/2026\\\/04\\\/Folha-1.webp\",\"url\":\"https:\\\/\\\/folhapopular.info\\\/wp-content\\\/uploads\\\/2026\\\/04\\\/Folha-1.webp\",\"contentUrl\":\"https:\\\/\\\/folhapopular.info\\\/wp-content\\\/uploads\\\/2026\\\/04\\\/Folha-1.webp\",\"caption\":\"Reda\u00e7\u00e3o Folha Popular\"},\"url\":\"https:\\\/\\\/folhapopular.info\\\/index.php\\\/author\\\/redacao\\\/\"}]}<\/script>\n<!-- \/ Yoast SEO plugin. -->","yoast_head_json":{"title":"Presidente do Sistema Ocergs recebe medalha da 56\u00aa Legislatura da Assembleia Legislativa do RS - Folha Popular","robots":{"index":"index","follow":"follow","max-snippet":"max-snippet:-1","max-image-preview":"max-image-preview:large","max-video-preview":"max-video-preview:-1"},"canonical":"https:\/\/folhapopular.info\/index.php\/2024\/01\/10\/presidente-do-sistema-ocergs-recebe-medalha-da-56a-legislatura-da-assembleia-legislativa-do-rs\/","og_locale":"pt_BR","og_type":"article","og_title":"Presidente do Sistema Ocergs recebe medalha da 56\u00aa Legislatura da Assembleia Legislativa do RS - Folha Popular","og_description":"A Assembleia Legislativa do RS entregou, na manh\u00e3 desta ter\u00e7a-feira (9\/1), a medalha da 56\u00aa Legislatura ao presidente do Sistema Ocergs, Darci Pedro Hartmann. A distin\u00e7\u00e3o reconhece tanto a trajet\u00f3ria pessoal de Hartmann, quanto o papel das cooperativas para diferentes setores da economia ga\u00facha, e foi proposta pelo deputado estadual Rafael Braga (MDB). Lideran\u00e7as do [&hellip;]","og_url":"https:\/\/folhapopular.info\/index.php\/2024\/01\/10\/presidente-do-sistema-ocergs-recebe-medalha-da-56a-legislatura-da-assembleia-legislativa-do-rs\/","og_site_name":"Folha Popular","article_published_time":"2024-01-10T12:00:03+00:00","article_modified_time":"2024-01-10T12:23:47+00:00","og_image":[{"width":800,"height":533,"url":"http:\/\/folhapopular.info\/wp-content\/uploads\/2024\/01\/unnamed-16.jpg","type":"image\/jpeg"}],"author":"Reda\u00e7\u00e3o Folha Popular","twitter_card":"summary_large_image","twitter_misc":{"Escrito por":"Reda\u00e7\u00e3o Folha Popular","Est. tempo de leitura":"3 minutos"},"schema":{"@context":"https:\/\/schema.org","@graph":[{"@type":"Article","@id":"https:\/\/folhapopular.info\/index.php\/2024\/01\/10\/presidente-do-sistema-ocergs-recebe-medalha-da-56a-legislatura-da-assembleia-legislativa-do-rs\/#article","isPartOf":{"@id":"https:\/\/folhapopular.info\/index.php\/2024\/01\/10\/presidente-do-sistema-ocergs-recebe-medalha-da-56a-legislatura-da-assembleia-legislativa-do-rs\/"},"author":{"name":"Reda\u00e7\u00e3o Folha Popular","@id":"https:\/\/folhapopular.info\/#\/schema\/person\/2814e8a0df7643585a9ca38bc6eb9d4b"},"headline":"Presidente do Sistema Ocergs recebe medalha da 56\u00aa Legislatura da Assembleia Legislativa do RS","datePublished":"2024-01-10T12:00:03+00:00","dateModified":"2024-01-10T12:23:47+00:00","mainEntityOfPage":{"@id":"https:\/\/folhapopular.info\/index.php\/2024\/01\/10\/presidente-do-sistema-ocergs-recebe-medalha-da-56a-legislatura-da-assembleia-legislativa-do-rs\/"},"wordCount":371,"commentCount":0,"image":{"@id":"https:\/\/folhapopular.info\/index.php\/2024\/01\/10\/presidente-do-sistema-ocergs-recebe-medalha-da-56a-legislatura-da-assembleia-legislativa-do-rs\/#primaryimage"},"thumbnailUrl":"https:\/\/folhapopular.info\/wp-content\/uploads\/2024\/01\/unnamed-16.jpg","keywords":["Assembleia Legislativa","cooperativismo","Medalha","Sistema Ocergs"],"articleSection":["Coopop","Destaques"],"inLanguage":"pt-BR","potentialAction":[{"@type":"CommentAction","name":"Comment","target":["https:\/\/folhapopular.info\/index.php\/2024\/01\/10\/presidente-do-sistema-ocergs-recebe-medalha-da-56a-legislatura-da-assembleia-legislativa-do-rs\/#respond"]}]},{"@type":"WebPage","@id":"https:\/\/folhapopular.info\/index.php\/2024\/01\/10\/presidente-do-sistema-ocergs-recebe-medalha-da-56a-legislatura-da-assembleia-legislativa-do-rs\/","url":"https:\/\/folhapopular.info\/index.php\/2024\/01\/10\/presidente-do-sistema-ocergs-recebe-medalha-da-56a-legislatura-da-assembleia-legislativa-do-rs\/","name":"Presidente do Sistema Ocergs recebe medalha da 56\u00aa Legislatura da Assembleia Legislativa do RS - Folha Popular","isPartOf":{"@id":"https:\/\/folhapopular.info\/#website"},"primaryImageOfPage":{"@id":"https:\/\/folhapopular.info\/index.php\/2024\/01\/10\/presidente-do-sistema-ocergs-recebe-medalha-da-56a-legislatura-da-assembleia-legislativa-do-rs\/#primaryimage"},"image":{"@id":"https:\/\/folhapopular.info\/index.php\/2024\/01\/10\/presidente-do-sistema-ocergs-recebe-medalha-da-56a-legislatura-da-assembleia-legislativa-do-rs\/#primaryimage"},"thumbnailUrl":"https:\/\/folhapopular.info\/wp-content\/uploads\/2024\/01\/unnamed-16.jpg","datePublished":"2024-01-10T12:00:03+00:00","dateModified":"2024-01-10T12:23:47+00:00","author":{"@id":"https:\/\/folhapopular.info\/#\/schema\/person\/2814e8a0df7643585a9ca38bc6eb9d4b"},"breadcrumb":{"@id":"https:\/\/folhapopular.info\/index.php\/2024\/01\/10\/presidente-do-sistema-ocergs-recebe-medalha-da-56a-legislatura-da-assembleia-legislativa-do-rs\/#breadcrumb"},"inLanguage":"pt-BR","potentialAction":[{"@type":"ReadAction","target":["https:\/\/folhapopular.info\/index.php\/2024\/01\/10\/presidente-do-sistema-ocergs-recebe-medalha-da-56a-legislatura-da-assembleia-legislativa-do-rs\/"]}]},{"@type":"ImageObject","inLanguage":"pt-BR","@id":"https:\/\/folhapopular.info\/index.php\/2024\/01\/10\/presidente-do-sistema-ocergs-recebe-medalha-da-56a-legislatura-da-assembleia-legislativa-do-rs\/#primaryimage","url":"https:\/\/folhapopular.info\/wp-content\/uploads\/2024\/01\/unnamed-16.jpg","contentUrl":"https:\/\/folhapopular.info\/wp-content\/uploads\/2024\/01\/unnamed-16.jpg","width":800,"height":533,"caption":"Cr\u00e9dito: Maicon Hinrichsen \/ Divulga\u00e7\u00e3o"},{"@type":"BreadcrumbList","@id":"https:\/\/folhapopular.info\/index.php\/2024\/01\/10\/presidente-do-sistema-ocergs-recebe-medalha-da-56a-legislatura-da-assembleia-legislativa-do-rs\/#breadcrumb","itemListElement":[{"@type":"ListItem","position":1,"name":"In\u00edcio","item":"https:\/\/folhapopular.info\/"},{"@type":"ListItem","position":2,"name":"Presidente do Sistema Ocergs recebe medalha da 56\u00aa Legislatura da Assembleia Legislativa do RS"}]},{"@type":"WebSite","@id":"https:\/\/folhapopular.info\/#website","url":"https:\/\/folhapopular.info\/","name":"Folha Popular","description":"Onde voc\u00ea tem vez e voz","potentialAction":[{"@type":"SearchAction","target":{"@type":"EntryPoint","urlTemplate":"https:\/\/folhapopular.info\/?s={search_term_string}"},"query-input":{"@type":"PropertyValueSpecification","valueRequired":true,"valueName":"search_term_string"}}],"inLanguage":"pt-BR"},{"@type":"Person","@id":"https:\/\/folhapopular.info\/#\/schema\/person\/2814e8a0df7643585a9ca38bc6eb9d4b","name":"Reda\u00e7\u00e3o Folha Popular","image":{"@type":"ImageObject","inLanguage":"pt-BR","@id":"https:\/\/folhapopular.info\/wp-content\/uploads\/2026\/04\/Folha-1.webp","url":"https:\/\/folhapopular.info\/wp-content\/uploads\/2026\/04\/Folha-1.webp","contentUrl":"https:\/\/folhapopular.info\/wp-content\/uploads\/2026\/04\/Folha-1.webp","caption":"Reda\u00e7\u00e3o Folha Popular"},"url":"https:\/\/folhapopular.info\/index.php\/author\/redacao\/"}]}},"jetpack_featured_media_url":"https:\/\/folhapopular.info\/wp-content\/uploads\/2024\/01\/unnamed-16.jpg","jetpack_sharing_enabled":true,"amp_enabled":true,"_links":{"self":[{"href":"https:\/\/folhapopular.info\/index.php\/wp-json\/wp\/v2\/posts\/147251","targetHints":{"allow":["GET"]}}],"collection":[{"href":"https:\/\/folhapopular.info\/index.php\/wp-json\/wp\/v2\/posts"}],"about":[{"href":"https:\/\/folhapopular.info\/index.php\/wp-json\/wp\/v2\/types\/post"}],"author":[{"embeddable":true,"href":"https:\/\/folhapopular.info\/index.php\/wp-json\/wp\/v2\/users\/8"}],"replies":[{"embeddable":true,"href":"https:\/\/folhapopular.info\/index.php\/wp-json\/wp\/v2\/comments?post=147251"}],"version-history":[{"count":0,"href":"https:\/\/folhapopular.info\/index.php\/wp-json\/wp\/v2\/posts\/147251\/revisions"}],"wp:featuredmedia":[{"embeddable":true,"href":"https:\/\/folhapopular.info\/index.php\/wp-json\/wp\/v2\/media\/147255"}],"wp:attachment":[{"href":"https:\/\/folhapopular.info\/index.php\/wp-json\/wp\/v2\/media?parent=147251"}],"wp:term":[{"taxonomy":"category","embeddable":true,"href":"https:\/\/folhapopular.info\/index.php\/wp-json\/wp\/v2\/categories?post=147251"},{"taxonomy":"post_tag","embeddable":true,"href":"https:\/\/folhapopular.info\/index.php\/wp-json\/wp\/v2\/tags?post=147251"}],"curies":[{"name":"wp","href":"https:\/\/api.w.org\/{rel}","templated":true}]}}