{"id":147336,"date":"2024-01-11T11:12:47","date_gmt":"2024-01-11T14:12:47","guid":{"rendered":"https:\/\/folhapopular.info\/?p=147336"},"modified":"2024-01-11T11:12:50","modified_gmt":"2024-01-11T14:12:50","slug":"prefeitura-de-lajeado-abre-processo-seletivo-para-tradutor-e-interprete-de-libras","status":"publish","type":"post","link":"https:\/\/folhapopular.info\/index.php\/2024\/01\/11\/prefeitura-de-lajeado-abre-processo-seletivo-para-tradutor-e-interprete-de-libras\/","title":{"rendered":"Prefeitura de Lajeado abre processo seletivo para tradutor e int\u00e9rprete de Libras"},"content":{"rendered":"\n<p>A Prefeitura de Lajeado realiza processo seletivo simplificado para a fun\u00e7\u00e3o de tradutor e int\u00e9rprete de Libras. A sele\u00e7\u00e3o \u00e9 para uma vaga de contrata\u00e7\u00e3o imediata e tamb\u00e9m para forma\u00e7\u00e3o de cadastro reserva. As inscri\u00e7\u00f5es podem ser feitas, exclusivamente pela internet, at\u00e9 as 23h59 do dia 29 de janeiro\u00a0<a href=\"https:\/\/competo.lajeado.rs.gov.br\/listagem_processos_seletivos\" target=\"_blank\" rel=\"noreferrer noopener\">neste link<\/a>. O sal\u00e1rio \u00e9 de R$ 2.019,32 para 20 horas semanais.<\/p>\n\n\n\n<p>Os interessados em participar da sele\u00e7\u00e3o devem ter forma\u00e7\u00e3o superior completa em Pedagogia e curso de forma\u00e7\u00e3o em Tradutor e Int\u00e9rprete de Libras. O candidato tamb\u00e9m precisa ter 18 anos completos at\u00e9 o \u00faltimo dia de inscri\u00e7\u00e3o.<\/p>\n\n\n\n<p>O processo seletivo simplificado \u00e9 feito por meio de prova de t\u00edtulos de car\u00e1ter classificat\u00f3rio, avaliados por comiss\u00e3o designada, conforme crit\u00e9rios definidos no <a href=\"https:\/\/grp.lajeado.rs.gov.br\/erp\/portal\/servlet\/download?hash=7B798F93609337FFD48FC034BF914E\" target=\"_blank\" rel=\"noreferrer noopener\">edital do processo<\/a> e de acordo com os documentos encaminhados pelo candidato no momento da inscri\u00e7\u00e3o. A classifica\u00e7\u00e3o ser\u00e1 feita considerando a soma da pontua\u00e7\u00e3o dos t\u00edtulos em ordem decrescente, sendo que poder\u00e3o ser anexados no m\u00e1ximo 10 t\u00edtulos.<\/p>\n\n\n\n<p>O edital pode ser conferido a partir da p\u00e1gina 15 do Di\u00e1rio Oficial do dia 9 de janeiro.<\/p>\n","protected":false},"excerpt":{"rendered":"<p>A Prefeitura de Lajeado realiza processo seletivo simplificado para a fun\u00e7\u00e3o de tradutor e int\u00e9rprete de Libras. A sele\u00e7\u00e3o \u00e9 para uma vaga de contrata\u00e7\u00e3o imediata e tamb\u00e9m para forma\u00e7\u00e3o de cadastro reserva. As inscri\u00e7\u00f5es podem ser feitas, exclusivamente pela internet, at\u00e9 as 23h59 do dia 29 de janeiro\u00a0neste link. O sal\u00e1rio \u00e9 de R$ [&hellip;]<\/p>\n","protected":false},"author":8,"featured_media":144956,"comment_status":"open","ping_status":"open","sticky":false,"template":"","format":"standard","meta":{"pmpro_default_level":"","_jetpack_memberships_contains_paid_content":false,"footnotes":""},"categories":[2,3,12041],"tags":[13993,5083,1472,13992],"class_list":{"0":"post-147336","1":"post","2":"type-post","3":"status-publish","4":"format-standard","5":"has-post-thumbnail","7":"category-featured","8":"category-geral","9":"category-oportunidades","10":"tag-interprete-de-libras","11":"tag-prefeitura-de-lajeado","12":"tag-processo-seletivo-simplificado","13":"tag-tradutor","14":"pmpro-has-access"},"yoast_head":"<!-- This site is optimized with the Yoast SEO plugin v27.5 - https:\/\/yoast.com\/product\/yoast-seo-wordpress\/ -->\n<title>Prefeitura de Lajeado abre processo seletivo para tradutor e int\u00e9rprete de Libras - Folha Popular<\/title>\n<meta name=\"robots\" content=\"index, follow, max-snippet:-1, max-image-preview:large, max-video-preview:-1\" \/>\n<link rel=\"canonical\" href=\"https:\/\/folhapopular.info\/index.php\/2024\/01\/11\/prefeitura-de-lajeado-abre-processo-seletivo-para-tradutor-e-interprete-de-libras\/\" \/>\n<meta property=\"og:locale\" content=\"pt_BR\" \/>\n<meta property=\"og:type\" content=\"article\" \/>\n<meta property=\"og:title\" content=\"Prefeitura de Lajeado abre processo seletivo para tradutor e int\u00e9rprete de Libras - Folha Popular\" \/>\n<meta property=\"og:description\" content=\"A Prefeitura de Lajeado realiza processo seletivo simplificado para a fun\u00e7\u00e3o de tradutor e int\u00e9rprete de Libras. A sele\u00e7\u00e3o \u00e9 para uma vaga de contrata\u00e7\u00e3o imediata e tamb\u00e9m para forma\u00e7\u00e3o de cadastro reserva. As inscri\u00e7\u00f5es podem ser feitas, exclusivamente pela internet, at\u00e9 as 23h59 do dia 29 de janeiro\u00a0neste link. O sal\u00e1rio \u00e9 de R$ [&hellip;]\" \/>\n<meta property=\"og:url\" content=\"https:\/\/folhapopular.info\/index.php\/2024\/01\/11\/prefeitura-de-lajeado-abre-processo-seletivo-para-tradutor-e-interprete-de-libras\/\" \/>\n<meta property=\"og:site_name\" content=\"Folha Popular\" \/>\n<meta property=\"article:published_time\" content=\"2024-01-11T14:12:47+00:00\" \/>\n<meta property=\"article:modified_time\" content=\"2024-01-11T14:12:50+00:00\" \/>\n<meta property=\"og:image\" content=\"http:\/\/folhapopular.info\/wp-content\/uploads\/2023\/12\/AtendimentonaprefeituraLauraMallmannArquivo1687805085581_foto-1-e1704982354848.jpg\" \/>\n\t<meta property=\"og:image:width\" content=\"900\" \/>\n\t<meta property=\"og:image:height\" content=\"556\" \/>\n\t<meta property=\"og:image:type\" content=\"image\/jpeg\" \/>\n<meta name=\"author\" content=\"Reda\u00e7\u00e3o Folha Popular\" \/>\n<meta name=\"twitter:card\" content=\"summary_large_image\" \/>\n<meta name=\"twitter:label1\" content=\"Escrito por\" \/>\n\t<meta name=\"twitter:data1\" content=\"Reda\u00e7\u00e3o Folha Popular\" \/>\n\t<meta name=\"twitter:label2\" content=\"Est. tempo de leitura\" \/>\n\t<meta name=\"twitter:data2\" content=\"2 minutos\" \/>\n<script type=\"application\/ld+json\" class=\"yoast-schema-graph\">{\"@context\":\"https:\\\/\\\/schema.org\",\"@graph\":[{\"@type\":\"Article\",\"@id\":\"https:\\\/\\\/folhapopular.info\\\/index.php\\\/2024\\\/01\\\/11\\\/prefeitura-de-lajeado-abre-processo-seletivo-para-tradutor-e-interprete-de-libras\\\/#article\",\"isPartOf\":{\"@id\":\"https:\\\/\\\/folhapopular.info\\\/index.php\\\/2024\\\/01\\\/11\\\/prefeitura-de-lajeado-abre-processo-seletivo-para-tradutor-e-interprete-de-libras\\\/\"},\"author\":{\"name\":\"Reda\u00e7\u00e3o Folha Popular\",\"@id\":\"https:\\\/\\\/folhapopular.info\\\/#\\\/schema\\\/person\\\/2814e8a0df7643585a9ca38bc6eb9d4b\"},\"headline\":\"Prefeitura de Lajeado abre processo seletivo para tradutor e int\u00e9rprete de Libras\",\"datePublished\":\"2024-01-11T14:12:47+00:00\",\"dateModified\":\"2024-01-11T14:12:50+00:00\",\"mainEntityOfPage\":{\"@id\":\"https:\\\/\\\/folhapopular.info\\\/index.php\\\/2024\\\/01\\\/11\\\/prefeitura-de-lajeado-abre-processo-seletivo-para-tradutor-e-interprete-de-libras\\\/\"},\"wordCount\":209,\"commentCount\":0,\"image\":{\"@id\":\"https:\\\/\\\/folhapopular.info\\\/index.php\\\/2024\\\/01\\\/11\\\/prefeitura-de-lajeado-abre-processo-seletivo-para-tradutor-e-interprete-de-libras\\\/#primaryimage\"},\"thumbnailUrl\":\"https:\\\/\\\/folhapopular.info\\\/wp-content\\\/uploads\\\/2023\\\/12\\\/AtendimentonaprefeituraLauraMallmannArquivo1687805085581_foto-1-e1704982354848.jpg\",\"keywords\":[\"Int\u00e9rprete de Libras\",\"Prefeitura de Lajeado\",\"Processo Seletivo Simplificado\",\"Tradutor\"],\"articleSection\":[\"Destaques\",\"Geral\",\"Oportunidades\"],\"inLanguage\":\"pt-BR\",\"potentialAction\":[{\"@type\":\"CommentAction\",\"name\":\"Comment\",\"target\":[\"https:\\\/\\\/folhapopular.info\\\/index.php\\\/2024\\\/01\\\/11\\\/prefeitura-de-lajeado-abre-processo-seletivo-para-tradutor-e-interprete-de-libras\\\/#respond\"]}]},{\"@type\":\"WebPage\",\"@id\":\"https:\\\/\\\/folhapopular.info\\\/index.php\\\/2024\\\/01\\\/11\\\/prefeitura-de-lajeado-abre-processo-seletivo-para-tradutor-e-interprete-de-libras\\\/\",\"url\":\"https:\\\/\\\/folhapopular.info\\\/index.php\\\/2024\\\/01\\\/11\\\/prefeitura-de-lajeado-abre-processo-seletivo-para-tradutor-e-interprete-de-libras\\\/\",\"name\":\"Prefeitura de Lajeado abre processo seletivo para tradutor e int\u00e9rprete de Libras - Folha Popular\",\"isPartOf\":{\"@id\":\"https:\\\/\\\/folhapopular.info\\\/#website\"},\"primaryImageOfPage\":{\"@id\":\"https:\\\/\\\/folhapopular.info\\\/index.php\\\/2024\\\/01\\\/11\\\/prefeitura-de-lajeado-abre-processo-seletivo-para-tradutor-e-interprete-de-libras\\\/#primaryimage\"},\"image\":{\"@id\":\"https:\\\/\\\/folhapopular.info\\\/index.php\\\/2024\\\/01\\\/11\\\/prefeitura-de-lajeado-abre-processo-seletivo-para-tradutor-e-interprete-de-libras\\\/#primaryimage\"},\"thumbnailUrl\":\"https:\\\/\\\/folhapopular.info\\\/wp-content\\\/uploads\\\/2023\\\/12\\\/AtendimentonaprefeituraLauraMallmannArquivo1687805085581_foto-1-e1704982354848.jpg\",\"datePublished\":\"2024-01-11T14:12:47+00:00\",\"dateModified\":\"2024-01-11T14:12:50+00:00\",\"author\":{\"@id\":\"https:\\\/\\\/folhapopular.info\\\/#\\\/schema\\\/person\\\/2814e8a0df7643585a9ca38bc6eb9d4b\"},\"breadcrumb\":{\"@id\":\"https:\\\/\\\/folhapopular.info\\\/index.php\\\/2024\\\/01\\\/11\\\/prefeitura-de-lajeado-abre-processo-seletivo-para-tradutor-e-interprete-de-libras\\\/#breadcrumb\"},\"inLanguage\":\"pt-BR\",\"potentialAction\":[{\"@type\":\"ReadAction\",\"target\":[\"https:\\\/\\\/folhapopular.info\\\/index.php\\\/2024\\\/01\\\/11\\\/prefeitura-de-lajeado-abre-processo-seletivo-para-tradutor-e-interprete-de-libras\\\/\"]}]},{\"@type\":\"ImageObject\",\"inLanguage\":\"pt-BR\",\"@id\":\"https:\\\/\\\/folhapopular.info\\\/index.php\\\/2024\\\/01\\\/11\\\/prefeitura-de-lajeado-abre-processo-seletivo-para-tradutor-e-interprete-de-libras\\\/#primaryimage\",\"url\":\"https:\\\/\\\/folhapopular.info\\\/wp-content\\\/uploads\\\/2023\\\/12\\\/AtendimentonaprefeituraLauraMallmannArquivo1687805085581_foto-1-e1704982354848.jpg\",\"contentUrl\":\"https:\\\/\\\/folhapopular.info\\\/wp-content\\\/uploads\\\/2023\\\/12\\\/AtendimentonaprefeituraLauraMallmannArquivo1687805085581_foto-1-e1704982354848.jpg\",\"width\":900,\"height\":556,\"caption\":\"Cr\u00e9dito: Divulga\u00e7\u00e3o Prefeitura de Lajeado\"},{\"@type\":\"BreadcrumbList\",\"@id\":\"https:\\\/\\\/folhapopular.info\\\/index.php\\\/2024\\\/01\\\/11\\\/prefeitura-de-lajeado-abre-processo-seletivo-para-tradutor-e-interprete-de-libras\\\/#breadcrumb\",\"itemListElement\":[{\"@type\":\"ListItem\",\"position\":1,\"name\":\"In\u00edcio\",\"item\":\"https:\\\/\\\/folhapopular.info\\\/\"},{\"@type\":\"ListItem\",\"position\":2,\"name\":\"Prefeitura de Lajeado abre processo seletivo para tradutor e int\u00e9rprete de Libras\"}]},{\"@type\":\"WebSite\",\"@id\":\"https:\\\/\\\/folhapopular.info\\\/#website\",\"url\":\"https:\\\/\\\/folhapopular.info\\\/\",\"name\":\"Folha Popular\",\"description\":\"Onde voc\u00ea tem vez e voz\",\"potentialAction\":[{\"@type\":\"SearchAction\",\"target\":{\"@type\":\"EntryPoint\",\"urlTemplate\":\"https:\\\/\\\/folhapopular.info\\\/?s={search_term_string}\"},\"query-input\":{\"@type\":\"PropertyValueSpecification\",\"valueRequired\":true,\"valueName\":\"search_term_string\"}}],\"inLanguage\":\"pt-BR\"},{\"@type\":\"Person\",\"@id\":\"https:\\\/\\\/folhapopular.info\\\/#\\\/schema\\\/person\\\/2814e8a0df7643585a9ca38bc6eb9d4b\",\"name\":\"Reda\u00e7\u00e3o Folha Popular\",\"image\":{\"@type\":\"ImageObject\",\"inLanguage\":\"pt-BR\",\"@id\":\"https:\\\/\\\/folhapopular.info\\\/wp-content\\\/uploads\\\/2026\\\/04\\\/Folha-1.webp\",\"url\":\"https:\\\/\\\/folhapopular.info\\\/wp-content\\\/uploads\\\/2026\\\/04\\\/Folha-1.webp\",\"contentUrl\":\"https:\\\/\\\/folhapopular.info\\\/wp-content\\\/uploads\\\/2026\\\/04\\\/Folha-1.webp\",\"caption\":\"Reda\u00e7\u00e3o Folha Popular\"},\"url\":\"https:\\\/\\\/folhapopular.info\\\/index.php\\\/author\\\/redacao\\\/\"}]}<\/script>\n<!-- \/ Yoast SEO plugin. -->","yoast_head_json":{"title":"Prefeitura de Lajeado abre processo seletivo para tradutor e int\u00e9rprete de Libras - Folha Popular","robots":{"index":"index","follow":"follow","max-snippet":"max-snippet:-1","max-image-preview":"max-image-preview:large","max-video-preview":"max-video-preview:-1"},"canonical":"https:\/\/folhapopular.info\/index.php\/2024\/01\/11\/prefeitura-de-lajeado-abre-processo-seletivo-para-tradutor-e-interprete-de-libras\/","og_locale":"pt_BR","og_type":"article","og_title":"Prefeitura de Lajeado abre processo seletivo para tradutor e int\u00e9rprete de Libras - Folha Popular","og_description":"A Prefeitura de Lajeado realiza processo seletivo simplificado para a fun\u00e7\u00e3o de tradutor e int\u00e9rprete de Libras. A sele\u00e7\u00e3o \u00e9 para uma vaga de contrata\u00e7\u00e3o imediata e tamb\u00e9m para forma\u00e7\u00e3o de cadastro reserva. As inscri\u00e7\u00f5es podem ser feitas, exclusivamente pela internet, at\u00e9 as 23h59 do dia 29 de janeiro\u00a0neste link. O sal\u00e1rio \u00e9 de R$ [&hellip;]","og_url":"https:\/\/folhapopular.info\/index.php\/2024\/01\/11\/prefeitura-de-lajeado-abre-processo-seletivo-para-tradutor-e-interprete-de-libras\/","og_site_name":"Folha Popular","article_published_time":"2024-01-11T14:12:47+00:00","article_modified_time":"2024-01-11T14:12:50+00:00","og_image":[{"width":900,"height":556,"url":"http:\/\/folhapopular.info\/wp-content\/uploads\/2023\/12\/AtendimentonaprefeituraLauraMallmannArquivo1687805085581_foto-1-e1704982354848.jpg","type":"image\/jpeg"}],"author":"Reda\u00e7\u00e3o Folha Popular","twitter_card":"summary_large_image","twitter_misc":{"Escrito por":"Reda\u00e7\u00e3o Folha Popular","Est. tempo de leitura":"2 minutos"},"schema":{"@context":"https:\/\/schema.org","@graph":[{"@type":"Article","@id":"https:\/\/folhapopular.info\/index.php\/2024\/01\/11\/prefeitura-de-lajeado-abre-processo-seletivo-para-tradutor-e-interprete-de-libras\/#article","isPartOf":{"@id":"https:\/\/folhapopular.info\/index.php\/2024\/01\/11\/prefeitura-de-lajeado-abre-processo-seletivo-para-tradutor-e-interprete-de-libras\/"},"author":{"name":"Reda\u00e7\u00e3o Folha Popular","@id":"https:\/\/folhapopular.info\/#\/schema\/person\/2814e8a0df7643585a9ca38bc6eb9d4b"},"headline":"Prefeitura de Lajeado abre processo seletivo para tradutor e int\u00e9rprete de Libras","datePublished":"2024-01-11T14:12:47+00:00","dateModified":"2024-01-11T14:12:50+00:00","mainEntityOfPage":{"@id":"https:\/\/folhapopular.info\/index.php\/2024\/01\/11\/prefeitura-de-lajeado-abre-processo-seletivo-para-tradutor-e-interprete-de-libras\/"},"wordCount":209,"commentCount":0,"image":{"@id":"https:\/\/folhapopular.info\/index.php\/2024\/01\/11\/prefeitura-de-lajeado-abre-processo-seletivo-para-tradutor-e-interprete-de-libras\/#primaryimage"},"thumbnailUrl":"https:\/\/folhapopular.info\/wp-content\/uploads\/2023\/12\/AtendimentonaprefeituraLauraMallmannArquivo1687805085581_foto-1-e1704982354848.jpg","keywords":["Int\u00e9rprete de Libras","Prefeitura de Lajeado","Processo Seletivo Simplificado","Tradutor"],"articleSection":["Destaques","Geral","Oportunidades"],"inLanguage":"pt-BR","potentialAction":[{"@type":"CommentAction","name":"Comment","target":["https:\/\/folhapopular.info\/index.php\/2024\/01\/11\/prefeitura-de-lajeado-abre-processo-seletivo-para-tradutor-e-interprete-de-libras\/#respond"]}]},{"@type":"WebPage","@id":"https:\/\/folhapopular.info\/index.php\/2024\/01\/11\/prefeitura-de-lajeado-abre-processo-seletivo-para-tradutor-e-interprete-de-libras\/","url":"https:\/\/folhapopular.info\/index.php\/2024\/01\/11\/prefeitura-de-lajeado-abre-processo-seletivo-para-tradutor-e-interprete-de-libras\/","name":"Prefeitura de Lajeado abre processo seletivo para tradutor e int\u00e9rprete de Libras - Folha Popular","isPartOf":{"@id":"https:\/\/folhapopular.info\/#website"},"primaryImageOfPage":{"@id":"https:\/\/folhapopular.info\/index.php\/2024\/01\/11\/prefeitura-de-lajeado-abre-processo-seletivo-para-tradutor-e-interprete-de-libras\/#primaryimage"},"image":{"@id":"https:\/\/folhapopular.info\/index.php\/2024\/01\/11\/prefeitura-de-lajeado-abre-processo-seletivo-para-tradutor-e-interprete-de-libras\/#primaryimage"},"thumbnailUrl":"https:\/\/folhapopular.info\/wp-content\/uploads\/2023\/12\/AtendimentonaprefeituraLauraMallmannArquivo1687805085581_foto-1-e1704982354848.jpg","datePublished":"2024-01-11T14:12:47+00:00","dateModified":"2024-01-11T14:12:50+00:00","author":{"@id":"https:\/\/folhapopular.info\/#\/schema\/person\/2814e8a0df7643585a9ca38bc6eb9d4b"},"breadcrumb":{"@id":"https:\/\/folhapopular.info\/index.php\/2024\/01\/11\/prefeitura-de-lajeado-abre-processo-seletivo-para-tradutor-e-interprete-de-libras\/#breadcrumb"},"inLanguage":"pt-BR","potentialAction":[{"@type":"ReadAction","target":["https:\/\/folhapopular.info\/index.php\/2024\/01\/11\/prefeitura-de-lajeado-abre-processo-seletivo-para-tradutor-e-interprete-de-libras\/"]}]},{"@type":"ImageObject","inLanguage":"pt-BR","@id":"https:\/\/folhapopular.info\/index.php\/2024\/01\/11\/prefeitura-de-lajeado-abre-processo-seletivo-para-tradutor-e-interprete-de-libras\/#primaryimage","url":"https:\/\/folhapopular.info\/wp-content\/uploads\/2023\/12\/AtendimentonaprefeituraLauraMallmannArquivo1687805085581_foto-1-e1704982354848.jpg","contentUrl":"https:\/\/folhapopular.info\/wp-content\/uploads\/2023\/12\/AtendimentonaprefeituraLauraMallmannArquivo1687805085581_foto-1-e1704982354848.jpg","width":900,"height":556,"caption":"Cr\u00e9dito: Divulga\u00e7\u00e3o Prefeitura de Lajeado"},{"@type":"BreadcrumbList","@id":"https:\/\/folhapopular.info\/index.php\/2024\/01\/11\/prefeitura-de-lajeado-abre-processo-seletivo-para-tradutor-e-interprete-de-libras\/#breadcrumb","itemListElement":[{"@type":"ListItem","position":1,"name":"In\u00edcio","item":"https:\/\/folhapopular.info\/"},{"@type":"ListItem","position":2,"name":"Prefeitura de Lajeado abre processo seletivo para tradutor e int\u00e9rprete de Libras"}]},{"@type":"WebSite","@id":"https:\/\/folhapopular.info\/#website","url":"https:\/\/folhapopular.info\/","name":"Folha Popular","description":"Onde voc\u00ea tem vez e voz","potentialAction":[{"@type":"SearchAction","target":{"@type":"EntryPoint","urlTemplate":"https:\/\/folhapopular.info\/?s={search_term_string}"},"query-input":{"@type":"PropertyValueSpecification","valueRequired":true,"valueName":"search_term_string"}}],"inLanguage":"pt-BR"},{"@type":"Person","@id":"https:\/\/folhapopular.info\/#\/schema\/person\/2814e8a0df7643585a9ca38bc6eb9d4b","name":"Reda\u00e7\u00e3o Folha Popular","image":{"@type":"ImageObject","inLanguage":"pt-BR","@id":"https:\/\/folhapopular.info\/wp-content\/uploads\/2026\/04\/Folha-1.webp","url":"https:\/\/folhapopular.info\/wp-content\/uploads\/2026\/04\/Folha-1.webp","contentUrl":"https:\/\/folhapopular.info\/wp-content\/uploads\/2026\/04\/Folha-1.webp","caption":"Reda\u00e7\u00e3o Folha Popular"},"url":"https:\/\/folhapopular.info\/index.php\/author\/redacao\/"}]}},"jetpack_featured_media_url":"https:\/\/folhapopular.info\/wp-content\/uploads\/2023\/12\/AtendimentonaprefeituraLauraMallmannArquivo1687805085581_foto-1-e1704982354848.jpg","jetpack_sharing_enabled":true,"amp_enabled":true,"_links":{"self":[{"href":"https:\/\/folhapopular.info\/index.php\/wp-json\/wp\/v2\/posts\/147336","targetHints":{"allow":["GET"]}}],"collection":[{"href":"https:\/\/folhapopular.info\/index.php\/wp-json\/wp\/v2\/posts"}],"about":[{"href":"https:\/\/folhapopular.info\/index.php\/wp-json\/wp\/v2\/types\/post"}],"author":[{"embeddable":true,"href":"https:\/\/folhapopular.info\/index.php\/wp-json\/wp\/v2\/users\/8"}],"replies":[{"embeddable":true,"href":"https:\/\/folhapopular.info\/index.php\/wp-json\/wp\/v2\/comments?post=147336"}],"version-history":[{"count":0,"href":"https:\/\/folhapopular.info\/index.php\/wp-json\/wp\/v2\/posts\/147336\/revisions"}],"wp:featuredmedia":[{"embeddable":true,"href":"https:\/\/folhapopular.info\/index.php\/wp-json\/wp\/v2\/media\/144956"}],"wp:attachment":[{"href":"https:\/\/folhapopular.info\/index.php\/wp-json\/wp\/v2\/media?parent=147336"}],"wp:term":[{"taxonomy":"category","embeddable":true,"href":"https:\/\/folhapopular.info\/index.php\/wp-json\/wp\/v2\/categories?post=147336"},{"taxonomy":"post_tag","embeddable":true,"href":"https:\/\/folhapopular.info\/index.php\/wp-json\/wp\/v2\/tags?post=147336"}],"curies":[{"name":"wp","href":"https:\/\/api.w.org\/{rel}","templated":true}]}}