{"id":147441,"date":"2024-01-12T21:15:36","date_gmt":"2024-01-13T00:15:36","guid":{"rendered":"https:\/\/folhapopular.info\/?p=147441"},"modified":"2024-01-12T21:15:38","modified_gmt":"2024-01-13T00:15:38","slug":"prefeitura-de-lajeado-projeta-reconstrucao-da-pavimentacao-na-avenida-decio-martins-costa","status":"publish","type":"post","link":"https:\/\/folhapopular.info\/index.php\/2024\/01\/12\/prefeitura-de-lajeado-projeta-reconstrucao-da-pavimentacao-na-avenida-decio-martins-costa\/","title":{"rendered":"Prefeitura de Lajeado\u00a0projeta reconstru\u00e7\u00e3o da pavimenta\u00e7\u00e3o na Avenida D\u00e9cio Martins Costa"},"content":{"rendered":"\n<p>Os motoristas que trafegam na Avenida D\u00e9cio Martins Costa, tamb\u00e9m conhecida como Rua do Val\u00e3o, pr\u00f3ximo ao entroncamento com a Rua Fialho de Vargas, no Centro de Lajeado, devem ter aten\u00e7\u00e3o. A pavimenta\u00e7\u00e3o cedeu em consequ\u00eancia das chuvas que atingiram o munic\u00edpio nas \u00faltimas semanas. O desmoronamento ocorreu nesta quinta-feira (11\/1) com a queda de pedras do pavimento e da conten\u00e7\u00e3o do Arroio do Engenho, que passa naquele ponto. <\/p>\n\n\n\n<p>O tr\u00e2nsito na Avenida D\u00e9cio Martins Costa est\u00e1 sinalizado na altura do buraco, que se encontra no sentido Bairro-Centro entre as ruas Saldanha Marinho e Fialho de Vargas.<\/p>\n\n\n\n<p>A Secretaria de Obras e Servi\u00e7os Urbanos (Sosur) vistoriou o local na tarde desta sexta-feira (12\/1) para encaminhar as provid\u00eancias. Conforme o titular da pasta, Fabiano Bergmann, na parte da tarde uma equipe da Sosur e um engenheiro avaliaram o que \u00e9 necess\u00e1rio para consertar o trecho. &#8220;O local foi isolado, pois h\u00e1 risco de desmoronar mais alguns pontos do pavimento. Provavelmente ser\u00e1 necess\u00e1rio abrir um buraco maior para reconstruir a base&#8221; alerta Bergmann.<\/p>\n\n\n\n<p>O in\u00edcio da manuten\u00e7\u00e3o do canal no local est\u00e1 previsto para a pr\u00f3xima segunda-feira (15\/1) e a orienta\u00e7\u00e3o do Departamento de Tr\u00e2nsito \u00e9 que os motoristas busquem rotas alternativas e evitem trafegar pela avenida.<\/p>\n","protected":false},"excerpt":{"rendered":"<p>Os motoristas que trafegam na Avenida D\u00e9cio Martins Costa, tamb\u00e9m conhecida como Rua do Val\u00e3o, pr\u00f3ximo ao entroncamento com a Rua Fialho de Vargas, no Centro de Lajeado, devem ter aten\u00e7\u00e3o. A pavimenta\u00e7\u00e3o cedeu em consequ\u00eancia das chuvas que atingiram o munic\u00edpio nas \u00faltimas semanas. O desmoronamento ocorreu nesta quinta-feira (11\/1) com a queda de [&hellip;]<\/p>\n","protected":false},"author":8,"featured_media":147442,"comment_status":"open","ping_status":"open","sticky":false,"template":"","format":"standard","meta":{"pmpro_default_level":"","_jetpack_memberships_contains_paid_content":false,"footnotes":""},"categories":[7,10983],"tags":[27,479,10329,14017],"class_list":{"0":"post-147441","1":"post","2":"type-post","3":"status-publish","4":"format-standard","5":"has-post-thumbnail","7":"category-seguranca","8":"category-transito","9":"tag-lajeado","10":"tag-pavimentacao","11":"tag-reconstrucao","12":"tag-rua-do-valao","13":"pmpro-has-access"},"yoast_head":"<!-- This site is optimized with the Yoast SEO plugin v27.5 - https:\/\/yoast.com\/product\/yoast-seo-wordpress\/ -->\n<title>Prefeitura de Lajeado\u00a0projeta reconstru\u00e7\u00e3o da pavimenta\u00e7\u00e3o na Avenida D\u00e9cio Martins Costa - Folha Popular<\/title>\n<meta name=\"robots\" content=\"index, follow, max-snippet:-1, max-image-preview:large, max-video-preview:-1\" \/>\n<link rel=\"canonical\" href=\"https:\/\/folhapopular.info\/index.php\/2024\/01\/12\/prefeitura-de-lajeado-projeta-reconstrucao-da-pavimentacao-na-avenida-decio-martins-costa\/\" \/>\n<meta property=\"og:locale\" content=\"pt_BR\" \/>\n<meta property=\"og:type\" content=\"article\" \/>\n<meta property=\"og:title\" content=\"Prefeitura de Lajeado\u00a0projeta reconstru\u00e7\u00e3o da pavimenta\u00e7\u00e3o na Avenida D\u00e9cio Martins Costa - Folha Popular\" \/>\n<meta property=\"og:description\" content=\"Os motoristas que trafegam na Avenida D\u00e9cio Martins Costa, tamb\u00e9m conhecida como Rua do Val\u00e3o, pr\u00f3ximo ao entroncamento com a Rua Fialho de Vargas, no Centro de Lajeado, devem ter aten\u00e7\u00e3o. A pavimenta\u00e7\u00e3o cedeu em consequ\u00eancia das chuvas que atingiram o munic\u00edpio nas \u00faltimas semanas. O desmoronamento ocorreu nesta quinta-feira (11\/1) com a queda de [&hellip;]\" \/>\n<meta property=\"og:url\" content=\"https:\/\/folhapopular.info\/index.php\/2024\/01\/12\/prefeitura-de-lajeado-projeta-reconstrucao-da-pavimentacao-na-avenida-decio-martins-costa\/\" \/>\n<meta property=\"og:site_name\" content=\"Folha Popular\" \/>\n<meta property=\"article:published_time\" content=\"2024-01-13T00:15:36+00:00\" \/>\n<meta property=\"article:modified_time\" content=\"2024-01-13T00:15:38+00:00\" \/>\n<meta property=\"og:image\" content=\"http:\/\/folhapopular.info\/wp-content\/uploads\/2024\/01\/Sinalizacao-do-buraco-scaled.jpg\" \/>\n\t<meta property=\"og:image:width\" content=\"2560\" \/>\n\t<meta property=\"og:image:height\" content=\"1920\" \/>\n\t<meta property=\"og:image:type\" content=\"image\/jpeg\" \/>\n<meta name=\"author\" content=\"Reda\u00e7\u00e3o Folha Popular\" \/>\n<meta name=\"twitter:card\" content=\"summary_large_image\" \/>\n<meta name=\"twitter:label1\" content=\"Escrito por\" \/>\n\t<meta name=\"twitter:data1\" content=\"Reda\u00e7\u00e3o Folha Popular\" \/>\n\t<meta name=\"twitter:label2\" content=\"Est. tempo de leitura\" \/>\n\t<meta name=\"twitter:data2\" content=\"2 minutos\" \/>\n<script type=\"application\/ld+json\" class=\"yoast-schema-graph\">{\"@context\":\"https:\\\/\\\/schema.org\",\"@graph\":[{\"@type\":\"Article\",\"@id\":\"https:\\\/\\\/folhapopular.info\\\/index.php\\\/2024\\\/01\\\/12\\\/prefeitura-de-lajeado-projeta-reconstrucao-da-pavimentacao-na-avenida-decio-martins-costa\\\/#article\",\"isPartOf\":{\"@id\":\"https:\\\/\\\/folhapopular.info\\\/index.php\\\/2024\\\/01\\\/12\\\/prefeitura-de-lajeado-projeta-reconstrucao-da-pavimentacao-na-avenida-decio-martins-costa\\\/\"},\"author\":{\"name\":\"Reda\u00e7\u00e3o Folha Popular\",\"@id\":\"https:\\\/\\\/folhapopular.info\\\/#\\\/schema\\\/person\\\/2814e8a0df7643585a9ca38bc6eb9d4b\"},\"headline\":\"Prefeitura de Lajeado\u00a0projeta reconstru\u00e7\u00e3o da pavimenta\u00e7\u00e3o na Avenida D\u00e9cio Martins Costa\",\"datePublished\":\"2024-01-13T00:15:36+00:00\",\"dateModified\":\"2024-01-13T00:15:38+00:00\",\"mainEntityOfPage\":{\"@id\":\"https:\\\/\\\/folhapopular.info\\\/index.php\\\/2024\\\/01\\\/12\\\/prefeitura-de-lajeado-projeta-reconstrucao-da-pavimentacao-na-avenida-decio-martins-costa\\\/\"},\"wordCount\":235,\"commentCount\":0,\"image\":{\"@id\":\"https:\\\/\\\/folhapopular.info\\\/index.php\\\/2024\\\/01\\\/12\\\/prefeitura-de-lajeado-projeta-reconstrucao-da-pavimentacao-na-avenida-decio-martins-costa\\\/#primaryimage\"},\"thumbnailUrl\":\"https:\\\/\\\/folhapopular.info\\\/wp-content\\\/uploads\\\/2024\\\/01\\\/Sinalizacao-do-buraco-scaled.jpg\",\"keywords\":[\"Lajeado\",\"Pavimenta\u00e7\u00e3o\",\"Reconstru\u00e7\u00e3o\",\"Rua do Val\u00e3o\"],\"articleSection\":[\"Seguran\u00e7a\",\"Tr\u00e2nsito\"],\"inLanguage\":\"pt-BR\",\"potentialAction\":[{\"@type\":\"CommentAction\",\"name\":\"Comment\",\"target\":[\"https:\\\/\\\/folhapopular.info\\\/index.php\\\/2024\\\/01\\\/12\\\/prefeitura-de-lajeado-projeta-reconstrucao-da-pavimentacao-na-avenida-decio-martins-costa\\\/#respond\"]}]},{\"@type\":\"WebPage\",\"@id\":\"https:\\\/\\\/folhapopular.info\\\/index.php\\\/2024\\\/01\\\/12\\\/prefeitura-de-lajeado-projeta-reconstrucao-da-pavimentacao-na-avenida-decio-martins-costa\\\/\",\"url\":\"https:\\\/\\\/folhapopular.info\\\/index.php\\\/2024\\\/01\\\/12\\\/prefeitura-de-lajeado-projeta-reconstrucao-da-pavimentacao-na-avenida-decio-martins-costa\\\/\",\"name\":\"Prefeitura de Lajeado\u00a0projeta reconstru\u00e7\u00e3o da pavimenta\u00e7\u00e3o na Avenida D\u00e9cio Martins Costa - Folha Popular\",\"isPartOf\":{\"@id\":\"https:\\\/\\\/folhapopular.info\\\/#website\"},\"primaryImageOfPage\":{\"@id\":\"https:\\\/\\\/folhapopular.info\\\/index.php\\\/2024\\\/01\\\/12\\\/prefeitura-de-lajeado-projeta-reconstrucao-da-pavimentacao-na-avenida-decio-martins-costa\\\/#primaryimage\"},\"image\":{\"@id\":\"https:\\\/\\\/folhapopular.info\\\/index.php\\\/2024\\\/01\\\/12\\\/prefeitura-de-lajeado-projeta-reconstrucao-da-pavimentacao-na-avenida-decio-martins-costa\\\/#primaryimage\"},\"thumbnailUrl\":\"https:\\\/\\\/folhapopular.info\\\/wp-content\\\/uploads\\\/2024\\\/01\\\/Sinalizacao-do-buraco-scaled.jpg\",\"datePublished\":\"2024-01-13T00:15:36+00:00\",\"dateModified\":\"2024-01-13T00:15:38+00:00\",\"author\":{\"@id\":\"https:\\\/\\\/folhapopular.info\\\/#\\\/schema\\\/person\\\/2814e8a0df7643585a9ca38bc6eb9d4b\"},\"breadcrumb\":{\"@id\":\"https:\\\/\\\/folhapopular.info\\\/index.php\\\/2024\\\/01\\\/12\\\/prefeitura-de-lajeado-projeta-reconstrucao-da-pavimentacao-na-avenida-decio-martins-costa\\\/#breadcrumb\"},\"inLanguage\":\"pt-BR\",\"potentialAction\":[{\"@type\":\"ReadAction\",\"target\":[\"https:\\\/\\\/folhapopular.info\\\/index.php\\\/2024\\\/01\\\/12\\\/prefeitura-de-lajeado-projeta-reconstrucao-da-pavimentacao-na-avenida-decio-martins-costa\\\/\"]}]},{\"@type\":\"ImageObject\",\"inLanguage\":\"pt-BR\",\"@id\":\"https:\\\/\\\/folhapopular.info\\\/index.php\\\/2024\\\/01\\\/12\\\/prefeitura-de-lajeado-projeta-reconstrucao-da-pavimentacao-na-avenida-decio-martins-costa\\\/#primaryimage\",\"url\":\"https:\\\/\\\/folhapopular.info\\\/wp-content\\\/uploads\\\/2024\\\/01\\\/Sinalizacao-do-buraco-scaled.jpg\",\"contentUrl\":\"https:\\\/\\\/folhapopular.info\\\/wp-content\\\/uploads\\\/2024\\\/01\\\/Sinalizacao-do-buraco-scaled.jpg\",\"width\":2560,\"height\":1920,\"caption\":\"Cr\u00e9dito: Prefeitura de Lajeado \\\/ Divulga\u00e7\u00e3o\"},{\"@type\":\"BreadcrumbList\",\"@id\":\"https:\\\/\\\/folhapopular.info\\\/index.php\\\/2024\\\/01\\\/12\\\/prefeitura-de-lajeado-projeta-reconstrucao-da-pavimentacao-na-avenida-decio-martins-costa\\\/#breadcrumb\",\"itemListElement\":[{\"@type\":\"ListItem\",\"position\":1,\"name\":\"In\u00edcio\",\"item\":\"https:\\\/\\\/folhapopular.info\\\/\"},{\"@type\":\"ListItem\",\"position\":2,\"name\":\"Prefeitura de Lajeado\u00a0projeta reconstru\u00e7\u00e3o da pavimenta\u00e7\u00e3o na Avenida D\u00e9cio Martins Costa\"}]},{\"@type\":\"WebSite\",\"@id\":\"https:\\\/\\\/folhapopular.info\\\/#website\",\"url\":\"https:\\\/\\\/folhapopular.info\\\/\",\"name\":\"Folha Popular\",\"description\":\"Onde voc\u00ea tem vez e voz\",\"potentialAction\":[{\"@type\":\"SearchAction\",\"target\":{\"@type\":\"EntryPoint\",\"urlTemplate\":\"https:\\\/\\\/folhapopular.info\\\/?s={search_term_string}\"},\"query-input\":{\"@type\":\"PropertyValueSpecification\",\"valueRequired\":true,\"valueName\":\"search_term_string\"}}],\"inLanguage\":\"pt-BR\"},{\"@type\":\"Person\",\"@id\":\"https:\\\/\\\/folhapopular.info\\\/#\\\/schema\\\/person\\\/2814e8a0df7643585a9ca38bc6eb9d4b\",\"name\":\"Reda\u00e7\u00e3o Folha Popular\",\"image\":{\"@type\":\"ImageObject\",\"inLanguage\":\"pt-BR\",\"@id\":\"https:\\\/\\\/folhapopular.info\\\/wp-content\\\/uploads\\\/2026\\\/04\\\/Folha-1.webp\",\"url\":\"https:\\\/\\\/folhapopular.info\\\/wp-content\\\/uploads\\\/2026\\\/04\\\/Folha-1.webp\",\"contentUrl\":\"https:\\\/\\\/folhapopular.info\\\/wp-content\\\/uploads\\\/2026\\\/04\\\/Folha-1.webp\",\"caption\":\"Reda\u00e7\u00e3o Folha Popular\"},\"url\":\"https:\\\/\\\/folhapopular.info\\\/index.php\\\/author\\\/redacao\\\/\"}]}<\/script>\n<!-- \/ Yoast SEO plugin. -->","yoast_head_json":{"title":"Prefeitura de Lajeado\u00a0projeta reconstru\u00e7\u00e3o da pavimenta\u00e7\u00e3o na Avenida D\u00e9cio Martins Costa - Folha Popular","robots":{"index":"index","follow":"follow","max-snippet":"max-snippet:-1","max-image-preview":"max-image-preview:large","max-video-preview":"max-video-preview:-1"},"canonical":"https:\/\/folhapopular.info\/index.php\/2024\/01\/12\/prefeitura-de-lajeado-projeta-reconstrucao-da-pavimentacao-na-avenida-decio-martins-costa\/","og_locale":"pt_BR","og_type":"article","og_title":"Prefeitura de Lajeado\u00a0projeta reconstru\u00e7\u00e3o da pavimenta\u00e7\u00e3o na Avenida D\u00e9cio Martins Costa - Folha Popular","og_description":"Os motoristas que trafegam na Avenida D\u00e9cio Martins Costa, tamb\u00e9m conhecida como Rua do Val\u00e3o, pr\u00f3ximo ao entroncamento com a Rua Fialho de Vargas, no Centro de Lajeado, devem ter aten\u00e7\u00e3o. A pavimenta\u00e7\u00e3o cedeu em consequ\u00eancia das chuvas que atingiram o munic\u00edpio nas \u00faltimas semanas. O desmoronamento ocorreu nesta quinta-feira (11\/1) com a queda de [&hellip;]","og_url":"https:\/\/folhapopular.info\/index.php\/2024\/01\/12\/prefeitura-de-lajeado-projeta-reconstrucao-da-pavimentacao-na-avenida-decio-martins-costa\/","og_site_name":"Folha Popular","article_published_time":"2024-01-13T00:15:36+00:00","article_modified_time":"2024-01-13T00:15:38+00:00","og_image":[{"width":2560,"height":1920,"url":"http:\/\/folhapopular.info\/wp-content\/uploads\/2024\/01\/Sinalizacao-do-buraco-scaled.jpg","type":"image\/jpeg"}],"author":"Reda\u00e7\u00e3o Folha Popular","twitter_card":"summary_large_image","twitter_misc":{"Escrito por":"Reda\u00e7\u00e3o Folha Popular","Est. tempo de leitura":"2 minutos"},"schema":{"@context":"https:\/\/schema.org","@graph":[{"@type":"Article","@id":"https:\/\/folhapopular.info\/index.php\/2024\/01\/12\/prefeitura-de-lajeado-projeta-reconstrucao-da-pavimentacao-na-avenida-decio-martins-costa\/#article","isPartOf":{"@id":"https:\/\/folhapopular.info\/index.php\/2024\/01\/12\/prefeitura-de-lajeado-projeta-reconstrucao-da-pavimentacao-na-avenida-decio-martins-costa\/"},"author":{"name":"Reda\u00e7\u00e3o Folha Popular","@id":"https:\/\/folhapopular.info\/#\/schema\/person\/2814e8a0df7643585a9ca38bc6eb9d4b"},"headline":"Prefeitura de Lajeado\u00a0projeta reconstru\u00e7\u00e3o da pavimenta\u00e7\u00e3o na Avenida D\u00e9cio Martins Costa","datePublished":"2024-01-13T00:15:36+00:00","dateModified":"2024-01-13T00:15:38+00:00","mainEntityOfPage":{"@id":"https:\/\/folhapopular.info\/index.php\/2024\/01\/12\/prefeitura-de-lajeado-projeta-reconstrucao-da-pavimentacao-na-avenida-decio-martins-costa\/"},"wordCount":235,"commentCount":0,"image":{"@id":"https:\/\/folhapopular.info\/index.php\/2024\/01\/12\/prefeitura-de-lajeado-projeta-reconstrucao-da-pavimentacao-na-avenida-decio-martins-costa\/#primaryimage"},"thumbnailUrl":"https:\/\/folhapopular.info\/wp-content\/uploads\/2024\/01\/Sinalizacao-do-buraco-scaled.jpg","keywords":["Lajeado","Pavimenta\u00e7\u00e3o","Reconstru\u00e7\u00e3o","Rua do Val\u00e3o"],"articleSection":["Seguran\u00e7a","Tr\u00e2nsito"],"inLanguage":"pt-BR","potentialAction":[{"@type":"CommentAction","name":"Comment","target":["https:\/\/folhapopular.info\/index.php\/2024\/01\/12\/prefeitura-de-lajeado-projeta-reconstrucao-da-pavimentacao-na-avenida-decio-martins-costa\/#respond"]}]},{"@type":"WebPage","@id":"https:\/\/folhapopular.info\/index.php\/2024\/01\/12\/prefeitura-de-lajeado-projeta-reconstrucao-da-pavimentacao-na-avenida-decio-martins-costa\/","url":"https:\/\/folhapopular.info\/index.php\/2024\/01\/12\/prefeitura-de-lajeado-projeta-reconstrucao-da-pavimentacao-na-avenida-decio-martins-costa\/","name":"Prefeitura de Lajeado\u00a0projeta reconstru\u00e7\u00e3o da pavimenta\u00e7\u00e3o na Avenida D\u00e9cio Martins Costa - Folha Popular","isPartOf":{"@id":"https:\/\/folhapopular.info\/#website"},"primaryImageOfPage":{"@id":"https:\/\/folhapopular.info\/index.php\/2024\/01\/12\/prefeitura-de-lajeado-projeta-reconstrucao-da-pavimentacao-na-avenida-decio-martins-costa\/#primaryimage"},"image":{"@id":"https:\/\/folhapopular.info\/index.php\/2024\/01\/12\/prefeitura-de-lajeado-projeta-reconstrucao-da-pavimentacao-na-avenida-decio-martins-costa\/#primaryimage"},"thumbnailUrl":"https:\/\/folhapopular.info\/wp-content\/uploads\/2024\/01\/Sinalizacao-do-buraco-scaled.jpg","datePublished":"2024-01-13T00:15:36+00:00","dateModified":"2024-01-13T00:15:38+00:00","author":{"@id":"https:\/\/folhapopular.info\/#\/schema\/person\/2814e8a0df7643585a9ca38bc6eb9d4b"},"breadcrumb":{"@id":"https:\/\/folhapopular.info\/index.php\/2024\/01\/12\/prefeitura-de-lajeado-projeta-reconstrucao-da-pavimentacao-na-avenida-decio-martins-costa\/#breadcrumb"},"inLanguage":"pt-BR","potentialAction":[{"@type":"ReadAction","target":["https:\/\/folhapopular.info\/index.php\/2024\/01\/12\/prefeitura-de-lajeado-projeta-reconstrucao-da-pavimentacao-na-avenida-decio-martins-costa\/"]}]},{"@type":"ImageObject","inLanguage":"pt-BR","@id":"https:\/\/folhapopular.info\/index.php\/2024\/01\/12\/prefeitura-de-lajeado-projeta-reconstrucao-da-pavimentacao-na-avenida-decio-martins-costa\/#primaryimage","url":"https:\/\/folhapopular.info\/wp-content\/uploads\/2024\/01\/Sinalizacao-do-buraco-scaled.jpg","contentUrl":"https:\/\/folhapopular.info\/wp-content\/uploads\/2024\/01\/Sinalizacao-do-buraco-scaled.jpg","width":2560,"height":1920,"caption":"Cr\u00e9dito: Prefeitura de Lajeado \/ Divulga\u00e7\u00e3o"},{"@type":"BreadcrumbList","@id":"https:\/\/folhapopular.info\/index.php\/2024\/01\/12\/prefeitura-de-lajeado-projeta-reconstrucao-da-pavimentacao-na-avenida-decio-martins-costa\/#breadcrumb","itemListElement":[{"@type":"ListItem","position":1,"name":"In\u00edcio","item":"https:\/\/folhapopular.info\/"},{"@type":"ListItem","position":2,"name":"Prefeitura de Lajeado\u00a0projeta reconstru\u00e7\u00e3o da pavimenta\u00e7\u00e3o na Avenida D\u00e9cio Martins Costa"}]},{"@type":"WebSite","@id":"https:\/\/folhapopular.info\/#website","url":"https:\/\/folhapopular.info\/","name":"Folha Popular","description":"Onde voc\u00ea tem vez e voz","potentialAction":[{"@type":"SearchAction","target":{"@type":"EntryPoint","urlTemplate":"https:\/\/folhapopular.info\/?s={search_term_string}"},"query-input":{"@type":"PropertyValueSpecification","valueRequired":true,"valueName":"search_term_string"}}],"inLanguage":"pt-BR"},{"@type":"Person","@id":"https:\/\/folhapopular.info\/#\/schema\/person\/2814e8a0df7643585a9ca38bc6eb9d4b","name":"Reda\u00e7\u00e3o Folha Popular","image":{"@type":"ImageObject","inLanguage":"pt-BR","@id":"https:\/\/folhapopular.info\/wp-content\/uploads\/2026\/04\/Folha-1.webp","url":"https:\/\/folhapopular.info\/wp-content\/uploads\/2026\/04\/Folha-1.webp","contentUrl":"https:\/\/folhapopular.info\/wp-content\/uploads\/2026\/04\/Folha-1.webp","caption":"Reda\u00e7\u00e3o Folha Popular"},"url":"https:\/\/folhapopular.info\/index.php\/author\/redacao\/"}]}},"jetpack_featured_media_url":"https:\/\/folhapopular.info\/wp-content\/uploads\/2024\/01\/Sinalizacao-do-buraco-scaled.jpg","jetpack_sharing_enabled":true,"amp_enabled":true,"_links":{"self":[{"href":"https:\/\/folhapopular.info\/index.php\/wp-json\/wp\/v2\/posts\/147441","targetHints":{"allow":["GET"]}}],"collection":[{"href":"https:\/\/folhapopular.info\/index.php\/wp-json\/wp\/v2\/posts"}],"about":[{"href":"https:\/\/folhapopular.info\/index.php\/wp-json\/wp\/v2\/types\/post"}],"author":[{"embeddable":true,"href":"https:\/\/folhapopular.info\/index.php\/wp-json\/wp\/v2\/users\/8"}],"replies":[{"embeddable":true,"href":"https:\/\/folhapopular.info\/index.php\/wp-json\/wp\/v2\/comments?post=147441"}],"version-history":[{"count":0,"href":"https:\/\/folhapopular.info\/index.php\/wp-json\/wp\/v2\/posts\/147441\/revisions"}],"wp:featuredmedia":[{"embeddable":true,"href":"https:\/\/folhapopular.info\/index.php\/wp-json\/wp\/v2\/media\/147442"}],"wp:attachment":[{"href":"https:\/\/folhapopular.info\/index.php\/wp-json\/wp\/v2\/media?parent=147441"}],"wp:term":[{"taxonomy":"category","embeddable":true,"href":"https:\/\/folhapopular.info\/index.php\/wp-json\/wp\/v2\/categories?post=147441"},{"taxonomy":"post_tag","embeddable":true,"href":"https:\/\/folhapopular.info\/index.php\/wp-json\/wp\/v2\/tags?post=147441"}],"curies":[{"name":"wp","href":"https:\/\/api.w.org\/{rel}","templated":true}]}}