{"id":147528,"date":"2024-01-13T10:59:37","date_gmt":"2024-01-13T13:59:37","guid":{"rendered":"https:\/\/folhapopular.info\/?p=147528"},"modified":"2024-01-13T10:59:40","modified_gmt":"2024-01-13T13:59:40","slug":"theodoro-precisa-de-quase-r-2-milhoes-para-tratamento-ate-marco","status":"publish","type":"post","link":"https:\/\/folhapopular.info\/index.php\/2024\/01\/13\/theodoro-precisa-de-quase-r-2-milhoes-para-tratamento-ate-marco\/","title":{"rendered":"Theodoro precisa de quase R$ 2 milh\u00f5es para tratamento at\u00e9 mar\u00e7o"},"content":{"rendered":"\n<p>\u201cPara fazer a diferen\u00e7a na vida de algu\u00e9m voc\u00ea n\u00e3o precisa ser diferente, rico, bonito ou perfeito. Basta se importar\u201d, diz a frase estampada em panfletos da campanha em benef\u00edcio de Theodoro Carvalho Lappe. O menino de 2 anos e 9 meses foi diagnosticado com neuroblastoma metast\u00e1tico em est\u00e1gio 4, doen\u00e7a que j\u00e1 se espalhou pela medula e requer um tratamento bilion\u00e1rio. Desde a descoberta, em agosto de 2023, Maiquel e Tatiana Carvalho Lappe, pais da crian\u00e7a, dividem-se entre o cuidado com o filho e as campanhas para arrecada\u00e7\u00e3o do valor.<\/p>\n\n\n\n<p>As suspeitas surgiram junto com a febre que n\u00e3o cessava e as altera\u00e7\u00f5es no sono, que envolviam despertares com muito choro, segundo a m\u00e3e. Mas foi a partir de uma queda que a busca por respostas iniciou. \u201cBrincando, o Theo caiu. Ele sentia muita dor nas pernas. Por isso levamos ao hospital. Recebemos um diagn\u00f3stico e um tratamento, mas n\u00e3o houve melhora\u201d, compartilha o pai. Depois disso, outra consulta, exames e um novo tratamento. \u201cNo exame de sangue foi visto que ele estava com a hemoglobina baixa \u2013 em 7.2 quando o normal para uma crian\u00e7a da idade dele \u00e9 12\u201d, contam. \u201cO pediatra receitou um novo tratamento, mas quando o rem\u00e9dio acabou a febre voltou\u201d.<\/p>\n\n\n\n<p>A investiga\u00e7\u00e3o seguiu. No resultado de uma tomografica, novas d\u00favidas, e a necessidade de aprofundar os exames. Foi depois de uma tomografia com contraste que a fam\u00edlia obteve respostas: Theo estava com um tumor de 12 cent\u00edmetros no rim esquerdo. \u201cRecebemos o diagn\u00f3stico de um reuroblastoma, que \u00e9 um tumor que est\u00e1 no rim, mas se entrela\u00e7a entre as veias\u201d, explica o pai. A doen\u00e7a se espalhou para a medula \u00f3ssea do menino, que tem tamb\u00e9m uma manchinha atr\u00e1s do cr\u00e2nio. \u201cNormalmente, quando d\u00e1 c\u00e2ncer no rim, d\u00e1 na cabe\u00e7a tamb\u00e9m\u201d, complementa a m\u00e3e.<\/p>\n\n\n\n<h2 class=\"wp-block-heading\">Tratamento<\/h2>\n\n\n\n<p>Theo j\u00e1 fez oito ciclos de quimioterapia. Apesar de ter impactado em uma redu\u00e7\u00e3o de 80% do volume do tumor, o resultado do tratamento foi diferente da expectativa m\u00e9dica. Agora o menino recebe outro ciclo de medica\u00e7\u00e3o, de outro tipo de quimioterapia. \u201cComo a m\u00e9dica nos disse, \u00e9 momento de cruzar os dedos e torcer para que d\u00ea certo\u201d, fala a m\u00e3e.<\/p>\n\n\n\n<p>O pr\u00f3ximo passo \u00e9 a realiza\u00e7\u00e3o do transplante de medula, uma vez que a doen\u00e7a \u00e9 considerada agressiva. \u201cSer\u00e1 um transplante aut\u00f3logo \u2013 dele para ele mesmo. Ser\u00e1 feita a coleta de c\u00e9lulas por dois dias, e elas ser\u00e3o congeladas. Antes da recoloca\u00e7\u00e3o das c\u00e9lulas, Theo vai passar por uma quimio bem agressiva, para matar a doen\u00e7a\u201d, explicam os pais. Depois ser\u00e1 necess\u00e1ria a retirada do rim e o tratamento com o medicamento Qarziba, que custa R$ 1 milh\u00e3o 780 mil. \u201cO rem\u00e9dio d\u00e1 melhora de 20% na sobrevida. Hoje ele tem 30%. De 10 crian\u00e7as com a doen\u00e7a, tr\u00eas sobrevivem\u201d, comenta a m\u00e3e, emocionada.<\/p>\n\n\n\n<p>Internado no Hospital de Cl\u00ednicas de Porto Alegre (HCPA), Theo precisa do tratamento at\u00e9 5 de mar\u00e7o deste ano. E o medicamento \u00e9 importado dos Estados Unidos. \u201cH\u00e1 um medicamento no Hospital Geral de Caxias do Sul, de uma crian\u00e7a que tinha a mesma doen\u00e7a e n\u00e3o sobreviveu\u201d, contam. Entretanto, n\u00e3o h\u00e1 certeza de que Theo poder\u00e1 utiliz\u00e1-lo. Em virtude do alto custo, a fam\u00edlia fez encaminhamento via judicial solicitando ao Estado o medicamento. Entretanto, ainda n\u00e3o obteve respostas.<\/p>\n\n\n\n<figure class=\"wp-block-image size-large is-resized\"><img loading=\"lazy\" decoding=\"async\" width=\"1024\" height=\"576\" src=\"https:\/\/folhapopular.info\/wp-content\/uploads\/2024\/01\/WhatsApp-Image-2024-01-12-at-11.18.55-1024x576.jpeg\" alt=\"\" class=\"wp-image-147531\" style=\"width:747px;height:auto\" srcset=\"https:\/\/folhapopular.info\/wp-content\/uploads\/2024\/01\/WhatsApp-Image-2024-01-12-at-11.18.55-1024x576.jpeg 1024w, https:\/\/folhapopular.info\/wp-content\/uploads\/2024\/01\/WhatsApp-Image-2024-01-12-at-11.18.55-300x169.jpeg 300w, https:\/\/folhapopular.info\/wp-content\/uploads\/2024\/01\/WhatsApp-Image-2024-01-12-at-11.18.55-768x432.jpeg 768w, https:\/\/folhapopular.info\/wp-content\/uploads\/2024\/01\/WhatsApp-Image-2024-01-12-at-11.18.55-696x392.jpeg 696w, https:\/\/folhapopular.info\/wp-content\/uploads\/2024\/01\/WhatsApp-Image-2024-01-12-at-11.18.55-1068x601.jpeg 1068w, https:\/\/folhapopular.info\/wp-content\/uploads\/2024\/01\/WhatsApp-Image-2024-01-12-at-11.18.55.jpeg 1152w\" sizes=\"auto, (max-width: 1024px) 100vw, 1024px\" \/><figcaption class=\"wp-element-caption\"><br>Fam\u00edlia tamb\u00e9m realizou encaminhamento judicial solicitando o medicamento, mas ainda n\u00e3o obteve retorno \/ Cr\u00e9dito: Arquivo pessoal<\/figcaption><\/figure>\n\n\n\n<h2 class=\"wp-block-heading\">Como ajudar<\/h2>\n\n\n\n<p>Desde a descoberta da doen\u00e7a, in\u00fameras pessoas se mobilizaram para contribuir com a arrecada\u00e7\u00e3o do valor necess\u00e1rio para o tratamento de Theo. No momento s\u00e3o tr\u00eas rifas em andamento, al\u00e9m de ped\u00e1gios solid\u00e1rios agendados e itens para venda. De acordo com a m\u00e3e, at\u00e9 o momento a fam\u00edlia conta com R$ 28 mil, valor que n\u00e3o paga sequer 50% de uma das 20 ampolas de medicamento necess\u00e1rias \u2013 cada uma com custo aproximado de R$ 90 mil.<\/p>\n\n\n\n<p>Parte da mobiliza\u00e7\u00e3o \u00e9 organizada por integrantes da Comunidade Cat\u00f3lica Nossa Senhora do Ros\u00e1rio, do Bairro Canabarro, em Teut\u00f4nia. Rifas, cuias e camisetas podem ser adquiridas na recep\u00e7\u00e3o, com Shirlei. Al\u00e9m disso, contribui\u00e7\u00f5es podem ser feitas pelo Pix do Theodoro, que tem como chave seu CPF: 067.263.750-26.<\/p>\n\n\n\n<p>Neste s\u00e1bado ocorre ped\u00e1gio solid\u00e1rio em tr\u00eas locais. Ao longo da manh\u00e3, entre 8h e 12h, na Avenida Rio Branco, em Estrela. E durante a tarde nos bairros Canabarro e Languiru, em Teut\u00f4nia. \u201cO processo est\u00e1 devagar, mas vamos lutar\u201d, afirma o pai. \u201cQuem tiver R$ 1, ajude. \u00c9 pela vida do Theodoro. Eu tenho f\u00e9. Se me disserem que o Theodoro tem 1% de vida, tenho f\u00e9 que tudo vai dar certo\u201d, se emociona a m\u00e3e. \u201cS\u00f3 temos a agradecer pelas pessoas que est\u00e3o contribuindo. Muitas s\u00e3o pessoas que nem conhecemos. \u00c9 muita gente, gra\u00e7as \u00e0 Deus\u201d, agradece o pai.<\/p>\n\n\n\n<figure class=\"wp-block-image size-large is-resized\"><img loading=\"lazy\" decoding=\"async\" width=\"724\" height=\"1024\" src=\"https:\/\/folhapopular.info\/wp-content\/uploads\/2024\/01\/Bandeja-Solidaria-e-uma-das-iniciativas-que-busca-contribuir-com-a-campanha-724x1024.jpeg\" alt=\"\" class=\"wp-image-147530\" style=\"width:484px;height:auto\" srcset=\"https:\/\/folhapopular.info\/wp-content\/uploads\/2024\/01\/Bandeja-Solidaria-e-uma-das-iniciativas-que-busca-contribuir-com-a-campanha-724x1024.jpeg 724w, https:\/\/folhapopular.info\/wp-content\/uploads\/2024\/01\/Bandeja-Solidaria-e-uma-das-iniciativas-que-busca-contribuir-com-a-campanha-212x300.jpeg 212w, https:\/\/folhapopular.info\/wp-content\/uploads\/2024\/01\/Bandeja-Solidaria-e-uma-das-iniciativas-que-busca-contribuir-com-a-campanha-768x1086.jpeg 768w, https:\/\/folhapopular.info\/wp-content\/uploads\/2024\/01\/Bandeja-Solidaria-e-uma-das-iniciativas-que-busca-contribuir-com-a-campanha-1086x1536.jpeg 1086w, https:\/\/folhapopular.info\/wp-content\/uploads\/2024\/01\/Bandeja-Solidaria-e-uma-das-iniciativas-que-busca-contribuir-com-a-campanha-696x985.jpeg 696w, https:\/\/folhapopular.info\/wp-content\/uploads\/2024\/01\/Bandeja-Solidaria-e-uma-das-iniciativas-que-busca-contribuir-com-a-campanha-1068x1511.jpeg 1068w, https:\/\/folhapopular.info\/wp-content\/uploads\/2024\/01\/Bandeja-Solidaria-e-uma-das-iniciativas-que-busca-contribuir-com-a-campanha.jpeg 1131w\" sizes=\"auto, (max-width: 724px) 100vw, 724px\" \/><figcaption class=\"wp-element-caption\"><br>Bandeja Solid\u00e1ria \u00e9 uma das iniciativas que busca contribuir com a campanha \/ Cr\u00e9dito: Divulga\u00e7\u00e3o<\/figcaption><\/figure>\n","protected":false},"excerpt":{"rendered":"<p>\u201cPara fazer a diferen\u00e7a na vida de algu\u00e9m voc\u00ea n\u00e3o precisa ser diferente, rico, bonito ou perfeito. Basta se importar\u201d, diz a frase estampada em panfletos da campanha em benef\u00edcio de Theodoro Carvalho Lappe. O menino de 2 anos e 9 meses foi diagnosticado com neuroblastoma metast\u00e1tico em est\u00e1gio 4, doen\u00e7a que j\u00e1 se espalhou [&hellip;]<\/p>\n","protected":false},"author":3,"featured_media":147529,"comment_status":"open","ping_status":"open","sticky":false,"template":"","format":"standard","meta":{"pmpro_default_level":"","_jetpack_memberships_contains_paid_content":false,"footnotes":""},"categories":[2,6,12657],"tags":[7029,48,26,6043],"class_list":{"0":"post-147528","1":"post","2":"type-post","3":"status-publish","4":"format-standard","5":"has-post-thumbnail","7":"category-featured","8":"category-inclusive","9":"category-solidariedade","10":"tag-cancer-2","11":"tag-solidariedade","12":"tag-teutonia","13":"tag-tratamento","14":"pmpro-has-access"},"yoast_head":"<!-- This site is optimized with the Yoast SEO plugin v27.5 - https:\/\/yoast.com\/product\/yoast-seo-wordpress\/ -->\n<title>Theodoro precisa de quase R$ 2 milh\u00f5es para tratamento at\u00e9 mar\u00e7o - Folha Popular<\/title>\n<meta name=\"robots\" content=\"index, follow, max-snippet:-1, max-image-preview:large, max-video-preview:-1\" \/>\n<link rel=\"canonical\" href=\"https:\/\/folhapopular.info\/index.php\/2024\/01\/13\/theodoro-precisa-de-quase-r-2-milhoes-para-tratamento-ate-marco\/\" \/>\n<meta property=\"og:locale\" content=\"pt_BR\" \/>\n<meta property=\"og:type\" content=\"article\" \/>\n<meta property=\"og:title\" content=\"Theodoro precisa de quase R$ 2 milh\u00f5es para tratamento at\u00e9 mar\u00e7o - Folha Popular\" \/>\n<meta property=\"og:description\" content=\"\u201cPara fazer a diferen\u00e7a na vida de algu\u00e9m voc\u00ea n\u00e3o precisa ser diferente, rico, bonito ou perfeito. Basta se importar\u201d, diz a frase estampada em panfletos da campanha em benef\u00edcio de Theodoro Carvalho Lappe. O menino de 2 anos e 9 meses foi diagnosticado com neuroblastoma metast\u00e1tico em est\u00e1gio 4, doen\u00e7a que j\u00e1 se espalhou [&hellip;]\" \/>\n<meta property=\"og:url\" content=\"https:\/\/folhapopular.info\/index.php\/2024\/01\/13\/theodoro-precisa-de-quase-r-2-milhoes-para-tratamento-ate-marco\/\" \/>\n<meta property=\"og:site_name\" content=\"Folha Popular\" \/>\n<meta property=\"article:published_time\" content=\"2024-01-13T13:59:37+00:00\" \/>\n<meta property=\"article:modified_time\" content=\"2024-01-13T13:59:40+00:00\" \/>\n<meta property=\"og:image\" content=\"http:\/\/folhapopular.info\/wp-content\/uploads\/2024\/01\/Theo-tem-2-anos-e-9-meses-e-recebeu-o-diagnostico-em-agosto-do-ano-passado-e1705154316741.jpg\" \/>\n\t<meta property=\"og:image:width\" content=\"1152\" \/>\n\t<meta property=\"og:image:height\" content=\"572\" \/>\n\t<meta property=\"og:image:type\" content=\"image\/jpeg\" \/>\n<meta name=\"author\" content=\"Grasieli Nabinger\" \/>\n<meta name=\"twitter:card\" content=\"summary_large_image\" \/>\n<meta name=\"twitter:label1\" content=\"Escrito por\" \/>\n\t<meta name=\"twitter:data1\" content=\"Grasieli Nabinger\" \/>\n\t<meta name=\"twitter:label2\" content=\"Est. tempo de leitura\" \/>\n\t<meta name=\"twitter:data2\" content=\"6 minutos\" \/>\n<script type=\"application\/ld+json\" class=\"yoast-schema-graph\">{\"@context\":\"https:\\\/\\\/schema.org\",\"@graph\":[{\"@type\":\"Article\",\"@id\":\"https:\\\/\\\/folhapopular.info\\\/index.php\\\/2024\\\/01\\\/13\\\/theodoro-precisa-de-quase-r-2-milhoes-para-tratamento-ate-marco\\\/#article\",\"isPartOf\":{\"@id\":\"https:\\\/\\\/folhapopular.info\\\/index.php\\\/2024\\\/01\\\/13\\\/theodoro-precisa-de-quase-r-2-milhoes-para-tratamento-ate-marco\\\/\"},\"author\":{\"name\":\"Grasieli Nabinger\",\"@id\":\"https:\\\/\\\/folhapopular.info\\\/#\\\/schema\\\/person\\\/077356d410ce531fc4a3caeb88e05017\"},\"headline\":\"Theodoro precisa de quase R$ 2 milh\u00f5es para tratamento at\u00e9 mar\u00e7o\",\"datePublished\":\"2024-01-13T13:59:37+00:00\",\"dateModified\":\"2024-01-13T13:59:40+00:00\",\"mainEntityOfPage\":{\"@id\":\"https:\\\/\\\/folhapopular.info\\\/index.php\\\/2024\\\/01\\\/13\\\/theodoro-precisa-de-quase-r-2-milhoes-para-tratamento-ate-marco\\\/\"},\"wordCount\":880,\"commentCount\":0,\"image\":{\"@id\":\"https:\\\/\\\/folhapopular.info\\\/index.php\\\/2024\\\/01\\\/13\\\/theodoro-precisa-de-quase-r-2-milhoes-para-tratamento-ate-marco\\\/#primaryimage\"},\"thumbnailUrl\":\"https:\\\/\\\/folhapopular.info\\\/wp-content\\\/uploads\\\/2024\\\/01\\\/Theo-tem-2-anos-e-9-meses-e-recebeu-o-diagnostico-em-agosto-do-ano-passado-e1705154316741.jpg\",\"keywords\":[\"C\u00e2ncer\",\"Solidariedade\",\"Teut\u00f4nia\",\"Tratamento\"],\"articleSection\":[\"Destaques\",\"Inclusive\",\"Solidariedade\"],\"inLanguage\":\"pt-BR\",\"potentialAction\":[{\"@type\":\"CommentAction\",\"name\":\"Comment\",\"target\":[\"https:\\\/\\\/folhapopular.info\\\/index.php\\\/2024\\\/01\\\/13\\\/theodoro-precisa-de-quase-r-2-milhoes-para-tratamento-ate-marco\\\/#respond\"]}]},{\"@type\":\"WebPage\",\"@id\":\"https:\\\/\\\/folhapopular.info\\\/index.php\\\/2024\\\/01\\\/13\\\/theodoro-precisa-de-quase-r-2-milhoes-para-tratamento-ate-marco\\\/\",\"url\":\"https:\\\/\\\/folhapopular.info\\\/index.php\\\/2024\\\/01\\\/13\\\/theodoro-precisa-de-quase-r-2-milhoes-para-tratamento-ate-marco\\\/\",\"name\":\"Theodoro precisa de quase R$ 2 milh\u00f5es para tratamento at\u00e9 mar\u00e7o - Folha Popular\",\"isPartOf\":{\"@id\":\"https:\\\/\\\/folhapopular.info\\\/#website\"},\"primaryImageOfPage\":{\"@id\":\"https:\\\/\\\/folhapopular.info\\\/index.php\\\/2024\\\/01\\\/13\\\/theodoro-precisa-de-quase-r-2-milhoes-para-tratamento-ate-marco\\\/#primaryimage\"},\"image\":{\"@id\":\"https:\\\/\\\/folhapopular.info\\\/index.php\\\/2024\\\/01\\\/13\\\/theodoro-precisa-de-quase-r-2-milhoes-para-tratamento-ate-marco\\\/#primaryimage\"},\"thumbnailUrl\":\"https:\\\/\\\/folhapopular.info\\\/wp-content\\\/uploads\\\/2024\\\/01\\\/Theo-tem-2-anos-e-9-meses-e-recebeu-o-diagnostico-em-agosto-do-ano-passado-e1705154316741.jpg\",\"datePublished\":\"2024-01-13T13:59:37+00:00\",\"dateModified\":\"2024-01-13T13:59:40+00:00\",\"author\":{\"@id\":\"https:\\\/\\\/folhapopular.info\\\/#\\\/schema\\\/person\\\/077356d410ce531fc4a3caeb88e05017\"},\"breadcrumb\":{\"@id\":\"https:\\\/\\\/folhapopular.info\\\/index.php\\\/2024\\\/01\\\/13\\\/theodoro-precisa-de-quase-r-2-milhoes-para-tratamento-ate-marco\\\/#breadcrumb\"},\"inLanguage\":\"pt-BR\",\"potentialAction\":[{\"@type\":\"ReadAction\",\"target\":[\"https:\\\/\\\/folhapopular.info\\\/index.php\\\/2024\\\/01\\\/13\\\/theodoro-precisa-de-quase-r-2-milhoes-para-tratamento-ate-marco\\\/\"]}]},{\"@type\":\"ImageObject\",\"inLanguage\":\"pt-BR\",\"@id\":\"https:\\\/\\\/folhapopular.info\\\/index.php\\\/2024\\\/01\\\/13\\\/theodoro-precisa-de-quase-r-2-milhoes-para-tratamento-ate-marco\\\/#primaryimage\",\"url\":\"https:\\\/\\\/folhapopular.info\\\/wp-content\\\/uploads\\\/2024\\\/01\\\/Theo-tem-2-anos-e-9-meses-e-recebeu-o-diagnostico-em-agosto-do-ano-passado-e1705154316741.jpg\",\"contentUrl\":\"https:\\\/\\\/folhapopular.info\\\/wp-content\\\/uploads\\\/2024\\\/01\\\/Theo-tem-2-anos-e-9-meses-e-recebeu-o-diagnostico-em-agosto-do-ano-passado-e1705154316741.jpg\",\"width\":1152,\"height\":572,\"caption\":\"Cr\u00e9dito: Arquivo Pessoal\"},{\"@type\":\"BreadcrumbList\",\"@id\":\"https:\\\/\\\/folhapopular.info\\\/index.php\\\/2024\\\/01\\\/13\\\/theodoro-precisa-de-quase-r-2-milhoes-para-tratamento-ate-marco\\\/#breadcrumb\",\"itemListElement\":[{\"@type\":\"ListItem\",\"position\":1,\"name\":\"In\u00edcio\",\"item\":\"https:\\\/\\\/folhapopular.info\\\/\"},{\"@type\":\"ListItem\",\"position\":2,\"name\":\"Theodoro precisa de quase R$ 2 milh\u00f5es para tratamento at\u00e9 mar\u00e7o\"}]},{\"@type\":\"WebSite\",\"@id\":\"https:\\\/\\\/folhapopular.info\\\/#website\",\"url\":\"https:\\\/\\\/folhapopular.info\\\/\",\"name\":\"Folha Popular\",\"description\":\"Onde voc\u00ea tem vez e voz\",\"potentialAction\":[{\"@type\":\"SearchAction\",\"target\":{\"@type\":\"EntryPoint\",\"urlTemplate\":\"https:\\\/\\\/folhapopular.info\\\/?s={search_term_string}\"},\"query-input\":{\"@type\":\"PropertyValueSpecification\",\"valueRequired\":true,\"valueName\":\"search_term_string\"}}],\"inLanguage\":\"pt-BR\"},{\"@type\":\"Person\",\"@id\":\"https:\\\/\\\/folhapopular.info\\\/#\\\/schema\\\/person\\\/077356d410ce531fc4a3caeb88e05017\",\"name\":\"Grasieli Nabinger\",\"image\":{\"@type\":\"ImageObject\",\"inLanguage\":\"pt-BR\",\"@id\":\"https:\\\/\\\/secure.gravatar.com\\\/avatar\\\/ce0c1cb4ad5f30e73ba955b4995967baaaf634edae7f0b560231f1fa256280e8?s=96&d=mm&r=g\",\"url\":\"https:\\\/\\\/secure.gravatar.com\\\/avatar\\\/ce0c1cb4ad5f30e73ba955b4995967baaaf634edae7f0b560231f1fa256280e8?s=96&d=mm&r=g\",\"contentUrl\":\"https:\\\/\\\/secure.gravatar.com\\\/avatar\\\/ce0c1cb4ad5f30e73ba955b4995967baaaf634edae7f0b560231f1fa256280e8?s=96&d=mm&r=g\",\"caption\":\"Grasieli Nabinger\"},\"url\":\"https:\\\/\\\/folhapopular.info\\\/index.php\\\/author\\\/grasieli-nabinger\\\/\"}]}<\/script>\n<!-- \/ Yoast SEO plugin. -->","yoast_head_json":{"title":"Theodoro precisa de quase R$ 2 milh\u00f5es para tratamento at\u00e9 mar\u00e7o - Folha Popular","robots":{"index":"index","follow":"follow","max-snippet":"max-snippet:-1","max-image-preview":"max-image-preview:large","max-video-preview":"max-video-preview:-1"},"canonical":"https:\/\/folhapopular.info\/index.php\/2024\/01\/13\/theodoro-precisa-de-quase-r-2-milhoes-para-tratamento-ate-marco\/","og_locale":"pt_BR","og_type":"article","og_title":"Theodoro precisa de quase R$ 2 milh\u00f5es para tratamento at\u00e9 mar\u00e7o - Folha Popular","og_description":"\u201cPara fazer a diferen\u00e7a na vida de algu\u00e9m voc\u00ea n\u00e3o precisa ser diferente, rico, bonito ou perfeito. Basta se importar\u201d, diz a frase estampada em panfletos da campanha em benef\u00edcio de Theodoro Carvalho Lappe. O menino de 2 anos e 9 meses foi diagnosticado com neuroblastoma metast\u00e1tico em est\u00e1gio 4, doen\u00e7a que j\u00e1 se espalhou [&hellip;]","og_url":"https:\/\/folhapopular.info\/index.php\/2024\/01\/13\/theodoro-precisa-de-quase-r-2-milhoes-para-tratamento-ate-marco\/","og_site_name":"Folha Popular","article_published_time":"2024-01-13T13:59:37+00:00","article_modified_time":"2024-01-13T13:59:40+00:00","og_image":[{"width":1152,"height":572,"url":"http:\/\/folhapopular.info\/wp-content\/uploads\/2024\/01\/Theo-tem-2-anos-e-9-meses-e-recebeu-o-diagnostico-em-agosto-do-ano-passado-e1705154316741.jpg","type":"image\/jpeg"}],"author":"Grasieli Nabinger","twitter_card":"summary_large_image","twitter_misc":{"Escrito por":"Grasieli Nabinger","Est. tempo de leitura":"6 minutos"},"schema":{"@context":"https:\/\/schema.org","@graph":[{"@type":"Article","@id":"https:\/\/folhapopular.info\/index.php\/2024\/01\/13\/theodoro-precisa-de-quase-r-2-milhoes-para-tratamento-ate-marco\/#article","isPartOf":{"@id":"https:\/\/folhapopular.info\/index.php\/2024\/01\/13\/theodoro-precisa-de-quase-r-2-milhoes-para-tratamento-ate-marco\/"},"author":{"name":"Grasieli Nabinger","@id":"https:\/\/folhapopular.info\/#\/schema\/person\/077356d410ce531fc4a3caeb88e05017"},"headline":"Theodoro precisa de quase R$ 2 milh\u00f5es para tratamento at\u00e9 mar\u00e7o","datePublished":"2024-01-13T13:59:37+00:00","dateModified":"2024-01-13T13:59:40+00:00","mainEntityOfPage":{"@id":"https:\/\/folhapopular.info\/index.php\/2024\/01\/13\/theodoro-precisa-de-quase-r-2-milhoes-para-tratamento-ate-marco\/"},"wordCount":880,"commentCount":0,"image":{"@id":"https:\/\/folhapopular.info\/index.php\/2024\/01\/13\/theodoro-precisa-de-quase-r-2-milhoes-para-tratamento-ate-marco\/#primaryimage"},"thumbnailUrl":"https:\/\/folhapopular.info\/wp-content\/uploads\/2024\/01\/Theo-tem-2-anos-e-9-meses-e-recebeu-o-diagnostico-em-agosto-do-ano-passado-e1705154316741.jpg","keywords":["C\u00e2ncer","Solidariedade","Teut\u00f4nia","Tratamento"],"articleSection":["Destaques","Inclusive","Solidariedade"],"inLanguage":"pt-BR","potentialAction":[{"@type":"CommentAction","name":"Comment","target":["https:\/\/folhapopular.info\/index.php\/2024\/01\/13\/theodoro-precisa-de-quase-r-2-milhoes-para-tratamento-ate-marco\/#respond"]}]},{"@type":"WebPage","@id":"https:\/\/folhapopular.info\/index.php\/2024\/01\/13\/theodoro-precisa-de-quase-r-2-milhoes-para-tratamento-ate-marco\/","url":"https:\/\/folhapopular.info\/index.php\/2024\/01\/13\/theodoro-precisa-de-quase-r-2-milhoes-para-tratamento-ate-marco\/","name":"Theodoro precisa de quase R$ 2 milh\u00f5es para tratamento at\u00e9 mar\u00e7o - Folha Popular","isPartOf":{"@id":"https:\/\/folhapopular.info\/#website"},"primaryImageOfPage":{"@id":"https:\/\/folhapopular.info\/index.php\/2024\/01\/13\/theodoro-precisa-de-quase-r-2-milhoes-para-tratamento-ate-marco\/#primaryimage"},"image":{"@id":"https:\/\/folhapopular.info\/index.php\/2024\/01\/13\/theodoro-precisa-de-quase-r-2-milhoes-para-tratamento-ate-marco\/#primaryimage"},"thumbnailUrl":"https:\/\/folhapopular.info\/wp-content\/uploads\/2024\/01\/Theo-tem-2-anos-e-9-meses-e-recebeu-o-diagnostico-em-agosto-do-ano-passado-e1705154316741.jpg","datePublished":"2024-01-13T13:59:37+00:00","dateModified":"2024-01-13T13:59:40+00:00","author":{"@id":"https:\/\/folhapopular.info\/#\/schema\/person\/077356d410ce531fc4a3caeb88e05017"},"breadcrumb":{"@id":"https:\/\/folhapopular.info\/index.php\/2024\/01\/13\/theodoro-precisa-de-quase-r-2-milhoes-para-tratamento-ate-marco\/#breadcrumb"},"inLanguage":"pt-BR","potentialAction":[{"@type":"ReadAction","target":["https:\/\/folhapopular.info\/index.php\/2024\/01\/13\/theodoro-precisa-de-quase-r-2-milhoes-para-tratamento-ate-marco\/"]}]},{"@type":"ImageObject","inLanguage":"pt-BR","@id":"https:\/\/folhapopular.info\/index.php\/2024\/01\/13\/theodoro-precisa-de-quase-r-2-milhoes-para-tratamento-ate-marco\/#primaryimage","url":"https:\/\/folhapopular.info\/wp-content\/uploads\/2024\/01\/Theo-tem-2-anos-e-9-meses-e-recebeu-o-diagnostico-em-agosto-do-ano-passado-e1705154316741.jpg","contentUrl":"https:\/\/folhapopular.info\/wp-content\/uploads\/2024\/01\/Theo-tem-2-anos-e-9-meses-e-recebeu-o-diagnostico-em-agosto-do-ano-passado-e1705154316741.jpg","width":1152,"height":572,"caption":"Cr\u00e9dito: Arquivo Pessoal"},{"@type":"BreadcrumbList","@id":"https:\/\/folhapopular.info\/index.php\/2024\/01\/13\/theodoro-precisa-de-quase-r-2-milhoes-para-tratamento-ate-marco\/#breadcrumb","itemListElement":[{"@type":"ListItem","position":1,"name":"In\u00edcio","item":"https:\/\/folhapopular.info\/"},{"@type":"ListItem","position":2,"name":"Theodoro precisa de quase R$ 2 milh\u00f5es para tratamento at\u00e9 mar\u00e7o"}]},{"@type":"WebSite","@id":"https:\/\/folhapopular.info\/#website","url":"https:\/\/folhapopular.info\/","name":"Folha Popular","description":"Onde voc\u00ea tem vez e voz","potentialAction":[{"@type":"SearchAction","target":{"@type":"EntryPoint","urlTemplate":"https:\/\/folhapopular.info\/?s={search_term_string}"},"query-input":{"@type":"PropertyValueSpecification","valueRequired":true,"valueName":"search_term_string"}}],"inLanguage":"pt-BR"},{"@type":"Person","@id":"https:\/\/folhapopular.info\/#\/schema\/person\/077356d410ce531fc4a3caeb88e05017","name":"Grasieli Nabinger","image":{"@type":"ImageObject","inLanguage":"pt-BR","@id":"https:\/\/secure.gravatar.com\/avatar\/ce0c1cb4ad5f30e73ba955b4995967baaaf634edae7f0b560231f1fa256280e8?s=96&d=mm&r=g","url":"https:\/\/secure.gravatar.com\/avatar\/ce0c1cb4ad5f30e73ba955b4995967baaaf634edae7f0b560231f1fa256280e8?s=96&d=mm&r=g","contentUrl":"https:\/\/secure.gravatar.com\/avatar\/ce0c1cb4ad5f30e73ba955b4995967baaaf634edae7f0b560231f1fa256280e8?s=96&d=mm&r=g","caption":"Grasieli Nabinger"},"url":"https:\/\/folhapopular.info\/index.php\/author\/grasieli-nabinger\/"}]}},"jetpack_featured_media_url":"https:\/\/folhapopular.info\/wp-content\/uploads\/2024\/01\/Theo-tem-2-anos-e-9-meses-e-recebeu-o-diagnostico-em-agosto-do-ano-passado-e1705154316741.jpg","jetpack_sharing_enabled":true,"amp_enabled":true,"_links":{"self":[{"href":"https:\/\/folhapopular.info\/index.php\/wp-json\/wp\/v2\/posts\/147528","targetHints":{"allow":["GET"]}}],"collection":[{"href":"https:\/\/folhapopular.info\/index.php\/wp-json\/wp\/v2\/posts"}],"about":[{"href":"https:\/\/folhapopular.info\/index.php\/wp-json\/wp\/v2\/types\/post"}],"author":[{"embeddable":true,"href":"https:\/\/folhapopular.info\/index.php\/wp-json\/wp\/v2\/users\/3"}],"replies":[{"embeddable":true,"href":"https:\/\/folhapopular.info\/index.php\/wp-json\/wp\/v2\/comments?post=147528"}],"version-history":[{"count":0,"href":"https:\/\/folhapopular.info\/index.php\/wp-json\/wp\/v2\/posts\/147528\/revisions"}],"wp:featuredmedia":[{"embeddable":true,"href":"https:\/\/folhapopular.info\/index.php\/wp-json\/wp\/v2\/media\/147529"}],"wp:attachment":[{"href":"https:\/\/folhapopular.info\/index.php\/wp-json\/wp\/v2\/media?parent=147528"}],"wp:term":[{"taxonomy":"category","embeddable":true,"href":"https:\/\/folhapopular.info\/index.php\/wp-json\/wp\/v2\/categories?post=147528"},{"taxonomy":"post_tag","embeddable":true,"href":"https:\/\/folhapopular.info\/index.php\/wp-json\/wp\/v2\/tags?post=147528"}],"curies":[{"name":"wp","href":"https:\/\/api.w.org\/{rel}","templated":true}]}}