{"id":147552,"date":"2024-01-14T11:35:43","date_gmt":"2024-01-14T14:35:43","guid":{"rendered":"https:\/\/folhapopular.info\/?p=147552"},"modified":"2024-01-14T11:35:57","modified_gmt":"2024-01-14T14:35:57","slug":"jovem-e-preso-por-porte-ilegal-e-disparo-de-arma-de-fogo-na-linha-wink-em-teutonia","status":"publish","type":"post","link":"https:\/\/folhapopular.info\/index.php\/2024\/01\/14\/jovem-e-preso-por-porte-ilegal-e-disparo-de-arma-de-fogo-na-linha-wink-em-teutonia\/","title":{"rendered":"Jovem \u00e9 preso por porte ilegal e disparo de arma de fogo na Linha Wink em Teut\u00f4nia"},"content":{"rendered":"\n<p>Na noite deste s\u00e1bado (13\/1), na Linha Wink, em Teut\u00f4nia, a Brigada Militar efetuou a pris\u00e3o um jovem, de 21 anos, por porte ilegal de arma de fogo e disparo de arma de fogo.<\/p>\n\n\n\n<p>Ap\u00f3s a Brigada Militar ser solicitada para averiguar poss\u00edveis disparos de arma de fogo na Linha Wink, os policiais militares iniciaram as buscas ao indiv\u00edduo respons\u00e1vel. O homem foi encontrado em um matagal, portando em sua cintura uma cartucheira, contendo 9 muni\u00e7\u00f5es calibre 28, e um rev\u00f3lver calibre 22, este carregado com sete muni\u00e7\u00f5es intactas. Ainda, no bolso de sua cal\u00e7a, foram encontradas mais 17 muni\u00e7\u00f5es calibre 22, as quais estavam intactas. Ao lado do indiv\u00edduo, encostada em uma \u00e1rvore, estava uma espingarda calibre 28.<\/p>\n\n\n\n<p>Diante dos fatos, o jovem, de 21 anos, foi detido e conduzido \u00e0 Delegacia de Pronto Atendimento de Lajeado para provid\u00eancias legais.<\/p>\n","protected":false},"excerpt":{"rendered":"<p>Na noite deste s\u00e1bado (13\/1), na Linha Wink, em Teut\u00f4nia, a Brigada Militar efetuou a pris\u00e3o um jovem, de 21 anos, por porte ilegal de arma de fogo e disparo de arma de fogo. Ap\u00f3s a Brigada Militar ser solicitada para averiguar poss\u00edveis disparos de arma de fogo na Linha Wink, os policiais militares iniciaram [&hellip;]<\/p>\n","protected":false},"author":8,"featured_media":147553,"comment_status":"open","ping_status":"open","sticky":false,"template":"","format":"standard","meta":{"pmpro_default_level":"","_jetpack_memberships_contains_paid_content":false,"footnotes":""},"categories":[10982,7],"tags":[1833,834,1521,107,26],"class_list":{"0":"post-147552","1":"post","2":"type-post","3":"status-publish","4":"format-standard","5":"has-post-thumbnail","7":"category-policia","8":"category-seguranca","9":"tag-arma-de-fogo","10":"tag-jovem","11":"tag-linha-wink","12":"tag-prisao","13":"tag-teutonia","14":"pmpro-has-access"},"yoast_head":"<!-- This site is optimized with the Yoast SEO plugin v27.5 - https:\/\/yoast.com\/product\/yoast-seo-wordpress\/ -->\n<title>Jovem \u00e9 preso por porte ilegal e disparo de arma de fogo na Linha Wink em Teut\u00f4nia - Folha Popular<\/title>\n<meta name=\"robots\" content=\"index, follow, max-snippet:-1, max-image-preview:large, max-video-preview:-1\" \/>\n<link rel=\"canonical\" href=\"https:\/\/folhapopular.info\/index.php\/2024\/01\/14\/jovem-e-preso-por-porte-ilegal-e-disparo-de-arma-de-fogo-na-linha-wink-em-teutonia\/\" \/>\n<meta property=\"og:locale\" content=\"pt_BR\" \/>\n<meta property=\"og:type\" content=\"article\" \/>\n<meta property=\"og:title\" content=\"Jovem \u00e9 preso por porte ilegal e disparo de arma de fogo na Linha Wink em Teut\u00f4nia - Folha Popular\" \/>\n<meta property=\"og:description\" content=\"Na noite deste s\u00e1bado (13\/1), na Linha Wink, em Teut\u00f4nia, a Brigada Militar efetuou a pris\u00e3o um jovem, de 21 anos, por porte ilegal de arma de fogo e disparo de arma de fogo. Ap\u00f3s a Brigada Militar ser solicitada para averiguar poss\u00edveis disparos de arma de fogo na Linha Wink, os policiais militares iniciaram [&hellip;]\" \/>\n<meta property=\"og:url\" content=\"https:\/\/folhapopular.info\/index.php\/2024\/01\/14\/jovem-e-preso-por-porte-ilegal-e-disparo-de-arma-de-fogo-na-linha-wink-em-teutonia\/\" \/>\n<meta property=\"og:site_name\" content=\"Folha Popular\" \/>\n<meta property=\"article:published_time\" content=\"2024-01-14T14:35:43+00:00\" \/>\n<meta property=\"article:modified_time\" content=\"2024-01-14T14:35:57+00:00\" \/>\n<meta property=\"og:image\" content=\"http:\/\/folhapopular.info\/wp-content\/uploads\/2024\/01\/WhatsApp-Image-2024-01-13-at-23.20.00.jpeg\" \/>\n\t<meta property=\"og:image:width\" content=\"960\" \/>\n\t<meta property=\"og:image:height\" content=\"603\" \/>\n\t<meta property=\"og:image:type\" content=\"image\/jpeg\" \/>\n<meta name=\"author\" content=\"Reda\u00e7\u00e3o Folha Popular\" \/>\n<meta name=\"twitter:card\" content=\"summary_large_image\" \/>\n<meta name=\"twitter:label1\" content=\"Escrito por\" \/>\n\t<meta name=\"twitter:data1\" content=\"Reda\u00e7\u00e3o Folha Popular\" \/>\n\t<meta name=\"twitter:label2\" content=\"Est. tempo de leitura\" \/>\n\t<meta name=\"twitter:data2\" content=\"1 minuto\" \/>\n<script type=\"application\/ld+json\" class=\"yoast-schema-graph\">{\"@context\":\"https:\\\/\\\/schema.org\",\"@graph\":[{\"@type\":\"Article\",\"@id\":\"https:\\\/\\\/folhapopular.info\\\/index.php\\\/2024\\\/01\\\/14\\\/jovem-e-preso-por-porte-ilegal-e-disparo-de-arma-de-fogo-na-linha-wink-em-teutonia\\\/#article\",\"isPartOf\":{\"@id\":\"https:\\\/\\\/folhapopular.info\\\/index.php\\\/2024\\\/01\\\/14\\\/jovem-e-preso-por-porte-ilegal-e-disparo-de-arma-de-fogo-na-linha-wink-em-teutonia\\\/\"},\"author\":{\"name\":\"Reda\u00e7\u00e3o Folha Popular\",\"@id\":\"https:\\\/\\\/folhapopular.info\\\/#\\\/schema\\\/person\\\/2814e8a0df7643585a9ca38bc6eb9d4b\"},\"headline\":\"Jovem \u00e9 preso por porte ilegal e disparo de arma de fogo na Linha Wink em Teut\u00f4nia\",\"datePublished\":\"2024-01-14T14:35:43+00:00\",\"dateModified\":\"2024-01-14T14:35:57+00:00\",\"mainEntityOfPage\":{\"@id\":\"https:\\\/\\\/folhapopular.info\\\/index.php\\\/2024\\\/01\\\/14\\\/jovem-e-preso-por-porte-ilegal-e-disparo-de-arma-de-fogo-na-linha-wink-em-teutonia\\\/\"},\"wordCount\":162,\"commentCount\":0,\"image\":{\"@id\":\"https:\\\/\\\/folhapopular.info\\\/index.php\\\/2024\\\/01\\\/14\\\/jovem-e-preso-por-porte-ilegal-e-disparo-de-arma-de-fogo-na-linha-wink-em-teutonia\\\/#primaryimage\"},\"thumbnailUrl\":\"https:\\\/\\\/folhapopular.info\\\/wp-content\\\/uploads\\\/2024\\\/01\\\/WhatsApp-Image-2024-01-13-at-23.20.00.jpeg\",\"keywords\":[\"arma de fogo\",\"Jovem\",\"Linha Wink\",\"Pris\u00e3o\",\"Teut\u00f4nia\"],\"articleSection\":[\"Pol\u00edcia\",\"Seguran\u00e7a\"],\"inLanguage\":\"pt-BR\",\"potentialAction\":[{\"@type\":\"CommentAction\",\"name\":\"Comment\",\"target\":[\"https:\\\/\\\/folhapopular.info\\\/index.php\\\/2024\\\/01\\\/14\\\/jovem-e-preso-por-porte-ilegal-e-disparo-de-arma-de-fogo-na-linha-wink-em-teutonia\\\/#respond\"]}]},{\"@type\":\"WebPage\",\"@id\":\"https:\\\/\\\/folhapopular.info\\\/index.php\\\/2024\\\/01\\\/14\\\/jovem-e-preso-por-porte-ilegal-e-disparo-de-arma-de-fogo-na-linha-wink-em-teutonia\\\/\",\"url\":\"https:\\\/\\\/folhapopular.info\\\/index.php\\\/2024\\\/01\\\/14\\\/jovem-e-preso-por-porte-ilegal-e-disparo-de-arma-de-fogo-na-linha-wink-em-teutonia\\\/\",\"name\":\"Jovem \u00e9 preso por porte ilegal e disparo de arma de fogo na Linha Wink em Teut\u00f4nia - Folha Popular\",\"isPartOf\":{\"@id\":\"https:\\\/\\\/folhapopular.info\\\/#website\"},\"primaryImageOfPage\":{\"@id\":\"https:\\\/\\\/folhapopular.info\\\/index.php\\\/2024\\\/01\\\/14\\\/jovem-e-preso-por-porte-ilegal-e-disparo-de-arma-de-fogo-na-linha-wink-em-teutonia\\\/#primaryimage\"},\"image\":{\"@id\":\"https:\\\/\\\/folhapopular.info\\\/index.php\\\/2024\\\/01\\\/14\\\/jovem-e-preso-por-porte-ilegal-e-disparo-de-arma-de-fogo-na-linha-wink-em-teutonia\\\/#primaryimage\"},\"thumbnailUrl\":\"https:\\\/\\\/folhapopular.info\\\/wp-content\\\/uploads\\\/2024\\\/01\\\/WhatsApp-Image-2024-01-13-at-23.20.00.jpeg\",\"datePublished\":\"2024-01-14T14:35:43+00:00\",\"dateModified\":\"2024-01-14T14:35:57+00:00\",\"author\":{\"@id\":\"https:\\\/\\\/folhapopular.info\\\/#\\\/schema\\\/person\\\/2814e8a0df7643585a9ca38bc6eb9d4b\"},\"breadcrumb\":{\"@id\":\"https:\\\/\\\/folhapopular.info\\\/index.php\\\/2024\\\/01\\\/14\\\/jovem-e-preso-por-porte-ilegal-e-disparo-de-arma-de-fogo-na-linha-wink-em-teutonia\\\/#breadcrumb\"},\"inLanguage\":\"pt-BR\",\"potentialAction\":[{\"@type\":\"ReadAction\",\"target\":[\"https:\\\/\\\/folhapopular.info\\\/index.php\\\/2024\\\/01\\\/14\\\/jovem-e-preso-por-porte-ilegal-e-disparo-de-arma-de-fogo-na-linha-wink-em-teutonia\\\/\"]}]},{\"@type\":\"ImageObject\",\"inLanguage\":\"pt-BR\",\"@id\":\"https:\\\/\\\/folhapopular.info\\\/index.php\\\/2024\\\/01\\\/14\\\/jovem-e-preso-por-porte-ilegal-e-disparo-de-arma-de-fogo-na-linha-wink-em-teutonia\\\/#primaryimage\",\"url\":\"https:\\\/\\\/folhapopular.info\\\/wp-content\\\/uploads\\\/2024\\\/01\\\/WhatsApp-Image-2024-01-13-at-23.20.00.jpeg\",\"contentUrl\":\"https:\\\/\\\/folhapopular.info\\\/wp-content\\\/uploads\\\/2024\\\/01\\\/WhatsApp-Image-2024-01-13-at-23.20.00.jpeg\",\"width\":960,\"height\":603,\"caption\":\"Cr\u00e9dito: Brigada Militar \\\/ Divulga\u00e7\u00e3o\"},{\"@type\":\"BreadcrumbList\",\"@id\":\"https:\\\/\\\/folhapopular.info\\\/index.php\\\/2024\\\/01\\\/14\\\/jovem-e-preso-por-porte-ilegal-e-disparo-de-arma-de-fogo-na-linha-wink-em-teutonia\\\/#breadcrumb\",\"itemListElement\":[{\"@type\":\"ListItem\",\"position\":1,\"name\":\"In\u00edcio\",\"item\":\"https:\\\/\\\/folhapopular.info\\\/\"},{\"@type\":\"ListItem\",\"position\":2,\"name\":\"Jovem \u00e9 preso por porte ilegal e disparo de arma de fogo na Linha Wink em Teut\u00f4nia\"}]},{\"@type\":\"WebSite\",\"@id\":\"https:\\\/\\\/folhapopular.info\\\/#website\",\"url\":\"https:\\\/\\\/folhapopular.info\\\/\",\"name\":\"Folha Popular\",\"description\":\"Onde voc\u00ea tem vez e voz\",\"potentialAction\":[{\"@type\":\"SearchAction\",\"target\":{\"@type\":\"EntryPoint\",\"urlTemplate\":\"https:\\\/\\\/folhapopular.info\\\/?s={search_term_string}\"},\"query-input\":{\"@type\":\"PropertyValueSpecification\",\"valueRequired\":true,\"valueName\":\"search_term_string\"}}],\"inLanguage\":\"pt-BR\"},{\"@type\":\"Person\",\"@id\":\"https:\\\/\\\/folhapopular.info\\\/#\\\/schema\\\/person\\\/2814e8a0df7643585a9ca38bc6eb9d4b\",\"name\":\"Reda\u00e7\u00e3o Folha Popular\",\"image\":{\"@type\":\"ImageObject\",\"inLanguage\":\"pt-BR\",\"@id\":\"https:\\\/\\\/folhapopular.info\\\/wp-content\\\/uploads\\\/2026\\\/04\\\/Folha-1.webp\",\"url\":\"https:\\\/\\\/folhapopular.info\\\/wp-content\\\/uploads\\\/2026\\\/04\\\/Folha-1.webp\",\"contentUrl\":\"https:\\\/\\\/folhapopular.info\\\/wp-content\\\/uploads\\\/2026\\\/04\\\/Folha-1.webp\",\"caption\":\"Reda\u00e7\u00e3o Folha Popular\"},\"url\":\"https:\\\/\\\/folhapopular.info\\\/index.php\\\/author\\\/redacao\\\/\"}]}<\/script>\n<!-- \/ Yoast SEO plugin. -->","yoast_head_json":{"title":"Jovem \u00e9 preso por porte ilegal e disparo de arma de fogo na Linha Wink em Teut\u00f4nia - Folha Popular","robots":{"index":"index","follow":"follow","max-snippet":"max-snippet:-1","max-image-preview":"max-image-preview:large","max-video-preview":"max-video-preview:-1"},"canonical":"https:\/\/folhapopular.info\/index.php\/2024\/01\/14\/jovem-e-preso-por-porte-ilegal-e-disparo-de-arma-de-fogo-na-linha-wink-em-teutonia\/","og_locale":"pt_BR","og_type":"article","og_title":"Jovem \u00e9 preso por porte ilegal e disparo de arma de fogo na Linha Wink em Teut\u00f4nia - Folha Popular","og_description":"Na noite deste s\u00e1bado (13\/1), na Linha Wink, em Teut\u00f4nia, a Brigada Militar efetuou a pris\u00e3o um jovem, de 21 anos, por porte ilegal de arma de fogo e disparo de arma de fogo. Ap\u00f3s a Brigada Militar ser solicitada para averiguar poss\u00edveis disparos de arma de fogo na Linha Wink, os policiais militares iniciaram [&hellip;]","og_url":"https:\/\/folhapopular.info\/index.php\/2024\/01\/14\/jovem-e-preso-por-porte-ilegal-e-disparo-de-arma-de-fogo-na-linha-wink-em-teutonia\/","og_site_name":"Folha Popular","article_published_time":"2024-01-14T14:35:43+00:00","article_modified_time":"2024-01-14T14:35:57+00:00","og_image":[{"width":960,"height":603,"url":"http:\/\/folhapopular.info\/wp-content\/uploads\/2024\/01\/WhatsApp-Image-2024-01-13-at-23.20.00.jpeg","type":"image\/jpeg"}],"author":"Reda\u00e7\u00e3o Folha Popular","twitter_card":"summary_large_image","twitter_misc":{"Escrito por":"Reda\u00e7\u00e3o Folha Popular","Est. tempo de leitura":"1 minuto"},"schema":{"@context":"https:\/\/schema.org","@graph":[{"@type":"Article","@id":"https:\/\/folhapopular.info\/index.php\/2024\/01\/14\/jovem-e-preso-por-porte-ilegal-e-disparo-de-arma-de-fogo-na-linha-wink-em-teutonia\/#article","isPartOf":{"@id":"https:\/\/folhapopular.info\/index.php\/2024\/01\/14\/jovem-e-preso-por-porte-ilegal-e-disparo-de-arma-de-fogo-na-linha-wink-em-teutonia\/"},"author":{"name":"Reda\u00e7\u00e3o Folha Popular","@id":"https:\/\/folhapopular.info\/#\/schema\/person\/2814e8a0df7643585a9ca38bc6eb9d4b"},"headline":"Jovem \u00e9 preso por porte ilegal e disparo de arma de fogo na Linha Wink em Teut\u00f4nia","datePublished":"2024-01-14T14:35:43+00:00","dateModified":"2024-01-14T14:35:57+00:00","mainEntityOfPage":{"@id":"https:\/\/folhapopular.info\/index.php\/2024\/01\/14\/jovem-e-preso-por-porte-ilegal-e-disparo-de-arma-de-fogo-na-linha-wink-em-teutonia\/"},"wordCount":162,"commentCount":0,"image":{"@id":"https:\/\/folhapopular.info\/index.php\/2024\/01\/14\/jovem-e-preso-por-porte-ilegal-e-disparo-de-arma-de-fogo-na-linha-wink-em-teutonia\/#primaryimage"},"thumbnailUrl":"https:\/\/folhapopular.info\/wp-content\/uploads\/2024\/01\/WhatsApp-Image-2024-01-13-at-23.20.00.jpeg","keywords":["arma de fogo","Jovem","Linha Wink","Pris\u00e3o","Teut\u00f4nia"],"articleSection":["Pol\u00edcia","Seguran\u00e7a"],"inLanguage":"pt-BR","potentialAction":[{"@type":"CommentAction","name":"Comment","target":["https:\/\/folhapopular.info\/index.php\/2024\/01\/14\/jovem-e-preso-por-porte-ilegal-e-disparo-de-arma-de-fogo-na-linha-wink-em-teutonia\/#respond"]}]},{"@type":"WebPage","@id":"https:\/\/folhapopular.info\/index.php\/2024\/01\/14\/jovem-e-preso-por-porte-ilegal-e-disparo-de-arma-de-fogo-na-linha-wink-em-teutonia\/","url":"https:\/\/folhapopular.info\/index.php\/2024\/01\/14\/jovem-e-preso-por-porte-ilegal-e-disparo-de-arma-de-fogo-na-linha-wink-em-teutonia\/","name":"Jovem \u00e9 preso por porte ilegal e disparo de arma de fogo na Linha Wink em Teut\u00f4nia - Folha Popular","isPartOf":{"@id":"https:\/\/folhapopular.info\/#website"},"primaryImageOfPage":{"@id":"https:\/\/folhapopular.info\/index.php\/2024\/01\/14\/jovem-e-preso-por-porte-ilegal-e-disparo-de-arma-de-fogo-na-linha-wink-em-teutonia\/#primaryimage"},"image":{"@id":"https:\/\/folhapopular.info\/index.php\/2024\/01\/14\/jovem-e-preso-por-porte-ilegal-e-disparo-de-arma-de-fogo-na-linha-wink-em-teutonia\/#primaryimage"},"thumbnailUrl":"https:\/\/folhapopular.info\/wp-content\/uploads\/2024\/01\/WhatsApp-Image-2024-01-13-at-23.20.00.jpeg","datePublished":"2024-01-14T14:35:43+00:00","dateModified":"2024-01-14T14:35:57+00:00","author":{"@id":"https:\/\/folhapopular.info\/#\/schema\/person\/2814e8a0df7643585a9ca38bc6eb9d4b"},"breadcrumb":{"@id":"https:\/\/folhapopular.info\/index.php\/2024\/01\/14\/jovem-e-preso-por-porte-ilegal-e-disparo-de-arma-de-fogo-na-linha-wink-em-teutonia\/#breadcrumb"},"inLanguage":"pt-BR","potentialAction":[{"@type":"ReadAction","target":["https:\/\/folhapopular.info\/index.php\/2024\/01\/14\/jovem-e-preso-por-porte-ilegal-e-disparo-de-arma-de-fogo-na-linha-wink-em-teutonia\/"]}]},{"@type":"ImageObject","inLanguage":"pt-BR","@id":"https:\/\/folhapopular.info\/index.php\/2024\/01\/14\/jovem-e-preso-por-porte-ilegal-e-disparo-de-arma-de-fogo-na-linha-wink-em-teutonia\/#primaryimage","url":"https:\/\/folhapopular.info\/wp-content\/uploads\/2024\/01\/WhatsApp-Image-2024-01-13-at-23.20.00.jpeg","contentUrl":"https:\/\/folhapopular.info\/wp-content\/uploads\/2024\/01\/WhatsApp-Image-2024-01-13-at-23.20.00.jpeg","width":960,"height":603,"caption":"Cr\u00e9dito: Brigada Militar \/ Divulga\u00e7\u00e3o"},{"@type":"BreadcrumbList","@id":"https:\/\/folhapopular.info\/index.php\/2024\/01\/14\/jovem-e-preso-por-porte-ilegal-e-disparo-de-arma-de-fogo-na-linha-wink-em-teutonia\/#breadcrumb","itemListElement":[{"@type":"ListItem","position":1,"name":"In\u00edcio","item":"https:\/\/folhapopular.info\/"},{"@type":"ListItem","position":2,"name":"Jovem \u00e9 preso por porte ilegal e disparo de arma de fogo na Linha Wink em Teut\u00f4nia"}]},{"@type":"WebSite","@id":"https:\/\/folhapopular.info\/#website","url":"https:\/\/folhapopular.info\/","name":"Folha Popular","description":"Onde voc\u00ea tem vez e voz","potentialAction":[{"@type":"SearchAction","target":{"@type":"EntryPoint","urlTemplate":"https:\/\/folhapopular.info\/?s={search_term_string}"},"query-input":{"@type":"PropertyValueSpecification","valueRequired":true,"valueName":"search_term_string"}}],"inLanguage":"pt-BR"},{"@type":"Person","@id":"https:\/\/folhapopular.info\/#\/schema\/person\/2814e8a0df7643585a9ca38bc6eb9d4b","name":"Reda\u00e7\u00e3o Folha Popular","image":{"@type":"ImageObject","inLanguage":"pt-BR","@id":"https:\/\/folhapopular.info\/wp-content\/uploads\/2026\/04\/Folha-1.webp","url":"https:\/\/folhapopular.info\/wp-content\/uploads\/2026\/04\/Folha-1.webp","contentUrl":"https:\/\/folhapopular.info\/wp-content\/uploads\/2026\/04\/Folha-1.webp","caption":"Reda\u00e7\u00e3o Folha Popular"},"url":"https:\/\/folhapopular.info\/index.php\/author\/redacao\/"}]}},"jetpack_featured_media_url":"https:\/\/folhapopular.info\/wp-content\/uploads\/2024\/01\/WhatsApp-Image-2024-01-13-at-23.20.00.jpeg","jetpack_sharing_enabled":true,"amp_enabled":true,"_links":{"self":[{"href":"https:\/\/folhapopular.info\/index.php\/wp-json\/wp\/v2\/posts\/147552","targetHints":{"allow":["GET"]}}],"collection":[{"href":"https:\/\/folhapopular.info\/index.php\/wp-json\/wp\/v2\/posts"}],"about":[{"href":"https:\/\/folhapopular.info\/index.php\/wp-json\/wp\/v2\/types\/post"}],"author":[{"embeddable":true,"href":"https:\/\/folhapopular.info\/index.php\/wp-json\/wp\/v2\/users\/8"}],"replies":[{"embeddable":true,"href":"https:\/\/folhapopular.info\/index.php\/wp-json\/wp\/v2\/comments?post=147552"}],"version-history":[{"count":0,"href":"https:\/\/folhapopular.info\/index.php\/wp-json\/wp\/v2\/posts\/147552\/revisions"}],"wp:featuredmedia":[{"embeddable":true,"href":"https:\/\/folhapopular.info\/index.php\/wp-json\/wp\/v2\/media\/147553"}],"wp:attachment":[{"href":"https:\/\/folhapopular.info\/index.php\/wp-json\/wp\/v2\/media?parent=147552"}],"wp:term":[{"taxonomy":"category","embeddable":true,"href":"https:\/\/folhapopular.info\/index.php\/wp-json\/wp\/v2\/categories?post=147552"},{"taxonomy":"post_tag","embeddable":true,"href":"https:\/\/folhapopular.info\/index.php\/wp-json\/wp\/v2\/tags?post=147552"}],"curies":[{"name":"wp","href":"https:\/\/api.w.org\/{rel}","templated":true}]}}