{"id":148813,"date":"2024-01-29T10:56:43","date_gmt":"2024-01-29T13:56:43","guid":{"rendered":"https:\/\/folhapopular.info\/?p=148813"},"modified":"2024-01-29T10:57:15","modified_gmt":"2024-01-29T13:57:15","slug":"precisamos-de-um-norte-diz-presidente-do-str","status":"publish","type":"post","link":"https:\/\/folhapopular.info\/index.php\/2024\/01\/29\/precisamos-de-um-norte-diz-presidente-do-str\/","title":{"rendered":"\u201cPrecisamos de um norte\u201d, diz presidente do STR"},"content":{"rendered":"<p>A crise da Cooperativa Languiru foi, segundo Liane Brackmann, a quest\u00e3o que mais impactou economicamente o setor prim\u00e1rio regional nos \u00faltimos anos \u2013 mesmo quando consideradas as dificuldades causadas pelo clima. De acordo com a presidente do Sindicato dos Trabalhadores Rurais (STR) de Teut\u00f4nia, Westf\u00e1lia e Po\u00e7o das Antas, ainda hoje, passado mais de um&#8230; <\/p>\n<div class=\"pmpro\">\n<div class=\"pmpro_card pmpro_content_message\">\n<div class=\"pmpro_card_content\">Este conte\u00fado \u00e9 apenas para associados Grupo Popular &#8211; Conte\u00fado Total Anual e Grupo Popular &#8211; Conte\u00fado Total Mensal. <br \/><a href=\"https:\/\/folhapopular.info\/wp-login.php?action=register\">Cadastre-se<\/a><\/div>\n<div class=\"pmpro_card_actions pmpro_font-medium\">J\u00e1 se associou? <a href=\"https:\/\/folhapopular.info\/wp-login.php?redirect_to=https%3A%2F%2Ffolhapopular.info%2Findex.php%2F2024%2F01%2F29%2Fprecisamos-de-um-norte-diz-presidente-do-str%2F\">Acesse aqui<\/a><\/div>\n<\/div>\n<\/div>\n","protected":false},"excerpt":{"rendered":"<p>A crise da Cooperativa Languiru foi, segundo Liane Brackmann, a quest\u00e3o que mais impactou economicamente o setor prim\u00e1rio regional nos \u00faltimos anos \u2013 mesmo quando consideradas as dificuldades causadas pelo clima. De acordo com a presidente do Sindicato dos Trabalhadores Rurais (STR) de Teut\u00f4nia, Westf\u00e1lia e Po\u00e7o das Antas, ainda hoje, passado mais de um... <\/p>\n<div class=\"pmpro\"><div class=\"pmpro_card pmpro_content_message\"><div class=\"pmpro_card_content\">Este conte\u00fado \u00e9 apenas para associados Grupo Popular - Conte\u00fado Total Anual e Grupo Popular - Conte\u00fado Total Mensal. <br \/><a href=\"https:\/\/folhapopular.info\/wp-login.php?action=register\">Cadastre-se<\/a><\/div><div class=\"pmpro_card_actions pmpro_font-medium\">J\u00e1 se associou? <a href=\"https:\/\/folhapopular.info\/wp-login.php?redirect_to=https%3A%2F%2Ffolhapopular.info%2Findex.php%2F2024%2F01%2F29%2Fprecisamos-de-um-norte-diz-presidente-do-str%2F\">Acesse aqui<\/a><\/div><\/div><\/div>","protected":false},"author":3,"featured_media":148815,"comment_status":"open","ping_status":"open","sticky":false,"template":"","format":"standard","meta":{"pmpro_default_level":"","_jetpack_memberships_contains_paid_content":false,"footnotes":""},"categories":[11078,2,10991,10994],"tags":[313,5889,2849,40],"class_list":{"0":"post-148813","1":"post","2":"type-post","3":"status-publish","4":"format-standard","5":"has-post-thumbnail","7":"category-assinantes","8":"category-featured","9":"category-economia","10":"category-rural","11":"tag-cooperativa-languiru","12":"tag-crise","13":"tag-frigorifico-de-suinos","14":"tag-poco-das-antas","15":"pmpro-level-required","16":"pmpro-level-2","17":"pmpro-level-4","18":"pmpro-level-5","19":"pmpro-no-access"},"yoast_head":"<!-- This site is optimized with the Yoast SEO plugin v27.5 - https:\/\/yoast.com\/product\/yoast-seo-wordpress\/ -->\n<title>\u201cPrecisamos de um norte\u201d, diz presidente do STR - Folha Popular<\/title>\n<meta name=\"robots\" content=\"index, follow, max-snippet:-1, max-image-preview:large, max-video-preview:-1\" \/>\n<link rel=\"canonical\" href=\"https:\/\/folhapopular.info\/index.php\/2024\/01\/29\/precisamos-de-um-norte-diz-presidente-do-str\/\" \/>\n<meta property=\"og:locale\" content=\"pt_BR\" \/>\n<meta property=\"og:type\" content=\"article\" \/>\n<meta property=\"og:title\" content=\"\u201cPrecisamos de um norte\u201d, diz presidente do STR - Folha Popular\" \/>\n<meta property=\"og:description\" content=\"A crise da Cooperativa Languiru foi, segundo Liane Brackmann, a quest\u00e3o que mais impactou economicamente o setor prim\u00e1rio regional nos \u00faltimos anos \u2013 mesmo quando consideradas as dificuldades causadas pelo clima. De acordo com a presidente do Sindicato dos Trabalhadores Rurais (STR) de Teut\u00f4nia, Westf\u00e1lia e Po\u00e7o das Antas, ainda hoje, passado mais de um [&hellip;]\" \/>\n<meta property=\"og:url\" content=\"https:\/\/folhapopular.info\/index.php\/2024\/01\/29\/precisamos-de-um-norte-diz-presidente-do-str\/\" \/>\n<meta property=\"og:site_name\" content=\"Folha Popular\" \/>\n<meta property=\"article:published_time\" content=\"2024-01-29T13:56:43+00:00\" \/>\n<meta property=\"article:modified_time\" content=\"2024-01-29T13:57:15+00:00\" \/>\n<meta property=\"og:image\" content=\"http:\/\/folhapopular.info\/wp-content\/uploads\/2024\/01\/Suinocultores-aguardam-atitudes-politicas-para-andamento-da-negociacao-do-Frigorifico-de-Suinos-de-Poco-das-Antas_Arquivo-FP.jpg\" \/>\n\t<meta property=\"og:image:width\" content=\"1500\" \/>\n\t<meta property=\"og:image:height\" content=\"1125\" \/>\n\t<meta property=\"og:image:type\" content=\"image\/jpeg\" \/>\n<meta name=\"author\" content=\"Grasieli Nabinger\" \/>\n<meta name=\"twitter:card\" content=\"summary_large_image\" \/>\n<meta name=\"twitter:label1\" content=\"Escrito por\" \/>\n\t<meta name=\"twitter:data1\" content=\"Grasieli Nabinger\" \/>\n\t<meta name=\"twitter:label2\" content=\"Est. tempo de leitura\" \/>\n\t<meta name=\"twitter:data2\" content=\"3 minutos\" \/>\n<script type=\"application\/ld+json\" class=\"yoast-schema-graph\">{\"@context\":\"https:\\\/\\\/schema.org\",\"@graph\":[{\"@type\":\"Article\",\"@id\":\"https:\\\/\\\/folhapopular.info\\\/index.php\\\/2024\\\/01\\\/29\\\/precisamos-de-um-norte-diz-presidente-do-str\\\/#article\",\"isPartOf\":{\"@id\":\"https:\\\/\\\/folhapopular.info\\\/index.php\\\/2024\\\/01\\\/29\\\/precisamos-de-um-norte-diz-presidente-do-str\\\/\"},\"author\":{\"name\":\"Grasieli Nabinger\",\"@id\":\"https:\\\/\\\/folhapopular.info\\\/#\\\/schema\\\/person\\\/077356d410ce531fc4a3caeb88e05017\"},\"headline\":\"\u201cPrecisamos de um norte\u201d, diz presidente do STR\",\"datePublished\":\"2024-01-29T13:56:43+00:00\",\"dateModified\":\"2024-01-29T13:57:15+00:00\",\"mainEntityOfPage\":{\"@id\":\"https:\\\/\\\/folhapopular.info\\\/index.php\\\/2024\\\/01\\\/29\\\/precisamos-de-um-norte-diz-presidente-do-str\\\/\"},\"wordCount\":416,\"commentCount\":0,\"image\":{\"@id\":\"https:\\\/\\\/folhapopular.info\\\/index.php\\\/2024\\\/01\\\/29\\\/precisamos-de-um-norte-diz-presidente-do-str\\\/#primaryimage\"},\"thumbnailUrl\":\"https:\\\/\\\/folhapopular.info\\\/wp-content\\\/uploads\\\/2024\\\/01\\\/Suinocultores-aguardam-atitudes-politicas-para-andamento-da-negociacao-do-Frigorifico-de-Suinos-de-Poco-das-Antas_Arquivo-FP.jpg\",\"keywords\":[\"Cooperativa Languiru\",\"Crise\",\"frigor\u00edfico de su\u00ednos\",\"Po\u00e7o das Antas\"],\"articleSection\":[\"Assinantes\",\"Destaques\",\"Economia\",\"Rural\"],\"inLanguage\":\"pt-BR\",\"potentialAction\":[{\"@type\":\"CommentAction\",\"name\":\"Comment\",\"target\":[\"https:\\\/\\\/folhapopular.info\\\/index.php\\\/2024\\\/01\\\/29\\\/precisamos-de-um-norte-diz-presidente-do-str\\\/#respond\"]}]},{\"@type\":\"WebPage\",\"@id\":\"https:\\\/\\\/folhapopular.info\\\/index.php\\\/2024\\\/01\\\/29\\\/precisamos-de-um-norte-diz-presidente-do-str\\\/\",\"url\":\"https:\\\/\\\/folhapopular.info\\\/index.php\\\/2024\\\/01\\\/29\\\/precisamos-de-um-norte-diz-presidente-do-str\\\/\",\"name\":\"\u201cPrecisamos de um norte\u201d, diz presidente do STR - Folha Popular\",\"isPartOf\":{\"@id\":\"https:\\\/\\\/folhapopular.info\\\/#website\"},\"primaryImageOfPage\":{\"@id\":\"https:\\\/\\\/folhapopular.info\\\/index.php\\\/2024\\\/01\\\/29\\\/precisamos-de-um-norte-diz-presidente-do-str\\\/#primaryimage\"},\"image\":{\"@id\":\"https:\\\/\\\/folhapopular.info\\\/index.php\\\/2024\\\/01\\\/29\\\/precisamos-de-um-norte-diz-presidente-do-str\\\/#primaryimage\"},\"thumbnailUrl\":\"https:\\\/\\\/folhapopular.info\\\/wp-content\\\/uploads\\\/2024\\\/01\\\/Suinocultores-aguardam-atitudes-politicas-para-andamento-da-negociacao-do-Frigorifico-de-Suinos-de-Poco-das-Antas_Arquivo-FP.jpg\",\"datePublished\":\"2024-01-29T13:56:43+00:00\",\"dateModified\":\"2024-01-29T13:57:15+00:00\",\"author\":{\"@id\":\"https:\\\/\\\/folhapopular.info\\\/#\\\/schema\\\/person\\\/077356d410ce531fc4a3caeb88e05017\"},\"breadcrumb\":{\"@id\":\"https:\\\/\\\/folhapopular.info\\\/index.php\\\/2024\\\/01\\\/29\\\/precisamos-de-um-norte-diz-presidente-do-str\\\/#breadcrumb\"},\"inLanguage\":\"pt-BR\",\"potentialAction\":[{\"@type\":\"ReadAction\",\"target\":[\"https:\\\/\\\/folhapopular.info\\\/index.php\\\/2024\\\/01\\\/29\\\/precisamos-de-um-norte-diz-presidente-do-str\\\/\"]}]},{\"@type\":\"ImageObject\",\"inLanguage\":\"pt-BR\",\"@id\":\"https:\\\/\\\/folhapopular.info\\\/index.php\\\/2024\\\/01\\\/29\\\/precisamos-de-um-norte-diz-presidente-do-str\\\/#primaryimage\",\"url\":\"https:\\\/\\\/folhapopular.info\\\/wp-content\\\/uploads\\\/2024\\\/01\\\/Suinocultores-aguardam-atitudes-politicas-para-andamento-da-negociacao-do-Frigorifico-de-Suinos-de-Poco-das-Antas_Arquivo-FP.jpg\",\"contentUrl\":\"https:\\\/\\\/folhapopular.info\\\/wp-content\\\/uploads\\\/2024\\\/01\\\/Suinocultores-aguardam-atitudes-politicas-para-andamento-da-negociacao-do-Frigorifico-de-Suinos-de-Poco-das-Antas_Arquivo-FP.jpg\",\"width\":1500,\"height\":1125,\"caption\":\"Cr\u00e9dito: Arquivo FP\"},{\"@type\":\"BreadcrumbList\",\"@id\":\"https:\\\/\\\/folhapopular.info\\\/index.php\\\/2024\\\/01\\\/29\\\/precisamos-de-um-norte-diz-presidente-do-str\\\/#breadcrumb\",\"itemListElement\":[{\"@type\":\"ListItem\",\"position\":1,\"name\":\"In\u00edcio\",\"item\":\"https:\\\/\\\/folhapopular.info\\\/\"},{\"@type\":\"ListItem\",\"position\":2,\"name\":\"\u201cPrecisamos de um norte\u201d, diz presidente do STR\"}]},{\"@type\":\"WebSite\",\"@id\":\"https:\\\/\\\/folhapopular.info\\\/#website\",\"url\":\"https:\\\/\\\/folhapopular.info\\\/\",\"name\":\"Folha Popular\",\"description\":\"Onde voc\u00ea tem vez e voz\",\"potentialAction\":[{\"@type\":\"SearchAction\",\"target\":{\"@type\":\"EntryPoint\",\"urlTemplate\":\"https:\\\/\\\/folhapopular.info\\\/?s={search_term_string}\"},\"query-input\":{\"@type\":\"PropertyValueSpecification\",\"valueRequired\":true,\"valueName\":\"search_term_string\"}}],\"inLanguage\":\"pt-BR\"},{\"@type\":\"Person\",\"@id\":\"https:\\\/\\\/folhapopular.info\\\/#\\\/schema\\\/person\\\/077356d410ce531fc4a3caeb88e05017\",\"name\":\"Grasieli Nabinger\",\"image\":{\"@type\":\"ImageObject\",\"inLanguage\":\"pt-BR\",\"@id\":\"https:\\\/\\\/secure.gravatar.com\\\/avatar\\\/ce0c1cb4ad5f30e73ba955b4995967baaaf634edae7f0b560231f1fa256280e8?s=96&d=mm&r=g\",\"url\":\"https:\\\/\\\/secure.gravatar.com\\\/avatar\\\/ce0c1cb4ad5f30e73ba955b4995967baaaf634edae7f0b560231f1fa256280e8?s=96&d=mm&r=g\",\"contentUrl\":\"https:\\\/\\\/secure.gravatar.com\\\/avatar\\\/ce0c1cb4ad5f30e73ba955b4995967baaaf634edae7f0b560231f1fa256280e8?s=96&d=mm&r=g\",\"caption\":\"Grasieli Nabinger\"},\"url\":\"https:\\\/\\\/folhapopular.info\\\/index.php\\\/author\\\/grasieli-nabinger\\\/\"}]}<\/script>\n<!-- \/ Yoast SEO plugin. -->","yoast_head_json":{"title":"\u201cPrecisamos de um norte\u201d, diz presidente do STR - Folha Popular","robots":{"index":"index","follow":"follow","max-snippet":"max-snippet:-1","max-image-preview":"max-image-preview:large","max-video-preview":"max-video-preview:-1"},"canonical":"https:\/\/folhapopular.info\/index.php\/2024\/01\/29\/precisamos-de-um-norte-diz-presidente-do-str\/","og_locale":"pt_BR","og_type":"article","og_title":"\u201cPrecisamos de um norte\u201d, diz presidente do STR - Folha Popular","og_description":"A crise da Cooperativa Languiru foi, segundo Liane Brackmann, a quest\u00e3o que mais impactou economicamente o setor prim\u00e1rio regional nos \u00faltimos anos \u2013 mesmo quando consideradas as dificuldades causadas pelo clima. De acordo com a presidente do Sindicato dos Trabalhadores Rurais (STR) de Teut\u00f4nia, Westf\u00e1lia e Po\u00e7o das Antas, ainda hoje, passado mais de um [&hellip;]","og_url":"https:\/\/folhapopular.info\/index.php\/2024\/01\/29\/precisamos-de-um-norte-diz-presidente-do-str\/","og_site_name":"Folha Popular","article_published_time":"2024-01-29T13:56:43+00:00","article_modified_time":"2024-01-29T13:57:15+00:00","og_image":[{"width":1500,"height":1125,"url":"http:\/\/folhapopular.info\/wp-content\/uploads\/2024\/01\/Suinocultores-aguardam-atitudes-politicas-para-andamento-da-negociacao-do-Frigorifico-de-Suinos-de-Poco-das-Antas_Arquivo-FP.jpg","type":"image\/jpeg"}],"author":"Grasieli Nabinger","twitter_card":"summary_large_image","twitter_misc":{"Escrito por":"Grasieli Nabinger","Est. tempo de leitura":"3 minutos"},"schema":{"@context":"https:\/\/schema.org","@graph":[{"@type":"Article","@id":"https:\/\/folhapopular.info\/index.php\/2024\/01\/29\/precisamos-de-um-norte-diz-presidente-do-str\/#article","isPartOf":{"@id":"https:\/\/folhapopular.info\/index.php\/2024\/01\/29\/precisamos-de-um-norte-diz-presidente-do-str\/"},"author":{"name":"Grasieli Nabinger","@id":"https:\/\/folhapopular.info\/#\/schema\/person\/077356d410ce531fc4a3caeb88e05017"},"headline":"\u201cPrecisamos de um norte\u201d, diz presidente do STR","datePublished":"2024-01-29T13:56:43+00:00","dateModified":"2024-01-29T13:57:15+00:00","mainEntityOfPage":{"@id":"https:\/\/folhapopular.info\/index.php\/2024\/01\/29\/precisamos-de-um-norte-diz-presidente-do-str\/"},"wordCount":416,"commentCount":0,"image":{"@id":"https:\/\/folhapopular.info\/index.php\/2024\/01\/29\/precisamos-de-um-norte-diz-presidente-do-str\/#primaryimage"},"thumbnailUrl":"https:\/\/folhapopular.info\/wp-content\/uploads\/2024\/01\/Suinocultores-aguardam-atitudes-politicas-para-andamento-da-negociacao-do-Frigorifico-de-Suinos-de-Poco-das-Antas_Arquivo-FP.jpg","keywords":["Cooperativa Languiru","Crise","frigor\u00edfico de su\u00ednos","Po\u00e7o das Antas"],"articleSection":["Assinantes","Destaques","Economia","Rural"],"inLanguage":"pt-BR","potentialAction":[{"@type":"CommentAction","name":"Comment","target":["https:\/\/folhapopular.info\/index.php\/2024\/01\/29\/precisamos-de-um-norte-diz-presidente-do-str\/#respond"]}]},{"@type":"WebPage","@id":"https:\/\/folhapopular.info\/index.php\/2024\/01\/29\/precisamos-de-um-norte-diz-presidente-do-str\/","url":"https:\/\/folhapopular.info\/index.php\/2024\/01\/29\/precisamos-de-um-norte-diz-presidente-do-str\/","name":"\u201cPrecisamos de um norte\u201d, diz presidente do STR - Folha Popular","isPartOf":{"@id":"https:\/\/folhapopular.info\/#website"},"primaryImageOfPage":{"@id":"https:\/\/folhapopular.info\/index.php\/2024\/01\/29\/precisamos-de-um-norte-diz-presidente-do-str\/#primaryimage"},"image":{"@id":"https:\/\/folhapopular.info\/index.php\/2024\/01\/29\/precisamos-de-um-norte-diz-presidente-do-str\/#primaryimage"},"thumbnailUrl":"https:\/\/folhapopular.info\/wp-content\/uploads\/2024\/01\/Suinocultores-aguardam-atitudes-politicas-para-andamento-da-negociacao-do-Frigorifico-de-Suinos-de-Poco-das-Antas_Arquivo-FP.jpg","datePublished":"2024-01-29T13:56:43+00:00","dateModified":"2024-01-29T13:57:15+00:00","author":{"@id":"https:\/\/folhapopular.info\/#\/schema\/person\/077356d410ce531fc4a3caeb88e05017"},"breadcrumb":{"@id":"https:\/\/folhapopular.info\/index.php\/2024\/01\/29\/precisamos-de-um-norte-diz-presidente-do-str\/#breadcrumb"},"inLanguage":"pt-BR","potentialAction":[{"@type":"ReadAction","target":["https:\/\/folhapopular.info\/index.php\/2024\/01\/29\/precisamos-de-um-norte-diz-presidente-do-str\/"]}]},{"@type":"ImageObject","inLanguage":"pt-BR","@id":"https:\/\/folhapopular.info\/index.php\/2024\/01\/29\/precisamos-de-um-norte-diz-presidente-do-str\/#primaryimage","url":"https:\/\/folhapopular.info\/wp-content\/uploads\/2024\/01\/Suinocultores-aguardam-atitudes-politicas-para-andamento-da-negociacao-do-Frigorifico-de-Suinos-de-Poco-das-Antas_Arquivo-FP.jpg","contentUrl":"https:\/\/folhapopular.info\/wp-content\/uploads\/2024\/01\/Suinocultores-aguardam-atitudes-politicas-para-andamento-da-negociacao-do-Frigorifico-de-Suinos-de-Poco-das-Antas_Arquivo-FP.jpg","width":1500,"height":1125,"caption":"Cr\u00e9dito: Arquivo FP"},{"@type":"BreadcrumbList","@id":"https:\/\/folhapopular.info\/index.php\/2024\/01\/29\/precisamos-de-um-norte-diz-presidente-do-str\/#breadcrumb","itemListElement":[{"@type":"ListItem","position":1,"name":"In\u00edcio","item":"https:\/\/folhapopular.info\/"},{"@type":"ListItem","position":2,"name":"\u201cPrecisamos de um norte\u201d, diz presidente do STR"}]},{"@type":"WebSite","@id":"https:\/\/folhapopular.info\/#website","url":"https:\/\/folhapopular.info\/","name":"Folha Popular","description":"Onde voc\u00ea tem vez e voz","potentialAction":[{"@type":"SearchAction","target":{"@type":"EntryPoint","urlTemplate":"https:\/\/folhapopular.info\/?s={search_term_string}"},"query-input":{"@type":"PropertyValueSpecification","valueRequired":true,"valueName":"search_term_string"}}],"inLanguage":"pt-BR"},{"@type":"Person","@id":"https:\/\/folhapopular.info\/#\/schema\/person\/077356d410ce531fc4a3caeb88e05017","name":"Grasieli Nabinger","image":{"@type":"ImageObject","inLanguage":"pt-BR","@id":"https:\/\/secure.gravatar.com\/avatar\/ce0c1cb4ad5f30e73ba955b4995967baaaf634edae7f0b560231f1fa256280e8?s=96&d=mm&r=g","url":"https:\/\/secure.gravatar.com\/avatar\/ce0c1cb4ad5f30e73ba955b4995967baaaf634edae7f0b560231f1fa256280e8?s=96&d=mm&r=g","contentUrl":"https:\/\/secure.gravatar.com\/avatar\/ce0c1cb4ad5f30e73ba955b4995967baaaf634edae7f0b560231f1fa256280e8?s=96&d=mm&r=g","caption":"Grasieli Nabinger"},"url":"https:\/\/folhapopular.info\/index.php\/author\/grasieli-nabinger\/"}]}},"jetpack_featured_media_url":"https:\/\/folhapopular.info\/wp-content\/uploads\/2024\/01\/Suinocultores-aguardam-atitudes-politicas-para-andamento-da-negociacao-do-Frigorifico-de-Suinos-de-Poco-das-Antas_Arquivo-FP.jpg","jetpack_sharing_enabled":true,"amp_enabled":true,"_links":{"self":[{"href":"https:\/\/folhapopular.info\/index.php\/wp-json\/wp\/v2\/posts\/148813","targetHints":{"allow":["GET"]}}],"collection":[{"href":"https:\/\/folhapopular.info\/index.php\/wp-json\/wp\/v2\/posts"}],"about":[{"href":"https:\/\/folhapopular.info\/index.php\/wp-json\/wp\/v2\/types\/post"}],"author":[{"embeddable":true,"href":"https:\/\/folhapopular.info\/index.php\/wp-json\/wp\/v2\/users\/3"}],"replies":[{"embeddable":true,"href":"https:\/\/folhapopular.info\/index.php\/wp-json\/wp\/v2\/comments?post=148813"}],"version-history":[{"count":0,"href":"https:\/\/folhapopular.info\/index.php\/wp-json\/wp\/v2\/posts\/148813\/revisions"}],"wp:featuredmedia":[{"embeddable":true,"href":"https:\/\/folhapopular.info\/index.php\/wp-json\/wp\/v2\/media\/148815"}],"wp:attachment":[{"href":"https:\/\/folhapopular.info\/index.php\/wp-json\/wp\/v2\/media?parent=148813"}],"wp:term":[{"taxonomy":"category","embeddable":true,"href":"https:\/\/folhapopular.info\/index.php\/wp-json\/wp\/v2\/categories?post=148813"},{"taxonomy":"post_tag","embeddable":true,"href":"https:\/\/folhapopular.info\/index.php\/wp-json\/wp\/v2\/tags?post=148813"}],"curies":[{"name":"wp","href":"https:\/\/api.w.org\/{rel}","templated":true}]}}