{"id":149094,"date":"2024-01-30T21:44:22","date_gmt":"2024-01-31T00:44:22","guid":{"rendered":"https:\/\/folhapopular.info\/?p=149094"},"modified":"2024-01-31T08:00:16","modified_gmt":"2024-01-31T11:00:16","slug":"pl-deixa-a-base-governista-da-administracao-municipal-de-teutonia","status":"publish","type":"post","link":"https:\/\/folhapopular.info\/index.php\/2024\/01\/30\/pl-deixa-a-base-governista-da-administracao-municipal-de-teutonia\/","title":{"rendered":"PL deixa a base governista da Administra\u00e7\u00e3o Municipal de Teut\u00f4nia"},"content":{"rendered":"\n<p>O Partido Liberal de Teut\u00f4nia, na pessoa da presidente Alana Gausmann Flores, comunicou na noite desta ter\u00e7a-feira (30\/1) que n\u00e3o faz mais parte da base governista da Administra\u00e7\u00e3o Municipal de Teut\u00f4nia, chefiada por Celso Alo\u00edsio Forneck. <\/p>\n\n\n\n<p>A aus\u00eancia da vice-prefeita Aline R\u00f6hrig Kohl na presta\u00e7\u00e3o de contas da manh\u00e3 de hoje poderia ser um indicativo de que o PL havia se retirado da base governista, o que acabou se confirmando no in\u00edcio desta noite com a nota emitida pelo partido. Alana aponta que a aus\u00eancia da vice-prefeita no evento se deveu ao fato do grupo ter tomado a decis\u00e3o na noite de segunda-feira (29\/1) e estava aguardando para dar o comunicado.<\/p>\n\n\n\n<p>A presidente Alana explica que a decis\u00e3o efetivamente ocorreu nesta ter\u00e7a-feira, mas vinha sendo amadurecida, &#8220;pois conversamos com lideran\u00e7as do partido, executiva e grupo de CC antes de tomar a decis\u00e3o.&#8221; Ela aponta que imagens divulgadas pelo secret\u00e1rio de Sa\u00fade e atual presidente do Partido Democr\u00e1tico Trabalhista (PDT), Juliano K\u00f6rner, ao lado do atual pr\u00e9-candidato \u00e0 Prefeitura pelo Partido Social Democrata Brasileiro (PSDB), Jonatan Br\u00f6nstrup, teriam influenciado a decis\u00e3o. &#8220;Assim como demais situa\u00e7\u00f5es, pois se trata do presidente do partido&#8221;, aponta. <\/p>\n\n\n\n<p>Confira a mensagem na \u00edntegra:<\/p>\n\n\n\n<p><em>A defini\u00e7\u00e3o se deu em fun\u00e7\u00e3o de n\u00e3o haver mais converg\u00eancia em decis\u00f5es. Al\u00e9m disso, a aproxima\u00e7\u00e3o de lideran\u00e7as partid\u00e1rias do PDT, especialmente do presidente da sigla, do pr\u00e9-candidato do PSDB, afetou diretamente a rela\u00e7\u00e3o entre os partidos, sendo que o PL n\u00e3o compactua com este posicionamento<\/em>.<\/p>\n\n\n\n<p><em>Na sua ess\u00eancia, o PL \u00e9 um grupo de proatividade, de atitude e transpar\u00eancia, nesse sentido, a conclus\u00e3o da executiva, ap\u00f3s ouvir diversas frentes e lideran\u00e7as, foi pela sa\u00edda da base governista.<\/em><br><br><em>Fica nosso respeito e considera\u00e7\u00e3o por todas as conquistas e trabalhos realizados at\u00e9 o momento, bem como, a todas as pessoas que comp\u00f5em a equipe da administra\u00e7\u00e3o, amigos e simpatizantes.<\/em><br><br><em>E desta forma o Partido Liberal segue comprometido com o desenvolvimento do municipio, e se concentra em organizar novos rumos, pois novos desafios fazem parte da pol\u00edtic<\/em>a.<\/p>\n","protected":false},"excerpt":{"rendered":"<p>O Partido Liberal de Teut\u00f4nia, na pessoa da presidente Alana Gausmann Flores, comunicou na noite desta ter\u00e7a-feira (30\/1) que n\u00e3o faz mais parte da base governista da Administra\u00e7\u00e3o Municipal de Teut\u00f4nia, chefiada por Celso Alo\u00edsio Forneck. A aus\u00eancia da vice-prefeita Aline R\u00f6hrig Kohl na presta\u00e7\u00e3o de contas da manh\u00e3 de hoje poderia ser um indicativo [&hellip;]<\/p>\n","protected":false},"author":639,"featured_media":51389,"comment_status":"open","ping_status":"open","sticky":false,"template":"","format":"standard","meta":{"pmpro_default_level":"","_jetpack_memberships_contains_paid_content":false,"footnotes":""},"categories":[2,10985],"tags":[10872,26],"class_list":{"0":"post-149094","1":"post","2":"type-post","3":"status-publish","4":"format-standard","5":"has-post-thumbnail","7":"category-featured","8":"category-politica","9":"tag-partido-liberal","10":"tag-teutonia","11":"pmpro-has-access"},"yoast_head":"<!-- This site is optimized with the Yoast SEO plugin v27.5 - https:\/\/yoast.com\/product\/yoast-seo-wordpress\/ -->\n<title>PL deixa a base governista da Administra\u00e7\u00e3o Municipal de Teut\u00f4nia - Folha Popular<\/title>\n<meta name=\"robots\" content=\"index, follow, max-snippet:-1, max-image-preview:large, max-video-preview:-1\" \/>\n<link rel=\"canonical\" href=\"https:\/\/folhapopular.info\/index.php\/2024\/01\/30\/pl-deixa-a-base-governista-da-administracao-municipal-de-teutonia\/\" \/>\n<meta property=\"og:locale\" content=\"pt_BR\" \/>\n<meta property=\"og:type\" content=\"article\" \/>\n<meta property=\"og:title\" content=\"PL deixa a base governista da Administra\u00e7\u00e3o Municipal de Teut\u00f4nia - Folha Popular\" \/>\n<meta property=\"og:description\" content=\"O Partido Liberal de Teut\u00f4nia, na pessoa da presidente Alana Gausmann Flores, comunicou na noite desta ter\u00e7a-feira (30\/1) que n\u00e3o faz mais parte da base governista da Administra\u00e7\u00e3o Municipal de Teut\u00f4nia, chefiada por Celso Alo\u00edsio Forneck. A aus\u00eancia da vice-prefeita Aline R\u00f6hrig Kohl na presta\u00e7\u00e3o de contas da manh\u00e3 de hoje poderia ser um indicativo [&hellip;]\" \/>\n<meta property=\"og:url\" content=\"https:\/\/folhapopular.info\/index.php\/2024\/01\/30\/pl-deixa-a-base-governista-da-administracao-municipal-de-teutonia\/\" \/>\n<meta property=\"og:site_name\" content=\"Folha Popular\" \/>\n<meta property=\"article:published_time\" content=\"2024-01-31T00:44:22+00:00\" \/>\n<meta property=\"article:modified_time\" content=\"2024-01-31T11:00:16+00:00\" \/>\n<meta property=\"og:image\" content=\"http:\/\/folhapopular.info\/wp-content\/uploads\/2018\/12\/Prefeitura-de-Teut\u00f4nia-ter\u00e1-concurso-para-36-cargos-e-processo-seletivo-para-visitadores-do-PIM-e1545237335806.jpg\" \/>\n\t<meta property=\"og:image:width\" content=\"800\" \/>\n\t<meta property=\"og:image:height\" content=\"533\" \/>\n\t<meta property=\"og:image:type\" content=\"image\/jpeg\" \/>\n<meta name=\"author\" content=\"Camille Lenz da Silva\" \/>\n<meta name=\"twitter:card\" content=\"summary_large_image\" \/>\n<meta name=\"twitter:label1\" content=\"Escrito por\" \/>\n\t<meta name=\"twitter:data1\" content=\"Camille Lenz da Silva\" \/>\n\t<meta name=\"twitter:label2\" content=\"Est. tempo de leitura\" \/>\n\t<meta name=\"twitter:data2\" content=\"3 minutos\" \/>\n<script type=\"application\/ld+json\" class=\"yoast-schema-graph\">{\"@context\":\"https:\\\/\\\/schema.org\",\"@graph\":[{\"@type\":\"Article\",\"@id\":\"https:\\\/\\\/folhapopular.info\\\/index.php\\\/2024\\\/01\\\/30\\\/pl-deixa-a-base-governista-da-administracao-municipal-de-teutonia\\\/#article\",\"isPartOf\":{\"@id\":\"https:\\\/\\\/folhapopular.info\\\/index.php\\\/2024\\\/01\\\/30\\\/pl-deixa-a-base-governista-da-administracao-municipal-de-teutonia\\\/\"},\"author\":{\"name\":\"Camille Lenz da Silva\",\"@id\":\"https:\\\/\\\/folhapopular.info\\\/#\\\/schema\\\/person\\\/f0b811f932ef2505faf473ffaef49df5\"},\"headline\":\"PL deixa a base governista da Administra\u00e7\u00e3o Municipal de Teut\u00f4nia\",\"datePublished\":\"2024-01-31T00:44:22+00:00\",\"dateModified\":\"2024-01-31T11:00:16+00:00\",\"mainEntityOfPage\":{\"@id\":\"https:\\\/\\\/folhapopular.info\\\/index.php\\\/2024\\\/01\\\/30\\\/pl-deixa-a-base-governista-da-administracao-municipal-de-teutonia\\\/\"},\"wordCount\":387,\"commentCount\":0,\"image\":{\"@id\":\"https:\\\/\\\/folhapopular.info\\\/index.php\\\/2024\\\/01\\\/30\\\/pl-deixa-a-base-governista-da-administracao-municipal-de-teutonia\\\/#primaryimage\"},\"thumbnailUrl\":\"https:\\\/\\\/folhapopular.info\\\/wp-content\\\/uploads\\\/2018\\\/12\\\/Prefeitura-de-Teut\u00f4nia-ter\u00e1-concurso-para-36-cargos-e-processo-seletivo-para-visitadores-do-PIM-e1545237335806.jpg\",\"keywords\":[\"partido liberal\",\"Teut\u00f4nia\"],\"articleSection\":[\"Destaques\",\"Pol\u00edtica\"],\"inLanguage\":\"pt-BR\",\"potentialAction\":[{\"@type\":\"CommentAction\",\"name\":\"Comment\",\"target\":[\"https:\\\/\\\/folhapopular.info\\\/index.php\\\/2024\\\/01\\\/30\\\/pl-deixa-a-base-governista-da-administracao-municipal-de-teutonia\\\/#respond\"]}]},{\"@type\":\"WebPage\",\"@id\":\"https:\\\/\\\/folhapopular.info\\\/index.php\\\/2024\\\/01\\\/30\\\/pl-deixa-a-base-governista-da-administracao-municipal-de-teutonia\\\/\",\"url\":\"https:\\\/\\\/folhapopular.info\\\/index.php\\\/2024\\\/01\\\/30\\\/pl-deixa-a-base-governista-da-administracao-municipal-de-teutonia\\\/\",\"name\":\"PL deixa a base governista da Administra\u00e7\u00e3o Municipal de Teut\u00f4nia - Folha Popular\",\"isPartOf\":{\"@id\":\"https:\\\/\\\/folhapopular.info\\\/#website\"},\"primaryImageOfPage\":{\"@id\":\"https:\\\/\\\/folhapopular.info\\\/index.php\\\/2024\\\/01\\\/30\\\/pl-deixa-a-base-governista-da-administracao-municipal-de-teutonia\\\/#primaryimage\"},\"image\":{\"@id\":\"https:\\\/\\\/folhapopular.info\\\/index.php\\\/2024\\\/01\\\/30\\\/pl-deixa-a-base-governista-da-administracao-municipal-de-teutonia\\\/#primaryimage\"},\"thumbnailUrl\":\"https:\\\/\\\/folhapopular.info\\\/wp-content\\\/uploads\\\/2018\\\/12\\\/Prefeitura-de-Teut\u00f4nia-ter\u00e1-concurso-para-36-cargos-e-processo-seletivo-para-visitadores-do-PIM-e1545237335806.jpg\",\"datePublished\":\"2024-01-31T00:44:22+00:00\",\"dateModified\":\"2024-01-31T11:00:16+00:00\",\"author\":{\"@id\":\"https:\\\/\\\/folhapopular.info\\\/#\\\/schema\\\/person\\\/f0b811f932ef2505faf473ffaef49df5\"},\"breadcrumb\":{\"@id\":\"https:\\\/\\\/folhapopular.info\\\/index.php\\\/2024\\\/01\\\/30\\\/pl-deixa-a-base-governista-da-administracao-municipal-de-teutonia\\\/#breadcrumb\"},\"inLanguage\":\"pt-BR\",\"potentialAction\":[{\"@type\":\"ReadAction\",\"target\":[\"https:\\\/\\\/folhapopular.info\\\/index.php\\\/2024\\\/01\\\/30\\\/pl-deixa-a-base-governista-da-administracao-municipal-de-teutonia\\\/\"]}]},{\"@type\":\"ImageObject\",\"inLanguage\":\"pt-BR\",\"@id\":\"https:\\\/\\\/folhapopular.info\\\/index.php\\\/2024\\\/01\\\/30\\\/pl-deixa-a-base-governista-da-administracao-municipal-de-teutonia\\\/#primaryimage\",\"url\":\"https:\\\/\\\/folhapopular.info\\\/wp-content\\\/uploads\\\/2018\\\/12\\\/Prefeitura-de-Teut\u00f4nia-ter\u00e1-concurso-para-36-cargos-e-processo-seletivo-para-visitadores-do-PIM-e1545237335806.jpg\",\"contentUrl\":\"https:\\\/\\\/folhapopular.info\\\/wp-content\\\/uploads\\\/2018\\\/12\\\/Prefeitura-de-Teut\u00f4nia-ter\u00e1-concurso-para-36-cargos-e-processo-seletivo-para-visitadores-do-PIM-e1545237335806.jpg\",\"width\":800,\"height\":533,\"caption\":\"Cr\u00e9dito da foto: \u00c9dson Lu\u00eds Schaeffer \\\/ Divulga\u00e7\u00e3o\"},{\"@type\":\"BreadcrumbList\",\"@id\":\"https:\\\/\\\/folhapopular.info\\\/index.php\\\/2024\\\/01\\\/30\\\/pl-deixa-a-base-governista-da-administracao-municipal-de-teutonia\\\/#breadcrumb\",\"itemListElement\":[{\"@type\":\"ListItem\",\"position\":1,\"name\":\"In\u00edcio\",\"item\":\"https:\\\/\\\/folhapopular.info\\\/\"},{\"@type\":\"ListItem\",\"position\":2,\"name\":\"PL deixa a base governista da Administra\u00e7\u00e3o Municipal de Teut\u00f4nia\"}]},{\"@type\":\"WebSite\",\"@id\":\"https:\\\/\\\/folhapopular.info\\\/#website\",\"url\":\"https:\\\/\\\/folhapopular.info\\\/\",\"name\":\"Folha Popular\",\"description\":\"Onde voc\u00ea tem vez e voz\",\"potentialAction\":[{\"@type\":\"SearchAction\",\"target\":{\"@type\":\"EntryPoint\",\"urlTemplate\":\"https:\\\/\\\/folhapopular.info\\\/?s={search_term_string}\"},\"query-input\":{\"@type\":\"PropertyValueSpecification\",\"valueRequired\":true,\"valueName\":\"search_term_string\"}}],\"inLanguage\":\"pt-BR\"},{\"@type\":\"Person\",\"@id\":\"https:\\\/\\\/folhapopular.info\\\/#\\\/schema\\\/person\\\/f0b811f932ef2505faf473ffaef49df5\",\"name\":\"Camille Lenz da Silva\",\"image\":{\"@type\":\"ImageObject\",\"inLanguage\":\"pt-BR\",\"@id\":\"https:\\\/\\\/secure.gravatar.com\\\/avatar\\\/50be826d73ca259ec0e0a88a407f5de800c576c46cfdc57e50ef28551e216fff?s=96&d=mm&r=g\",\"url\":\"https:\\\/\\\/secure.gravatar.com\\\/avatar\\\/50be826d73ca259ec0e0a88a407f5de800c576c46cfdc57e50ef28551e216fff?s=96&d=mm&r=g\",\"contentUrl\":\"https:\\\/\\\/secure.gravatar.com\\\/avatar\\\/50be826d73ca259ec0e0a88a407f5de800c576c46cfdc57e50ef28551e216fff?s=96&d=mm&r=g\",\"caption\":\"Camille Lenz da Silva\"},\"url\":\"https:\\\/\\\/folhapopular.info\\\/index.php\\\/author\\\/camillelenzgmail-com\\\/\"}]}<\/script>\n<!-- \/ Yoast SEO plugin. -->","yoast_head_json":{"title":"PL deixa a base governista da Administra\u00e7\u00e3o Municipal de Teut\u00f4nia - Folha Popular","robots":{"index":"index","follow":"follow","max-snippet":"max-snippet:-1","max-image-preview":"max-image-preview:large","max-video-preview":"max-video-preview:-1"},"canonical":"https:\/\/folhapopular.info\/index.php\/2024\/01\/30\/pl-deixa-a-base-governista-da-administracao-municipal-de-teutonia\/","og_locale":"pt_BR","og_type":"article","og_title":"PL deixa a base governista da Administra\u00e7\u00e3o Municipal de Teut\u00f4nia - Folha Popular","og_description":"O Partido Liberal de Teut\u00f4nia, na pessoa da presidente Alana Gausmann Flores, comunicou na noite desta ter\u00e7a-feira (30\/1) que n\u00e3o faz mais parte da base governista da Administra\u00e7\u00e3o Municipal de Teut\u00f4nia, chefiada por Celso Alo\u00edsio Forneck. A aus\u00eancia da vice-prefeita Aline R\u00f6hrig Kohl na presta\u00e7\u00e3o de contas da manh\u00e3 de hoje poderia ser um indicativo [&hellip;]","og_url":"https:\/\/folhapopular.info\/index.php\/2024\/01\/30\/pl-deixa-a-base-governista-da-administracao-municipal-de-teutonia\/","og_site_name":"Folha Popular","article_published_time":"2024-01-31T00:44:22+00:00","article_modified_time":"2024-01-31T11:00:16+00:00","og_image":[{"width":800,"height":533,"url":"http:\/\/folhapopular.info\/wp-content\/uploads\/2018\/12\/Prefeitura-de-Teut\u00f4nia-ter\u00e1-concurso-para-36-cargos-e-processo-seletivo-para-visitadores-do-PIM-e1545237335806.jpg","type":"image\/jpeg"}],"author":"Camille Lenz da Silva","twitter_card":"summary_large_image","twitter_misc":{"Escrito por":"Camille Lenz da Silva","Est. tempo de leitura":"3 minutos"},"schema":{"@context":"https:\/\/schema.org","@graph":[{"@type":"Article","@id":"https:\/\/folhapopular.info\/index.php\/2024\/01\/30\/pl-deixa-a-base-governista-da-administracao-municipal-de-teutonia\/#article","isPartOf":{"@id":"https:\/\/folhapopular.info\/index.php\/2024\/01\/30\/pl-deixa-a-base-governista-da-administracao-municipal-de-teutonia\/"},"author":{"name":"Camille Lenz da Silva","@id":"https:\/\/folhapopular.info\/#\/schema\/person\/f0b811f932ef2505faf473ffaef49df5"},"headline":"PL deixa a base governista da Administra\u00e7\u00e3o Municipal de Teut\u00f4nia","datePublished":"2024-01-31T00:44:22+00:00","dateModified":"2024-01-31T11:00:16+00:00","mainEntityOfPage":{"@id":"https:\/\/folhapopular.info\/index.php\/2024\/01\/30\/pl-deixa-a-base-governista-da-administracao-municipal-de-teutonia\/"},"wordCount":387,"commentCount":0,"image":{"@id":"https:\/\/folhapopular.info\/index.php\/2024\/01\/30\/pl-deixa-a-base-governista-da-administracao-municipal-de-teutonia\/#primaryimage"},"thumbnailUrl":"https:\/\/folhapopular.info\/wp-content\/uploads\/2018\/12\/Prefeitura-de-Teut\u00f4nia-ter\u00e1-concurso-para-36-cargos-e-processo-seletivo-para-visitadores-do-PIM-e1545237335806.jpg","keywords":["partido liberal","Teut\u00f4nia"],"articleSection":["Destaques","Pol\u00edtica"],"inLanguage":"pt-BR","potentialAction":[{"@type":"CommentAction","name":"Comment","target":["https:\/\/folhapopular.info\/index.php\/2024\/01\/30\/pl-deixa-a-base-governista-da-administracao-municipal-de-teutonia\/#respond"]}]},{"@type":"WebPage","@id":"https:\/\/folhapopular.info\/index.php\/2024\/01\/30\/pl-deixa-a-base-governista-da-administracao-municipal-de-teutonia\/","url":"https:\/\/folhapopular.info\/index.php\/2024\/01\/30\/pl-deixa-a-base-governista-da-administracao-municipal-de-teutonia\/","name":"PL deixa a base governista da Administra\u00e7\u00e3o Municipal de Teut\u00f4nia - Folha Popular","isPartOf":{"@id":"https:\/\/folhapopular.info\/#website"},"primaryImageOfPage":{"@id":"https:\/\/folhapopular.info\/index.php\/2024\/01\/30\/pl-deixa-a-base-governista-da-administracao-municipal-de-teutonia\/#primaryimage"},"image":{"@id":"https:\/\/folhapopular.info\/index.php\/2024\/01\/30\/pl-deixa-a-base-governista-da-administracao-municipal-de-teutonia\/#primaryimage"},"thumbnailUrl":"https:\/\/folhapopular.info\/wp-content\/uploads\/2018\/12\/Prefeitura-de-Teut\u00f4nia-ter\u00e1-concurso-para-36-cargos-e-processo-seletivo-para-visitadores-do-PIM-e1545237335806.jpg","datePublished":"2024-01-31T00:44:22+00:00","dateModified":"2024-01-31T11:00:16+00:00","author":{"@id":"https:\/\/folhapopular.info\/#\/schema\/person\/f0b811f932ef2505faf473ffaef49df5"},"breadcrumb":{"@id":"https:\/\/folhapopular.info\/index.php\/2024\/01\/30\/pl-deixa-a-base-governista-da-administracao-municipal-de-teutonia\/#breadcrumb"},"inLanguage":"pt-BR","potentialAction":[{"@type":"ReadAction","target":["https:\/\/folhapopular.info\/index.php\/2024\/01\/30\/pl-deixa-a-base-governista-da-administracao-municipal-de-teutonia\/"]}]},{"@type":"ImageObject","inLanguage":"pt-BR","@id":"https:\/\/folhapopular.info\/index.php\/2024\/01\/30\/pl-deixa-a-base-governista-da-administracao-municipal-de-teutonia\/#primaryimage","url":"https:\/\/folhapopular.info\/wp-content\/uploads\/2018\/12\/Prefeitura-de-Teut\u00f4nia-ter\u00e1-concurso-para-36-cargos-e-processo-seletivo-para-visitadores-do-PIM-e1545237335806.jpg","contentUrl":"https:\/\/folhapopular.info\/wp-content\/uploads\/2018\/12\/Prefeitura-de-Teut\u00f4nia-ter\u00e1-concurso-para-36-cargos-e-processo-seletivo-para-visitadores-do-PIM-e1545237335806.jpg","width":800,"height":533,"caption":"Cr\u00e9dito da foto: \u00c9dson Lu\u00eds Schaeffer \/ Divulga\u00e7\u00e3o"},{"@type":"BreadcrumbList","@id":"https:\/\/folhapopular.info\/index.php\/2024\/01\/30\/pl-deixa-a-base-governista-da-administracao-municipal-de-teutonia\/#breadcrumb","itemListElement":[{"@type":"ListItem","position":1,"name":"In\u00edcio","item":"https:\/\/folhapopular.info\/"},{"@type":"ListItem","position":2,"name":"PL deixa a base governista da Administra\u00e7\u00e3o Municipal de Teut\u00f4nia"}]},{"@type":"WebSite","@id":"https:\/\/folhapopular.info\/#website","url":"https:\/\/folhapopular.info\/","name":"Folha Popular","description":"Onde voc\u00ea tem vez e voz","potentialAction":[{"@type":"SearchAction","target":{"@type":"EntryPoint","urlTemplate":"https:\/\/folhapopular.info\/?s={search_term_string}"},"query-input":{"@type":"PropertyValueSpecification","valueRequired":true,"valueName":"search_term_string"}}],"inLanguage":"pt-BR"},{"@type":"Person","@id":"https:\/\/folhapopular.info\/#\/schema\/person\/f0b811f932ef2505faf473ffaef49df5","name":"Camille Lenz da Silva","image":{"@type":"ImageObject","inLanguage":"pt-BR","@id":"https:\/\/secure.gravatar.com\/avatar\/50be826d73ca259ec0e0a88a407f5de800c576c46cfdc57e50ef28551e216fff?s=96&d=mm&r=g","url":"https:\/\/secure.gravatar.com\/avatar\/50be826d73ca259ec0e0a88a407f5de800c576c46cfdc57e50ef28551e216fff?s=96&d=mm&r=g","contentUrl":"https:\/\/secure.gravatar.com\/avatar\/50be826d73ca259ec0e0a88a407f5de800c576c46cfdc57e50ef28551e216fff?s=96&d=mm&r=g","caption":"Camille Lenz da Silva"},"url":"https:\/\/folhapopular.info\/index.php\/author\/camillelenzgmail-com\/"}]}},"jetpack_featured_media_url":"https:\/\/folhapopular.info\/wp-content\/uploads\/2018\/12\/Prefeitura-de-Teut\u00f4nia-ter\u00e1-concurso-para-36-cargos-e-processo-seletivo-para-visitadores-do-PIM-e1545237335806.jpg","jetpack_sharing_enabled":true,"amp_enabled":true,"_links":{"self":[{"href":"https:\/\/folhapopular.info\/index.php\/wp-json\/wp\/v2\/posts\/149094","targetHints":{"allow":["GET"]}}],"collection":[{"href":"https:\/\/folhapopular.info\/index.php\/wp-json\/wp\/v2\/posts"}],"about":[{"href":"https:\/\/folhapopular.info\/index.php\/wp-json\/wp\/v2\/types\/post"}],"author":[{"embeddable":true,"href":"https:\/\/folhapopular.info\/index.php\/wp-json\/wp\/v2\/users\/639"}],"replies":[{"embeddable":true,"href":"https:\/\/folhapopular.info\/index.php\/wp-json\/wp\/v2\/comments?post=149094"}],"version-history":[{"count":0,"href":"https:\/\/folhapopular.info\/index.php\/wp-json\/wp\/v2\/posts\/149094\/revisions"}],"wp:featuredmedia":[{"embeddable":true,"href":"https:\/\/folhapopular.info\/index.php\/wp-json\/wp\/v2\/media\/51389"}],"wp:attachment":[{"href":"https:\/\/folhapopular.info\/index.php\/wp-json\/wp\/v2\/media?parent=149094"}],"wp:term":[{"taxonomy":"category","embeddable":true,"href":"https:\/\/folhapopular.info\/index.php\/wp-json\/wp\/v2\/categories?post=149094"},{"taxonomy":"post_tag","embeddable":true,"href":"https:\/\/folhapopular.info\/index.php\/wp-json\/wp\/v2\/tags?post=149094"}],"curies":[{"name":"wp","href":"https:\/\/api.w.org\/{rel}","templated":true}]}}