{"id":149102,"date":"2024-01-30T22:51:43","date_gmt":"2024-01-31T01:51:43","guid":{"rendered":"https:\/\/folhapopular.info\/?p=149102"},"modified":"2024-01-30T22:59:59","modified_gmt":"2024-01-31T01:59:59","slug":"pdt-se-pronunciara-sobre-saida-do-pl-apos-reuniao-interna","status":"publish","type":"post","link":"https:\/\/folhapopular.info\/index.php\/2024\/01\/30\/pdt-se-pronunciara-sobre-saida-do-pl-apos-reuniao-interna\/","title":{"rendered":"PDT se pronunciar\u00e1 sobre sa\u00edda do PL ap\u00f3s reuni\u00e3o interna"},"content":{"rendered":"\n<p>O presidente do Partido Democr\u00e1tico Trabalhista (PDT) de Teut\u00f4nia, vereador licenciado e secret\u00e1rio de Sa\u00fade, Juliano Renato K\u00f6rner, preferiu ainda n\u00e3o comentar a <strong><a href=\"https:\/\/folhapopular.info\/index.php\/2024\/01\/30\/pl-deixa-a-base-governista-da-administracao-municipal-de-teutonia\/\">not\u00edcia da sa\u00edda do PL da base aliada do governo municipal<\/a><\/strong>. <strong>&#8220;PDT ter\u00e1 reuni\u00e3o amanh\u00e3 e logo depois da mesma te respondo&#8221;<\/strong>, informou K\u00f6rner ap\u00f3s contato da reportagem do Grupo Popular ainda nesta noite de ter\u00e7a-feira (30\/1). Ele tamb\u00e9m n\u00e3o comentou a foto tirada recentemente com o l\u00edder do PSDB e pr\u00e9-candidato a prefeito, Jonatan Br\u00f6nstrup.<\/p>\n\n\n\n<p>Ainda tentamos contato com o prefeito Celso Alo\u00edsio Forneck, por\u00e9m o mesmo n\u00e3o retornou at\u00e9 a publica\u00e7\u00e3o desta mat\u00e9ria. Na manh\u00e3 de hoje (30\/1), Forneck justificou brevemente a aus\u00eancia da vice-prefeita Aline na abertura da presta\u00e7\u00e3o de contas da gest\u00e3o: &#8220;teve um pequeno contratempo e deve chegar em seguida&#8221;. Todavia, a vice-prefeita n\u00e3o apareceu, o que j\u00e1 foi algo estranho para quem acompanha a pol\u00edtica de Teut\u00f4nia.<\/p>\n\n\n\n<p><strong>Esta \u00e9 a terceira gest\u00e3o que o PDT tem o prefeito de Teut\u00f4nia. E pela terceira vez h\u00e1 um rompimento com o vice-prefeito.<\/strong><\/p>\n\n\n\n<p>Em <strong>1988<\/strong>, Silv\u00e9rio Luersen (prefeito) foi eleito com Jos\u00e9 Danilo Jantsch como vice-prefeito para 1989 a 1992; a rela\u00e7\u00e3o n\u00e3o durou muito tempo e Jantsch &#8220;desembarcou&#8221; da gest\u00e3o.<\/p>\n\n\n\n<p>Em <strong>2004<\/strong>, Silv\u00e9rio Luersen (prefeito) foi eleito com Renato Airton Altmann como vice-prefeito para 2005 a 2008; dois anos depois, Altmann anunciou o rompimento.<\/p>\n\n\n\n<p>Em <strong>2020<\/strong>, Celso Forneck (prefeito) foi eleito com Aline R\u00f6hrig Kohl como vice-prefeita para o mandato 2021-2024; tr\u00eas anos depois, Aline e o PL saem do governo.<\/p>\n\n\n\n<p>Aline R\u00f6hrig Kohl n\u00e3o precisa renunciar ao cargo. Ela se mant\u00e9m como vice-prefeita at\u00e9 o fim deste ano, quando encerra o mandato. Ela pode concorrer livremente para qualquer cargo na elei\u00e7\u00e3o municipal deste ano.<\/p>\n\n\n\n<p>Caso Celso Forneck precise se afastar do cargo por viagem, sa\u00fade ou f\u00e9rias, a vice-prefeita pode assumir o cargo de prefeita em exerc\u00edcio. E na impossibilidade dela assumir, o presidente da C\u00e2mara de Vereadores, Jorge Hagemann (PDT, mas com rusgas com o governo), pode figurar como prefeito em exerc\u00edcio.<\/p>\n","protected":false},"excerpt":{"rendered":"<p>O presidente do Partido Democr\u00e1tico Trabalhista (PDT) de Teut\u00f4nia, vereador licenciado e secret\u00e1rio de Sa\u00fade, Juliano Renato K\u00f6rner, preferiu ainda n\u00e3o comentar a not\u00edcia da sa\u00edda do PL da base aliada do governo municipal. &#8220;PDT ter\u00e1 reuni\u00e3o amanh\u00e3 e logo depois da mesma te respondo&#8221;, informou K\u00f6rner ap\u00f3s contato da reportagem do Grupo Popular ainda [&hellip;]<\/p>\n","protected":false},"author":7,"featured_media":133003,"comment_status":"open","ping_status":"open","sticky":false,"template":"","format":"standard","meta":{"pmpro_default_level":"","_jetpack_memberships_contains_paid_content":false,"footnotes":""},"categories":[2,3553,10985],"tags":[13513,6129,26],"class_list":{"0":"post-149102","1":"post","2":"type-post","3":"status-publish","4":"format-standard","5":"has-post-thumbnail","7":"category-featured","8":"category-eleicoes","9":"category-politica","10":"tag-eleicoes-2024","11":"tag-pdt","12":"tag-teutonia","13":"pmpro-has-access"},"yoast_head":"<!-- This site is optimized with the Yoast SEO plugin v27.5 - https:\/\/yoast.com\/product\/yoast-seo-wordpress\/ -->\n<title>PDT se pronunciar\u00e1 sobre sa\u00edda do PL ap\u00f3s reuni\u00e3o interna - Folha Popular<\/title>\n<meta name=\"robots\" content=\"index, follow, max-snippet:-1, max-image-preview:large, max-video-preview:-1\" \/>\n<link rel=\"canonical\" href=\"https:\/\/folhapopular.info\/index.php\/2024\/01\/30\/pdt-se-pronunciara-sobre-saida-do-pl-apos-reuniao-interna\/\" \/>\n<meta property=\"og:locale\" content=\"pt_BR\" \/>\n<meta property=\"og:type\" content=\"article\" \/>\n<meta property=\"og:title\" content=\"PDT se pronunciar\u00e1 sobre sa\u00edda do PL ap\u00f3s reuni\u00e3o interna - Folha Popular\" \/>\n<meta property=\"og:description\" content=\"O presidente do Partido Democr\u00e1tico Trabalhista (PDT) de Teut\u00f4nia, vereador licenciado e secret\u00e1rio de Sa\u00fade, Juliano Renato K\u00f6rner, preferiu ainda n\u00e3o comentar a not\u00edcia da sa\u00edda do PL da base aliada do governo municipal. &#8220;PDT ter\u00e1 reuni\u00e3o amanh\u00e3 e logo depois da mesma te respondo&#8221;, informou K\u00f6rner ap\u00f3s contato da reportagem do Grupo Popular ainda [&hellip;]\" \/>\n<meta property=\"og:url\" content=\"https:\/\/folhapopular.info\/index.php\/2024\/01\/30\/pdt-se-pronunciara-sobre-saida-do-pl-apos-reuniao-interna\/\" \/>\n<meta property=\"og:site_name\" content=\"Folha Popular\" \/>\n<meta property=\"article:published_time\" content=\"2024-01-31T01:51:43+00:00\" \/>\n<meta property=\"article:modified_time\" content=\"2024-01-31T01:59:59+00:00\" \/>\n<meta property=\"og:image\" content=\"http:\/\/folhapopular.info\/wp-content\/uploads\/2023\/07\/Juliano-Korner.jpeg\" \/>\n\t<meta property=\"og:image:width\" content=\"1024\" \/>\n\t<meta property=\"og:image:height\" content=\"690\" \/>\n\t<meta property=\"og:image:type\" content=\"image\/jpeg\" \/>\n<meta name=\"author\" content=\"Lucas Leandro Brune\" \/>\n<meta name=\"twitter:card\" content=\"summary_large_image\" \/>\n<meta name=\"twitter:label1\" content=\"Escrito por\" \/>\n\t<meta name=\"twitter:data1\" content=\"Lucas Leandro Brune\" \/>\n\t<meta name=\"twitter:label2\" content=\"Est. tempo de leitura\" \/>\n\t<meta name=\"twitter:data2\" content=\"3 minutos\" \/>\n<script type=\"application\/ld+json\" class=\"yoast-schema-graph\">{\"@context\":\"https:\\\/\\\/schema.org\",\"@graph\":[{\"@type\":\"Article\",\"@id\":\"https:\\\/\\\/folhapopular.info\\\/index.php\\\/2024\\\/01\\\/30\\\/pdt-se-pronunciara-sobre-saida-do-pl-apos-reuniao-interna\\\/#article\",\"isPartOf\":{\"@id\":\"https:\\\/\\\/folhapopular.info\\\/index.php\\\/2024\\\/01\\\/30\\\/pdt-se-pronunciara-sobre-saida-do-pl-apos-reuniao-interna\\\/\"},\"author\":{\"name\":\"Lucas Leandro Brune\",\"@id\":\"https:\\\/\\\/folhapopular.info\\\/#\\\/schema\\\/person\\\/533a15f60cd49e81ab3a90b4ca33cb36\"},\"headline\":\"PDT se pronunciar\u00e1 sobre sa\u00edda do PL ap\u00f3s reuni\u00e3o interna\",\"datePublished\":\"2024-01-31T01:51:43+00:00\",\"dateModified\":\"2024-01-31T01:59:59+00:00\",\"mainEntityOfPage\":{\"@id\":\"https:\\\/\\\/folhapopular.info\\\/index.php\\\/2024\\\/01\\\/30\\\/pdt-se-pronunciara-sobre-saida-do-pl-apos-reuniao-interna\\\/\"},\"wordCount\":380,\"commentCount\":0,\"image\":{\"@id\":\"https:\\\/\\\/folhapopular.info\\\/index.php\\\/2024\\\/01\\\/30\\\/pdt-se-pronunciara-sobre-saida-do-pl-apos-reuniao-interna\\\/#primaryimage\"},\"thumbnailUrl\":\"https:\\\/\\\/folhapopular.info\\\/wp-content\\\/uploads\\\/2023\\\/07\\\/Juliano-Korner.jpeg\",\"keywords\":[\"Elei\u00e7\u00f5es 2024\",\"PDT\",\"Teut\u00f4nia\"],\"articleSection\":[\"Destaques\",\"Elei\u00e7\u00f5es\",\"Pol\u00edtica\"],\"inLanguage\":\"pt-BR\",\"potentialAction\":[{\"@type\":\"CommentAction\",\"name\":\"Comment\",\"target\":[\"https:\\\/\\\/folhapopular.info\\\/index.php\\\/2024\\\/01\\\/30\\\/pdt-se-pronunciara-sobre-saida-do-pl-apos-reuniao-interna\\\/#respond\"]}]},{\"@type\":\"WebPage\",\"@id\":\"https:\\\/\\\/folhapopular.info\\\/index.php\\\/2024\\\/01\\\/30\\\/pdt-se-pronunciara-sobre-saida-do-pl-apos-reuniao-interna\\\/\",\"url\":\"https:\\\/\\\/folhapopular.info\\\/index.php\\\/2024\\\/01\\\/30\\\/pdt-se-pronunciara-sobre-saida-do-pl-apos-reuniao-interna\\\/\",\"name\":\"PDT se pronunciar\u00e1 sobre sa\u00edda do PL ap\u00f3s reuni\u00e3o interna - Folha Popular\",\"isPartOf\":{\"@id\":\"https:\\\/\\\/folhapopular.info\\\/#website\"},\"primaryImageOfPage\":{\"@id\":\"https:\\\/\\\/folhapopular.info\\\/index.php\\\/2024\\\/01\\\/30\\\/pdt-se-pronunciara-sobre-saida-do-pl-apos-reuniao-interna\\\/#primaryimage\"},\"image\":{\"@id\":\"https:\\\/\\\/folhapopular.info\\\/index.php\\\/2024\\\/01\\\/30\\\/pdt-se-pronunciara-sobre-saida-do-pl-apos-reuniao-interna\\\/#primaryimage\"},\"thumbnailUrl\":\"https:\\\/\\\/folhapopular.info\\\/wp-content\\\/uploads\\\/2023\\\/07\\\/Juliano-Korner.jpeg\",\"datePublished\":\"2024-01-31T01:51:43+00:00\",\"dateModified\":\"2024-01-31T01:59:59+00:00\",\"author\":{\"@id\":\"https:\\\/\\\/folhapopular.info\\\/#\\\/schema\\\/person\\\/533a15f60cd49e81ab3a90b4ca33cb36\"},\"breadcrumb\":{\"@id\":\"https:\\\/\\\/folhapopular.info\\\/index.php\\\/2024\\\/01\\\/30\\\/pdt-se-pronunciara-sobre-saida-do-pl-apos-reuniao-interna\\\/#breadcrumb\"},\"inLanguage\":\"pt-BR\",\"potentialAction\":[{\"@type\":\"ReadAction\",\"target\":[\"https:\\\/\\\/folhapopular.info\\\/index.php\\\/2024\\\/01\\\/30\\\/pdt-se-pronunciara-sobre-saida-do-pl-apos-reuniao-interna\\\/\"]}]},{\"@type\":\"ImageObject\",\"inLanguage\":\"pt-BR\",\"@id\":\"https:\\\/\\\/folhapopular.info\\\/index.php\\\/2024\\\/01\\\/30\\\/pdt-se-pronunciara-sobre-saida-do-pl-apos-reuniao-interna\\\/#primaryimage\",\"url\":\"https:\\\/\\\/folhapopular.info\\\/wp-content\\\/uploads\\\/2023\\\/07\\\/Juliano-Korner.jpeg\",\"contentUrl\":\"https:\\\/\\\/folhapopular.info\\\/wp-content\\\/uploads\\\/2023\\\/07\\\/Juliano-Korner.jpeg\",\"width\":1024,\"height\":690,\"caption\":\"Juliano Renato K\u00f6rner \u00e9 secret\u00e1rio de Sa\u00fade desde o in\u00edcio da gest\u00e3o Forneck-Aline\"},{\"@type\":\"BreadcrumbList\",\"@id\":\"https:\\\/\\\/folhapopular.info\\\/index.php\\\/2024\\\/01\\\/30\\\/pdt-se-pronunciara-sobre-saida-do-pl-apos-reuniao-interna\\\/#breadcrumb\",\"itemListElement\":[{\"@type\":\"ListItem\",\"position\":1,\"name\":\"In\u00edcio\",\"item\":\"https:\\\/\\\/folhapopular.info\\\/\"},{\"@type\":\"ListItem\",\"position\":2,\"name\":\"PDT se pronunciar\u00e1 sobre sa\u00edda do PL ap\u00f3s reuni\u00e3o interna\"}]},{\"@type\":\"WebSite\",\"@id\":\"https:\\\/\\\/folhapopular.info\\\/#website\",\"url\":\"https:\\\/\\\/folhapopular.info\\\/\",\"name\":\"Folha Popular\",\"description\":\"Onde voc\u00ea tem vez e voz\",\"potentialAction\":[{\"@type\":\"SearchAction\",\"target\":{\"@type\":\"EntryPoint\",\"urlTemplate\":\"https:\\\/\\\/folhapopular.info\\\/?s={search_term_string}\"},\"query-input\":{\"@type\":\"PropertyValueSpecification\",\"valueRequired\":true,\"valueName\":\"search_term_string\"}}],\"inLanguage\":\"pt-BR\"},{\"@type\":\"Person\",\"@id\":\"https:\\\/\\\/folhapopular.info\\\/#\\\/schema\\\/person\\\/533a15f60cd49e81ab3a90b4ca33cb36\",\"name\":\"Lucas Leandro Brune\",\"image\":{\"@type\":\"ImageObject\",\"inLanguage\":\"pt-BR\",\"@id\":\"https:\\\/\\\/folhapopular.info\\\/wp-content\\\/uploads\\\/2026\\\/04\\\/LUCAS-1-1.webp\",\"url\":\"https:\\\/\\\/folhapopular.info\\\/wp-content\\\/uploads\\\/2026\\\/04\\\/LUCAS-1-1.webp\",\"contentUrl\":\"https:\\\/\\\/folhapopular.info\\\/wp-content\\\/uploads\\\/2026\\\/04\\\/LUCAS-1-1.webp\",\"caption\":\"Lucas Leandro Brune\"},\"description\":\"Jornalista Profissional Diplomado MTB\\\/RS 14.333\",\"url\":\"https:\\\/\\\/folhapopular.info\\\/index.php\\\/author\\\/lucas-brune\\\/\"}]}<\/script>\n<!-- \/ Yoast SEO plugin. -->","yoast_head_json":{"title":"PDT se pronunciar\u00e1 sobre sa\u00edda do PL ap\u00f3s reuni\u00e3o interna - Folha Popular","robots":{"index":"index","follow":"follow","max-snippet":"max-snippet:-1","max-image-preview":"max-image-preview:large","max-video-preview":"max-video-preview:-1"},"canonical":"https:\/\/folhapopular.info\/index.php\/2024\/01\/30\/pdt-se-pronunciara-sobre-saida-do-pl-apos-reuniao-interna\/","og_locale":"pt_BR","og_type":"article","og_title":"PDT se pronunciar\u00e1 sobre sa\u00edda do PL ap\u00f3s reuni\u00e3o interna - Folha Popular","og_description":"O presidente do Partido Democr\u00e1tico Trabalhista (PDT) de Teut\u00f4nia, vereador licenciado e secret\u00e1rio de Sa\u00fade, Juliano Renato K\u00f6rner, preferiu ainda n\u00e3o comentar a not\u00edcia da sa\u00edda do PL da base aliada do governo municipal. &#8220;PDT ter\u00e1 reuni\u00e3o amanh\u00e3 e logo depois da mesma te respondo&#8221;, informou K\u00f6rner ap\u00f3s contato da reportagem do Grupo Popular ainda [&hellip;]","og_url":"https:\/\/folhapopular.info\/index.php\/2024\/01\/30\/pdt-se-pronunciara-sobre-saida-do-pl-apos-reuniao-interna\/","og_site_name":"Folha Popular","article_published_time":"2024-01-31T01:51:43+00:00","article_modified_time":"2024-01-31T01:59:59+00:00","og_image":[{"width":1024,"height":690,"url":"http:\/\/folhapopular.info\/wp-content\/uploads\/2023\/07\/Juliano-Korner.jpeg","type":"image\/jpeg"}],"author":"Lucas Leandro Brune","twitter_card":"summary_large_image","twitter_misc":{"Escrito por":"Lucas Leandro Brune","Est. tempo de leitura":"3 minutos"},"schema":{"@context":"https:\/\/schema.org","@graph":[{"@type":"Article","@id":"https:\/\/folhapopular.info\/index.php\/2024\/01\/30\/pdt-se-pronunciara-sobre-saida-do-pl-apos-reuniao-interna\/#article","isPartOf":{"@id":"https:\/\/folhapopular.info\/index.php\/2024\/01\/30\/pdt-se-pronunciara-sobre-saida-do-pl-apos-reuniao-interna\/"},"author":{"name":"Lucas Leandro Brune","@id":"https:\/\/folhapopular.info\/#\/schema\/person\/533a15f60cd49e81ab3a90b4ca33cb36"},"headline":"PDT se pronunciar\u00e1 sobre sa\u00edda do PL ap\u00f3s reuni\u00e3o interna","datePublished":"2024-01-31T01:51:43+00:00","dateModified":"2024-01-31T01:59:59+00:00","mainEntityOfPage":{"@id":"https:\/\/folhapopular.info\/index.php\/2024\/01\/30\/pdt-se-pronunciara-sobre-saida-do-pl-apos-reuniao-interna\/"},"wordCount":380,"commentCount":0,"image":{"@id":"https:\/\/folhapopular.info\/index.php\/2024\/01\/30\/pdt-se-pronunciara-sobre-saida-do-pl-apos-reuniao-interna\/#primaryimage"},"thumbnailUrl":"https:\/\/folhapopular.info\/wp-content\/uploads\/2023\/07\/Juliano-Korner.jpeg","keywords":["Elei\u00e7\u00f5es 2024","PDT","Teut\u00f4nia"],"articleSection":["Destaques","Elei\u00e7\u00f5es","Pol\u00edtica"],"inLanguage":"pt-BR","potentialAction":[{"@type":"CommentAction","name":"Comment","target":["https:\/\/folhapopular.info\/index.php\/2024\/01\/30\/pdt-se-pronunciara-sobre-saida-do-pl-apos-reuniao-interna\/#respond"]}]},{"@type":"WebPage","@id":"https:\/\/folhapopular.info\/index.php\/2024\/01\/30\/pdt-se-pronunciara-sobre-saida-do-pl-apos-reuniao-interna\/","url":"https:\/\/folhapopular.info\/index.php\/2024\/01\/30\/pdt-se-pronunciara-sobre-saida-do-pl-apos-reuniao-interna\/","name":"PDT se pronunciar\u00e1 sobre sa\u00edda do PL ap\u00f3s reuni\u00e3o interna - Folha Popular","isPartOf":{"@id":"https:\/\/folhapopular.info\/#website"},"primaryImageOfPage":{"@id":"https:\/\/folhapopular.info\/index.php\/2024\/01\/30\/pdt-se-pronunciara-sobre-saida-do-pl-apos-reuniao-interna\/#primaryimage"},"image":{"@id":"https:\/\/folhapopular.info\/index.php\/2024\/01\/30\/pdt-se-pronunciara-sobre-saida-do-pl-apos-reuniao-interna\/#primaryimage"},"thumbnailUrl":"https:\/\/folhapopular.info\/wp-content\/uploads\/2023\/07\/Juliano-Korner.jpeg","datePublished":"2024-01-31T01:51:43+00:00","dateModified":"2024-01-31T01:59:59+00:00","author":{"@id":"https:\/\/folhapopular.info\/#\/schema\/person\/533a15f60cd49e81ab3a90b4ca33cb36"},"breadcrumb":{"@id":"https:\/\/folhapopular.info\/index.php\/2024\/01\/30\/pdt-se-pronunciara-sobre-saida-do-pl-apos-reuniao-interna\/#breadcrumb"},"inLanguage":"pt-BR","potentialAction":[{"@type":"ReadAction","target":["https:\/\/folhapopular.info\/index.php\/2024\/01\/30\/pdt-se-pronunciara-sobre-saida-do-pl-apos-reuniao-interna\/"]}]},{"@type":"ImageObject","inLanguage":"pt-BR","@id":"https:\/\/folhapopular.info\/index.php\/2024\/01\/30\/pdt-se-pronunciara-sobre-saida-do-pl-apos-reuniao-interna\/#primaryimage","url":"https:\/\/folhapopular.info\/wp-content\/uploads\/2023\/07\/Juliano-Korner.jpeg","contentUrl":"https:\/\/folhapopular.info\/wp-content\/uploads\/2023\/07\/Juliano-Korner.jpeg","width":1024,"height":690,"caption":"Juliano Renato K\u00f6rner \u00e9 secret\u00e1rio de Sa\u00fade desde o in\u00edcio da gest\u00e3o Forneck-Aline"},{"@type":"BreadcrumbList","@id":"https:\/\/folhapopular.info\/index.php\/2024\/01\/30\/pdt-se-pronunciara-sobre-saida-do-pl-apos-reuniao-interna\/#breadcrumb","itemListElement":[{"@type":"ListItem","position":1,"name":"In\u00edcio","item":"https:\/\/folhapopular.info\/"},{"@type":"ListItem","position":2,"name":"PDT se pronunciar\u00e1 sobre sa\u00edda do PL ap\u00f3s reuni\u00e3o interna"}]},{"@type":"WebSite","@id":"https:\/\/folhapopular.info\/#website","url":"https:\/\/folhapopular.info\/","name":"Folha Popular","description":"Onde voc\u00ea tem vez e voz","potentialAction":[{"@type":"SearchAction","target":{"@type":"EntryPoint","urlTemplate":"https:\/\/folhapopular.info\/?s={search_term_string}"},"query-input":{"@type":"PropertyValueSpecification","valueRequired":true,"valueName":"search_term_string"}}],"inLanguage":"pt-BR"},{"@type":"Person","@id":"https:\/\/folhapopular.info\/#\/schema\/person\/533a15f60cd49e81ab3a90b4ca33cb36","name":"Lucas Leandro Brune","image":{"@type":"ImageObject","inLanguage":"pt-BR","@id":"https:\/\/folhapopular.info\/wp-content\/uploads\/2026\/04\/LUCAS-1-1.webp","url":"https:\/\/folhapopular.info\/wp-content\/uploads\/2026\/04\/LUCAS-1-1.webp","contentUrl":"https:\/\/folhapopular.info\/wp-content\/uploads\/2026\/04\/LUCAS-1-1.webp","caption":"Lucas Leandro Brune"},"description":"Jornalista Profissional Diplomado MTB\/RS 14.333","url":"https:\/\/folhapopular.info\/index.php\/author\/lucas-brune\/"}]}},"jetpack_featured_media_url":"https:\/\/folhapopular.info\/wp-content\/uploads\/2023\/07\/Juliano-Korner.jpeg","jetpack_sharing_enabled":true,"amp_enabled":true,"_links":{"self":[{"href":"https:\/\/folhapopular.info\/index.php\/wp-json\/wp\/v2\/posts\/149102","targetHints":{"allow":["GET"]}}],"collection":[{"href":"https:\/\/folhapopular.info\/index.php\/wp-json\/wp\/v2\/posts"}],"about":[{"href":"https:\/\/folhapopular.info\/index.php\/wp-json\/wp\/v2\/types\/post"}],"author":[{"embeddable":true,"href":"https:\/\/folhapopular.info\/index.php\/wp-json\/wp\/v2\/users\/7"}],"replies":[{"embeddable":true,"href":"https:\/\/folhapopular.info\/index.php\/wp-json\/wp\/v2\/comments?post=149102"}],"version-history":[{"count":0,"href":"https:\/\/folhapopular.info\/index.php\/wp-json\/wp\/v2\/posts\/149102\/revisions"}],"wp:featuredmedia":[{"embeddable":true,"href":"https:\/\/folhapopular.info\/index.php\/wp-json\/wp\/v2\/media\/133003"}],"wp:attachment":[{"href":"https:\/\/folhapopular.info\/index.php\/wp-json\/wp\/v2\/media?parent=149102"}],"wp:term":[{"taxonomy":"category","embeddable":true,"href":"https:\/\/folhapopular.info\/index.php\/wp-json\/wp\/v2\/categories?post=149102"},{"taxonomy":"post_tag","embeddable":true,"href":"https:\/\/folhapopular.info\/index.php\/wp-json\/wp\/v2\/tags?post=149102"}],"curies":[{"name":"wp","href":"https:\/\/api.w.org\/{rel}","templated":true}]}}