{"id":149170,"date":"2024-01-31T16:03:49","date_gmt":"2024-01-31T19:03:49","guid":{"rendered":"https:\/\/folhapopular.info\/?p=149170"},"modified":"2024-01-31T16:03:52","modified_gmt":"2024-01-31T19:03:52","slug":"alaf-anuncia-renovacao-com-preparador-fisico","status":"publish","type":"post","link":"https:\/\/folhapopular.info\/index.php\/2024\/01\/31\/alaf-anuncia-renovacao-com-preparador-fisico\/","title":{"rendered":"ALAF anuncia renova\u00e7\u00e3o com preparador f\u00edsico"},"content":{"rendered":"\n<p>A ALAF 04\/09 anuncia a renova\u00e7\u00e3o de contrato com o preparador f\u00edsico Florindo Ghidini. O profissional, com boa parte da carreira feita no futebol de campo, vai para a sua quarta temporada no comando da prepara\u00e7\u00e3o f\u00edsica da equipe.<\/p>\n\n\n\n<p>&#8220;\u00c9 uma alegria muito grande poder integrar este projeto e tamb\u00e9m seguir preparando os nossos atletas em mais uma temporada. Espero que possamos ali na frente comemorar os nossos objetivos alcan\u00e7ados juntos com o nosso torcedor&#8221;, afirmou Ghidini.<\/p>\n","protected":false},"excerpt":{"rendered":"<p>A ALAF 04\/09 anuncia a renova\u00e7\u00e3o de contrato com o preparador f\u00edsico Florindo Ghidini. O profissional, com boa parte da carreira feita no futebol de campo, vai para a sua quarta temporada no comando da prepara\u00e7\u00e3o f\u00edsica da equipe. &#8220;\u00c9 uma alegria muito grande poder integrar este projeto e tamb\u00e9m seguir preparando os nossos atletas [&hellip;]<\/p>\n","protected":false},"author":8,"featured_media":149174,"comment_status":"open","ping_status":"open","sticky":false,"template":"","format":"standard","meta":{"pmpro_default_level":"","_jetpack_memberships_contains_paid_content":false,"footnotes":""},"categories":[5,530],"tags":[197,31,14087],"class_list":{"0":"post-149170","1":"post","2":"type-post","3":"status-publish","4":"format-standard","5":"has-post-thumbnail","7":"category-esportes","8":"category-futsal","9":"tag-alaf","10":"tag-futsal","11":"tag-preparador-fisico","12":"pmpro-has-access"},"yoast_head":"<!-- This site is optimized with the Yoast SEO plugin v27.5 - https:\/\/yoast.com\/product\/yoast-seo-wordpress\/ -->\n<title>ALAF anuncia renova\u00e7\u00e3o com preparador f\u00edsico - Folha Popular<\/title>\n<meta name=\"robots\" content=\"index, follow, max-snippet:-1, max-image-preview:large, max-video-preview:-1\" \/>\n<link rel=\"canonical\" href=\"https:\/\/folhapopular.info\/index.php\/2024\/01\/31\/alaf-anuncia-renovacao-com-preparador-fisico\/\" \/>\n<meta property=\"og:locale\" content=\"pt_BR\" \/>\n<meta property=\"og:type\" content=\"article\" \/>\n<meta property=\"og:title\" content=\"ALAF anuncia renova\u00e7\u00e3o com preparador f\u00edsico - Folha Popular\" \/>\n<meta property=\"og:description\" content=\"A ALAF 04\/09 anuncia a renova\u00e7\u00e3o de contrato com o preparador f\u00edsico Florindo Ghidini. O profissional, com boa parte da carreira feita no futebol de campo, vai para a sua quarta temporada no comando da prepara\u00e7\u00e3o f\u00edsica da equipe. &#8220;\u00c9 uma alegria muito grande poder integrar este projeto e tamb\u00e9m seguir preparando os nossos atletas [&hellip;]\" \/>\n<meta property=\"og:url\" content=\"https:\/\/folhapopular.info\/index.php\/2024\/01\/31\/alaf-anuncia-renovacao-com-preparador-fisico\/\" \/>\n<meta property=\"og:site_name\" content=\"Folha Popular\" \/>\n<meta property=\"article:published_time\" content=\"2024-01-31T19:03:49+00:00\" \/>\n<meta property=\"article:modified_time\" content=\"2024-01-31T19:03:52+00:00\" \/>\n<meta property=\"og:image\" content=\"http:\/\/folhapopular.info\/wp-content\/uploads\/2024\/01\/ALAF-07-scaled.jpg\" \/>\n\t<meta property=\"og:image:width\" content=\"2560\" \/>\n\t<meta property=\"og:image:height\" content=\"1707\" \/>\n\t<meta property=\"og:image:type\" content=\"image\/jpeg\" \/>\n<meta name=\"author\" content=\"Reda\u00e7\u00e3o Folha Popular\" \/>\n<meta name=\"twitter:card\" content=\"summary_large_image\" \/>\n<meta name=\"twitter:label1\" content=\"Escrito por\" \/>\n\t<meta name=\"twitter:data1\" content=\"Reda\u00e7\u00e3o Folha Popular\" \/>\n\t<meta name=\"twitter:label2\" content=\"Est. tempo de leitura\" \/>\n\t<meta name=\"twitter:data2\" content=\"1 minuto\" \/>\n<script type=\"application\/ld+json\" class=\"yoast-schema-graph\">{\"@context\":\"https:\\\/\\\/schema.org\",\"@graph\":[{\"@type\":\"Article\",\"@id\":\"https:\\\/\\\/folhapopular.info\\\/index.php\\\/2024\\\/01\\\/31\\\/alaf-anuncia-renovacao-com-preparador-fisico\\\/#article\",\"isPartOf\":{\"@id\":\"https:\\\/\\\/folhapopular.info\\\/index.php\\\/2024\\\/01\\\/31\\\/alaf-anuncia-renovacao-com-preparador-fisico\\\/\"},\"author\":{\"name\":\"Reda\u00e7\u00e3o Folha Popular\",\"@id\":\"https:\\\/\\\/folhapopular.info\\\/#\\\/schema\\\/person\\\/2814e8a0df7643585a9ca38bc6eb9d4b\"},\"headline\":\"ALAF anuncia renova\u00e7\u00e3o com preparador f\u00edsico\",\"datePublished\":\"2024-01-31T19:03:49+00:00\",\"dateModified\":\"2024-01-31T19:03:52+00:00\",\"mainEntityOfPage\":{\"@id\":\"https:\\\/\\\/folhapopular.info\\\/index.php\\\/2024\\\/01\\\/31\\\/alaf-anuncia-renovacao-com-preparador-fisico\\\/\"},\"wordCount\":89,\"commentCount\":0,\"image\":{\"@id\":\"https:\\\/\\\/folhapopular.info\\\/index.php\\\/2024\\\/01\\\/31\\\/alaf-anuncia-renovacao-com-preparador-fisico\\\/#primaryimage\"},\"thumbnailUrl\":\"https:\\\/\\\/folhapopular.info\\\/wp-content\\\/uploads\\\/2024\\\/01\\\/ALAF-07-scaled.jpg\",\"keywords\":[\"ALAF\",\"Futsal\",\"preparador fisico\"],\"articleSection\":[\"Esportes\",\"Futsal\"],\"inLanguage\":\"pt-BR\",\"potentialAction\":[{\"@type\":\"CommentAction\",\"name\":\"Comment\",\"target\":[\"https:\\\/\\\/folhapopular.info\\\/index.php\\\/2024\\\/01\\\/31\\\/alaf-anuncia-renovacao-com-preparador-fisico\\\/#respond\"]}]},{\"@type\":\"WebPage\",\"@id\":\"https:\\\/\\\/folhapopular.info\\\/index.php\\\/2024\\\/01\\\/31\\\/alaf-anuncia-renovacao-com-preparador-fisico\\\/\",\"url\":\"https:\\\/\\\/folhapopular.info\\\/index.php\\\/2024\\\/01\\\/31\\\/alaf-anuncia-renovacao-com-preparador-fisico\\\/\",\"name\":\"ALAF anuncia renova\u00e7\u00e3o com preparador f\u00edsico - Folha Popular\",\"isPartOf\":{\"@id\":\"https:\\\/\\\/folhapopular.info\\\/#website\"},\"primaryImageOfPage\":{\"@id\":\"https:\\\/\\\/folhapopular.info\\\/index.php\\\/2024\\\/01\\\/31\\\/alaf-anuncia-renovacao-com-preparador-fisico\\\/#primaryimage\"},\"image\":{\"@id\":\"https:\\\/\\\/folhapopular.info\\\/index.php\\\/2024\\\/01\\\/31\\\/alaf-anuncia-renovacao-com-preparador-fisico\\\/#primaryimage\"},\"thumbnailUrl\":\"https:\\\/\\\/folhapopular.info\\\/wp-content\\\/uploads\\\/2024\\\/01\\\/ALAF-07-scaled.jpg\",\"datePublished\":\"2024-01-31T19:03:49+00:00\",\"dateModified\":\"2024-01-31T19:03:52+00:00\",\"author\":{\"@id\":\"https:\\\/\\\/folhapopular.info\\\/#\\\/schema\\\/person\\\/2814e8a0df7643585a9ca38bc6eb9d4b\"},\"breadcrumb\":{\"@id\":\"https:\\\/\\\/folhapopular.info\\\/index.php\\\/2024\\\/01\\\/31\\\/alaf-anuncia-renovacao-com-preparador-fisico\\\/#breadcrumb\"},\"inLanguage\":\"pt-BR\",\"potentialAction\":[{\"@type\":\"ReadAction\",\"target\":[\"https:\\\/\\\/folhapopular.info\\\/index.php\\\/2024\\\/01\\\/31\\\/alaf-anuncia-renovacao-com-preparador-fisico\\\/\"]}]},{\"@type\":\"ImageObject\",\"inLanguage\":\"pt-BR\",\"@id\":\"https:\\\/\\\/folhapopular.info\\\/index.php\\\/2024\\\/01\\\/31\\\/alaf-anuncia-renovacao-com-preparador-fisico\\\/#primaryimage\",\"url\":\"https:\\\/\\\/folhapopular.info\\\/wp-content\\\/uploads\\\/2024\\\/01\\\/ALAF-07-scaled.jpg\",\"contentUrl\":\"https:\\\/\\\/folhapopular.info\\\/wp-content\\\/uploads\\\/2024\\\/01\\\/ALAF-07-scaled.jpg\",\"width\":2560,\"height\":1707,\"caption\":\"Cr\u00e9dito: Divulga\u00e7\u00e3o\"},{\"@type\":\"BreadcrumbList\",\"@id\":\"https:\\\/\\\/folhapopular.info\\\/index.php\\\/2024\\\/01\\\/31\\\/alaf-anuncia-renovacao-com-preparador-fisico\\\/#breadcrumb\",\"itemListElement\":[{\"@type\":\"ListItem\",\"position\":1,\"name\":\"In\u00edcio\",\"item\":\"https:\\\/\\\/folhapopular.info\\\/\"},{\"@type\":\"ListItem\",\"position\":2,\"name\":\"ALAF anuncia renova\u00e7\u00e3o com preparador f\u00edsico\"}]},{\"@type\":\"WebSite\",\"@id\":\"https:\\\/\\\/folhapopular.info\\\/#website\",\"url\":\"https:\\\/\\\/folhapopular.info\\\/\",\"name\":\"Folha Popular\",\"description\":\"Onde voc\u00ea tem vez e voz\",\"potentialAction\":[{\"@type\":\"SearchAction\",\"target\":{\"@type\":\"EntryPoint\",\"urlTemplate\":\"https:\\\/\\\/folhapopular.info\\\/?s={search_term_string}\"},\"query-input\":{\"@type\":\"PropertyValueSpecification\",\"valueRequired\":true,\"valueName\":\"search_term_string\"}}],\"inLanguage\":\"pt-BR\"},{\"@type\":\"Person\",\"@id\":\"https:\\\/\\\/folhapopular.info\\\/#\\\/schema\\\/person\\\/2814e8a0df7643585a9ca38bc6eb9d4b\",\"name\":\"Reda\u00e7\u00e3o Folha Popular\",\"image\":{\"@type\":\"ImageObject\",\"inLanguage\":\"pt-BR\",\"@id\":\"https:\\\/\\\/folhapopular.info\\\/wp-content\\\/uploads\\\/2026\\\/04\\\/Folha-1.webp\",\"url\":\"https:\\\/\\\/folhapopular.info\\\/wp-content\\\/uploads\\\/2026\\\/04\\\/Folha-1.webp\",\"contentUrl\":\"https:\\\/\\\/folhapopular.info\\\/wp-content\\\/uploads\\\/2026\\\/04\\\/Folha-1.webp\",\"caption\":\"Reda\u00e7\u00e3o Folha Popular\"},\"url\":\"https:\\\/\\\/folhapopular.info\\\/index.php\\\/author\\\/redacao\\\/\"}]}<\/script>\n<!-- \/ Yoast SEO plugin. -->","yoast_head_json":{"title":"ALAF anuncia renova\u00e7\u00e3o com preparador f\u00edsico - Folha Popular","robots":{"index":"index","follow":"follow","max-snippet":"max-snippet:-1","max-image-preview":"max-image-preview:large","max-video-preview":"max-video-preview:-1"},"canonical":"https:\/\/folhapopular.info\/index.php\/2024\/01\/31\/alaf-anuncia-renovacao-com-preparador-fisico\/","og_locale":"pt_BR","og_type":"article","og_title":"ALAF anuncia renova\u00e7\u00e3o com preparador f\u00edsico - Folha Popular","og_description":"A ALAF 04\/09 anuncia a renova\u00e7\u00e3o de contrato com o preparador f\u00edsico Florindo Ghidini. O profissional, com boa parte da carreira feita no futebol de campo, vai para a sua quarta temporada no comando da prepara\u00e7\u00e3o f\u00edsica da equipe. &#8220;\u00c9 uma alegria muito grande poder integrar este projeto e tamb\u00e9m seguir preparando os nossos atletas [&hellip;]","og_url":"https:\/\/folhapopular.info\/index.php\/2024\/01\/31\/alaf-anuncia-renovacao-com-preparador-fisico\/","og_site_name":"Folha Popular","article_published_time":"2024-01-31T19:03:49+00:00","article_modified_time":"2024-01-31T19:03:52+00:00","og_image":[{"width":2560,"height":1707,"url":"http:\/\/folhapopular.info\/wp-content\/uploads\/2024\/01\/ALAF-07-scaled.jpg","type":"image\/jpeg"}],"author":"Reda\u00e7\u00e3o Folha Popular","twitter_card":"summary_large_image","twitter_misc":{"Escrito por":"Reda\u00e7\u00e3o Folha Popular","Est. tempo de leitura":"1 minuto"},"schema":{"@context":"https:\/\/schema.org","@graph":[{"@type":"Article","@id":"https:\/\/folhapopular.info\/index.php\/2024\/01\/31\/alaf-anuncia-renovacao-com-preparador-fisico\/#article","isPartOf":{"@id":"https:\/\/folhapopular.info\/index.php\/2024\/01\/31\/alaf-anuncia-renovacao-com-preparador-fisico\/"},"author":{"name":"Reda\u00e7\u00e3o Folha Popular","@id":"https:\/\/folhapopular.info\/#\/schema\/person\/2814e8a0df7643585a9ca38bc6eb9d4b"},"headline":"ALAF anuncia renova\u00e7\u00e3o com preparador f\u00edsico","datePublished":"2024-01-31T19:03:49+00:00","dateModified":"2024-01-31T19:03:52+00:00","mainEntityOfPage":{"@id":"https:\/\/folhapopular.info\/index.php\/2024\/01\/31\/alaf-anuncia-renovacao-com-preparador-fisico\/"},"wordCount":89,"commentCount":0,"image":{"@id":"https:\/\/folhapopular.info\/index.php\/2024\/01\/31\/alaf-anuncia-renovacao-com-preparador-fisico\/#primaryimage"},"thumbnailUrl":"https:\/\/folhapopular.info\/wp-content\/uploads\/2024\/01\/ALAF-07-scaled.jpg","keywords":["ALAF","Futsal","preparador fisico"],"articleSection":["Esportes","Futsal"],"inLanguage":"pt-BR","potentialAction":[{"@type":"CommentAction","name":"Comment","target":["https:\/\/folhapopular.info\/index.php\/2024\/01\/31\/alaf-anuncia-renovacao-com-preparador-fisico\/#respond"]}]},{"@type":"WebPage","@id":"https:\/\/folhapopular.info\/index.php\/2024\/01\/31\/alaf-anuncia-renovacao-com-preparador-fisico\/","url":"https:\/\/folhapopular.info\/index.php\/2024\/01\/31\/alaf-anuncia-renovacao-com-preparador-fisico\/","name":"ALAF anuncia renova\u00e7\u00e3o com preparador f\u00edsico - Folha Popular","isPartOf":{"@id":"https:\/\/folhapopular.info\/#website"},"primaryImageOfPage":{"@id":"https:\/\/folhapopular.info\/index.php\/2024\/01\/31\/alaf-anuncia-renovacao-com-preparador-fisico\/#primaryimage"},"image":{"@id":"https:\/\/folhapopular.info\/index.php\/2024\/01\/31\/alaf-anuncia-renovacao-com-preparador-fisico\/#primaryimage"},"thumbnailUrl":"https:\/\/folhapopular.info\/wp-content\/uploads\/2024\/01\/ALAF-07-scaled.jpg","datePublished":"2024-01-31T19:03:49+00:00","dateModified":"2024-01-31T19:03:52+00:00","author":{"@id":"https:\/\/folhapopular.info\/#\/schema\/person\/2814e8a0df7643585a9ca38bc6eb9d4b"},"breadcrumb":{"@id":"https:\/\/folhapopular.info\/index.php\/2024\/01\/31\/alaf-anuncia-renovacao-com-preparador-fisico\/#breadcrumb"},"inLanguage":"pt-BR","potentialAction":[{"@type":"ReadAction","target":["https:\/\/folhapopular.info\/index.php\/2024\/01\/31\/alaf-anuncia-renovacao-com-preparador-fisico\/"]}]},{"@type":"ImageObject","inLanguage":"pt-BR","@id":"https:\/\/folhapopular.info\/index.php\/2024\/01\/31\/alaf-anuncia-renovacao-com-preparador-fisico\/#primaryimage","url":"https:\/\/folhapopular.info\/wp-content\/uploads\/2024\/01\/ALAF-07-scaled.jpg","contentUrl":"https:\/\/folhapopular.info\/wp-content\/uploads\/2024\/01\/ALAF-07-scaled.jpg","width":2560,"height":1707,"caption":"Cr\u00e9dito: Divulga\u00e7\u00e3o"},{"@type":"BreadcrumbList","@id":"https:\/\/folhapopular.info\/index.php\/2024\/01\/31\/alaf-anuncia-renovacao-com-preparador-fisico\/#breadcrumb","itemListElement":[{"@type":"ListItem","position":1,"name":"In\u00edcio","item":"https:\/\/folhapopular.info\/"},{"@type":"ListItem","position":2,"name":"ALAF anuncia renova\u00e7\u00e3o com preparador f\u00edsico"}]},{"@type":"WebSite","@id":"https:\/\/folhapopular.info\/#website","url":"https:\/\/folhapopular.info\/","name":"Folha Popular","description":"Onde voc\u00ea tem vez e voz","potentialAction":[{"@type":"SearchAction","target":{"@type":"EntryPoint","urlTemplate":"https:\/\/folhapopular.info\/?s={search_term_string}"},"query-input":{"@type":"PropertyValueSpecification","valueRequired":true,"valueName":"search_term_string"}}],"inLanguage":"pt-BR"},{"@type":"Person","@id":"https:\/\/folhapopular.info\/#\/schema\/person\/2814e8a0df7643585a9ca38bc6eb9d4b","name":"Reda\u00e7\u00e3o Folha Popular","image":{"@type":"ImageObject","inLanguage":"pt-BR","@id":"https:\/\/folhapopular.info\/wp-content\/uploads\/2026\/04\/Folha-1.webp","url":"https:\/\/folhapopular.info\/wp-content\/uploads\/2026\/04\/Folha-1.webp","contentUrl":"https:\/\/folhapopular.info\/wp-content\/uploads\/2026\/04\/Folha-1.webp","caption":"Reda\u00e7\u00e3o Folha Popular"},"url":"https:\/\/folhapopular.info\/index.php\/author\/redacao\/"}]}},"jetpack_featured_media_url":"https:\/\/folhapopular.info\/wp-content\/uploads\/2024\/01\/ALAF-07-scaled.jpg","jetpack_sharing_enabled":true,"amp_enabled":true,"_links":{"self":[{"href":"https:\/\/folhapopular.info\/index.php\/wp-json\/wp\/v2\/posts\/149170","targetHints":{"allow":["GET"]}}],"collection":[{"href":"https:\/\/folhapopular.info\/index.php\/wp-json\/wp\/v2\/posts"}],"about":[{"href":"https:\/\/folhapopular.info\/index.php\/wp-json\/wp\/v2\/types\/post"}],"author":[{"embeddable":true,"href":"https:\/\/folhapopular.info\/index.php\/wp-json\/wp\/v2\/users\/8"}],"replies":[{"embeddable":true,"href":"https:\/\/folhapopular.info\/index.php\/wp-json\/wp\/v2\/comments?post=149170"}],"version-history":[{"count":0,"href":"https:\/\/folhapopular.info\/index.php\/wp-json\/wp\/v2\/posts\/149170\/revisions"}],"wp:featuredmedia":[{"embeddable":true,"href":"https:\/\/folhapopular.info\/index.php\/wp-json\/wp\/v2\/media\/149174"}],"wp:attachment":[{"href":"https:\/\/folhapopular.info\/index.php\/wp-json\/wp\/v2\/media?parent=149170"}],"wp:term":[{"taxonomy":"category","embeddable":true,"href":"https:\/\/folhapopular.info\/index.php\/wp-json\/wp\/v2\/categories?post=149170"},{"taxonomy":"post_tag","embeddable":true,"href":"https:\/\/folhapopular.info\/index.php\/wp-json\/wp\/v2\/tags?post=149170"}],"curies":[{"name":"wp","href":"https:\/\/api.w.org\/{rel}","templated":true}]}}