{"id":149221,"date":"2024-02-01T09:18:04","date_gmt":"2024-02-01T12:18:04","guid":{"rendered":"https:\/\/folhapopular.info\/?p=149221"},"modified":"2024-02-01T18:07:41","modified_gmt":"2024-02-01T21:07:41","slug":"quem-ficar-tera-que-vestir-a-camiseta-aponta-prefeito-forneck","status":"publish","type":"post","link":"https:\/\/folhapopular.info\/index.php\/2024\/02\/01\/quem-ficar-tera-que-vestir-a-camiseta-aponta-prefeito-forneck\/","title":{"rendered":"&#8220;Quem ficar ter\u00e1 que vestir a camiseta&#8221;, aponta prefeito Forneck"},"content":{"rendered":"\n<p>O prefeito Celso Alo\u00edsio Forneck e o presidente do PDT, Juliano K\u00f6rner, estiveram no programa Espa\u00e7o Aberto da R\u00e1dio Popular na manh\u00e3 desta quinta-feira (1\u00ba\/2) para falar sobre o <a href=\"https:\/\/folhapopular.info\/index.php\/2024\/01\/30\/pl-deixa-a-base-governista-da-administracao-municipal-de-teutonia\/\" target=\"_blank\" rel=\"noreferrer noopener\">rompimento do PL com a base governista atual<\/a>. <\/p>\n\n\n\n<p>Forneck apontou que rompimentos sempre acontecem e que, nesse caso, teria sido por diverg\u00eancias ideol\u00f3gicas. &#8220;Tenho um respeito muito grande pela vice-prefeita Aline, ela foi muito importante para o nosso governo. Por\u00e9m, sua sa\u00edda n\u00e3o partiu da nossa parte. Se ela quiser ir, tudo bem, cada um segue o seu rumo&#8221;, disse.<\/p>\n\n\n\n<p>Debateu tamb\u00e9m o <a href=\"https:\/\/folhapopular.info\/index.php\/2024\/01\/31\/onde-jo-estiver-eu-nao-estarei-diz-vice-prefeita-sobre-desligamento-com-a-base-governista\/\" target=\"_blank\" rel=\"noreferrer noopener\">argumento de Aline R\u00f6hrig Kohl sobre o motivo da sua sa\u00edda<\/a>. &#8220;Quanto \u00e0 ida na conven\u00e7\u00e3o do PSDB, como prefeito, o m\u00ednimo que posso fazer \u00e9 ir nas reuni\u00f5es em que sou convidado, assim como o Juliano enquanto presidente do PDT&#8221;, afirmou, referindo-se \u00e0 fala de Aline nesta quarta-feira (30\/1) ao Espa\u00e7o Aberto relatando ser contra a pessoa de Jonatan Br\u00f6nstrup, pr\u00e9-candidato e ex-prefeito de Teut\u00f4nia. <\/p>\n\n\n\n<p>J\u00e1 K\u00f6rner refor\u00e7ou de que o PDT at\u00e9 o momento n\u00e3o possui alian\u00e7a formada com nenhum partido. &#8220;Temos que lembrar que o Jonatan \u00e9 chefe de gabinete da Casa Civil do RS e todos sabem que o Munic\u00edpio depende muito do Estado e do Governo Federal, e n\u00e3o podemos nos separar de ambos por desaven\u00e7as pol\u00edticas&#8221;, argumentou. <\/p>\n\n\n\n<p>Ele ainda citou que o pr\u00e9-candidato do PDT para a elei\u00e7\u00e3o de 2024 seria Forneck. Por\u00e9m, o atual prefeito foi com calma: &#8220;ser\u00e1 decidido na conven\u00e7\u00e3o tr\u00eas meses antes do pleito.&#8221;<\/p>\n\n\n\n<h2 class=\"wp-block-heading\">Apoiadores do PL<\/h2>\n\n\n\n<p>Forneck foi incisivo quanto \u00e0 perman\u00eancia dos apoiadores do Partido Liberal (PL) no atual governo. Atualmente, h\u00e1 32 CCs do PL no governo. &#8220;Deixamos essa semana para quem \u00e9 do PL e quer <a href=\"https:\/\/folhapopular.info\/index.php\/2024\/01\/30\/pl-sera-protagonista-na-eleicao-majoritaria-diz-presidente\/\" target=\"_blank\" rel=\"noreferrer noopener\">apoiar a pr\u00e9-candidatura da Aline<\/a> pedir demiss\u00e3o. Espero que essa seja a orienta\u00e7\u00e3o do partido. A partir de segunda-feira (5\/2) vamos chamar um por um, e ent\u00e3o cada um ter\u00e1 que decidir se defender\u00e1 uma camiseta ou outra. Ou tira a do PL e coloca a do PDT ou ent\u00e3o sai do governo&#8221;, refor\u00e7ou. &#8220;O que me magoa muito \u00e9 a trai\u00e7\u00e3o, ent\u00e3o espero que as pessoas n\u00e3o fiquem usando, virem o prato e v\u00e3o embora. Os pr\u00e9-candidatos a vereador pelo PL, por exemplo, t\u00eam que sair&#8221;, esclareceu ele.<\/p>\n\n\n\n<p>Para Forneck, o rompimento n\u00e3o partiu do PDT, que segundo ele deixou isso claro desde a campanha anterior. &#8220;Agora, se ela quiser sair, estou livre para buscar novo vice. Inclusive j\u00e1 recebi propostas&#8221;, disse. <\/p>\n\n\n\n<p>Mais detalhes na edi\u00e7\u00e3o impressa do jornal Folha Popular deste s\u00e1bado (3\/2).<\/p>\n\n\n\n<p>Assista \u00e0 entrevista na \u00edntegra:<\/p>\n\n\n\n<figure class=\"wp-block-embed is-type-video is-provider-youtube wp-block-embed-youtube wp-embed-aspect-4-3 wp-has-aspect-ratio\"><div class=\"wp-block-embed__wrapper\">\n<div class=\"youtube-embed\" data-video_id=\"J5D0KQEzoGs\"><iframe loading=\"lazy\" title=\"PDT avalia sa\u00edda do PL do governo de Teut\u00f4nia\" width=\"696\" height=\"522\" src=\"https:\/\/www.youtube.com\/embed\/J5D0KQEzoGs?feature=oembed&#038;enablejsapi=1\" frameborder=\"0\" allow=\"accelerometer; autoplay; clipboard-write; encrypted-media; gyroscope; picture-in-picture; web-share\" allowfullscreen><\/iframe><\/div>\n<\/div><\/figure>\n","protected":false},"excerpt":{"rendered":"<p>O prefeito Celso Alo\u00edsio Forneck e o presidente do PDT, Juliano K\u00f6rner, estiveram no programa Espa\u00e7o Aberto da R\u00e1dio Popular na manh\u00e3 desta quinta-feira (1\u00ba\/2) para falar sobre o rompimento do PL com a base governista atual. Forneck apontou que rompimentos sempre acontecem e que, nesse caso, teria sido por diverg\u00eancias ideol\u00f3gicas. &#8220;Tenho um respeito [&hellip;]<\/p>\n","protected":false},"author":639,"featured_media":149223,"comment_status":"open","ping_status":"open","sticky":false,"template":"","format":"standard","meta":{"pmpro_default_level":"","_jetpack_memberships_contains_paid_content":false,"footnotes":""},"categories":[2,10985],"tags":[10898,6129],"class_list":{"0":"post-149221","1":"post","2":"type-post","3":"status-publish","4":"format-standard","5":"has-post-thumbnail","7":"category-featured","8":"category-politica","9":"tag-celso-forneck","10":"tag-pdt","11":"pmpro-has-access"},"yoast_head":"<!-- This site is optimized with the Yoast SEO plugin v27.5 - https:\/\/yoast.com\/product\/yoast-seo-wordpress\/ -->\n<title>&quot;Quem ficar ter\u00e1 que vestir a camiseta&quot;, aponta prefeito Forneck - Folha Popular<\/title>\n<meta name=\"robots\" content=\"index, follow, max-snippet:-1, max-image-preview:large, max-video-preview:-1\" \/>\n<link rel=\"canonical\" href=\"https:\/\/folhapopular.info\/index.php\/2024\/02\/01\/quem-ficar-tera-que-vestir-a-camiseta-aponta-prefeito-forneck\/\" \/>\n<meta property=\"og:locale\" content=\"pt_BR\" \/>\n<meta property=\"og:type\" content=\"article\" \/>\n<meta property=\"og:title\" content=\"&quot;Quem ficar ter\u00e1 que vestir a camiseta&quot;, aponta prefeito Forneck - Folha Popular\" \/>\n<meta property=\"og:description\" content=\"O prefeito Celso Alo\u00edsio Forneck e o presidente do PDT, Juliano K\u00f6rner, estiveram no programa Espa\u00e7o Aberto da R\u00e1dio Popular na manh\u00e3 desta quinta-feira (1\u00ba\/2) para falar sobre o rompimento do PL com a base governista atual. Forneck apontou que rompimentos sempre acontecem e que, nesse caso, teria sido por diverg\u00eancias ideol\u00f3gicas. &#8220;Tenho um respeito [&hellip;]\" \/>\n<meta property=\"og:url\" content=\"https:\/\/folhapopular.info\/index.php\/2024\/02\/01\/quem-ficar-tera-que-vestir-a-camiseta-aponta-prefeito-forneck\/\" \/>\n<meta property=\"og:site_name\" content=\"Folha Popular\" \/>\n<meta property=\"article:published_time\" content=\"2024-02-01T12:18:04+00:00\" \/>\n<meta property=\"article:modified_time\" content=\"2024-02-01T21:07:41+00:00\" \/>\n<meta property=\"og:image\" content=\"http:\/\/folhapopular.info\/wp-content\/uploads\/2024\/02\/IMG_5731-1-scaled.jpg\" \/>\n\t<meta property=\"og:image:width\" content=\"2560\" \/>\n\t<meta property=\"og:image:height\" content=\"1920\" \/>\n\t<meta property=\"og:image:type\" content=\"image\/jpeg\" \/>\n<meta name=\"author\" content=\"Camille Lenz da Silva\" \/>\n<meta name=\"twitter:card\" content=\"summary_large_image\" \/>\n<meta name=\"twitter:label1\" content=\"Escrito por\" \/>\n\t<meta name=\"twitter:data1\" content=\"Camille Lenz da Silva\" \/>\n\t<meta name=\"twitter:label2\" content=\"Est. tempo de leitura\" \/>\n\t<meta name=\"twitter:data2\" content=\"3 minutos\" \/>\n<script type=\"application\/ld+json\" class=\"yoast-schema-graph\">{\"@context\":\"https:\\\/\\\/schema.org\",\"@graph\":[{\"@type\":\"Article\",\"@id\":\"https:\\\/\\\/folhapopular.info\\\/index.php\\\/2024\\\/02\\\/01\\\/quem-ficar-tera-que-vestir-a-camiseta-aponta-prefeito-forneck\\\/#article\",\"isPartOf\":{\"@id\":\"https:\\\/\\\/folhapopular.info\\\/index.php\\\/2024\\\/02\\\/01\\\/quem-ficar-tera-que-vestir-a-camiseta-aponta-prefeito-forneck\\\/\"},\"author\":{\"name\":\"Camille Lenz da Silva\",\"@id\":\"https:\\\/\\\/folhapopular.info\\\/#\\\/schema\\\/person\\\/f0b811f932ef2505faf473ffaef49df5\"},\"headline\":\"&#8220;Quem ficar ter\u00e1 que vestir a camiseta&#8221;, aponta prefeito Forneck\",\"datePublished\":\"2024-02-01T12:18:04+00:00\",\"dateModified\":\"2024-02-01T21:07:41+00:00\",\"mainEntityOfPage\":{\"@id\":\"https:\\\/\\\/folhapopular.info\\\/index.php\\\/2024\\\/02\\\/01\\\/quem-ficar-tera-que-vestir-a-camiseta-aponta-prefeito-forneck\\\/\"},\"wordCount\":475,\"commentCount\":0,\"image\":{\"@id\":\"https:\\\/\\\/folhapopular.info\\\/index.php\\\/2024\\\/02\\\/01\\\/quem-ficar-tera-que-vestir-a-camiseta-aponta-prefeito-forneck\\\/#primaryimage\"},\"thumbnailUrl\":\"https:\\\/\\\/folhapopular.info\\\/wp-content\\\/uploads\\\/2024\\\/02\\\/IMG_5731-1-scaled.jpg\",\"keywords\":[\"celso forneck\",\"PDT\"],\"articleSection\":[\"Destaques\",\"Pol\u00edtica\"],\"inLanguage\":\"pt-BR\",\"potentialAction\":[{\"@type\":\"CommentAction\",\"name\":\"Comment\",\"target\":[\"https:\\\/\\\/folhapopular.info\\\/index.php\\\/2024\\\/02\\\/01\\\/quem-ficar-tera-que-vestir-a-camiseta-aponta-prefeito-forneck\\\/#respond\"]}]},{\"@type\":\"WebPage\",\"@id\":\"https:\\\/\\\/folhapopular.info\\\/index.php\\\/2024\\\/02\\\/01\\\/quem-ficar-tera-que-vestir-a-camiseta-aponta-prefeito-forneck\\\/\",\"url\":\"https:\\\/\\\/folhapopular.info\\\/index.php\\\/2024\\\/02\\\/01\\\/quem-ficar-tera-que-vestir-a-camiseta-aponta-prefeito-forneck\\\/\",\"name\":\"\\\"Quem ficar ter\u00e1 que vestir a camiseta\\\", aponta prefeito Forneck - Folha Popular\",\"isPartOf\":{\"@id\":\"https:\\\/\\\/folhapopular.info\\\/#website\"},\"primaryImageOfPage\":{\"@id\":\"https:\\\/\\\/folhapopular.info\\\/index.php\\\/2024\\\/02\\\/01\\\/quem-ficar-tera-que-vestir-a-camiseta-aponta-prefeito-forneck\\\/#primaryimage\"},\"image\":{\"@id\":\"https:\\\/\\\/folhapopular.info\\\/index.php\\\/2024\\\/02\\\/01\\\/quem-ficar-tera-que-vestir-a-camiseta-aponta-prefeito-forneck\\\/#primaryimage\"},\"thumbnailUrl\":\"https:\\\/\\\/folhapopular.info\\\/wp-content\\\/uploads\\\/2024\\\/02\\\/IMG_5731-1-scaled.jpg\",\"datePublished\":\"2024-02-01T12:18:04+00:00\",\"dateModified\":\"2024-02-01T21:07:41+00:00\",\"author\":{\"@id\":\"https:\\\/\\\/folhapopular.info\\\/#\\\/schema\\\/person\\\/f0b811f932ef2505faf473ffaef49df5\"},\"breadcrumb\":{\"@id\":\"https:\\\/\\\/folhapopular.info\\\/index.php\\\/2024\\\/02\\\/01\\\/quem-ficar-tera-que-vestir-a-camiseta-aponta-prefeito-forneck\\\/#breadcrumb\"},\"inLanguage\":\"pt-BR\",\"potentialAction\":[{\"@type\":\"ReadAction\",\"target\":[\"https:\\\/\\\/folhapopular.info\\\/index.php\\\/2024\\\/02\\\/01\\\/quem-ficar-tera-que-vestir-a-camiseta-aponta-prefeito-forneck\\\/\"]}]},{\"@type\":\"ImageObject\",\"inLanguage\":\"pt-BR\",\"@id\":\"https:\\\/\\\/folhapopular.info\\\/index.php\\\/2024\\\/02\\\/01\\\/quem-ficar-tera-que-vestir-a-camiseta-aponta-prefeito-forneck\\\/#primaryimage\",\"url\":\"https:\\\/\\\/folhapopular.info\\\/wp-content\\\/uploads\\\/2024\\\/02\\\/IMG_5731-1-scaled.jpg\",\"contentUrl\":\"https:\\\/\\\/folhapopular.info\\\/wp-content\\\/uploads\\\/2024\\\/02\\\/IMG_5731-1-scaled.jpg\",\"width\":2560,\"height\":1920,\"caption\":\"Juliano K\u00f6rner (e) e Celso Forneck. Cr\u00e9dito: Lucas Leandro Brune\"},{\"@type\":\"BreadcrumbList\",\"@id\":\"https:\\\/\\\/folhapopular.info\\\/index.php\\\/2024\\\/02\\\/01\\\/quem-ficar-tera-que-vestir-a-camiseta-aponta-prefeito-forneck\\\/#breadcrumb\",\"itemListElement\":[{\"@type\":\"ListItem\",\"position\":1,\"name\":\"In\u00edcio\",\"item\":\"https:\\\/\\\/folhapopular.info\\\/\"},{\"@type\":\"ListItem\",\"position\":2,\"name\":\"&#8220;Quem ficar ter\u00e1 que vestir a camiseta&#8221;, aponta prefeito Forneck\"}]},{\"@type\":\"WebSite\",\"@id\":\"https:\\\/\\\/folhapopular.info\\\/#website\",\"url\":\"https:\\\/\\\/folhapopular.info\\\/\",\"name\":\"Folha Popular\",\"description\":\"Onde voc\u00ea tem vez e voz\",\"potentialAction\":[{\"@type\":\"SearchAction\",\"target\":{\"@type\":\"EntryPoint\",\"urlTemplate\":\"https:\\\/\\\/folhapopular.info\\\/?s={search_term_string}\"},\"query-input\":{\"@type\":\"PropertyValueSpecification\",\"valueRequired\":true,\"valueName\":\"search_term_string\"}}],\"inLanguage\":\"pt-BR\"},{\"@type\":\"Person\",\"@id\":\"https:\\\/\\\/folhapopular.info\\\/#\\\/schema\\\/person\\\/f0b811f932ef2505faf473ffaef49df5\",\"name\":\"Camille Lenz da Silva\",\"image\":{\"@type\":\"ImageObject\",\"inLanguage\":\"pt-BR\",\"@id\":\"https:\\\/\\\/secure.gravatar.com\\\/avatar\\\/50be826d73ca259ec0e0a88a407f5de800c576c46cfdc57e50ef28551e216fff?s=96&d=mm&r=g\",\"url\":\"https:\\\/\\\/secure.gravatar.com\\\/avatar\\\/50be826d73ca259ec0e0a88a407f5de800c576c46cfdc57e50ef28551e216fff?s=96&d=mm&r=g\",\"contentUrl\":\"https:\\\/\\\/secure.gravatar.com\\\/avatar\\\/50be826d73ca259ec0e0a88a407f5de800c576c46cfdc57e50ef28551e216fff?s=96&d=mm&r=g\",\"caption\":\"Camille Lenz da Silva\"},\"url\":\"https:\\\/\\\/folhapopular.info\\\/index.php\\\/author\\\/camillelenzgmail-com\\\/\"}]}<\/script>\n<!-- \/ Yoast SEO plugin. -->","yoast_head_json":{"title":"\"Quem ficar ter\u00e1 que vestir a camiseta\", aponta prefeito Forneck - Folha Popular","robots":{"index":"index","follow":"follow","max-snippet":"max-snippet:-1","max-image-preview":"max-image-preview:large","max-video-preview":"max-video-preview:-1"},"canonical":"https:\/\/folhapopular.info\/index.php\/2024\/02\/01\/quem-ficar-tera-que-vestir-a-camiseta-aponta-prefeito-forneck\/","og_locale":"pt_BR","og_type":"article","og_title":"\"Quem ficar ter\u00e1 que vestir a camiseta\", aponta prefeito Forneck - Folha Popular","og_description":"O prefeito Celso Alo\u00edsio Forneck e o presidente do PDT, Juliano K\u00f6rner, estiveram no programa Espa\u00e7o Aberto da R\u00e1dio Popular na manh\u00e3 desta quinta-feira (1\u00ba\/2) para falar sobre o rompimento do PL com a base governista atual. Forneck apontou que rompimentos sempre acontecem e que, nesse caso, teria sido por diverg\u00eancias ideol\u00f3gicas. &#8220;Tenho um respeito [&hellip;]","og_url":"https:\/\/folhapopular.info\/index.php\/2024\/02\/01\/quem-ficar-tera-que-vestir-a-camiseta-aponta-prefeito-forneck\/","og_site_name":"Folha Popular","article_published_time":"2024-02-01T12:18:04+00:00","article_modified_time":"2024-02-01T21:07:41+00:00","og_image":[{"width":2560,"height":1920,"url":"http:\/\/folhapopular.info\/wp-content\/uploads\/2024\/02\/IMG_5731-1-scaled.jpg","type":"image\/jpeg"}],"author":"Camille Lenz da Silva","twitter_card":"summary_large_image","twitter_misc":{"Escrito por":"Camille Lenz da Silva","Est. tempo de leitura":"3 minutos"},"schema":{"@context":"https:\/\/schema.org","@graph":[{"@type":"Article","@id":"https:\/\/folhapopular.info\/index.php\/2024\/02\/01\/quem-ficar-tera-que-vestir-a-camiseta-aponta-prefeito-forneck\/#article","isPartOf":{"@id":"https:\/\/folhapopular.info\/index.php\/2024\/02\/01\/quem-ficar-tera-que-vestir-a-camiseta-aponta-prefeito-forneck\/"},"author":{"name":"Camille Lenz da Silva","@id":"https:\/\/folhapopular.info\/#\/schema\/person\/f0b811f932ef2505faf473ffaef49df5"},"headline":"&#8220;Quem ficar ter\u00e1 que vestir a camiseta&#8221;, aponta prefeito Forneck","datePublished":"2024-02-01T12:18:04+00:00","dateModified":"2024-02-01T21:07:41+00:00","mainEntityOfPage":{"@id":"https:\/\/folhapopular.info\/index.php\/2024\/02\/01\/quem-ficar-tera-que-vestir-a-camiseta-aponta-prefeito-forneck\/"},"wordCount":475,"commentCount":0,"image":{"@id":"https:\/\/folhapopular.info\/index.php\/2024\/02\/01\/quem-ficar-tera-que-vestir-a-camiseta-aponta-prefeito-forneck\/#primaryimage"},"thumbnailUrl":"https:\/\/folhapopular.info\/wp-content\/uploads\/2024\/02\/IMG_5731-1-scaled.jpg","keywords":["celso forneck","PDT"],"articleSection":["Destaques","Pol\u00edtica"],"inLanguage":"pt-BR","potentialAction":[{"@type":"CommentAction","name":"Comment","target":["https:\/\/folhapopular.info\/index.php\/2024\/02\/01\/quem-ficar-tera-que-vestir-a-camiseta-aponta-prefeito-forneck\/#respond"]}]},{"@type":"WebPage","@id":"https:\/\/folhapopular.info\/index.php\/2024\/02\/01\/quem-ficar-tera-que-vestir-a-camiseta-aponta-prefeito-forneck\/","url":"https:\/\/folhapopular.info\/index.php\/2024\/02\/01\/quem-ficar-tera-que-vestir-a-camiseta-aponta-prefeito-forneck\/","name":"\"Quem ficar ter\u00e1 que vestir a camiseta\", aponta prefeito Forneck - Folha Popular","isPartOf":{"@id":"https:\/\/folhapopular.info\/#website"},"primaryImageOfPage":{"@id":"https:\/\/folhapopular.info\/index.php\/2024\/02\/01\/quem-ficar-tera-que-vestir-a-camiseta-aponta-prefeito-forneck\/#primaryimage"},"image":{"@id":"https:\/\/folhapopular.info\/index.php\/2024\/02\/01\/quem-ficar-tera-que-vestir-a-camiseta-aponta-prefeito-forneck\/#primaryimage"},"thumbnailUrl":"https:\/\/folhapopular.info\/wp-content\/uploads\/2024\/02\/IMG_5731-1-scaled.jpg","datePublished":"2024-02-01T12:18:04+00:00","dateModified":"2024-02-01T21:07:41+00:00","author":{"@id":"https:\/\/folhapopular.info\/#\/schema\/person\/f0b811f932ef2505faf473ffaef49df5"},"breadcrumb":{"@id":"https:\/\/folhapopular.info\/index.php\/2024\/02\/01\/quem-ficar-tera-que-vestir-a-camiseta-aponta-prefeito-forneck\/#breadcrumb"},"inLanguage":"pt-BR","potentialAction":[{"@type":"ReadAction","target":["https:\/\/folhapopular.info\/index.php\/2024\/02\/01\/quem-ficar-tera-que-vestir-a-camiseta-aponta-prefeito-forneck\/"]}]},{"@type":"ImageObject","inLanguage":"pt-BR","@id":"https:\/\/folhapopular.info\/index.php\/2024\/02\/01\/quem-ficar-tera-que-vestir-a-camiseta-aponta-prefeito-forneck\/#primaryimage","url":"https:\/\/folhapopular.info\/wp-content\/uploads\/2024\/02\/IMG_5731-1-scaled.jpg","contentUrl":"https:\/\/folhapopular.info\/wp-content\/uploads\/2024\/02\/IMG_5731-1-scaled.jpg","width":2560,"height":1920,"caption":"Juliano K\u00f6rner (e) e Celso Forneck. Cr\u00e9dito: Lucas Leandro Brune"},{"@type":"BreadcrumbList","@id":"https:\/\/folhapopular.info\/index.php\/2024\/02\/01\/quem-ficar-tera-que-vestir-a-camiseta-aponta-prefeito-forneck\/#breadcrumb","itemListElement":[{"@type":"ListItem","position":1,"name":"In\u00edcio","item":"https:\/\/folhapopular.info\/"},{"@type":"ListItem","position":2,"name":"&#8220;Quem ficar ter\u00e1 que vestir a camiseta&#8221;, aponta prefeito Forneck"}]},{"@type":"WebSite","@id":"https:\/\/folhapopular.info\/#website","url":"https:\/\/folhapopular.info\/","name":"Folha Popular","description":"Onde voc\u00ea tem vez e voz","potentialAction":[{"@type":"SearchAction","target":{"@type":"EntryPoint","urlTemplate":"https:\/\/folhapopular.info\/?s={search_term_string}"},"query-input":{"@type":"PropertyValueSpecification","valueRequired":true,"valueName":"search_term_string"}}],"inLanguage":"pt-BR"},{"@type":"Person","@id":"https:\/\/folhapopular.info\/#\/schema\/person\/f0b811f932ef2505faf473ffaef49df5","name":"Camille Lenz da Silva","image":{"@type":"ImageObject","inLanguage":"pt-BR","@id":"https:\/\/secure.gravatar.com\/avatar\/50be826d73ca259ec0e0a88a407f5de800c576c46cfdc57e50ef28551e216fff?s=96&d=mm&r=g","url":"https:\/\/secure.gravatar.com\/avatar\/50be826d73ca259ec0e0a88a407f5de800c576c46cfdc57e50ef28551e216fff?s=96&d=mm&r=g","contentUrl":"https:\/\/secure.gravatar.com\/avatar\/50be826d73ca259ec0e0a88a407f5de800c576c46cfdc57e50ef28551e216fff?s=96&d=mm&r=g","caption":"Camille Lenz da Silva"},"url":"https:\/\/folhapopular.info\/index.php\/author\/camillelenzgmail-com\/"}]}},"jetpack_featured_media_url":"https:\/\/folhapopular.info\/wp-content\/uploads\/2024\/02\/IMG_5731-1-scaled.jpg","jetpack_sharing_enabled":true,"amp_enabled":true,"_links":{"self":[{"href":"https:\/\/folhapopular.info\/index.php\/wp-json\/wp\/v2\/posts\/149221","targetHints":{"allow":["GET"]}}],"collection":[{"href":"https:\/\/folhapopular.info\/index.php\/wp-json\/wp\/v2\/posts"}],"about":[{"href":"https:\/\/folhapopular.info\/index.php\/wp-json\/wp\/v2\/types\/post"}],"author":[{"embeddable":true,"href":"https:\/\/folhapopular.info\/index.php\/wp-json\/wp\/v2\/users\/639"}],"replies":[{"embeddable":true,"href":"https:\/\/folhapopular.info\/index.php\/wp-json\/wp\/v2\/comments?post=149221"}],"version-history":[{"count":0,"href":"https:\/\/folhapopular.info\/index.php\/wp-json\/wp\/v2\/posts\/149221\/revisions"}],"wp:featuredmedia":[{"embeddable":true,"href":"https:\/\/folhapopular.info\/index.php\/wp-json\/wp\/v2\/media\/149223"}],"wp:attachment":[{"href":"https:\/\/folhapopular.info\/index.php\/wp-json\/wp\/v2\/media?parent=149221"}],"wp:term":[{"taxonomy":"category","embeddable":true,"href":"https:\/\/folhapopular.info\/index.php\/wp-json\/wp\/v2\/categories?post=149221"},{"taxonomy":"post_tag","embeddable":true,"href":"https:\/\/folhapopular.info\/index.php\/wp-json\/wp\/v2\/tags?post=149221"}],"curies":[{"name":"wp","href":"https:\/\/api.w.org\/{rel}","templated":true}]}}