{"id":149775,"date":"2024-02-07T11:57:42","date_gmt":"2024-02-07T14:57:42","guid":{"rendered":"https:\/\/folhapopular.info\/?p=149775"},"modified":"2024-02-07T12:06:19","modified_gmt":"2024-02-07T15:06:19","slug":"lancamento-derui-barbosa-um-caminho-de-fe-ocorre-domingo","status":"publish","type":"post","link":"https:\/\/folhapopular.info\/index.php\/2024\/02\/07\/lancamento-derui-barbosa-um-caminho-de-fe-ocorre-domingo\/","title":{"rendered":"Lan\u00e7amento de \u201cRui Barbosa &#8211; Um caminho de f\u00e9\u201d ocorre domingo"},"content":{"rendered":"\n<p>O escritor Rodrigo Conte, o integrante da Comunidade Cat\u00f3lica Santo Ant\u00f4nio, Isael Caliari e o ex-morador e um dos mentores da Paulo Pretto participam do programa Espa\u00e7o Aberto da R\u00e1dio Popular. Rodrigo fala sobre o processo de escrita da obra \u201cRui Barbosa &#8211; Um caminho de f\u00e9\u201d, que retoma as d\u00e9cadas passadas da comunidade interiorana&nbsp; Rui Barbosa.<\/p>\n\n\n\n<p>Rodrigo, Isael e Paulo participam do programa Espa\u00e7o Aberto da R\u00e1dio Popular para relatar sobre o processo de constru\u00e7\u00e3o da obra e sobre o lan\u00e7amento oficial.\u00a0O autor relata que foi desafiado a\u00a0 contar a hist\u00f3ria da localidade a partir de falas dos moradores. Estes, se prontificaram a participar do projeto.\u00a0Ao longo das p\u00e1ginas \u00e9 poss\u00edvel entrar em contato com os obst\u00e1culos enfrentados pelos antepassados para formar a comunidade, especialmente a for\u00e7a e a f\u00e9 daqueles que trabalharam nesta empreitada.\u00a0\u00a0<\/p>\n\n\n\n<p>\u201cEsse esp\u00edrito passou \u00e0s gera\u00e7\u00f5es futuras, mas o que eu observo especialmente na comunidade de Rui Barbosa \u00e9 a f\u00e9, e a f\u00e9 em Nossa Senhora de Lourdes. Quando voc\u00ea chega l\u00e1 e pede, me fale sobre a Nossa Senhora de Lourdes, as pessoas se emocionam, as pessoas choram, as pessoas contam as suas gra\u00e7as e essas gra\u00e7as est\u00e3o sendo relatadas no livro.\u201d, comenta o autor.&nbsp;<\/p>\n\n\n\n<p>O livro \u201cRui Barbosa &#8211; Um caminho de f\u00e9\u201d \u00e9 um grande presente para toda a localidade como bem ilustrado na fala de Isael Calliari, morador e representante de Rui Barbosa&nbsp;<\/p>\n\n\n\n<p>\u201cEu acho que isso vem agregar muito para n\u00f3s como pessoas, como seres humanos, eu acho que isso engrandece muito o nosso cora\u00e7\u00e3o, fazendo um trabalho desses. Eu acho que isso tamb\u00e9m engrandece a comunidade e esse trabalho vem para representar as pessoas que ali criaram tudo isso e que isso seja valorizado\u201d afirma.&nbsp;<\/p>\n\n\n\n<p>Mil livros j\u00e1 foram impressos e estar\u00e3o dispon\u00edveis nas bibliotecas das escolas de Canudos do Vale. O lan\u00e7amento oficial est\u00e1 programado para domingo, 11\/2, na tradicional Festa&nbsp; da Gruta de Nossa Senhora de Lourdes, com a celebra\u00e7\u00e3o da missa e almo\u00e7o.&nbsp;<\/p>\n","protected":false},"excerpt":{"rendered":"<p>O escritor Rodrigo Conte, o integrante da Comunidade Cat\u00f3lica Santo Ant\u00f4nio, Isael Caliari e o ex-morador e um dos mentores da Paulo Pretto participam do programa Espa\u00e7o Aberto da R\u00e1dio Popular. Rodrigo fala sobre o processo de escrita da obra \u201cRui Barbosa &#8211; Um caminho de f\u00e9\u201d, que retoma as d\u00e9cadas passadas da comunidade interiorana&nbsp; [&hellip;]<\/p>\n","protected":false},"author":8,"featured_media":149776,"comment_status":"open","ping_status":"open","sticky":false,"template":"","format":"standard","meta":{"pmpro_default_level":"","_jetpack_memberships_contains_paid_content":false,"footnotes":""},"categories":[10996,2],"tags":[2149,344,14114,718],"class_list":{"0":"post-149775","1":"post","2":"type-post","3":"status-publish","4":"format-standard","5":"has-post-thumbnail","7":"category-cultura","8":"category-featured","9":"tag-canudos-do-vale","10":"tag-cultura","11":"tag-festa-nossa-senhora-de-lourdes","12":"tag-literatura","13":"pmpro-has-access"},"yoast_head":"<!-- This site is optimized with the Yoast SEO plugin v27.5 - https:\/\/yoast.com\/product\/yoast-seo-wordpress\/ -->\n<title>Lan\u00e7amento de \u201cRui Barbosa - Um caminho de f\u00e9\u201d ocorre domingo - Folha Popular<\/title>\n<meta name=\"robots\" content=\"index, follow, max-snippet:-1, max-image-preview:large, max-video-preview:-1\" \/>\n<link rel=\"canonical\" href=\"https:\/\/folhapopular.info\/index.php\/2024\/02\/07\/lancamento-derui-barbosa-um-caminho-de-fe-ocorre-domingo\/\" \/>\n<meta property=\"og:locale\" content=\"pt_BR\" \/>\n<meta property=\"og:type\" content=\"article\" \/>\n<meta property=\"og:title\" content=\"Lan\u00e7amento de \u201cRui Barbosa - Um caminho de f\u00e9\u201d ocorre domingo - Folha Popular\" \/>\n<meta property=\"og:description\" content=\"O escritor Rodrigo Conte, o integrante da Comunidade Cat\u00f3lica Santo Ant\u00f4nio, Isael Caliari e o ex-morador e um dos mentores da Paulo Pretto participam do programa Espa\u00e7o Aberto da R\u00e1dio Popular. Rodrigo fala sobre o processo de escrita da obra \u201cRui Barbosa &#8211; Um caminho de f\u00e9\u201d, que retoma as d\u00e9cadas passadas da comunidade interiorana&nbsp; [&hellip;]\" \/>\n<meta property=\"og:url\" content=\"https:\/\/folhapopular.info\/index.php\/2024\/02\/07\/lancamento-derui-barbosa-um-caminho-de-fe-ocorre-domingo\/\" \/>\n<meta property=\"og:site_name\" content=\"Folha Popular\" \/>\n<meta property=\"article:published_time\" content=\"2024-02-07T14:57:42+00:00\" \/>\n<meta property=\"article:modified_time\" content=\"2024-02-07T15:06:19+00:00\" \/>\n<meta property=\"og:image\" content=\"http:\/\/folhapopular.info\/wp-content\/uploads\/2024\/02\/WhatsApp-Image-2024-02-07-at-08.47.52.jpeg\" \/>\n\t<meta property=\"og:image:width\" content=\"1600\" \/>\n\t<meta property=\"og:image:height\" content=\"1200\" \/>\n\t<meta property=\"og:image:type\" content=\"image\/jpeg\" \/>\n<meta name=\"author\" content=\"Reda\u00e7\u00e3o Folha Popular\" \/>\n<meta name=\"twitter:card\" content=\"summary_large_image\" \/>\n<meta name=\"twitter:label1\" content=\"Escrito por\" \/>\n\t<meta name=\"twitter:data1\" content=\"Reda\u00e7\u00e3o Folha Popular\" \/>\n\t<meta name=\"twitter:label2\" content=\"Est. tempo de leitura\" \/>\n\t<meta name=\"twitter:data2\" content=\"3 minutos\" \/>\n<script type=\"application\/ld+json\" class=\"yoast-schema-graph\">{\"@context\":\"https:\\\/\\\/schema.org\",\"@graph\":[{\"@type\":\"Article\",\"@id\":\"https:\\\/\\\/folhapopular.info\\\/index.php\\\/2024\\\/02\\\/07\\\/lancamento-derui-barbosa-um-caminho-de-fe-ocorre-domingo\\\/#article\",\"isPartOf\":{\"@id\":\"https:\\\/\\\/folhapopular.info\\\/index.php\\\/2024\\\/02\\\/07\\\/lancamento-derui-barbosa-um-caminho-de-fe-ocorre-domingo\\\/\"},\"author\":{\"name\":\"Reda\u00e7\u00e3o Folha Popular\",\"@id\":\"https:\\\/\\\/folhapopular.info\\\/#\\\/schema\\\/person\\\/2814e8a0df7643585a9ca38bc6eb9d4b\"},\"headline\":\"Lan\u00e7amento de \u201cRui Barbosa &#8211; Um caminho de f\u00e9\u201d ocorre domingo\",\"datePublished\":\"2024-02-07T14:57:42+00:00\",\"dateModified\":\"2024-02-07T15:06:19+00:00\",\"mainEntityOfPage\":{\"@id\":\"https:\\\/\\\/folhapopular.info\\\/index.php\\\/2024\\\/02\\\/07\\\/lancamento-derui-barbosa-um-caminho-de-fe-ocorre-domingo\\\/\"},\"wordCount\":371,\"commentCount\":0,\"image\":{\"@id\":\"https:\\\/\\\/folhapopular.info\\\/index.php\\\/2024\\\/02\\\/07\\\/lancamento-derui-barbosa-um-caminho-de-fe-ocorre-domingo\\\/#primaryimage\"},\"thumbnailUrl\":\"https:\\\/\\\/folhapopular.info\\\/wp-content\\\/uploads\\\/2024\\\/02\\\/WhatsApp-Image-2024-02-07-at-08.47.52.jpeg\",\"keywords\":[\"Canudos do Vale\",\"Cultura\",\"Festa Nossa Senhora de Lourdes\",\"Literatura\"],\"articleSection\":[\"Cultura\",\"Destaques\"],\"inLanguage\":\"pt-BR\",\"potentialAction\":[{\"@type\":\"CommentAction\",\"name\":\"Comment\",\"target\":[\"https:\\\/\\\/folhapopular.info\\\/index.php\\\/2024\\\/02\\\/07\\\/lancamento-derui-barbosa-um-caminho-de-fe-ocorre-domingo\\\/#respond\"]}]},{\"@type\":\"WebPage\",\"@id\":\"https:\\\/\\\/folhapopular.info\\\/index.php\\\/2024\\\/02\\\/07\\\/lancamento-derui-barbosa-um-caminho-de-fe-ocorre-domingo\\\/\",\"url\":\"https:\\\/\\\/folhapopular.info\\\/index.php\\\/2024\\\/02\\\/07\\\/lancamento-derui-barbosa-um-caminho-de-fe-ocorre-domingo\\\/\",\"name\":\"Lan\u00e7amento de \u201cRui Barbosa - Um caminho de f\u00e9\u201d ocorre domingo - Folha Popular\",\"isPartOf\":{\"@id\":\"https:\\\/\\\/folhapopular.info\\\/#website\"},\"primaryImageOfPage\":{\"@id\":\"https:\\\/\\\/folhapopular.info\\\/index.php\\\/2024\\\/02\\\/07\\\/lancamento-derui-barbosa-um-caminho-de-fe-ocorre-domingo\\\/#primaryimage\"},\"image\":{\"@id\":\"https:\\\/\\\/folhapopular.info\\\/index.php\\\/2024\\\/02\\\/07\\\/lancamento-derui-barbosa-um-caminho-de-fe-ocorre-domingo\\\/#primaryimage\"},\"thumbnailUrl\":\"https:\\\/\\\/folhapopular.info\\\/wp-content\\\/uploads\\\/2024\\\/02\\\/WhatsApp-Image-2024-02-07-at-08.47.52.jpeg\",\"datePublished\":\"2024-02-07T14:57:42+00:00\",\"dateModified\":\"2024-02-07T15:06:19+00:00\",\"author\":{\"@id\":\"https:\\\/\\\/folhapopular.info\\\/#\\\/schema\\\/person\\\/2814e8a0df7643585a9ca38bc6eb9d4b\"},\"breadcrumb\":{\"@id\":\"https:\\\/\\\/folhapopular.info\\\/index.php\\\/2024\\\/02\\\/07\\\/lancamento-derui-barbosa-um-caminho-de-fe-ocorre-domingo\\\/#breadcrumb\"},\"inLanguage\":\"pt-BR\",\"potentialAction\":[{\"@type\":\"ReadAction\",\"target\":[\"https:\\\/\\\/folhapopular.info\\\/index.php\\\/2024\\\/02\\\/07\\\/lancamento-derui-barbosa-um-caminho-de-fe-ocorre-domingo\\\/\"]}]},{\"@type\":\"ImageObject\",\"inLanguage\":\"pt-BR\",\"@id\":\"https:\\\/\\\/folhapopular.info\\\/index.php\\\/2024\\\/02\\\/07\\\/lancamento-derui-barbosa-um-caminho-de-fe-ocorre-domingo\\\/#primaryimage\",\"url\":\"https:\\\/\\\/folhapopular.info\\\/wp-content\\\/uploads\\\/2024\\\/02\\\/WhatsApp-Image-2024-02-07-at-08.47.52.jpeg\",\"contentUrl\":\"https:\\\/\\\/folhapopular.info\\\/wp-content\\\/uploads\\\/2024\\\/02\\\/WhatsApp-Image-2024-02-07-at-08.47.52.jpeg\",\"width\":1600,\"height\":1200,\"caption\":\"Cr\u00e9ditos: Lucas LEandro Brune\"},{\"@type\":\"BreadcrumbList\",\"@id\":\"https:\\\/\\\/folhapopular.info\\\/index.php\\\/2024\\\/02\\\/07\\\/lancamento-derui-barbosa-um-caminho-de-fe-ocorre-domingo\\\/#breadcrumb\",\"itemListElement\":[{\"@type\":\"ListItem\",\"position\":1,\"name\":\"In\u00edcio\",\"item\":\"https:\\\/\\\/folhapopular.info\\\/\"},{\"@type\":\"ListItem\",\"position\":2,\"name\":\"Lan\u00e7amento de \u201cRui Barbosa &#8211; Um caminho de f\u00e9\u201d ocorre domingo\"}]},{\"@type\":\"WebSite\",\"@id\":\"https:\\\/\\\/folhapopular.info\\\/#website\",\"url\":\"https:\\\/\\\/folhapopular.info\\\/\",\"name\":\"Folha Popular\",\"description\":\"Onde voc\u00ea tem vez e voz\",\"potentialAction\":[{\"@type\":\"SearchAction\",\"target\":{\"@type\":\"EntryPoint\",\"urlTemplate\":\"https:\\\/\\\/folhapopular.info\\\/?s={search_term_string}\"},\"query-input\":{\"@type\":\"PropertyValueSpecification\",\"valueRequired\":true,\"valueName\":\"search_term_string\"}}],\"inLanguage\":\"pt-BR\"},{\"@type\":\"Person\",\"@id\":\"https:\\\/\\\/folhapopular.info\\\/#\\\/schema\\\/person\\\/2814e8a0df7643585a9ca38bc6eb9d4b\",\"name\":\"Reda\u00e7\u00e3o Folha Popular\",\"image\":{\"@type\":\"ImageObject\",\"inLanguage\":\"pt-BR\",\"@id\":\"https:\\\/\\\/folhapopular.info\\\/wp-content\\\/uploads\\\/2026\\\/04\\\/Folha-1.webp\",\"url\":\"https:\\\/\\\/folhapopular.info\\\/wp-content\\\/uploads\\\/2026\\\/04\\\/Folha-1.webp\",\"contentUrl\":\"https:\\\/\\\/folhapopular.info\\\/wp-content\\\/uploads\\\/2026\\\/04\\\/Folha-1.webp\",\"caption\":\"Reda\u00e7\u00e3o Folha Popular\"},\"url\":\"https:\\\/\\\/folhapopular.info\\\/index.php\\\/author\\\/redacao\\\/\"}]}<\/script>\n<!-- \/ Yoast SEO plugin. -->","yoast_head_json":{"title":"Lan\u00e7amento de \u201cRui Barbosa - Um caminho de f\u00e9\u201d ocorre domingo - Folha Popular","robots":{"index":"index","follow":"follow","max-snippet":"max-snippet:-1","max-image-preview":"max-image-preview:large","max-video-preview":"max-video-preview:-1"},"canonical":"https:\/\/folhapopular.info\/index.php\/2024\/02\/07\/lancamento-derui-barbosa-um-caminho-de-fe-ocorre-domingo\/","og_locale":"pt_BR","og_type":"article","og_title":"Lan\u00e7amento de \u201cRui Barbosa - Um caminho de f\u00e9\u201d ocorre domingo - Folha Popular","og_description":"O escritor Rodrigo Conte, o integrante da Comunidade Cat\u00f3lica Santo Ant\u00f4nio, Isael Caliari e o ex-morador e um dos mentores da Paulo Pretto participam do programa Espa\u00e7o Aberto da R\u00e1dio Popular. Rodrigo fala sobre o processo de escrita da obra \u201cRui Barbosa &#8211; Um caminho de f\u00e9\u201d, que retoma as d\u00e9cadas passadas da comunidade interiorana&nbsp; [&hellip;]","og_url":"https:\/\/folhapopular.info\/index.php\/2024\/02\/07\/lancamento-derui-barbosa-um-caminho-de-fe-ocorre-domingo\/","og_site_name":"Folha Popular","article_published_time":"2024-02-07T14:57:42+00:00","article_modified_time":"2024-02-07T15:06:19+00:00","og_image":[{"width":1600,"height":1200,"url":"http:\/\/folhapopular.info\/wp-content\/uploads\/2024\/02\/WhatsApp-Image-2024-02-07-at-08.47.52.jpeg","type":"image\/jpeg"}],"author":"Reda\u00e7\u00e3o Folha Popular","twitter_card":"summary_large_image","twitter_misc":{"Escrito por":"Reda\u00e7\u00e3o Folha Popular","Est. tempo de leitura":"3 minutos"},"schema":{"@context":"https:\/\/schema.org","@graph":[{"@type":"Article","@id":"https:\/\/folhapopular.info\/index.php\/2024\/02\/07\/lancamento-derui-barbosa-um-caminho-de-fe-ocorre-domingo\/#article","isPartOf":{"@id":"https:\/\/folhapopular.info\/index.php\/2024\/02\/07\/lancamento-derui-barbosa-um-caminho-de-fe-ocorre-domingo\/"},"author":{"name":"Reda\u00e7\u00e3o Folha Popular","@id":"https:\/\/folhapopular.info\/#\/schema\/person\/2814e8a0df7643585a9ca38bc6eb9d4b"},"headline":"Lan\u00e7amento de \u201cRui Barbosa &#8211; Um caminho de f\u00e9\u201d ocorre domingo","datePublished":"2024-02-07T14:57:42+00:00","dateModified":"2024-02-07T15:06:19+00:00","mainEntityOfPage":{"@id":"https:\/\/folhapopular.info\/index.php\/2024\/02\/07\/lancamento-derui-barbosa-um-caminho-de-fe-ocorre-domingo\/"},"wordCount":371,"commentCount":0,"image":{"@id":"https:\/\/folhapopular.info\/index.php\/2024\/02\/07\/lancamento-derui-barbosa-um-caminho-de-fe-ocorre-domingo\/#primaryimage"},"thumbnailUrl":"https:\/\/folhapopular.info\/wp-content\/uploads\/2024\/02\/WhatsApp-Image-2024-02-07-at-08.47.52.jpeg","keywords":["Canudos do Vale","Cultura","Festa Nossa Senhora de Lourdes","Literatura"],"articleSection":["Cultura","Destaques"],"inLanguage":"pt-BR","potentialAction":[{"@type":"CommentAction","name":"Comment","target":["https:\/\/folhapopular.info\/index.php\/2024\/02\/07\/lancamento-derui-barbosa-um-caminho-de-fe-ocorre-domingo\/#respond"]}]},{"@type":"WebPage","@id":"https:\/\/folhapopular.info\/index.php\/2024\/02\/07\/lancamento-derui-barbosa-um-caminho-de-fe-ocorre-domingo\/","url":"https:\/\/folhapopular.info\/index.php\/2024\/02\/07\/lancamento-derui-barbosa-um-caminho-de-fe-ocorre-domingo\/","name":"Lan\u00e7amento de \u201cRui Barbosa - Um caminho de f\u00e9\u201d ocorre domingo - Folha Popular","isPartOf":{"@id":"https:\/\/folhapopular.info\/#website"},"primaryImageOfPage":{"@id":"https:\/\/folhapopular.info\/index.php\/2024\/02\/07\/lancamento-derui-barbosa-um-caminho-de-fe-ocorre-domingo\/#primaryimage"},"image":{"@id":"https:\/\/folhapopular.info\/index.php\/2024\/02\/07\/lancamento-derui-barbosa-um-caminho-de-fe-ocorre-domingo\/#primaryimage"},"thumbnailUrl":"https:\/\/folhapopular.info\/wp-content\/uploads\/2024\/02\/WhatsApp-Image-2024-02-07-at-08.47.52.jpeg","datePublished":"2024-02-07T14:57:42+00:00","dateModified":"2024-02-07T15:06:19+00:00","author":{"@id":"https:\/\/folhapopular.info\/#\/schema\/person\/2814e8a0df7643585a9ca38bc6eb9d4b"},"breadcrumb":{"@id":"https:\/\/folhapopular.info\/index.php\/2024\/02\/07\/lancamento-derui-barbosa-um-caminho-de-fe-ocorre-domingo\/#breadcrumb"},"inLanguage":"pt-BR","potentialAction":[{"@type":"ReadAction","target":["https:\/\/folhapopular.info\/index.php\/2024\/02\/07\/lancamento-derui-barbosa-um-caminho-de-fe-ocorre-domingo\/"]}]},{"@type":"ImageObject","inLanguage":"pt-BR","@id":"https:\/\/folhapopular.info\/index.php\/2024\/02\/07\/lancamento-derui-barbosa-um-caminho-de-fe-ocorre-domingo\/#primaryimage","url":"https:\/\/folhapopular.info\/wp-content\/uploads\/2024\/02\/WhatsApp-Image-2024-02-07-at-08.47.52.jpeg","contentUrl":"https:\/\/folhapopular.info\/wp-content\/uploads\/2024\/02\/WhatsApp-Image-2024-02-07-at-08.47.52.jpeg","width":1600,"height":1200,"caption":"Cr\u00e9ditos: Lucas LEandro Brune"},{"@type":"BreadcrumbList","@id":"https:\/\/folhapopular.info\/index.php\/2024\/02\/07\/lancamento-derui-barbosa-um-caminho-de-fe-ocorre-domingo\/#breadcrumb","itemListElement":[{"@type":"ListItem","position":1,"name":"In\u00edcio","item":"https:\/\/folhapopular.info\/"},{"@type":"ListItem","position":2,"name":"Lan\u00e7amento de \u201cRui Barbosa &#8211; Um caminho de f\u00e9\u201d ocorre domingo"}]},{"@type":"WebSite","@id":"https:\/\/folhapopular.info\/#website","url":"https:\/\/folhapopular.info\/","name":"Folha Popular","description":"Onde voc\u00ea tem vez e voz","potentialAction":[{"@type":"SearchAction","target":{"@type":"EntryPoint","urlTemplate":"https:\/\/folhapopular.info\/?s={search_term_string}"},"query-input":{"@type":"PropertyValueSpecification","valueRequired":true,"valueName":"search_term_string"}}],"inLanguage":"pt-BR"},{"@type":"Person","@id":"https:\/\/folhapopular.info\/#\/schema\/person\/2814e8a0df7643585a9ca38bc6eb9d4b","name":"Reda\u00e7\u00e3o Folha Popular","image":{"@type":"ImageObject","inLanguage":"pt-BR","@id":"https:\/\/folhapopular.info\/wp-content\/uploads\/2026\/04\/Folha-1.webp","url":"https:\/\/folhapopular.info\/wp-content\/uploads\/2026\/04\/Folha-1.webp","contentUrl":"https:\/\/folhapopular.info\/wp-content\/uploads\/2026\/04\/Folha-1.webp","caption":"Reda\u00e7\u00e3o Folha Popular"},"url":"https:\/\/folhapopular.info\/index.php\/author\/redacao\/"}]}},"jetpack_featured_media_url":"https:\/\/folhapopular.info\/wp-content\/uploads\/2024\/02\/WhatsApp-Image-2024-02-07-at-08.47.52.jpeg","jetpack_sharing_enabled":true,"amp_enabled":true,"_links":{"self":[{"href":"https:\/\/folhapopular.info\/index.php\/wp-json\/wp\/v2\/posts\/149775","targetHints":{"allow":["GET"]}}],"collection":[{"href":"https:\/\/folhapopular.info\/index.php\/wp-json\/wp\/v2\/posts"}],"about":[{"href":"https:\/\/folhapopular.info\/index.php\/wp-json\/wp\/v2\/types\/post"}],"author":[{"embeddable":true,"href":"https:\/\/folhapopular.info\/index.php\/wp-json\/wp\/v2\/users\/8"}],"replies":[{"embeddable":true,"href":"https:\/\/folhapopular.info\/index.php\/wp-json\/wp\/v2\/comments?post=149775"}],"version-history":[{"count":0,"href":"https:\/\/folhapopular.info\/index.php\/wp-json\/wp\/v2\/posts\/149775\/revisions"}],"wp:featuredmedia":[{"embeddable":true,"href":"https:\/\/folhapopular.info\/index.php\/wp-json\/wp\/v2\/media\/149776"}],"wp:attachment":[{"href":"https:\/\/folhapopular.info\/index.php\/wp-json\/wp\/v2\/media?parent=149775"}],"wp:term":[{"taxonomy":"category","embeddable":true,"href":"https:\/\/folhapopular.info\/index.php\/wp-json\/wp\/v2\/categories?post=149775"},{"taxonomy":"post_tag","embeddable":true,"href":"https:\/\/folhapopular.info\/index.php\/wp-json\/wp\/v2\/tags?post=149775"}],"curies":[{"name":"wp","href":"https:\/\/api.w.org\/{rel}","templated":true}]}}