{"id":150381,"date":"2024-02-15T11:30:25","date_gmt":"2024-02-15T14:30:25","guid":{"rendered":"https:\/\/folhapopular.info\/?p=150381"},"modified":"2024-02-15T19:53:34","modified_gmt":"2024-02-15T22:53:34","slug":"nova-imagem-investe-em-equipamentos-para-aperfeicoar-diagnosticos-por-imagem","status":"publish","type":"post","link":"https:\/\/folhapopular.info\/index.php\/2024\/02\/15\/nova-imagem-investe-em-equipamentos-para-aperfeicoar-diagnosticos-por-imagem\/","title":{"rendered":"Nova Imagem investe em equipamentos para aperfei\u00e7oar diagn\u00f3sticos por imagem"},"content":{"rendered":"\n<p>O s\u00f3cio-diretor da Cl\u00ednica Nova Imagem, Jorge Mattos, detalha os investimentos feitos em equipamentos modernos para a melhoria dos servi\u00e7os prestados pela cl\u00ednica. Atualmente o servi\u00e7o \u00e9 prestado para&nbsp; e trinta cidades da regi\u00e3o al\u00e9m dos munic\u00edpios do G7 (Teut\u00f4nia, Colinas, Imigrante, Westf\u00e1lia, Po\u00e7o das Antas, Fazenda Vilanova, Paverama), entretanto sua maior matriz se localiza no munic\u00edpio Teut\u00f4nia.<\/p>\n\n\n\n<p>A escolha pela cidade \u00e9 decorrente de uma pesquisa feita acerca da implanta\u00e7\u00e3o da cl\u00ednica na regi\u00e3o h\u00e1 dois anos atr\u00e1s. Naquela \u00e9poca, Teut\u00f4nia foi o munic\u00edpio que se destacou nos resultados. Atualmente a cidade \u00e9 a segunda maior do Vale do Taquari e possui o segundo maior or\u00e7amento. A implanta\u00e7\u00e3o da Nova Imagem, junto ao HOB deu-se em um momento de transforma\u00e7\u00f5es da casa de sa\u00fade diante da necessidade de diagn\u00f3sticos por imagem com precis\u00e3o. De acordo com Jorge Mattos:<\/p>\n\n\n\n<p>\u201cDiante disso a cl\u00ednica atendeu isso como o lugar ideal para instalar seu primeiro equipamento de resson\u00e2ncia magn\u00e9tica , um equipamento de investimento alto, em torno de oito milh\u00f5es para instala\u00e7\u00e3o deste equipamento , e escolhemos teut\u00f4nia por toda sua caracter\u00edstica, agente acredita que teut\u00f4nia ser\u00e1 um destaque nos pr\u00f3ximos anos no Vale do Taquari.\u201d . O atendimento prestado pela Nova Imagem tamb\u00e9m abrange pacientes de microrregi\u00f5es, como Doutor Ricardo, Nova Br\u00e9scia, Cruzeiro do Sul, salienta o s\u00f3cio-diretor.&nbsp;<\/p>\n\n\n\n<p>Teut\u00f4nia possui dois equipamentos de Raio X, tr\u00eas equipamentos de ecografia e receber\u00e1 um quarto aparelho de ecografia previsto para os pr\u00f3ximos quinze dias. Este equipamento realizar\u00e1 exames 4D auxiliando na capta\u00e7\u00e3o de imagens mais detalhadas de beb\u00eas, por exemplo.\u00a0<\/p>\n\n\n\n<p>Jorge tamb\u00e9m ressalta a import\u00e2ncia de exames de preven\u00e7\u00e3o para que a popula\u00e7\u00e3o tenha uma melhor qualidade de vida.&nbsp; Dentre os exames, destacam-se a mamografia e densitometria \u00f3ssea, que est\u00e3o dispon\u00edveis no Hospital Ouro Branco. Neste sentido, a cl\u00ednica&nbsp; tamb\u00e9m oferece&nbsp; a resson\u00e2ncia card\u00edaca que \u00e9&nbsp; um exame complexo e importante na observa\u00e7\u00e3o da funcionalidade do cora\u00e7\u00e3o. Este exame \u00e9 um destaque para a cidade, pois n\u00e3o est\u00e1 dispon\u00edvel em muitas outras cidades da regi\u00e3o.&nbsp;<\/p>\n\n\n\n<p>O HOB passa por avan\u00e7os estruturais como a melhoria na UTI e nos blocos cir\u00fargicos. Servi\u00e7os essenciais \u00e0 popula\u00e7\u00e3o, destaca Jorge.<\/p>\n\n\n\n<p><strong>Confira a entrevista na \u00edntegra:<\/strong><\/p>\n\n\n\n<figure class=\"wp-block-embed is-type-video is-provider-youtube wp-block-embed-youtube wp-embed-aspect-4-3 wp-has-aspect-ratio\"><div class=\"wp-block-embed__wrapper\">\n<div class=\"youtube-embed\" data-video_id=\"-nZs-zY-czI\"><iframe loading=\"lazy\" title=\"Cl\u00ednica Nova Imagem realiza investimentos para melhorar os atendimentos no Hospital Ouro Branco\" width=\"696\" height=\"522\" src=\"https:\/\/www.youtube.com\/embed\/-nZs-zY-czI?feature=oembed&#038;enablejsapi=1\" frameborder=\"0\" allow=\"accelerometer; autoplay; clipboard-write; encrypted-media; gyroscope; picture-in-picture; web-share\" allowfullscreen><\/iframe><\/div>\n<\/div><\/figure>\n","protected":false},"excerpt":{"rendered":"<p>O s\u00f3cio-diretor da Cl\u00ednica Nova Imagem, Jorge Mattos, detalha os investimentos feitos em equipamentos modernos para a melhoria dos servi\u00e7os prestados pela cl\u00ednica. Atualmente o servi\u00e7o \u00e9 prestado para&nbsp; e trinta cidades da regi\u00e3o al\u00e9m dos munic\u00edpios do G7 (Teut\u00f4nia, Colinas, Imigrante, Westf\u00e1lia, Po\u00e7o das Antas, Fazenda Vilanova, Paverama), entretanto sua maior matriz se localiza [&hellip;]<\/p>\n","protected":false},"author":8,"featured_media":150382,"comment_status":"open","ping_status":"open","sticky":false,"template":"","format":"standard","meta":{"pmpro_default_level":"","_jetpack_memberships_contains_paid_content":false,"footnotes":""},"categories":[2,10986],"tags":[14177,9847,284,14178,89,26],"class_list":{"0":"post-150381","1":"post","2":"type-post","3":"status-publish","4":"format-standard","5":"has-post-thumbnail","7":"category-featured","8":"category-saude","9":"tag-4d","10":"tag-diagnostico","11":"tag-equipamentos","12":"tag-nova-imagem","13":"tag-saude","14":"tag-teutonia","15":"pmpro-has-access"},"yoast_head":"<!-- This site is optimized with the Yoast SEO plugin v27.4 - https:\/\/yoast.com\/product\/yoast-seo-wordpress\/ -->\n<title>Nova Imagem investe em equipamentos para aperfei\u00e7oar diagn\u00f3sticos por imagem - Folha Popular<\/title>\n<meta name=\"robots\" content=\"index, follow, max-snippet:-1, max-image-preview:large, max-video-preview:-1\" \/>\n<link rel=\"canonical\" href=\"https:\/\/folhapopular.info\/index.php\/2024\/02\/15\/nova-imagem-investe-em-equipamentos-para-aperfeicoar-diagnosticos-por-imagem\/\" \/>\n<meta property=\"og:locale\" content=\"pt_BR\" \/>\n<meta property=\"og:type\" content=\"article\" \/>\n<meta property=\"og:title\" content=\"Nova Imagem investe em equipamentos para aperfei\u00e7oar diagn\u00f3sticos por imagem - Folha Popular\" \/>\n<meta property=\"og:description\" content=\"O s\u00f3cio-diretor da Cl\u00ednica Nova Imagem, Jorge Mattos, detalha os investimentos feitos em equipamentos modernos para a melhoria dos servi\u00e7os prestados pela cl\u00ednica. Atualmente o servi\u00e7o \u00e9 prestado para&nbsp; e trinta cidades da regi\u00e3o al\u00e9m dos munic\u00edpios do G7 (Teut\u00f4nia, Colinas, Imigrante, Westf\u00e1lia, Po\u00e7o das Antas, Fazenda Vilanova, Paverama), entretanto sua maior matriz se localiza [&hellip;]\" \/>\n<meta property=\"og:url\" content=\"https:\/\/folhapopular.info\/index.php\/2024\/02\/15\/nova-imagem-investe-em-equipamentos-para-aperfeicoar-diagnosticos-por-imagem\/\" \/>\n<meta property=\"og:site_name\" content=\"Folha Popular\" \/>\n<meta property=\"article:published_time\" content=\"2024-02-15T14:30:25+00:00\" \/>\n<meta property=\"article:modified_time\" content=\"2024-02-15T22:53:34+00:00\" \/>\n<meta property=\"og:image\" content=\"http:\/\/folhapopular.info\/wp-content\/uploads\/2024\/02\/WhatsApp-Image-2024-02-15-at-07.34.17.jpeg\" \/>\n\t<meta property=\"og:image:width\" content=\"1280\" \/>\n\t<meta property=\"og:image:height\" content=\"960\" \/>\n\t<meta property=\"og:image:type\" content=\"image\/jpeg\" \/>\n<meta name=\"author\" content=\"Reda\u00e7\u00e3o Folha Popular\" \/>\n<meta name=\"twitter:card\" content=\"summary_large_image\" \/>\n<meta name=\"twitter:label1\" content=\"Escrito por\" \/>\n\t<meta name=\"twitter:data1\" content=\"Reda\u00e7\u00e3o Folha Popular\" \/>\n\t<meta name=\"twitter:label2\" content=\"Est. tempo de leitura\" \/>\n\t<meta name=\"twitter:data2\" content=\"3 minutos\" \/>\n<script type=\"application\/ld+json\" class=\"yoast-schema-graph\">{\"@context\":\"https:\\\/\\\/schema.org\",\"@graph\":[{\"@type\":\"Article\",\"@id\":\"https:\\\/\\\/folhapopular.info\\\/index.php\\\/2024\\\/02\\\/15\\\/nova-imagem-investe-em-equipamentos-para-aperfeicoar-diagnosticos-por-imagem\\\/#article\",\"isPartOf\":{\"@id\":\"https:\\\/\\\/folhapopular.info\\\/index.php\\\/2024\\\/02\\\/15\\\/nova-imagem-investe-em-equipamentos-para-aperfeicoar-diagnosticos-por-imagem\\\/\"},\"author\":{\"name\":\"Reda\u00e7\u00e3o Folha Popular\",\"@id\":\"https:\\\/\\\/folhapopular.info\\\/#\\\/schema\\\/person\\\/2814e8a0df7643585a9ca38bc6eb9d4b\"},\"headline\":\"Nova Imagem investe em equipamentos para aperfei\u00e7oar diagn\u00f3sticos por imagem\",\"datePublished\":\"2024-02-15T14:30:25+00:00\",\"dateModified\":\"2024-02-15T22:53:34+00:00\",\"mainEntityOfPage\":{\"@id\":\"https:\\\/\\\/folhapopular.info\\\/index.php\\\/2024\\\/02\\\/15\\\/nova-imagem-investe-em-equipamentos-para-aperfeicoar-diagnosticos-por-imagem\\\/\"},\"wordCount\":437,\"commentCount\":0,\"image\":{\"@id\":\"https:\\\/\\\/folhapopular.info\\\/index.php\\\/2024\\\/02\\\/15\\\/nova-imagem-investe-em-equipamentos-para-aperfeicoar-diagnosticos-por-imagem\\\/#primaryimage\"},\"thumbnailUrl\":\"https:\\\/\\\/folhapopular.info\\\/wp-content\\\/uploads\\\/2024\\\/02\\\/WhatsApp-Image-2024-02-15-at-07.34.17.jpeg\",\"keywords\":[\"4D\",\"Diagn\u00f3stico\",\"Equipamentos\",\"Nova Imagem\",\"Sa\u00fade\",\"Teut\u00f4nia\"],\"articleSection\":[\"Destaques\",\"Sa\u00fade\"],\"inLanguage\":\"pt-BR\",\"potentialAction\":[{\"@type\":\"CommentAction\",\"name\":\"Comment\",\"target\":[\"https:\\\/\\\/folhapopular.info\\\/index.php\\\/2024\\\/02\\\/15\\\/nova-imagem-investe-em-equipamentos-para-aperfeicoar-diagnosticos-por-imagem\\\/#respond\"]}]},{\"@type\":\"WebPage\",\"@id\":\"https:\\\/\\\/folhapopular.info\\\/index.php\\\/2024\\\/02\\\/15\\\/nova-imagem-investe-em-equipamentos-para-aperfeicoar-diagnosticos-por-imagem\\\/\",\"url\":\"https:\\\/\\\/folhapopular.info\\\/index.php\\\/2024\\\/02\\\/15\\\/nova-imagem-investe-em-equipamentos-para-aperfeicoar-diagnosticos-por-imagem\\\/\",\"name\":\"Nova Imagem investe em equipamentos para aperfei\u00e7oar diagn\u00f3sticos por imagem - Folha Popular\",\"isPartOf\":{\"@id\":\"https:\\\/\\\/folhapopular.info\\\/#website\"},\"primaryImageOfPage\":{\"@id\":\"https:\\\/\\\/folhapopular.info\\\/index.php\\\/2024\\\/02\\\/15\\\/nova-imagem-investe-em-equipamentos-para-aperfeicoar-diagnosticos-por-imagem\\\/#primaryimage\"},\"image\":{\"@id\":\"https:\\\/\\\/folhapopular.info\\\/index.php\\\/2024\\\/02\\\/15\\\/nova-imagem-investe-em-equipamentos-para-aperfeicoar-diagnosticos-por-imagem\\\/#primaryimage\"},\"thumbnailUrl\":\"https:\\\/\\\/folhapopular.info\\\/wp-content\\\/uploads\\\/2024\\\/02\\\/WhatsApp-Image-2024-02-15-at-07.34.17.jpeg\",\"datePublished\":\"2024-02-15T14:30:25+00:00\",\"dateModified\":\"2024-02-15T22:53:34+00:00\",\"author\":{\"@id\":\"https:\\\/\\\/folhapopular.info\\\/#\\\/schema\\\/person\\\/2814e8a0df7643585a9ca38bc6eb9d4b\"},\"breadcrumb\":{\"@id\":\"https:\\\/\\\/folhapopular.info\\\/index.php\\\/2024\\\/02\\\/15\\\/nova-imagem-investe-em-equipamentos-para-aperfeicoar-diagnosticos-por-imagem\\\/#breadcrumb\"},\"inLanguage\":\"pt-BR\",\"potentialAction\":[{\"@type\":\"ReadAction\",\"target\":[\"https:\\\/\\\/folhapopular.info\\\/index.php\\\/2024\\\/02\\\/15\\\/nova-imagem-investe-em-equipamentos-para-aperfeicoar-diagnosticos-por-imagem\\\/\"]}]},{\"@type\":\"ImageObject\",\"inLanguage\":\"pt-BR\",\"@id\":\"https:\\\/\\\/folhapopular.info\\\/index.php\\\/2024\\\/02\\\/15\\\/nova-imagem-investe-em-equipamentos-para-aperfeicoar-diagnosticos-por-imagem\\\/#primaryimage\",\"url\":\"https:\\\/\\\/folhapopular.info\\\/wp-content\\\/uploads\\\/2024\\\/02\\\/WhatsApp-Image-2024-02-15-at-07.34.17.jpeg\",\"contentUrl\":\"https:\\\/\\\/folhapopular.info\\\/wp-content\\\/uploads\\\/2024\\\/02\\\/WhatsApp-Image-2024-02-15-at-07.34.17.jpeg\",\"width\":1280,\"height\":960,\"caption\":\"Cr\u00e9dito: Luciana Brune\"},{\"@type\":\"BreadcrumbList\",\"@id\":\"https:\\\/\\\/folhapopular.info\\\/index.php\\\/2024\\\/02\\\/15\\\/nova-imagem-investe-em-equipamentos-para-aperfeicoar-diagnosticos-por-imagem\\\/#breadcrumb\",\"itemListElement\":[{\"@type\":\"ListItem\",\"position\":1,\"name\":\"In\u00edcio\",\"item\":\"https:\\\/\\\/folhapopular.info\\\/\"},{\"@type\":\"ListItem\",\"position\":2,\"name\":\"Nova Imagem investe em equipamentos para aperfei\u00e7oar diagn\u00f3sticos por imagem\"}]},{\"@type\":\"WebSite\",\"@id\":\"https:\\\/\\\/folhapopular.info\\\/#website\",\"url\":\"https:\\\/\\\/folhapopular.info\\\/\",\"name\":\"Folha Popular\",\"description\":\"Onde voc\u00ea tem vez e voz\",\"potentialAction\":[{\"@type\":\"SearchAction\",\"target\":{\"@type\":\"EntryPoint\",\"urlTemplate\":\"https:\\\/\\\/folhapopular.info\\\/?s={search_term_string}\"},\"query-input\":{\"@type\":\"PropertyValueSpecification\",\"valueRequired\":true,\"valueName\":\"search_term_string\"}}],\"inLanguage\":\"pt-BR\"},{\"@type\":\"Person\",\"@id\":\"https:\\\/\\\/folhapopular.info\\\/#\\\/schema\\\/person\\\/2814e8a0df7643585a9ca38bc6eb9d4b\",\"name\":\"Reda\u00e7\u00e3o Folha Popular\",\"image\":{\"@type\":\"ImageObject\",\"inLanguage\":\"pt-BR\",\"@id\":\"https:\\\/\\\/folhapopular.info\\\/wp-content\\\/uploads\\\/2026\\\/04\\\/Folha-1.webp\",\"url\":\"https:\\\/\\\/folhapopular.info\\\/wp-content\\\/uploads\\\/2026\\\/04\\\/Folha-1.webp\",\"contentUrl\":\"https:\\\/\\\/folhapopular.info\\\/wp-content\\\/uploads\\\/2026\\\/04\\\/Folha-1.webp\",\"caption\":\"Reda\u00e7\u00e3o Folha Popular\"},\"url\":\"https:\\\/\\\/folhapopular.info\\\/index.php\\\/author\\\/redacao\\\/\"}]}<\/script>\n<!-- \/ Yoast SEO plugin. -->","yoast_head_json":{"title":"Nova Imagem investe em equipamentos para aperfei\u00e7oar diagn\u00f3sticos por imagem - Folha Popular","robots":{"index":"index","follow":"follow","max-snippet":"max-snippet:-1","max-image-preview":"max-image-preview:large","max-video-preview":"max-video-preview:-1"},"canonical":"https:\/\/folhapopular.info\/index.php\/2024\/02\/15\/nova-imagem-investe-em-equipamentos-para-aperfeicoar-diagnosticos-por-imagem\/","og_locale":"pt_BR","og_type":"article","og_title":"Nova Imagem investe em equipamentos para aperfei\u00e7oar diagn\u00f3sticos por imagem - Folha Popular","og_description":"O s\u00f3cio-diretor da Cl\u00ednica Nova Imagem, Jorge Mattos, detalha os investimentos feitos em equipamentos modernos para a melhoria dos servi\u00e7os prestados pela cl\u00ednica. Atualmente o servi\u00e7o \u00e9 prestado para&nbsp; e trinta cidades da regi\u00e3o al\u00e9m dos munic\u00edpios do G7 (Teut\u00f4nia, Colinas, Imigrante, Westf\u00e1lia, Po\u00e7o das Antas, Fazenda Vilanova, Paverama), entretanto sua maior matriz se localiza [&hellip;]","og_url":"https:\/\/folhapopular.info\/index.php\/2024\/02\/15\/nova-imagem-investe-em-equipamentos-para-aperfeicoar-diagnosticos-por-imagem\/","og_site_name":"Folha Popular","article_published_time":"2024-02-15T14:30:25+00:00","article_modified_time":"2024-02-15T22:53:34+00:00","og_image":[{"width":1280,"height":960,"url":"http:\/\/folhapopular.info\/wp-content\/uploads\/2024\/02\/WhatsApp-Image-2024-02-15-at-07.34.17.jpeg","type":"image\/jpeg"}],"author":"Reda\u00e7\u00e3o Folha Popular","twitter_card":"summary_large_image","twitter_misc":{"Escrito por":"Reda\u00e7\u00e3o Folha Popular","Est. tempo de leitura":"3 minutos"},"schema":{"@context":"https:\/\/schema.org","@graph":[{"@type":"Article","@id":"https:\/\/folhapopular.info\/index.php\/2024\/02\/15\/nova-imagem-investe-em-equipamentos-para-aperfeicoar-diagnosticos-por-imagem\/#article","isPartOf":{"@id":"https:\/\/folhapopular.info\/index.php\/2024\/02\/15\/nova-imagem-investe-em-equipamentos-para-aperfeicoar-diagnosticos-por-imagem\/"},"author":{"name":"Reda\u00e7\u00e3o Folha Popular","@id":"https:\/\/folhapopular.info\/#\/schema\/person\/2814e8a0df7643585a9ca38bc6eb9d4b"},"headline":"Nova Imagem investe em equipamentos para aperfei\u00e7oar diagn\u00f3sticos por imagem","datePublished":"2024-02-15T14:30:25+00:00","dateModified":"2024-02-15T22:53:34+00:00","mainEntityOfPage":{"@id":"https:\/\/folhapopular.info\/index.php\/2024\/02\/15\/nova-imagem-investe-em-equipamentos-para-aperfeicoar-diagnosticos-por-imagem\/"},"wordCount":437,"commentCount":0,"image":{"@id":"https:\/\/folhapopular.info\/index.php\/2024\/02\/15\/nova-imagem-investe-em-equipamentos-para-aperfeicoar-diagnosticos-por-imagem\/#primaryimage"},"thumbnailUrl":"https:\/\/folhapopular.info\/wp-content\/uploads\/2024\/02\/WhatsApp-Image-2024-02-15-at-07.34.17.jpeg","keywords":["4D","Diagn\u00f3stico","Equipamentos","Nova Imagem","Sa\u00fade","Teut\u00f4nia"],"articleSection":["Destaques","Sa\u00fade"],"inLanguage":"pt-BR","potentialAction":[{"@type":"CommentAction","name":"Comment","target":["https:\/\/folhapopular.info\/index.php\/2024\/02\/15\/nova-imagem-investe-em-equipamentos-para-aperfeicoar-diagnosticos-por-imagem\/#respond"]}]},{"@type":"WebPage","@id":"https:\/\/folhapopular.info\/index.php\/2024\/02\/15\/nova-imagem-investe-em-equipamentos-para-aperfeicoar-diagnosticos-por-imagem\/","url":"https:\/\/folhapopular.info\/index.php\/2024\/02\/15\/nova-imagem-investe-em-equipamentos-para-aperfeicoar-diagnosticos-por-imagem\/","name":"Nova Imagem investe em equipamentos para aperfei\u00e7oar diagn\u00f3sticos por imagem - Folha Popular","isPartOf":{"@id":"https:\/\/folhapopular.info\/#website"},"primaryImageOfPage":{"@id":"https:\/\/folhapopular.info\/index.php\/2024\/02\/15\/nova-imagem-investe-em-equipamentos-para-aperfeicoar-diagnosticos-por-imagem\/#primaryimage"},"image":{"@id":"https:\/\/folhapopular.info\/index.php\/2024\/02\/15\/nova-imagem-investe-em-equipamentos-para-aperfeicoar-diagnosticos-por-imagem\/#primaryimage"},"thumbnailUrl":"https:\/\/folhapopular.info\/wp-content\/uploads\/2024\/02\/WhatsApp-Image-2024-02-15-at-07.34.17.jpeg","datePublished":"2024-02-15T14:30:25+00:00","dateModified":"2024-02-15T22:53:34+00:00","author":{"@id":"https:\/\/folhapopular.info\/#\/schema\/person\/2814e8a0df7643585a9ca38bc6eb9d4b"},"breadcrumb":{"@id":"https:\/\/folhapopular.info\/index.php\/2024\/02\/15\/nova-imagem-investe-em-equipamentos-para-aperfeicoar-diagnosticos-por-imagem\/#breadcrumb"},"inLanguage":"pt-BR","potentialAction":[{"@type":"ReadAction","target":["https:\/\/folhapopular.info\/index.php\/2024\/02\/15\/nova-imagem-investe-em-equipamentos-para-aperfeicoar-diagnosticos-por-imagem\/"]}]},{"@type":"ImageObject","inLanguage":"pt-BR","@id":"https:\/\/folhapopular.info\/index.php\/2024\/02\/15\/nova-imagem-investe-em-equipamentos-para-aperfeicoar-diagnosticos-por-imagem\/#primaryimage","url":"https:\/\/folhapopular.info\/wp-content\/uploads\/2024\/02\/WhatsApp-Image-2024-02-15-at-07.34.17.jpeg","contentUrl":"https:\/\/folhapopular.info\/wp-content\/uploads\/2024\/02\/WhatsApp-Image-2024-02-15-at-07.34.17.jpeg","width":1280,"height":960,"caption":"Cr\u00e9dito: Luciana Brune"},{"@type":"BreadcrumbList","@id":"https:\/\/folhapopular.info\/index.php\/2024\/02\/15\/nova-imagem-investe-em-equipamentos-para-aperfeicoar-diagnosticos-por-imagem\/#breadcrumb","itemListElement":[{"@type":"ListItem","position":1,"name":"In\u00edcio","item":"https:\/\/folhapopular.info\/"},{"@type":"ListItem","position":2,"name":"Nova Imagem investe em equipamentos para aperfei\u00e7oar diagn\u00f3sticos por imagem"}]},{"@type":"WebSite","@id":"https:\/\/folhapopular.info\/#website","url":"https:\/\/folhapopular.info\/","name":"Folha Popular","description":"Onde voc\u00ea tem vez e voz","potentialAction":[{"@type":"SearchAction","target":{"@type":"EntryPoint","urlTemplate":"https:\/\/folhapopular.info\/?s={search_term_string}"},"query-input":{"@type":"PropertyValueSpecification","valueRequired":true,"valueName":"search_term_string"}}],"inLanguage":"pt-BR"},{"@type":"Person","@id":"https:\/\/folhapopular.info\/#\/schema\/person\/2814e8a0df7643585a9ca38bc6eb9d4b","name":"Reda\u00e7\u00e3o Folha Popular","image":{"@type":"ImageObject","inLanguage":"pt-BR","@id":"https:\/\/folhapopular.info\/wp-content\/uploads\/2026\/04\/Folha-1.webp","url":"https:\/\/folhapopular.info\/wp-content\/uploads\/2026\/04\/Folha-1.webp","contentUrl":"https:\/\/folhapopular.info\/wp-content\/uploads\/2026\/04\/Folha-1.webp","caption":"Reda\u00e7\u00e3o Folha Popular"},"url":"https:\/\/folhapopular.info\/index.php\/author\/redacao\/"}]}},"jetpack_featured_media_url":"https:\/\/folhapopular.info\/wp-content\/uploads\/2024\/02\/WhatsApp-Image-2024-02-15-at-07.34.17.jpeg","jetpack_sharing_enabled":true,"amp_enabled":true,"_links":{"self":[{"href":"https:\/\/folhapopular.info\/index.php\/wp-json\/wp\/v2\/posts\/150381","targetHints":{"allow":["GET"]}}],"collection":[{"href":"https:\/\/folhapopular.info\/index.php\/wp-json\/wp\/v2\/posts"}],"about":[{"href":"https:\/\/folhapopular.info\/index.php\/wp-json\/wp\/v2\/types\/post"}],"author":[{"embeddable":true,"href":"https:\/\/folhapopular.info\/index.php\/wp-json\/wp\/v2\/users\/8"}],"replies":[{"embeddable":true,"href":"https:\/\/folhapopular.info\/index.php\/wp-json\/wp\/v2\/comments?post=150381"}],"version-history":[{"count":0,"href":"https:\/\/folhapopular.info\/index.php\/wp-json\/wp\/v2\/posts\/150381\/revisions"}],"wp:featuredmedia":[{"embeddable":true,"href":"https:\/\/folhapopular.info\/index.php\/wp-json\/wp\/v2\/media\/150382"}],"wp:attachment":[{"href":"https:\/\/folhapopular.info\/index.php\/wp-json\/wp\/v2\/media?parent=150381"}],"wp:term":[{"taxonomy":"category","embeddable":true,"href":"https:\/\/folhapopular.info\/index.php\/wp-json\/wp\/v2\/categories?post=150381"},{"taxonomy":"post_tag","embeddable":true,"href":"https:\/\/folhapopular.info\/index.php\/wp-json\/wp\/v2\/tags?post=150381"}],"curies":[{"name":"wp","href":"https:\/\/api.w.org\/{rel}","templated":true}]}}