{"id":150540,"date":"2024-02-17T17:13:00","date_gmt":"2024-02-17T20:13:00","guid":{"rendered":"https:\/\/folhapopular.info\/?p=150540"},"modified":"2024-02-17T12:17:23","modified_gmt":"2024-02-17T15:17:23","slug":"grupo-passarela-avanca-com-reforma-do-supermercado","status":"publish","type":"post","link":"https:\/\/folhapopular.info\/index.php\/2024\/02\/17\/grupo-passarela-avanca-com-reforma-do-supermercado\/","title":{"rendered":"Grupo Passarela avan\u00e7a com reforma do supermercado"},"content":{"rendered":"\n<p>As placas anunciam vagas de trabalho e o in\u00edcio das atividades de um novo supermercado em Teut\u00f4nia. O Grupo Passarela prepara a estrutura do antigo Supermercado Languiru, do Bairro Languiru, para receber a nova loja. \u201cVoc\u00ea vai se surpreender\u201d, promete a placa fixada na entrada do p\u00e1tio de estacionamento.<\/p>\n\n\n\n<p>O lado externo do pr\u00e9dio j\u00e1 recebeu completa pintura de cor neutra. Internamente tamb\u00e9m h\u00e1 atividades para remodelar o leiaute. Ainda em fevereiro haver\u00e1 a instala\u00e7\u00e3o dos equipamentos para inaugurar a loja, o que deve ocorrer at\u00e9 o fim de mar\u00e7o de 2024. \u201cPraticamente faremos uma loja nova. Vamos usar apenas as prateleiras, que est\u00e3o em bom estado. \u00c9 bastante trabalho, mas a nossa equipe j\u00e1 aproveitou para planejar tudo\u201d, sinaliza o presidente do Grupo Passarela, Alexandre Simioni.<br>A proposta \u00e9 implantar uma boa loja na terra do cooperativismo e do associativismo. \u201cEntendemos que fazendo uma loja boa na cidade, com os pre\u00e7os e o que vamos oferecer, todos vir\u00e3o comprar. Uma loja grande, espa\u00e7osa, confort\u00e1vel. Tenho certeza que o povo vai gostar do que vamos preparar\u201d, disse Simioni.<\/p>\n\n\n\n<p>Al\u00e9m da unidade de Teut\u00f4nia, o Grupo Passarela possui o Supermercado no Shopping Lajeado, igualmente adquirido da Languiru, e um Centro de Distribui\u00e7\u00e3o em Estrela. \u201cTemos outros desafios para o Estado, com previs\u00e3o de abrir sete lojas em 2024 se tudo certo com os alvar\u00e1s de constru\u00e7\u00e3o para iniciar as obras. Temos em Porto Alegre, Canoas, Novo Hamburgo, Ven\u00e2ncio Aires, Teut\u00f4nia, Santa Cruz do Sul ter\u00e1 mais um. S\u00e3o v\u00e1rias as oportunidades para expandir e consolidar a marca no Rio Grande do Sul\u201d, conclui o diretor-presidente.<\/p>\n","protected":false},"excerpt":{"rendered":"<p>As placas anunciam vagas de trabalho e o in\u00edcio das atividades de um novo supermercado em Teut\u00f4nia. O Grupo Passarela prepara a estrutura do antigo Supermercado Languiru, do Bairro Languiru, para receber a nova loja. \u201cVoc\u00ea vai se surpreender\u201d, promete a placa fixada na entrada do p\u00e1tio de estacionamento. O lado externo do pr\u00e9dio j\u00e1 [&hellip;]<\/p>\n","protected":false},"author":7,"featured_media":150541,"comment_status":"open","ping_status":"open","sticky":false,"template":"","format":"standard","meta":{"pmpro_default_level":"","_jetpack_memberships_contains_paid_content":false,"footnotes":""},"categories":[2,10991,10993],"tags":[14199,6637,13280,26],"class_list":{"0":"post-150540","1":"post","2":"type-post","3":"status-publish","4":"format-standard","5":"has-post-thumbnail","7":"category-featured","8":"category-economia","9":"category-empreender","10":"tag-coopertivismo","11":"tag-empreender","12":"tag-grupo-passarela","13":"tag-teutonia","14":"pmpro-has-access"},"yoast_head":"<!-- This site is optimized with the Yoast SEO plugin v27.4 - https:\/\/yoast.com\/product\/yoast-seo-wordpress\/ -->\n<title>Grupo Passarela avan\u00e7a com reforma do supermercado - Folha Popular<\/title>\n<meta name=\"robots\" content=\"index, follow, max-snippet:-1, max-image-preview:large, max-video-preview:-1\" \/>\n<link rel=\"canonical\" href=\"https:\/\/folhapopular.info\/index.php\/2024\/02\/17\/grupo-passarela-avanca-com-reforma-do-supermercado\/\" \/>\n<meta property=\"og:locale\" content=\"pt_BR\" \/>\n<meta property=\"og:type\" content=\"article\" \/>\n<meta property=\"og:title\" content=\"Grupo Passarela avan\u00e7a com reforma do supermercado - Folha Popular\" \/>\n<meta property=\"og:description\" content=\"As placas anunciam vagas de trabalho e o in\u00edcio das atividades de um novo supermercado em Teut\u00f4nia. O Grupo Passarela prepara a estrutura do antigo Supermercado Languiru, do Bairro Languiru, para receber a nova loja. \u201cVoc\u00ea vai se surpreender\u201d, promete a placa fixada na entrada do p\u00e1tio de estacionamento. O lado externo do pr\u00e9dio j\u00e1 [&hellip;]\" \/>\n<meta property=\"og:url\" content=\"https:\/\/folhapopular.info\/index.php\/2024\/02\/17\/grupo-passarela-avanca-com-reforma-do-supermercado\/\" \/>\n<meta property=\"og:site_name\" content=\"Folha Popular\" \/>\n<meta property=\"article:published_time\" content=\"2024-02-17T20:13:00+00:00\" \/>\n<meta property=\"og:image\" content=\"https:\/\/folhapopular.info\/wp-content\/uploads\/2024\/02\/2024_02_16_LLB_Passarela-anuncia-novidades-para-o-momento-da-abertura-do-supermercado-em-Teutonia-scaled.jpg\" \/>\n\t<meta property=\"og:image:width\" content=\"2560\" \/>\n\t<meta property=\"og:image:height\" content=\"1920\" \/>\n\t<meta property=\"og:image:type\" content=\"image\/jpeg\" \/>\n<meta name=\"author\" content=\"Lucas Leandro Brune\" \/>\n<meta name=\"twitter:card\" content=\"summary_large_image\" \/>\n<meta name=\"twitter:label1\" content=\"Escrito por\" \/>\n\t<meta name=\"twitter:data1\" content=\"Lucas Leandro Brune\" \/>\n\t<meta name=\"twitter:label2\" content=\"Est. tempo de leitura\" \/>\n\t<meta name=\"twitter:data2\" content=\"2 minutos\" \/>\n<script type=\"application\/ld+json\" class=\"yoast-schema-graph\">{\"@context\":\"https:\\\/\\\/schema.org\",\"@graph\":[{\"@type\":\"Article\",\"@id\":\"https:\\\/\\\/folhapopular.info\\\/index.php\\\/2024\\\/02\\\/17\\\/grupo-passarela-avanca-com-reforma-do-supermercado\\\/#article\",\"isPartOf\":{\"@id\":\"https:\\\/\\\/folhapopular.info\\\/index.php\\\/2024\\\/02\\\/17\\\/grupo-passarela-avanca-com-reforma-do-supermercado\\\/\"},\"author\":{\"name\":\"Lucas Leandro Brune\",\"@id\":\"https:\\\/\\\/folhapopular.info\\\/#\\\/schema\\\/person\\\/533a15f60cd49e81ab3a90b4ca33cb36\"},\"headline\":\"Grupo Passarela avan\u00e7a com reforma do supermercado\",\"datePublished\":\"2024-02-17T20:13:00+00:00\",\"mainEntityOfPage\":{\"@id\":\"https:\\\/\\\/folhapopular.info\\\/index.php\\\/2024\\\/02\\\/17\\\/grupo-passarela-avanca-com-reforma-do-supermercado\\\/\"},\"wordCount\":290,\"commentCount\":0,\"image\":{\"@id\":\"https:\\\/\\\/folhapopular.info\\\/index.php\\\/2024\\\/02\\\/17\\\/grupo-passarela-avanca-com-reforma-do-supermercado\\\/#primaryimage\"},\"thumbnailUrl\":\"https:\\\/\\\/folhapopular.info\\\/wp-content\\\/uploads\\\/2024\\\/02\\\/2024_02_16_LLB_Passarela-anuncia-novidades-para-o-momento-da-abertura-do-supermercado-em-Teutonia-scaled.jpg\",\"keywords\":[\"Coopertivismo\",\"Empreender\",\"Grupo Passarela\",\"Teut\u00f4nia\"],\"articleSection\":[\"Destaques\",\"Economia\",\"Empreender\"],\"inLanguage\":\"pt-BR\",\"potentialAction\":[{\"@type\":\"CommentAction\",\"name\":\"Comment\",\"target\":[\"https:\\\/\\\/folhapopular.info\\\/index.php\\\/2024\\\/02\\\/17\\\/grupo-passarela-avanca-com-reforma-do-supermercado\\\/#respond\"]}]},{\"@type\":\"WebPage\",\"@id\":\"https:\\\/\\\/folhapopular.info\\\/index.php\\\/2024\\\/02\\\/17\\\/grupo-passarela-avanca-com-reforma-do-supermercado\\\/\",\"url\":\"https:\\\/\\\/folhapopular.info\\\/index.php\\\/2024\\\/02\\\/17\\\/grupo-passarela-avanca-com-reforma-do-supermercado\\\/\",\"name\":\"Grupo Passarela avan\u00e7a com reforma do supermercado - Folha Popular\",\"isPartOf\":{\"@id\":\"https:\\\/\\\/folhapopular.info\\\/#website\"},\"primaryImageOfPage\":{\"@id\":\"https:\\\/\\\/folhapopular.info\\\/index.php\\\/2024\\\/02\\\/17\\\/grupo-passarela-avanca-com-reforma-do-supermercado\\\/#primaryimage\"},\"image\":{\"@id\":\"https:\\\/\\\/folhapopular.info\\\/index.php\\\/2024\\\/02\\\/17\\\/grupo-passarela-avanca-com-reforma-do-supermercado\\\/#primaryimage\"},\"thumbnailUrl\":\"https:\\\/\\\/folhapopular.info\\\/wp-content\\\/uploads\\\/2024\\\/02\\\/2024_02_16_LLB_Passarela-anuncia-novidades-para-o-momento-da-abertura-do-supermercado-em-Teutonia-scaled.jpg\",\"datePublished\":\"2024-02-17T20:13:00+00:00\",\"author\":{\"@id\":\"https:\\\/\\\/folhapopular.info\\\/#\\\/schema\\\/person\\\/533a15f60cd49e81ab3a90b4ca33cb36\"},\"breadcrumb\":{\"@id\":\"https:\\\/\\\/folhapopular.info\\\/index.php\\\/2024\\\/02\\\/17\\\/grupo-passarela-avanca-com-reforma-do-supermercado\\\/#breadcrumb\"},\"inLanguage\":\"pt-BR\",\"potentialAction\":[{\"@type\":\"ReadAction\",\"target\":[\"https:\\\/\\\/folhapopular.info\\\/index.php\\\/2024\\\/02\\\/17\\\/grupo-passarela-avanca-com-reforma-do-supermercado\\\/\"]}]},{\"@type\":\"ImageObject\",\"inLanguage\":\"pt-BR\",\"@id\":\"https:\\\/\\\/folhapopular.info\\\/index.php\\\/2024\\\/02\\\/17\\\/grupo-passarela-avanca-com-reforma-do-supermercado\\\/#primaryimage\",\"url\":\"https:\\\/\\\/folhapopular.info\\\/wp-content\\\/uploads\\\/2024\\\/02\\\/2024_02_16_LLB_Passarela-anuncia-novidades-para-o-momento-da-abertura-do-supermercado-em-Teutonia-scaled.jpg\",\"contentUrl\":\"https:\\\/\\\/folhapopular.info\\\/wp-content\\\/uploads\\\/2024\\\/02\\\/2024_02_16_LLB_Passarela-anuncia-novidades-para-o-momento-da-abertura-do-supermercado-em-Teutonia-scaled.jpg\",\"width\":2560,\"height\":1920,\"caption\":\"Cr\u00e9dito: Lucas Leandro Brune\"},{\"@type\":\"BreadcrumbList\",\"@id\":\"https:\\\/\\\/folhapopular.info\\\/index.php\\\/2024\\\/02\\\/17\\\/grupo-passarela-avanca-com-reforma-do-supermercado\\\/#breadcrumb\",\"itemListElement\":[{\"@type\":\"ListItem\",\"position\":1,\"name\":\"In\u00edcio\",\"item\":\"https:\\\/\\\/folhapopular.info\\\/\"},{\"@type\":\"ListItem\",\"position\":2,\"name\":\"Grupo Passarela avan\u00e7a com reforma do supermercado\"}]},{\"@type\":\"WebSite\",\"@id\":\"https:\\\/\\\/folhapopular.info\\\/#website\",\"url\":\"https:\\\/\\\/folhapopular.info\\\/\",\"name\":\"Folha Popular\",\"description\":\"Onde voc\u00ea tem vez e voz\",\"potentialAction\":[{\"@type\":\"SearchAction\",\"target\":{\"@type\":\"EntryPoint\",\"urlTemplate\":\"https:\\\/\\\/folhapopular.info\\\/?s={search_term_string}\"},\"query-input\":{\"@type\":\"PropertyValueSpecification\",\"valueRequired\":true,\"valueName\":\"search_term_string\"}}],\"inLanguage\":\"pt-BR\"},{\"@type\":\"Person\",\"@id\":\"https:\\\/\\\/folhapopular.info\\\/#\\\/schema\\\/person\\\/533a15f60cd49e81ab3a90b4ca33cb36\",\"name\":\"Lucas Leandro Brune\",\"image\":{\"@type\":\"ImageObject\",\"inLanguage\":\"pt-BR\",\"@id\":\"https:\\\/\\\/folhapopular.info\\\/wp-content\\\/uploads\\\/2026\\\/04\\\/LUCAS-1-1.webp\",\"url\":\"https:\\\/\\\/folhapopular.info\\\/wp-content\\\/uploads\\\/2026\\\/04\\\/LUCAS-1-1.webp\",\"contentUrl\":\"https:\\\/\\\/folhapopular.info\\\/wp-content\\\/uploads\\\/2026\\\/04\\\/LUCAS-1-1.webp\",\"caption\":\"Lucas Leandro Brune\"},\"description\":\"Jornalista Profissional Diplomado MTB\\\/RS 14.333\",\"url\":\"https:\\\/\\\/folhapopular.info\\\/index.php\\\/author\\\/lucas-brune\\\/\"}]}<\/script>\n<!-- \/ Yoast SEO plugin. -->","yoast_head_json":{"title":"Grupo Passarela avan\u00e7a com reforma do supermercado - Folha Popular","robots":{"index":"index","follow":"follow","max-snippet":"max-snippet:-1","max-image-preview":"max-image-preview:large","max-video-preview":"max-video-preview:-1"},"canonical":"https:\/\/folhapopular.info\/index.php\/2024\/02\/17\/grupo-passarela-avanca-com-reforma-do-supermercado\/","og_locale":"pt_BR","og_type":"article","og_title":"Grupo Passarela avan\u00e7a com reforma do supermercado - Folha Popular","og_description":"As placas anunciam vagas de trabalho e o in\u00edcio das atividades de um novo supermercado em Teut\u00f4nia. O Grupo Passarela prepara a estrutura do antigo Supermercado Languiru, do Bairro Languiru, para receber a nova loja. \u201cVoc\u00ea vai se surpreender\u201d, promete a placa fixada na entrada do p\u00e1tio de estacionamento. O lado externo do pr\u00e9dio j\u00e1 [&hellip;]","og_url":"https:\/\/folhapopular.info\/index.php\/2024\/02\/17\/grupo-passarela-avanca-com-reforma-do-supermercado\/","og_site_name":"Folha Popular","article_published_time":"2024-02-17T20:13:00+00:00","og_image":[{"width":2560,"height":1920,"url":"https:\/\/folhapopular.info\/wp-content\/uploads\/2024\/02\/2024_02_16_LLB_Passarela-anuncia-novidades-para-o-momento-da-abertura-do-supermercado-em-Teutonia-scaled.jpg","type":"image\/jpeg"}],"author":"Lucas Leandro Brune","twitter_card":"summary_large_image","twitter_misc":{"Escrito por":"Lucas Leandro Brune","Est. tempo de leitura":"2 minutos"},"schema":{"@context":"https:\/\/schema.org","@graph":[{"@type":"Article","@id":"https:\/\/folhapopular.info\/index.php\/2024\/02\/17\/grupo-passarela-avanca-com-reforma-do-supermercado\/#article","isPartOf":{"@id":"https:\/\/folhapopular.info\/index.php\/2024\/02\/17\/grupo-passarela-avanca-com-reforma-do-supermercado\/"},"author":{"name":"Lucas Leandro Brune","@id":"https:\/\/folhapopular.info\/#\/schema\/person\/533a15f60cd49e81ab3a90b4ca33cb36"},"headline":"Grupo Passarela avan\u00e7a com reforma do supermercado","datePublished":"2024-02-17T20:13:00+00:00","mainEntityOfPage":{"@id":"https:\/\/folhapopular.info\/index.php\/2024\/02\/17\/grupo-passarela-avanca-com-reforma-do-supermercado\/"},"wordCount":290,"commentCount":0,"image":{"@id":"https:\/\/folhapopular.info\/index.php\/2024\/02\/17\/grupo-passarela-avanca-com-reforma-do-supermercado\/#primaryimage"},"thumbnailUrl":"https:\/\/folhapopular.info\/wp-content\/uploads\/2024\/02\/2024_02_16_LLB_Passarela-anuncia-novidades-para-o-momento-da-abertura-do-supermercado-em-Teutonia-scaled.jpg","keywords":["Coopertivismo","Empreender","Grupo Passarela","Teut\u00f4nia"],"articleSection":["Destaques","Economia","Empreender"],"inLanguage":"pt-BR","potentialAction":[{"@type":"CommentAction","name":"Comment","target":["https:\/\/folhapopular.info\/index.php\/2024\/02\/17\/grupo-passarela-avanca-com-reforma-do-supermercado\/#respond"]}]},{"@type":"WebPage","@id":"https:\/\/folhapopular.info\/index.php\/2024\/02\/17\/grupo-passarela-avanca-com-reforma-do-supermercado\/","url":"https:\/\/folhapopular.info\/index.php\/2024\/02\/17\/grupo-passarela-avanca-com-reforma-do-supermercado\/","name":"Grupo Passarela avan\u00e7a com reforma do supermercado - Folha Popular","isPartOf":{"@id":"https:\/\/folhapopular.info\/#website"},"primaryImageOfPage":{"@id":"https:\/\/folhapopular.info\/index.php\/2024\/02\/17\/grupo-passarela-avanca-com-reforma-do-supermercado\/#primaryimage"},"image":{"@id":"https:\/\/folhapopular.info\/index.php\/2024\/02\/17\/grupo-passarela-avanca-com-reforma-do-supermercado\/#primaryimage"},"thumbnailUrl":"https:\/\/folhapopular.info\/wp-content\/uploads\/2024\/02\/2024_02_16_LLB_Passarela-anuncia-novidades-para-o-momento-da-abertura-do-supermercado-em-Teutonia-scaled.jpg","datePublished":"2024-02-17T20:13:00+00:00","author":{"@id":"https:\/\/folhapopular.info\/#\/schema\/person\/533a15f60cd49e81ab3a90b4ca33cb36"},"breadcrumb":{"@id":"https:\/\/folhapopular.info\/index.php\/2024\/02\/17\/grupo-passarela-avanca-com-reforma-do-supermercado\/#breadcrumb"},"inLanguage":"pt-BR","potentialAction":[{"@type":"ReadAction","target":["https:\/\/folhapopular.info\/index.php\/2024\/02\/17\/grupo-passarela-avanca-com-reforma-do-supermercado\/"]}]},{"@type":"ImageObject","inLanguage":"pt-BR","@id":"https:\/\/folhapopular.info\/index.php\/2024\/02\/17\/grupo-passarela-avanca-com-reforma-do-supermercado\/#primaryimage","url":"https:\/\/folhapopular.info\/wp-content\/uploads\/2024\/02\/2024_02_16_LLB_Passarela-anuncia-novidades-para-o-momento-da-abertura-do-supermercado-em-Teutonia-scaled.jpg","contentUrl":"https:\/\/folhapopular.info\/wp-content\/uploads\/2024\/02\/2024_02_16_LLB_Passarela-anuncia-novidades-para-o-momento-da-abertura-do-supermercado-em-Teutonia-scaled.jpg","width":2560,"height":1920,"caption":"Cr\u00e9dito: Lucas Leandro Brune"},{"@type":"BreadcrumbList","@id":"https:\/\/folhapopular.info\/index.php\/2024\/02\/17\/grupo-passarela-avanca-com-reforma-do-supermercado\/#breadcrumb","itemListElement":[{"@type":"ListItem","position":1,"name":"In\u00edcio","item":"https:\/\/folhapopular.info\/"},{"@type":"ListItem","position":2,"name":"Grupo Passarela avan\u00e7a com reforma do supermercado"}]},{"@type":"WebSite","@id":"https:\/\/folhapopular.info\/#website","url":"https:\/\/folhapopular.info\/","name":"Folha Popular","description":"Onde voc\u00ea tem vez e voz","potentialAction":[{"@type":"SearchAction","target":{"@type":"EntryPoint","urlTemplate":"https:\/\/folhapopular.info\/?s={search_term_string}"},"query-input":{"@type":"PropertyValueSpecification","valueRequired":true,"valueName":"search_term_string"}}],"inLanguage":"pt-BR"},{"@type":"Person","@id":"https:\/\/folhapopular.info\/#\/schema\/person\/533a15f60cd49e81ab3a90b4ca33cb36","name":"Lucas Leandro Brune","image":{"@type":"ImageObject","inLanguage":"pt-BR","@id":"https:\/\/folhapopular.info\/wp-content\/uploads\/2026\/04\/LUCAS-1-1.webp","url":"https:\/\/folhapopular.info\/wp-content\/uploads\/2026\/04\/LUCAS-1-1.webp","contentUrl":"https:\/\/folhapopular.info\/wp-content\/uploads\/2026\/04\/LUCAS-1-1.webp","caption":"Lucas Leandro Brune"},"description":"Jornalista Profissional Diplomado MTB\/RS 14.333","url":"https:\/\/folhapopular.info\/index.php\/author\/lucas-brune\/"}]}},"jetpack_featured_media_url":"https:\/\/folhapopular.info\/wp-content\/uploads\/2024\/02\/2024_02_16_LLB_Passarela-anuncia-novidades-para-o-momento-da-abertura-do-supermercado-em-Teutonia-scaled.jpg","jetpack_sharing_enabled":true,"amp_enabled":true,"_links":{"self":[{"href":"https:\/\/folhapopular.info\/index.php\/wp-json\/wp\/v2\/posts\/150540","targetHints":{"allow":["GET"]}}],"collection":[{"href":"https:\/\/folhapopular.info\/index.php\/wp-json\/wp\/v2\/posts"}],"about":[{"href":"https:\/\/folhapopular.info\/index.php\/wp-json\/wp\/v2\/types\/post"}],"author":[{"embeddable":true,"href":"https:\/\/folhapopular.info\/index.php\/wp-json\/wp\/v2\/users\/7"}],"replies":[{"embeddable":true,"href":"https:\/\/folhapopular.info\/index.php\/wp-json\/wp\/v2\/comments?post=150540"}],"version-history":[{"count":0,"href":"https:\/\/folhapopular.info\/index.php\/wp-json\/wp\/v2\/posts\/150540\/revisions"}],"wp:featuredmedia":[{"embeddable":true,"href":"https:\/\/folhapopular.info\/index.php\/wp-json\/wp\/v2\/media\/150541"}],"wp:attachment":[{"href":"https:\/\/folhapopular.info\/index.php\/wp-json\/wp\/v2\/media?parent=150540"}],"wp:term":[{"taxonomy":"category","embeddable":true,"href":"https:\/\/folhapopular.info\/index.php\/wp-json\/wp\/v2\/categories?post=150540"},{"taxonomy":"post_tag","embeddable":true,"href":"https:\/\/folhapopular.info\/index.php\/wp-json\/wp\/v2\/tags?post=150540"}],"curies":[{"name":"wp","href":"https:\/\/api.w.org\/{rel}","templated":true}]}}