{"id":150548,"date":"2024-02-17T16:17:26","date_gmt":"2024-02-17T19:17:26","guid":{"rendered":"https:\/\/folhapopular.info\/?p=150548"},"modified":"2024-02-17T16:17:29","modified_gmt":"2024-02-17T19:17:29","slug":"estrelense-brilha-no-sul-brasileiro-de-jiu-jitsu","status":"publish","type":"post","link":"https:\/\/folhapopular.info\/index.php\/2024\/02\/17\/estrelense-brilha-no-sul-brasileiro-de-jiu-jitsu\/","title":{"rendered":"Estrelense brilha no Sul-Brasileiro de Jiu-Jitsu"},"content":{"rendered":"\n<p><br>O Campeonato Sul-Brasileiro de Jiu-Jitsu, promovido pela Confedera\u00e7\u00e3o Brasileira de Jiu-Jitsu, aconteceu no in\u00edcio do m\u00eas em S\u00e3o Jos\u00e9, Santa Catarina, e \u00e9 reconhecido como um dos principais eventos da modalidade no pa\u00eds. Entre os participantes, competidores do Vale do Taquari que se destacaram, entre eles uma atleta estrelense.<\/p>\n\n\n\n<p>Na categoria faixa Roxa M\u00e1ster 1, no peso pena, a atleta Paloma Schilling, conquistou o vice-campeonato em sua categoria de peso e tamb\u00e9m na categoria absoluto, que inclui competidores de todos os pesos. <\/p>\n\n\n\n<p>\u201cFoi um resultado importante em uma competi\u00e7\u00e3o que est\u00e1 entre as tr\u00eas maiores realizadas no Brasil, \u00e9 a segunda vez que participo e s\u00e3o medalhas que tem muito valor, pois no absoluto eu tenho um peso menor e consegui um bom resultado\u201d, afirma a atleta da academia Haubert Team, tamb\u00e9m de Estrela.<\/p>\n\n\n\n<p><strong>Como tudo come\u00e7ou<\/strong><\/p>\n\n\n\n<p>A estrelense conta sobre sua caminhada no esporte. \u201cComecei h\u00e1 7 anos no jiu-jitsu, na mesma academia que estou at\u00e9 hoje, com o professor Miguel Anka, e \u00e9 necess\u00e1rio persist\u00eancia, pois no in\u00edcio \u00e9 dif\u00edcil at\u00e9 voc\u00ea compreender a modalidade. Muitos acabam desistindo\u201d, revela.<\/p>\n\n\n\n<p>Outra dificuldade para os atletas da modalidade \u00e9 a busca por patrocinadores. \u201c\u00c9 um grande desafio. Por exemplo, na academia que treino ningu\u00e9m tem patroc\u00ednio, e a dificuldade \u00e9 maior ainda em cidades do interior como a nossa, onde o esporte n\u00e3o \u00e9 t\u00e3o divulgado e pouco praticado por mulheres. Mas sigo nessa busca\u201d, conta a atleta.<\/p>\n\n\n\n<p><strong>Sonho de conquistar o mundo<\/strong><\/p>\n\n\n\n<p>O sonho de Paloma vai ainda mais al\u00e9m. Dentro de um calend\u00e1rio intenso de competi\u00e7\u00f5es, a filha de S\u00edlvio e Elis sonha com o t\u00edtulo mundial, que \u00e9 disputado no fim do ano em S\u00e3o Paulo. <\/p>\n\n\n\n<p>\u201cA busca \u00e9 por competi\u00e7\u00f5es maiores, por isso treino diariamente e ainda fa\u00e7o a prepara\u00e7\u00e3o f\u00edsica. T\u00edtulos nacionais e o mundial no fim do ano n\u00e3o deixam de ser sonhos e objetivos\u201d, projeta.<\/p>\n\n\n\n<p><strong>Masculino<\/strong><\/p>\n\n\n\n<p>Al\u00e9m de Paloma, outro atleta do Vale do Taquari, Johnatan Menezes, de Teut\u00f4nia, teve um desempenho not\u00e1vel no Sul-Brasileiro. Menezes conquistou o terceiro lugar na categoria faixa Preta M\u00e1ster 1, no peso super-pesado, e repetiu o feito na categoria absoluto.<\/p>\n","protected":false},"excerpt":{"rendered":"<p>O Campeonato Sul-Brasileiro de Jiu-Jitsu, promovido pela Confedera\u00e7\u00e3o Brasileira de Jiu-Jitsu, aconteceu no in\u00edcio do m\u00eas em S\u00e3o Jos\u00e9, Santa Catarina, e \u00e9 reconhecido como um dos principais eventos da modalidade no pa\u00eds. Entre os participantes, competidores do Vale do Taquari que se destacaram, entre eles uma atleta estrelense. Na categoria faixa Roxa M\u00e1ster 1, [&hellip;]<\/p>\n","protected":false},"author":8,"featured_media":150549,"comment_status":"open","ping_status":"open","sticky":false,"template":"","format":"standard","meta":{"pmpro_default_level":"","_jetpack_memberships_contains_paid_content":false,"footnotes":""},"categories":[5],"tags":[14202,831,14203,2420],"class_list":{"0":"post-150548","1":"post","2":"type-post","3":"status-publish","4":"format-standard","5":"has-post-thumbnail","7":"category-esportes","8":"tag-estrelense","9":"tag-jiu-jitsu","10":"tag-sul-brasileiro","11":"tag-teutoniense","12":"pmpro-has-access"},"yoast_head":"<!-- This site is optimized with the Yoast SEO plugin v27.4 - https:\/\/yoast.com\/product\/yoast-seo-wordpress\/ -->\n<title>Estrelense brilha no Sul-Brasileiro de Jiu-Jitsu - Folha Popular<\/title>\n<meta name=\"robots\" content=\"index, follow, max-snippet:-1, max-image-preview:large, max-video-preview:-1\" \/>\n<link rel=\"canonical\" href=\"https:\/\/folhapopular.info\/index.php\/2024\/02\/17\/estrelense-brilha-no-sul-brasileiro-de-jiu-jitsu\/\" \/>\n<meta property=\"og:locale\" content=\"pt_BR\" \/>\n<meta property=\"og:type\" content=\"article\" \/>\n<meta property=\"og:title\" content=\"Estrelense brilha no Sul-Brasileiro de Jiu-Jitsu - Folha Popular\" \/>\n<meta property=\"og:description\" content=\"O Campeonato Sul-Brasileiro de Jiu-Jitsu, promovido pela Confedera\u00e7\u00e3o Brasileira de Jiu-Jitsu, aconteceu no in\u00edcio do m\u00eas em S\u00e3o Jos\u00e9, Santa Catarina, e \u00e9 reconhecido como um dos principais eventos da modalidade no pa\u00eds. Entre os participantes, competidores do Vale do Taquari que se destacaram, entre eles uma atleta estrelense. Na categoria faixa Roxa M\u00e1ster 1, [&hellip;]\" \/>\n<meta property=\"og:url\" content=\"https:\/\/folhapopular.info\/index.php\/2024\/02\/17\/estrelense-brilha-no-sul-brasileiro-de-jiu-jitsu\/\" \/>\n<meta property=\"og:site_name\" content=\"Folha Popular\" \/>\n<meta property=\"article:published_time\" content=\"2024-02-17T19:17:26+00:00\" \/>\n<meta property=\"article:modified_time\" content=\"2024-02-17T19:17:29+00:00\" \/>\n<meta property=\"og:image\" content=\"http:\/\/folhapopular.info\/wp-content\/uploads\/2024\/02\/Jiu-Jitsu-Paloma-1-capa-scaled.jpg\" \/>\n\t<meta property=\"og:image:width\" content=\"2560\" \/>\n\t<meta property=\"og:image:height\" content=\"1441\" \/>\n\t<meta property=\"og:image:type\" content=\"image\/jpeg\" \/>\n<meta name=\"author\" content=\"Reda\u00e7\u00e3o Folha Popular\" \/>\n<meta name=\"twitter:card\" content=\"summary_large_image\" \/>\n<meta name=\"twitter:label1\" content=\"Escrito por\" \/>\n\t<meta name=\"twitter:data1\" content=\"Reda\u00e7\u00e3o Folha Popular\" \/>\n\t<meta name=\"twitter:label2\" content=\"Est. tempo de leitura\" \/>\n\t<meta name=\"twitter:data2\" content=\"3 minutos\" \/>\n<script type=\"application\/ld+json\" class=\"yoast-schema-graph\">{\"@context\":\"https:\\\/\\\/schema.org\",\"@graph\":[{\"@type\":\"Article\",\"@id\":\"https:\\\/\\\/folhapopular.info\\\/index.php\\\/2024\\\/02\\\/17\\\/estrelense-brilha-no-sul-brasileiro-de-jiu-jitsu\\\/#article\",\"isPartOf\":{\"@id\":\"https:\\\/\\\/folhapopular.info\\\/index.php\\\/2024\\\/02\\\/17\\\/estrelense-brilha-no-sul-brasileiro-de-jiu-jitsu\\\/\"},\"author\":{\"name\":\"Reda\u00e7\u00e3o Folha Popular\",\"@id\":\"https:\\\/\\\/folhapopular.info\\\/#\\\/schema\\\/person\\\/2814e8a0df7643585a9ca38bc6eb9d4b\"},\"headline\":\"Estrelense brilha no Sul-Brasileiro de Jiu-Jitsu\",\"datePublished\":\"2024-02-17T19:17:26+00:00\",\"dateModified\":\"2024-02-17T19:17:29+00:00\",\"mainEntityOfPage\":{\"@id\":\"https:\\\/\\\/folhapopular.info\\\/index.php\\\/2024\\\/02\\\/17\\\/estrelense-brilha-no-sul-brasileiro-de-jiu-jitsu\\\/\"},\"wordCount\":382,\"commentCount\":0,\"image\":{\"@id\":\"https:\\\/\\\/folhapopular.info\\\/index.php\\\/2024\\\/02\\\/17\\\/estrelense-brilha-no-sul-brasileiro-de-jiu-jitsu\\\/#primaryimage\"},\"thumbnailUrl\":\"https:\\\/\\\/folhapopular.info\\\/wp-content\\\/uploads\\\/2024\\\/02\\\/Jiu-Jitsu-Paloma-1-capa-scaled.jpg\",\"keywords\":[\"Estrelense\",\"jiu-jitsu\",\"Sul-Brasileiro\",\"teutoniense\"],\"articleSection\":[\"Esportes\"],\"inLanguage\":\"pt-BR\",\"potentialAction\":[{\"@type\":\"CommentAction\",\"name\":\"Comment\",\"target\":[\"https:\\\/\\\/folhapopular.info\\\/index.php\\\/2024\\\/02\\\/17\\\/estrelense-brilha-no-sul-brasileiro-de-jiu-jitsu\\\/#respond\"]}]},{\"@type\":\"WebPage\",\"@id\":\"https:\\\/\\\/folhapopular.info\\\/index.php\\\/2024\\\/02\\\/17\\\/estrelense-brilha-no-sul-brasileiro-de-jiu-jitsu\\\/\",\"url\":\"https:\\\/\\\/folhapopular.info\\\/index.php\\\/2024\\\/02\\\/17\\\/estrelense-brilha-no-sul-brasileiro-de-jiu-jitsu\\\/\",\"name\":\"Estrelense brilha no Sul-Brasileiro de Jiu-Jitsu - Folha Popular\",\"isPartOf\":{\"@id\":\"https:\\\/\\\/folhapopular.info\\\/#website\"},\"primaryImageOfPage\":{\"@id\":\"https:\\\/\\\/folhapopular.info\\\/index.php\\\/2024\\\/02\\\/17\\\/estrelense-brilha-no-sul-brasileiro-de-jiu-jitsu\\\/#primaryimage\"},\"image\":{\"@id\":\"https:\\\/\\\/folhapopular.info\\\/index.php\\\/2024\\\/02\\\/17\\\/estrelense-brilha-no-sul-brasileiro-de-jiu-jitsu\\\/#primaryimage\"},\"thumbnailUrl\":\"https:\\\/\\\/folhapopular.info\\\/wp-content\\\/uploads\\\/2024\\\/02\\\/Jiu-Jitsu-Paloma-1-capa-scaled.jpg\",\"datePublished\":\"2024-02-17T19:17:26+00:00\",\"dateModified\":\"2024-02-17T19:17:29+00:00\",\"author\":{\"@id\":\"https:\\\/\\\/folhapopular.info\\\/#\\\/schema\\\/person\\\/2814e8a0df7643585a9ca38bc6eb9d4b\"},\"breadcrumb\":{\"@id\":\"https:\\\/\\\/folhapopular.info\\\/index.php\\\/2024\\\/02\\\/17\\\/estrelense-brilha-no-sul-brasileiro-de-jiu-jitsu\\\/#breadcrumb\"},\"inLanguage\":\"pt-BR\",\"potentialAction\":[{\"@type\":\"ReadAction\",\"target\":[\"https:\\\/\\\/folhapopular.info\\\/index.php\\\/2024\\\/02\\\/17\\\/estrelense-brilha-no-sul-brasileiro-de-jiu-jitsu\\\/\"]}]},{\"@type\":\"ImageObject\",\"inLanguage\":\"pt-BR\",\"@id\":\"https:\\\/\\\/folhapopular.info\\\/index.php\\\/2024\\\/02\\\/17\\\/estrelense-brilha-no-sul-brasileiro-de-jiu-jitsu\\\/#primaryimage\",\"url\":\"https:\\\/\\\/folhapopular.info\\\/wp-content\\\/uploads\\\/2024\\\/02\\\/Jiu-Jitsu-Paloma-1-capa-scaled.jpg\",\"contentUrl\":\"https:\\\/\\\/folhapopular.info\\\/wp-content\\\/uploads\\\/2024\\\/02\\\/Jiu-Jitsu-Paloma-1-capa-scaled.jpg\",\"width\":2560,\"height\":1441,\"caption\":\"Paloma Schilling conquistou o vice-campeonato Sul-Brasileiro no peso pena e na categoria absoluto, que inclui competidores de todos os pesos \\\/ Cr\u00e9dito: J\u00falio C\u00e9sar Lenhard \\\/ Governo de Estrela \\\/ Divulga\u00e7\u00e3o\"},{\"@type\":\"BreadcrumbList\",\"@id\":\"https:\\\/\\\/folhapopular.info\\\/index.php\\\/2024\\\/02\\\/17\\\/estrelense-brilha-no-sul-brasileiro-de-jiu-jitsu\\\/#breadcrumb\",\"itemListElement\":[{\"@type\":\"ListItem\",\"position\":1,\"name\":\"In\u00edcio\",\"item\":\"https:\\\/\\\/folhapopular.info\\\/\"},{\"@type\":\"ListItem\",\"position\":2,\"name\":\"Estrelense brilha no Sul-Brasileiro de Jiu-Jitsu\"}]},{\"@type\":\"WebSite\",\"@id\":\"https:\\\/\\\/folhapopular.info\\\/#website\",\"url\":\"https:\\\/\\\/folhapopular.info\\\/\",\"name\":\"Folha Popular\",\"description\":\"Onde voc\u00ea tem vez e voz\",\"potentialAction\":[{\"@type\":\"SearchAction\",\"target\":{\"@type\":\"EntryPoint\",\"urlTemplate\":\"https:\\\/\\\/folhapopular.info\\\/?s={search_term_string}\"},\"query-input\":{\"@type\":\"PropertyValueSpecification\",\"valueRequired\":true,\"valueName\":\"search_term_string\"}}],\"inLanguage\":\"pt-BR\"},{\"@type\":\"Person\",\"@id\":\"https:\\\/\\\/folhapopular.info\\\/#\\\/schema\\\/person\\\/2814e8a0df7643585a9ca38bc6eb9d4b\",\"name\":\"Reda\u00e7\u00e3o Folha Popular\",\"image\":{\"@type\":\"ImageObject\",\"inLanguage\":\"pt-BR\",\"@id\":\"https:\\\/\\\/folhapopular.info\\\/wp-content\\\/uploads\\\/2026\\\/04\\\/Folha-1.webp\",\"url\":\"https:\\\/\\\/folhapopular.info\\\/wp-content\\\/uploads\\\/2026\\\/04\\\/Folha-1.webp\",\"contentUrl\":\"https:\\\/\\\/folhapopular.info\\\/wp-content\\\/uploads\\\/2026\\\/04\\\/Folha-1.webp\",\"caption\":\"Reda\u00e7\u00e3o Folha Popular\"},\"url\":\"https:\\\/\\\/folhapopular.info\\\/index.php\\\/author\\\/redacao\\\/\"}]}<\/script>\n<!-- \/ Yoast SEO plugin. -->","yoast_head_json":{"title":"Estrelense brilha no Sul-Brasileiro de Jiu-Jitsu - Folha Popular","robots":{"index":"index","follow":"follow","max-snippet":"max-snippet:-1","max-image-preview":"max-image-preview:large","max-video-preview":"max-video-preview:-1"},"canonical":"https:\/\/folhapopular.info\/index.php\/2024\/02\/17\/estrelense-brilha-no-sul-brasileiro-de-jiu-jitsu\/","og_locale":"pt_BR","og_type":"article","og_title":"Estrelense brilha no Sul-Brasileiro de Jiu-Jitsu - Folha Popular","og_description":"O Campeonato Sul-Brasileiro de Jiu-Jitsu, promovido pela Confedera\u00e7\u00e3o Brasileira de Jiu-Jitsu, aconteceu no in\u00edcio do m\u00eas em S\u00e3o Jos\u00e9, Santa Catarina, e \u00e9 reconhecido como um dos principais eventos da modalidade no pa\u00eds. Entre os participantes, competidores do Vale do Taquari que se destacaram, entre eles uma atleta estrelense. Na categoria faixa Roxa M\u00e1ster 1, [&hellip;]","og_url":"https:\/\/folhapopular.info\/index.php\/2024\/02\/17\/estrelense-brilha-no-sul-brasileiro-de-jiu-jitsu\/","og_site_name":"Folha Popular","article_published_time":"2024-02-17T19:17:26+00:00","article_modified_time":"2024-02-17T19:17:29+00:00","og_image":[{"width":2560,"height":1441,"url":"http:\/\/folhapopular.info\/wp-content\/uploads\/2024\/02\/Jiu-Jitsu-Paloma-1-capa-scaled.jpg","type":"image\/jpeg"}],"author":"Reda\u00e7\u00e3o Folha Popular","twitter_card":"summary_large_image","twitter_misc":{"Escrito por":"Reda\u00e7\u00e3o Folha Popular","Est. tempo de leitura":"3 minutos"},"schema":{"@context":"https:\/\/schema.org","@graph":[{"@type":"Article","@id":"https:\/\/folhapopular.info\/index.php\/2024\/02\/17\/estrelense-brilha-no-sul-brasileiro-de-jiu-jitsu\/#article","isPartOf":{"@id":"https:\/\/folhapopular.info\/index.php\/2024\/02\/17\/estrelense-brilha-no-sul-brasileiro-de-jiu-jitsu\/"},"author":{"name":"Reda\u00e7\u00e3o Folha Popular","@id":"https:\/\/folhapopular.info\/#\/schema\/person\/2814e8a0df7643585a9ca38bc6eb9d4b"},"headline":"Estrelense brilha no Sul-Brasileiro de Jiu-Jitsu","datePublished":"2024-02-17T19:17:26+00:00","dateModified":"2024-02-17T19:17:29+00:00","mainEntityOfPage":{"@id":"https:\/\/folhapopular.info\/index.php\/2024\/02\/17\/estrelense-brilha-no-sul-brasileiro-de-jiu-jitsu\/"},"wordCount":382,"commentCount":0,"image":{"@id":"https:\/\/folhapopular.info\/index.php\/2024\/02\/17\/estrelense-brilha-no-sul-brasileiro-de-jiu-jitsu\/#primaryimage"},"thumbnailUrl":"https:\/\/folhapopular.info\/wp-content\/uploads\/2024\/02\/Jiu-Jitsu-Paloma-1-capa-scaled.jpg","keywords":["Estrelense","jiu-jitsu","Sul-Brasileiro","teutoniense"],"articleSection":["Esportes"],"inLanguage":"pt-BR","potentialAction":[{"@type":"CommentAction","name":"Comment","target":["https:\/\/folhapopular.info\/index.php\/2024\/02\/17\/estrelense-brilha-no-sul-brasileiro-de-jiu-jitsu\/#respond"]}]},{"@type":"WebPage","@id":"https:\/\/folhapopular.info\/index.php\/2024\/02\/17\/estrelense-brilha-no-sul-brasileiro-de-jiu-jitsu\/","url":"https:\/\/folhapopular.info\/index.php\/2024\/02\/17\/estrelense-brilha-no-sul-brasileiro-de-jiu-jitsu\/","name":"Estrelense brilha no Sul-Brasileiro de Jiu-Jitsu - Folha Popular","isPartOf":{"@id":"https:\/\/folhapopular.info\/#website"},"primaryImageOfPage":{"@id":"https:\/\/folhapopular.info\/index.php\/2024\/02\/17\/estrelense-brilha-no-sul-brasileiro-de-jiu-jitsu\/#primaryimage"},"image":{"@id":"https:\/\/folhapopular.info\/index.php\/2024\/02\/17\/estrelense-brilha-no-sul-brasileiro-de-jiu-jitsu\/#primaryimage"},"thumbnailUrl":"https:\/\/folhapopular.info\/wp-content\/uploads\/2024\/02\/Jiu-Jitsu-Paloma-1-capa-scaled.jpg","datePublished":"2024-02-17T19:17:26+00:00","dateModified":"2024-02-17T19:17:29+00:00","author":{"@id":"https:\/\/folhapopular.info\/#\/schema\/person\/2814e8a0df7643585a9ca38bc6eb9d4b"},"breadcrumb":{"@id":"https:\/\/folhapopular.info\/index.php\/2024\/02\/17\/estrelense-brilha-no-sul-brasileiro-de-jiu-jitsu\/#breadcrumb"},"inLanguage":"pt-BR","potentialAction":[{"@type":"ReadAction","target":["https:\/\/folhapopular.info\/index.php\/2024\/02\/17\/estrelense-brilha-no-sul-brasileiro-de-jiu-jitsu\/"]}]},{"@type":"ImageObject","inLanguage":"pt-BR","@id":"https:\/\/folhapopular.info\/index.php\/2024\/02\/17\/estrelense-brilha-no-sul-brasileiro-de-jiu-jitsu\/#primaryimage","url":"https:\/\/folhapopular.info\/wp-content\/uploads\/2024\/02\/Jiu-Jitsu-Paloma-1-capa-scaled.jpg","contentUrl":"https:\/\/folhapopular.info\/wp-content\/uploads\/2024\/02\/Jiu-Jitsu-Paloma-1-capa-scaled.jpg","width":2560,"height":1441,"caption":"Paloma Schilling conquistou o vice-campeonato Sul-Brasileiro no peso pena e na categoria absoluto, que inclui competidores de todos os pesos \/ Cr\u00e9dito: J\u00falio C\u00e9sar Lenhard \/ Governo de Estrela \/ Divulga\u00e7\u00e3o"},{"@type":"BreadcrumbList","@id":"https:\/\/folhapopular.info\/index.php\/2024\/02\/17\/estrelense-brilha-no-sul-brasileiro-de-jiu-jitsu\/#breadcrumb","itemListElement":[{"@type":"ListItem","position":1,"name":"In\u00edcio","item":"https:\/\/folhapopular.info\/"},{"@type":"ListItem","position":2,"name":"Estrelense brilha no Sul-Brasileiro de Jiu-Jitsu"}]},{"@type":"WebSite","@id":"https:\/\/folhapopular.info\/#website","url":"https:\/\/folhapopular.info\/","name":"Folha Popular","description":"Onde voc\u00ea tem vez e voz","potentialAction":[{"@type":"SearchAction","target":{"@type":"EntryPoint","urlTemplate":"https:\/\/folhapopular.info\/?s={search_term_string}"},"query-input":{"@type":"PropertyValueSpecification","valueRequired":true,"valueName":"search_term_string"}}],"inLanguage":"pt-BR"},{"@type":"Person","@id":"https:\/\/folhapopular.info\/#\/schema\/person\/2814e8a0df7643585a9ca38bc6eb9d4b","name":"Reda\u00e7\u00e3o Folha Popular","image":{"@type":"ImageObject","inLanguage":"pt-BR","@id":"https:\/\/folhapopular.info\/wp-content\/uploads\/2026\/04\/Folha-1.webp","url":"https:\/\/folhapopular.info\/wp-content\/uploads\/2026\/04\/Folha-1.webp","contentUrl":"https:\/\/folhapopular.info\/wp-content\/uploads\/2026\/04\/Folha-1.webp","caption":"Reda\u00e7\u00e3o Folha Popular"},"url":"https:\/\/folhapopular.info\/index.php\/author\/redacao\/"}]}},"jetpack_featured_media_url":"https:\/\/folhapopular.info\/wp-content\/uploads\/2024\/02\/Jiu-Jitsu-Paloma-1-capa-scaled.jpg","jetpack_sharing_enabled":true,"amp_enabled":true,"_links":{"self":[{"href":"https:\/\/folhapopular.info\/index.php\/wp-json\/wp\/v2\/posts\/150548","targetHints":{"allow":["GET"]}}],"collection":[{"href":"https:\/\/folhapopular.info\/index.php\/wp-json\/wp\/v2\/posts"}],"about":[{"href":"https:\/\/folhapopular.info\/index.php\/wp-json\/wp\/v2\/types\/post"}],"author":[{"embeddable":true,"href":"https:\/\/folhapopular.info\/index.php\/wp-json\/wp\/v2\/users\/8"}],"replies":[{"embeddable":true,"href":"https:\/\/folhapopular.info\/index.php\/wp-json\/wp\/v2\/comments?post=150548"}],"version-history":[{"count":0,"href":"https:\/\/folhapopular.info\/index.php\/wp-json\/wp\/v2\/posts\/150548\/revisions"}],"wp:featuredmedia":[{"embeddable":true,"href":"https:\/\/folhapopular.info\/index.php\/wp-json\/wp\/v2\/media\/150549"}],"wp:attachment":[{"href":"https:\/\/folhapopular.info\/index.php\/wp-json\/wp\/v2\/media?parent=150548"}],"wp:term":[{"taxonomy":"category","embeddable":true,"href":"https:\/\/folhapopular.info\/index.php\/wp-json\/wp\/v2\/categories?post=150548"},{"taxonomy":"post_tag","embeddable":true,"href":"https:\/\/folhapopular.info\/index.php\/wp-json\/wp\/v2\/tags?post=150548"}],"curies":[{"name":"wp","href":"https:\/\/api.w.org\/{rel}","templated":true}]}}