{"id":150556,"date":"2024-02-18T08:00:00","date_gmt":"2024-02-18T11:00:00","guid":{"rendered":"https:\/\/folhapopular.info\/?p=150556"},"modified":"2024-02-18T10:35:00","modified_gmt":"2024-02-18T13:35:00","slug":"governador-ordena-apuracao-de-denuncia-de-racismo-na-bm-do-rs","status":"publish","type":"post","link":"https:\/\/folhapopular.info\/index.php\/2024\/02\/18\/governador-ordena-apuracao-de-denuncia-de-racismo-na-bm-do-rs\/","title":{"rendered":"Governador ordena apura\u00e7\u00e3o de den\u00fancia de racismo na BM do RS"},"content":{"rendered":"\n<p>O governador do Rio Grande do Sul, Eduardo Leite, determinou abertura de sindic\u00e2ncia na Brigada Militar do Estado sobre epis\u00f3dio denunciado como racismo. O fato aconteceu no Bairro Rio Branco, pr\u00f3ximo ao Pal\u00e1cio Piratini, Porto Alegre, no s\u00e1bado (17\/2).<\/p>\n\n\n\n<p>De acordo com manifesta\u00e7\u00f5es de testemunhas nas redes sociais, policiais da Brigada Militar prenderam um homem negro de 40 anos que havia chamado a pr\u00f3pria brigada, ap\u00f3s ter sofrido amea\u00e7a de homic\u00eddio de um homem branco que portava uma faca.<\/p>\n\n\n\n<p>Segundo nota do governador no X (ex-Twitter), a sindic\u00e2ncia deve \u201couvir imediatamente testemunhas e apurar as circunst\u00e2ncias da ocorr\u00eancia, com a mais absoluta celeridade.\u201d<\/p>\n\n\n\n<p>Nem o perfil e nem o site da corpora\u00e7\u00e3o trazem qualquer informa\u00e7\u00e3o sobre o epis\u00f3dio.&nbsp;<\/p>\n","protected":false},"excerpt":{"rendered":"<p>O governador do Rio Grande do Sul, Eduardo Leite, determinou abertura de sindic\u00e2ncia na Brigada Militar do Estado sobre epis\u00f3dio denunciado como racismo. O fato aconteceu no Bairro Rio Branco, pr\u00f3ximo ao Pal\u00e1cio Piratini, Porto Alegre, no s\u00e1bado (17\/2). De acordo com manifesta\u00e7\u00f5es de testemunhas nas redes sociais, policiais da Brigada Militar prenderam um homem [&hellip;]<\/p>\n","protected":false},"author":8,"featured_media":150557,"comment_status":"open","ping_status":"open","sticky":false,"template":"","format":"standard","meta":{"pmpro_default_level":"","_jetpack_memberships_contains_paid_content":false,"footnotes":""},"categories":[10982,7],"tags":[251,3269,9498,3470,2441,14204,1794],"class_list":{"0":"post-150556","1":"post","2":"type-post","3":"status-publish","4":"format-standard","5":"has-post-thumbnail","7":"category-policia","8":"category-seguranca","9":"tag-brigada-militar","10":"tag-cidadania","11":"tag-denuncia-2","12":"tag-eduardo-leite","13":"tag-porto-alegre","14":"tag-racismo","15":"tag-rio-grande-do-sul","16":"pmpro-has-access"},"yoast_head":"<!-- This site is optimized with the Yoast SEO plugin v27.5 - https:\/\/yoast.com\/product\/yoast-seo-wordpress\/ -->\n<title>Governador ordena apura\u00e7\u00e3o de den\u00fancia de racismo na BM do RS - Folha Popular<\/title>\n<meta name=\"robots\" content=\"index, follow, max-snippet:-1, max-image-preview:large, max-video-preview:-1\" \/>\n<link rel=\"canonical\" href=\"https:\/\/folhapopular.info\/index.php\/2024\/02\/18\/governador-ordena-apuracao-de-denuncia-de-racismo-na-bm-do-rs\/\" \/>\n<meta property=\"og:locale\" content=\"pt_BR\" \/>\n<meta property=\"og:type\" content=\"article\" \/>\n<meta property=\"og:title\" content=\"Governador ordena apura\u00e7\u00e3o de den\u00fancia de racismo na BM do RS - Folha Popular\" \/>\n<meta property=\"og:description\" content=\"O governador do Rio Grande do Sul, Eduardo Leite, determinou abertura de sindic\u00e2ncia na Brigada Militar do Estado sobre epis\u00f3dio denunciado como racismo. O fato aconteceu no Bairro Rio Branco, pr\u00f3ximo ao Pal\u00e1cio Piratini, Porto Alegre, no s\u00e1bado (17\/2). De acordo com manifesta\u00e7\u00f5es de testemunhas nas redes sociais, policiais da Brigada Militar prenderam um homem [&hellip;]\" \/>\n<meta property=\"og:url\" content=\"https:\/\/folhapopular.info\/index.php\/2024\/02\/18\/governador-ordena-apuracao-de-denuncia-de-racismo-na-bm-do-rs\/\" \/>\n<meta property=\"og:site_name\" content=\"Folha Popular\" \/>\n<meta property=\"article:published_time\" content=\"2024-02-18T11:00:00+00:00\" \/>\n<meta property=\"article:modified_time\" content=\"2024-02-18T13:35:00+00:00\" \/>\n<meta property=\"og:image\" content=\"http:\/\/folhapopular.info\/wp-content\/uploads\/2024\/02\/1_ghhh-35080265.jpg\" \/>\n\t<meta property=\"og:image:width\" content=\"675\" \/>\n\t<meta property=\"og:image:height\" content=\"450\" \/>\n\t<meta property=\"og:image:type\" content=\"image\/jpeg\" \/>\n<meta name=\"author\" content=\"Reda\u00e7\u00e3o Folha Popular\" \/>\n<meta name=\"twitter:card\" content=\"summary_large_image\" \/>\n<meta name=\"twitter:label1\" content=\"Escrito por\" \/>\n\t<meta name=\"twitter:data1\" content=\"Reda\u00e7\u00e3o Folha Popular\" \/>\n\t<meta name=\"twitter:label2\" content=\"Est. tempo de leitura\" \/>\n\t<meta name=\"twitter:data2\" content=\"1 minuto\" \/>\n<script type=\"application\/ld+json\" class=\"yoast-schema-graph\">{\"@context\":\"https:\\\/\\\/schema.org\",\"@graph\":[{\"@type\":\"Article\",\"@id\":\"https:\\\/\\\/folhapopular.info\\\/index.php\\\/2024\\\/02\\\/18\\\/governador-ordena-apuracao-de-denuncia-de-racismo-na-bm-do-rs\\\/#article\",\"isPartOf\":{\"@id\":\"https:\\\/\\\/folhapopular.info\\\/index.php\\\/2024\\\/02\\\/18\\\/governador-ordena-apuracao-de-denuncia-de-racismo-na-bm-do-rs\\\/\"},\"author\":{\"name\":\"Reda\u00e7\u00e3o Folha Popular\",\"@id\":\"https:\\\/\\\/folhapopular.info\\\/#\\\/schema\\\/person\\\/2814e8a0df7643585a9ca38bc6eb9d4b\"},\"headline\":\"Governador ordena apura\u00e7\u00e3o de den\u00fancia de racismo na BM do RS\",\"datePublished\":\"2024-02-18T11:00:00+00:00\",\"dateModified\":\"2024-02-18T13:35:00+00:00\",\"mainEntityOfPage\":{\"@id\":\"https:\\\/\\\/folhapopular.info\\\/index.php\\\/2024\\\/02\\\/18\\\/governador-ordena-apuracao-de-denuncia-de-racismo-na-bm-do-rs\\\/\"},\"wordCount\":146,\"commentCount\":0,\"image\":{\"@id\":\"https:\\\/\\\/folhapopular.info\\\/index.php\\\/2024\\\/02\\\/18\\\/governador-ordena-apuracao-de-denuncia-de-racismo-na-bm-do-rs\\\/#primaryimage\"},\"thumbnailUrl\":\"https:\\\/\\\/folhapopular.info\\\/wp-content\\\/uploads\\\/2024\\\/02\\\/1_ghhh-35080265.jpg\",\"keywords\":[\"Brigada Militar\",\"Cidadania\",\"Den\u00fancia\",\"Eduardo Leite\",\"Porto Alegre\",\"Racismo\",\"Rio Grande do Sul\"],\"articleSection\":[\"Pol\u00edcia\",\"Seguran\u00e7a\"],\"inLanguage\":\"pt-BR\",\"potentialAction\":[{\"@type\":\"CommentAction\",\"name\":\"Comment\",\"target\":[\"https:\\\/\\\/folhapopular.info\\\/index.php\\\/2024\\\/02\\\/18\\\/governador-ordena-apuracao-de-denuncia-de-racismo-na-bm-do-rs\\\/#respond\"]}]},{\"@type\":\"WebPage\",\"@id\":\"https:\\\/\\\/folhapopular.info\\\/index.php\\\/2024\\\/02\\\/18\\\/governador-ordena-apuracao-de-denuncia-de-racismo-na-bm-do-rs\\\/\",\"url\":\"https:\\\/\\\/folhapopular.info\\\/index.php\\\/2024\\\/02\\\/18\\\/governador-ordena-apuracao-de-denuncia-de-racismo-na-bm-do-rs\\\/\",\"name\":\"Governador ordena apura\u00e7\u00e3o de den\u00fancia de racismo na BM do RS - Folha Popular\",\"isPartOf\":{\"@id\":\"https:\\\/\\\/folhapopular.info\\\/#website\"},\"primaryImageOfPage\":{\"@id\":\"https:\\\/\\\/folhapopular.info\\\/index.php\\\/2024\\\/02\\\/18\\\/governador-ordena-apuracao-de-denuncia-de-racismo-na-bm-do-rs\\\/#primaryimage\"},\"image\":{\"@id\":\"https:\\\/\\\/folhapopular.info\\\/index.php\\\/2024\\\/02\\\/18\\\/governador-ordena-apuracao-de-denuncia-de-racismo-na-bm-do-rs\\\/#primaryimage\"},\"thumbnailUrl\":\"https:\\\/\\\/folhapopular.info\\\/wp-content\\\/uploads\\\/2024\\\/02\\\/1_ghhh-35080265.jpg\",\"datePublished\":\"2024-02-18T11:00:00+00:00\",\"dateModified\":\"2024-02-18T13:35:00+00:00\",\"author\":{\"@id\":\"https:\\\/\\\/folhapopular.info\\\/#\\\/schema\\\/person\\\/2814e8a0df7643585a9ca38bc6eb9d4b\"},\"breadcrumb\":{\"@id\":\"https:\\\/\\\/folhapopular.info\\\/index.php\\\/2024\\\/02\\\/18\\\/governador-ordena-apuracao-de-denuncia-de-racismo-na-bm-do-rs\\\/#breadcrumb\"},\"inLanguage\":\"pt-BR\",\"potentialAction\":[{\"@type\":\"ReadAction\",\"target\":[\"https:\\\/\\\/folhapopular.info\\\/index.php\\\/2024\\\/02\\\/18\\\/governador-ordena-apuracao-de-denuncia-de-racismo-na-bm-do-rs\\\/\"]}]},{\"@type\":\"ImageObject\",\"inLanguage\":\"pt-BR\",\"@id\":\"https:\\\/\\\/folhapopular.info\\\/index.php\\\/2024\\\/02\\\/18\\\/governador-ordena-apuracao-de-denuncia-de-racismo-na-bm-do-rs\\\/#primaryimage\",\"url\":\"https:\\\/\\\/folhapopular.info\\\/wp-content\\\/uploads\\\/2024\\\/02\\\/1_ghhh-35080265.jpg\",\"contentUrl\":\"https:\\\/\\\/folhapopular.info\\\/wp-content\\\/uploads\\\/2024\\\/02\\\/1_ghhh-35080265.jpg\",\"width\":675,\"height\":450,\"caption\":\"Cr\u00e9dito: Reprodu\u00e7\u00e3o\\\/Instagram\"},{\"@type\":\"BreadcrumbList\",\"@id\":\"https:\\\/\\\/folhapopular.info\\\/index.php\\\/2024\\\/02\\\/18\\\/governador-ordena-apuracao-de-denuncia-de-racismo-na-bm-do-rs\\\/#breadcrumb\",\"itemListElement\":[{\"@type\":\"ListItem\",\"position\":1,\"name\":\"In\u00edcio\",\"item\":\"https:\\\/\\\/folhapopular.info\\\/\"},{\"@type\":\"ListItem\",\"position\":2,\"name\":\"Governador ordena apura\u00e7\u00e3o de den\u00fancia de racismo na BM do RS\"}]},{\"@type\":\"WebSite\",\"@id\":\"https:\\\/\\\/folhapopular.info\\\/#website\",\"url\":\"https:\\\/\\\/folhapopular.info\\\/\",\"name\":\"Folha Popular\",\"description\":\"Onde voc\u00ea tem vez e voz\",\"potentialAction\":[{\"@type\":\"SearchAction\",\"target\":{\"@type\":\"EntryPoint\",\"urlTemplate\":\"https:\\\/\\\/folhapopular.info\\\/?s={search_term_string}\"},\"query-input\":{\"@type\":\"PropertyValueSpecification\",\"valueRequired\":true,\"valueName\":\"search_term_string\"}}],\"inLanguage\":\"pt-BR\"},{\"@type\":\"Person\",\"@id\":\"https:\\\/\\\/folhapopular.info\\\/#\\\/schema\\\/person\\\/2814e8a0df7643585a9ca38bc6eb9d4b\",\"name\":\"Reda\u00e7\u00e3o Folha Popular\",\"image\":{\"@type\":\"ImageObject\",\"inLanguage\":\"pt-BR\",\"@id\":\"https:\\\/\\\/folhapopular.info\\\/wp-content\\\/uploads\\\/2026\\\/04\\\/Folha-1.webp\",\"url\":\"https:\\\/\\\/folhapopular.info\\\/wp-content\\\/uploads\\\/2026\\\/04\\\/Folha-1.webp\",\"contentUrl\":\"https:\\\/\\\/folhapopular.info\\\/wp-content\\\/uploads\\\/2026\\\/04\\\/Folha-1.webp\",\"caption\":\"Reda\u00e7\u00e3o Folha Popular\"},\"url\":\"https:\\\/\\\/folhapopular.info\\\/index.php\\\/author\\\/redacao\\\/\"}]}<\/script>\n<!-- \/ Yoast SEO plugin. -->","yoast_head_json":{"title":"Governador ordena apura\u00e7\u00e3o de den\u00fancia de racismo na BM do RS - Folha Popular","robots":{"index":"index","follow":"follow","max-snippet":"max-snippet:-1","max-image-preview":"max-image-preview:large","max-video-preview":"max-video-preview:-1"},"canonical":"https:\/\/folhapopular.info\/index.php\/2024\/02\/18\/governador-ordena-apuracao-de-denuncia-de-racismo-na-bm-do-rs\/","og_locale":"pt_BR","og_type":"article","og_title":"Governador ordena apura\u00e7\u00e3o de den\u00fancia de racismo na BM do RS - Folha Popular","og_description":"O governador do Rio Grande do Sul, Eduardo Leite, determinou abertura de sindic\u00e2ncia na Brigada Militar do Estado sobre epis\u00f3dio denunciado como racismo. O fato aconteceu no Bairro Rio Branco, pr\u00f3ximo ao Pal\u00e1cio Piratini, Porto Alegre, no s\u00e1bado (17\/2). De acordo com manifesta\u00e7\u00f5es de testemunhas nas redes sociais, policiais da Brigada Militar prenderam um homem [&hellip;]","og_url":"https:\/\/folhapopular.info\/index.php\/2024\/02\/18\/governador-ordena-apuracao-de-denuncia-de-racismo-na-bm-do-rs\/","og_site_name":"Folha Popular","article_published_time":"2024-02-18T11:00:00+00:00","article_modified_time":"2024-02-18T13:35:00+00:00","og_image":[{"width":675,"height":450,"url":"http:\/\/folhapopular.info\/wp-content\/uploads\/2024\/02\/1_ghhh-35080265.jpg","type":"image\/jpeg"}],"author":"Reda\u00e7\u00e3o Folha Popular","twitter_card":"summary_large_image","twitter_misc":{"Escrito por":"Reda\u00e7\u00e3o Folha Popular","Est. tempo de leitura":"1 minuto"},"schema":{"@context":"https:\/\/schema.org","@graph":[{"@type":"Article","@id":"https:\/\/folhapopular.info\/index.php\/2024\/02\/18\/governador-ordena-apuracao-de-denuncia-de-racismo-na-bm-do-rs\/#article","isPartOf":{"@id":"https:\/\/folhapopular.info\/index.php\/2024\/02\/18\/governador-ordena-apuracao-de-denuncia-de-racismo-na-bm-do-rs\/"},"author":{"name":"Reda\u00e7\u00e3o Folha Popular","@id":"https:\/\/folhapopular.info\/#\/schema\/person\/2814e8a0df7643585a9ca38bc6eb9d4b"},"headline":"Governador ordena apura\u00e7\u00e3o de den\u00fancia de racismo na BM do RS","datePublished":"2024-02-18T11:00:00+00:00","dateModified":"2024-02-18T13:35:00+00:00","mainEntityOfPage":{"@id":"https:\/\/folhapopular.info\/index.php\/2024\/02\/18\/governador-ordena-apuracao-de-denuncia-de-racismo-na-bm-do-rs\/"},"wordCount":146,"commentCount":0,"image":{"@id":"https:\/\/folhapopular.info\/index.php\/2024\/02\/18\/governador-ordena-apuracao-de-denuncia-de-racismo-na-bm-do-rs\/#primaryimage"},"thumbnailUrl":"https:\/\/folhapopular.info\/wp-content\/uploads\/2024\/02\/1_ghhh-35080265.jpg","keywords":["Brigada Militar","Cidadania","Den\u00fancia","Eduardo Leite","Porto Alegre","Racismo","Rio Grande do Sul"],"articleSection":["Pol\u00edcia","Seguran\u00e7a"],"inLanguage":"pt-BR","potentialAction":[{"@type":"CommentAction","name":"Comment","target":["https:\/\/folhapopular.info\/index.php\/2024\/02\/18\/governador-ordena-apuracao-de-denuncia-de-racismo-na-bm-do-rs\/#respond"]}]},{"@type":"WebPage","@id":"https:\/\/folhapopular.info\/index.php\/2024\/02\/18\/governador-ordena-apuracao-de-denuncia-de-racismo-na-bm-do-rs\/","url":"https:\/\/folhapopular.info\/index.php\/2024\/02\/18\/governador-ordena-apuracao-de-denuncia-de-racismo-na-bm-do-rs\/","name":"Governador ordena apura\u00e7\u00e3o de den\u00fancia de racismo na BM do RS - Folha Popular","isPartOf":{"@id":"https:\/\/folhapopular.info\/#website"},"primaryImageOfPage":{"@id":"https:\/\/folhapopular.info\/index.php\/2024\/02\/18\/governador-ordena-apuracao-de-denuncia-de-racismo-na-bm-do-rs\/#primaryimage"},"image":{"@id":"https:\/\/folhapopular.info\/index.php\/2024\/02\/18\/governador-ordena-apuracao-de-denuncia-de-racismo-na-bm-do-rs\/#primaryimage"},"thumbnailUrl":"https:\/\/folhapopular.info\/wp-content\/uploads\/2024\/02\/1_ghhh-35080265.jpg","datePublished":"2024-02-18T11:00:00+00:00","dateModified":"2024-02-18T13:35:00+00:00","author":{"@id":"https:\/\/folhapopular.info\/#\/schema\/person\/2814e8a0df7643585a9ca38bc6eb9d4b"},"breadcrumb":{"@id":"https:\/\/folhapopular.info\/index.php\/2024\/02\/18\/governador-ordena-apuracao-de-denuncia-de-racismo-na-bm-do-rs\/#breadcrumb"},"inLanguage":"pt-BR","potentialAction":[{"@type":"ReadAction","target":["https:\/\/folhapopular.info\/index.php\/2024\/02\/18\/governador-ordena-apuracao-de-denuncia-de-racismo-na-bm-do-rs\/"]}]},{"@type":"ImageObject","inLanguage":"pt-BR","@id":"https:\/\/folhapopular.info\/index.php\/2024\/02\/18\/governador-ordena-apuracao-de-denuncia-de-racismo-na-bm-do-rs\/#primaryimage","url":"https:\/\/folhapopular.info\/wp-content\/uploads\/2024\/02\/1_ghhh-35080265.jpg","contentUrl":"https:\/\/folhapopular.info\/wp-content\/uploads\/2024\/02\/1_ghhh-35080265.jpg","width":675,"height":450,"caption":"Cr\u00e9dito: Reprodu\u00e7\u00e3o\/Instagram"},{"@type":"BreadcrumbList","@id":"https:\/\/folhapopular.info\/index.php\/2024\/02\/18\/governador-ordena-apuracao-de-denuncia-de-racismo-na-bm-do-rs\/#breadcrumb","itemListElement":[{"@type":"ListItem","position":1,"name":"In\u00edcio","item":"https:\/\/folhapopular.info\/"},{"@type":"ListItem","position":2,"name":"Governador ordena apura\u00e7\u00e3o de den\u00fancia de racismo na BM do RS"}]},{"@type":"WebSite","@id":"https:\/\/folhapopular.info\/#website","url":"https:\/\/folhapopular.info\/","name":"Folha Popular","description":"Onde voc\u00ea tem vez e voz","potentialAction":[{"@type":"SearchAction","target":{"@type":"EntryPoint","urlTemplate":"https:\/\/folhapopular.info\/?s={search_term_string}"},"query-input":{"@type":"PropertyValueSpecification","valueRequired":true,"valueName":"search_term_string"}}],"inLanguage":"pt-BR"},{"@type":"Person","@id":"https:\/\/folhapopular.info\/#\/schema\/person\/2814e8a0df7643585a9ca38bc6eb9d4b","name":"Reda\u00e7\u00e3o Folha Popular","image":{"@type":"ImageObject","inLanguage":"pt-BR","@id":"https:\/\/folhapopular.info\/wp-content\/uploads\/2026\/04\/Folha-1.webp","url":"https:\/\/folhapopular.info\/wp-content\/uploads\/2026\/04\/Folha-1.webp","contentUrl":"https:\/\/folhapopular.info\/wp-content\/uploads\/2026\/04\/Folha-1.webp","caption":"Reda\u00e7\u00e3o Folha Popular"},"url":"https:\/\/folhapopular.info\/index.php\/author\/redacao\/"}]}},"jetpack_featured_media_url":"https:\/\/folhapopular.info\/wp-content\/uploads\/2024\/02\/1_ghhh-35080265.jpg","jetpack_sharing_enabled":true,"amp_enabled":true,"_links":{"self":[{"href":"https:\/\/folhapopular.info\/index.php\/wp-json\/wp\/v2\/posts\/150556","targetHints":{"allow":["GET"]}}],"collection":[{"href":"https:\/\/folhapopular.info\/index.php\/wp-json\/wp\/v2\/posts"}],"about":[{"href":"https:\/\/folhapopular.info\/index.php\/wp-json\/wp\/v2\/types\/post"}],"author":[{"embeddable":true,"href":"https:\/\/folhapopular.info\/index.php\/wp-json\/wp\/v2\/users\/8"}],"replies":[{"embeddable":true,"href":"https:\/\/folhapopular.info\/index.php\/wp-json\/wp\/v2\/comments?post=150556"}],"version-history":[{"count":0,"href":"https:\/\/folhapopular.info\/index.php\/wp-json\/wp\/v2\/posts\/150556\/revisions"}],"wp:featuredmedia":[{"embeddable":true,"href":"https:\/\/folhapopular.info\/index.php\/wp-json\/wp\/v2\/media\/150557"}],"wp:attachment":[{"href":"https:\/\/folhapopular.info\/index.php\/wp-json\/wp\/v2\/media?parent=150556"}],"wp:term":[{"taxonomy":"category","embeddable":true,"href":"https:\/\/folhapopular.info\/index.php\/wp-json\/wp\/v2\/categories?post=150556"},{"taxonomy":"post_tag","embeddable":true,"href":"https:\/\/folhapopular.info\/index.php\/wp-json\/wp\/v2\/tags?post=150556"}],"curies":[{"name":"wp","href":"https:\/\/api.w.org\/{rel}","templated":true}]}}