{"id":150670,"date":"2024-02-20T08:51:00","date_gmt":"2024-02-20T11:51:00","guid":{"rendered":"https:\/\/folhapopular.info\/?p=150670"},"modified":"2024-02-20T08:55:57","modified_gmt":"2024-02-20T11:55:57","slug":"rs-registra-quarta-morte-por-dengue","status":"publish","type":"post","link":"https:\/\/folhapopular.info\/index.php\/2024\/02\/20\/rs-registra-quarta-morte-por-dengue\/","title":{"rendered":"RS registra\u00a0 quarta morte por dengue"},"content":{"rendered":"\n<p>Na segunda-feira (19\/2) o Centro Estadual de Vigil\u00e2ncia em Sa\u00fade do RS (Cevs) confirmou a segunda morte por dengue em Tenente Portela, no noroeste ga\u00facho. O munic\u00edpio de 14,5 mil habitantes registra a maior infesta\u00e7\u00e3o de dengue no RS, com 1.231 casos confirmados da doen\u00e7a, conforme monitoramento da Secretaria Estadual da Sa\u00fade (SES).\u00a0<\/p>\n\n\n\n<p>Com mais esse \u00f3bito, o Rio Grande do Sul soma quatro mortes por dengue em 2024. Conforme an\u00fancio do Cevs,a v\u00edtima \u00e9 uma mulher de 64 anos com comorbidades que morreu na quinta-feira (15\/2).\u00a0<\/p>\n\n\n\n<p>A primeira pessoa a morrer de dengue em Tenente Portela foi uma mulher de 71 anos, em 31 de janeiro. As outras duas mortes foram em Santa Rosa e Santa Cruz do Sul.<\/p>\n","protected":false},"excerpt":{"rendered":"<p>Na segunda-feira (19\/2) o Centro Estadual de Vigil\u00e2ncia em Sa\u00fade do RS (Cevs) confirmou a segunda morte por dengue em Tenente Portela, no noroeste ga\u00facho. O munic\u00edpio de 14,5 mil habitantes registra a maior infesta\u00e7\u00e3o de dengue no RS, com 1.231 casos confirmados da doen\u00e7a, conforme monitoramento da Secretaria Estadual da Sa\u00fade (SES).\u00a0 Com mais [&hellip;]<\/p>\n","protected":false},"author":8,"featured_media":150671,"comment_status":"open","ping_status":"open","sticky":false,"template":"","format":"standard","meta":{"pmpro_default_level":"","_jetpack_memberships_contains_paid_content":false,"footnotes":""},"categories":[2,10986],"tags":[11196,1562,14223,1794,14224],"class_list":{"0":"post-150670","1":"post","2":"type-post","3":"status-publish","4":"format-standard","5":"has-post-thumbnail","7":"category-featured","8":"category-saude","9":"tag-cevs","10":"tag-dengue","11":"tag-obitos-2","12":"tag-rio-grande-do-sul","13":"tag-tenente-portel","14":"pmpro-has-access"},"yoast_head":"<!-- This site is optimized with the Yoast SEO plugin v27.5 - https:\/\/yoast.com\/product\/yoast-seo-wordpress\/ -->\n<title>RS registra\u00a0 quarta morte por dengue - Folha Popular<\/title>\n<meta name=\"robots\" content=\"index, follow, max-snippet:-1, max-image-preview:large, max-video-preview:-1\" \/>\n<link rel=\"canonical\" href=\"https:\/\/folhapopular.info\/index.php\/2024\/02\/20\/rs-registra-quarta-morte-por-dengue\/\" \/>\n<meta property=\"og:locale\" content=\"pt_BR\" \/>\n<meta property=\"og:type\" content=\"article\" \/>\n<meta property=\"og:title\" content=\"RS registra\u00a0 quarta morte por dengue - Folha Popular\" \/>\n<meta property=\"og:description\" content=\"Na segunda-feira (19\/2) o Centro Estadual de Vigil\u00e2ncia em Sa\u00fade do RS (Cevs) confirmou a segunda morte por dengue em Tenente Portela, no noroeste ga\u00facho. O munic\u00edpio de 14,5 mil habitantes registra a maior infesta\u00e7\u00e3o de dengue no RS, com 1.231 casos confirmados da doen\u00e7a, conforme monitoramento da Secretaria Estadual da Sa\u00fade (SES).\u00a0 Com mais [&hellip;]\" \/>\n<meta property=\"og:url\" content=\"https:\/\/folhapopular.info\/index.php\/2024\/02\/20\/rs-registra-quarta-morte-por-dengue\/\" \/>\n<meta property=\"og:site_name\" content=\"Folha Popular\" \/>\n<meta property=\"article:published_time\" content=\"2024-02-20T11:51:00+00:00\" \/>\n<meta property=\"article:modified_time\" content=\"2024-02-20T11:55:57+00:00\" \/>\n<meta property=\"og:image\" content=\"http:\/\/folhapopular.info\/wp-content\/uploads\/2024\/02\/4918691_97fe1e3f100ad2c.jpg\" \/>\n\t<meta property=\"og:image:width\" content=\"700\" \/>\n\t<meta property=\"og:image:height\" content=\"466\" \/>\n\t<meta property=\"og:image:type\" content=\"image\/jpeg\" \/>\n<meta name=\"author\" content=\"Reda\u00e7\u00e3o Folha Popular\" \/>\n<meta name=\"twitter:card\" content=\"summary_large_image\" \/>\n<meta name=\"twitter:label1\" content=\"Escrito por\" \/>\n\t<meta name=\"twitter:data1\" content=\"Reda\u00e7\u00e3o Folha Popular\" \/>\n\t<meta name=\"twitter:label2\" content=\"Est. tempo de leitura\" \/>\n\t<meta name=\"twitter:data2\" content=\"1 minuto\" \/>\n<script type=\"application\/ld+json\" class=\"yoast-schema-graph\">{\"@context\":\"https:\\\/\\\/schema.org\",\"@graph\":[{\"@type\":\"Article\",\"@id\":\"https:\\\/\\\/folhapopular.info\\\/index.php\\\/2024\\\/02\\\/20\\\/rs-registra-quarta-morte-por-dengue\\\/#article\",\"isPartOf\":{\"@id\":\"https:\\\/\\\/folhapopular.info\\\/index.php\\\/2024\\\/02\\\/20\\\/rs-registra-quarta-morte-por-dengue\\\/\"},\"author\":{\"name\":\"Reda\u00e7\u00e3o Folha Popular\",\"@id\":\"https:\\\/\\\/folhapopular.info\\\/#\\\/schema\\\/person\\\/2814e8a0df7643585a9ca38bc6eb9d4b\"},\"headline\":\"RS registra\u00a0 quarta morte por dengue\",\"datePublished\":\"2024-02-20T11:51:00+00:00\",\"dateModified\":\"2024-02-20T11:55:57+00:00\",\"mainEntityOfPage\":{\"@id\":\"https:\\\/\\\/folhapopular.info\\\/index.php\\\/2024\\\/02\\\/20\\\/rs-registra-quarta-morte-por-dengue\\\/\"},\"wordCount\":127,\"commentCount\":0,\"image\":{\"@id\":\"https:\\\/\\\/folhapopular.info\\\/index.php\\\/2024\\\/02\\\/20\\\/rs-registra-quarta-morte-por-dengue\\\/#primaryimage\"},\"thumbnailUrl\":\"https:\\\/\\\/folhapopular.info\\\/wp-content\\\/uploads\\\/2024\\\/02\\\/4918691_97fe1e3f100ad2c.jpg\",\"keywords\":[\"cevs\",\"Dengue\",\"\u00f2bitos\",\"Rio Grande do Sul\",\"Tenente Portel\"],\"articleSection\":[\"Destaques\",\"Sa\u00fade\"],\"inLanguage\":\"pt-BR\",\"potentialAction\":[{\"@type\":\"CommentAction\",\"name\":\"Comment\",\"target\":[\"https:\\\/\\\/folhapopular.info\\\/index.php\\\/2024\\\/02\\\/20\\\/rs-registra-quarta-morte-por-dengue\\\/#respond\"]}]},{\"@type\":\"WebPage\",\"@id\":\"https:\\\/\\\/folhapopular.info\\\/index.php\\\/2024\\\/02\\\/20\\\/rs-registra-quarta-morte-por-dengue\\\/\",\"url\":\"https:\\\/\\\/folhapopular.info\\\/index.php\\\/2024\\\/02\\\/20\\\/rs-registra-quarta-morte-por-dengue\\\/\",\"name\":\"RS registra\u00a0 quarta morte por dengue - Folha Popular\",\"isPartOf\":{\"@id\":\"https:\\\/\\\/folhapopular.info\\\/#website\"},\"primaryImageOfPage\":{\"@id\":\"https:\\\/\\\/folhapopular.info\\\/index.php\\\/2024\\\/02\\\/20\\\/rs-registra-quarta-morte-por-dengue\\\/#primaryimage\"},\"image\":{\"@id\":\"https:\\\/\\\/folhapopular.info\\\/index.php\\\/2024\\\/02\\\/20\\\/rs-registra-quarta-morte-por-dengue\\\/#primaryimage\"},\"thumbnailUrl\":\"https:\\\/\\\/folhapopular.info\\\/wp-content\\\/uploads\\\/2024\\\/02\\\/4918691_97fe1e3f100ad2c.jpg\",\"datePublished\":\"2024-02-20T11:51:00+00:00\",\"dateModified\":\"2024-02-20T11:55:57+00:00\",\"author\":{\"@id\":\"https:\\\/\\\/folhapopular.info\\\/#\\\/schema\\\/person\\\/2814e8a0df7643585a9ca38bc6eb9d4b\"},\"breadcrumb\":{\"@id\":\"https:\\\/\\\/folhapopular.info\\\/index.php\\\/2024\\\/02\\\/20\\\/rs-registra-quarta-morte-por-dengue\\\/#breadcrumb\"},\"inLanguage\":\"pt-BR\",\"potentialAction\":[{\"@type\":\"ReadAction\",\"target\":[\"https:\\\/\\\/folhapopular.info\\\/index.php\\\/2024\\\/02\\\/20\\\/rs-registra-quarta-morte-por-dengue\\\/\"]}]},{\"@type\":\"ImageObject\",\"inLanguage\":\"pt-BR\",\"@id\":\"https:\\\/\\\/folhapopular.info\\\/index.php\\\/2024\\\/02\\\/20\\\/rs-registra-quarta-morte-por-dengue\\\/#primaryimage\",\"url\":\"https:\\\/\\\/folhapopular.info\\\/wp-content\\\/uploads\\\/2024\\\/02\\\/4918691_97fe1e3f100ad2c.jpg\",\"contentUrl\":\"https:\\\/\\\/folhapopular.info\\\/wp-content\\\/uploads\\\/2024\\\/02\\\/4918691_97fe1e3f100ad2c.jpg\",\"width\":700,\"height\":466,\"caption\":\"Cr\u00e9dito: Repreodu\u00e7\u00e3o\\\/ Internet\"},{\"@type\":\"BreadcrumbList\",\"@id\":\"https:\\\/\\\/folhapopular.info\\\/index.php\\\/2024\\\/02\\\/20\\\/rs-registra-quarta-morte-por-dengue\\\/#breadcrumb\",\"itemListElement\":[{\"@type\":\"ListItem\",\"position\":1,\"name\":\"In\u00edcio\",\"item\":\"https:\\\/\\\/folhapopular.info\\\/\"},{\"@type\":\"ListItem\",\"position\":2,\"name\":\"RS registra\u00a0 quarta morte por dengue\"}]},{\"@type\":\"WebSite\",\"@id\":\"https:\\\/\\\/folhapopular.info\\\/#website\",\"url\":\"https:\\\/\\\/folhapopular.info\\\/\",\"name\":\"Folha Popular\",\"description\":\"Onde voc\u00ea tem vez e voz\",\"potentialAction\":[{\"@type\":\"SearchAction\",\"target\":{\"@type\":\"EntryPoint\",\"urlTemplate\":\"https:\\\/\\\/folhapopular.info\\\/?s={search_term_string}\"},\"query-input\":{\"@type\":\"PropertyValueSpecification\",\"valueRequired\":true,\"valueName\":\"search_term_string\"}}],\"inLanguage\":\"pt-BR\"},{\"@type\":\"Person\",\"@id\":\"https:\\\/\\\/folhapopular.info\\\/#\\\/schema\\\/person\\\/2814e8a0df7643585a9ca38bc6eb9d4b\",\"name\":\"Reda\u00e7\u00e3o Folha Popular\",\"image\":{\"@type\":\"ImageObject\",\"inLanguage\":\"pt-BR\",\"@id\":\"https:\\\/\\\/folhapopular.info\\\/wp-content\\\/uploads\\\/2026\\\/04\\\/Folha-1.webp\",\"url\":\"https:\\\/\\\/folhapopular.info\\\/wp-content\\\/uploads\\\/2026\\\/04\\\/Folha-1.webp\",\"contentUrl\":\"https:\\\/\\\/folhapopular.info\\\/wp-content\\\/uploads\\\/2026\\\/04\\\/Folha-1.webp\",\"caption\":\"Reda\u00e7\u00e3o Folha Popular\"},\"url\":\"https:\\\/\\\/folhapopular.info\\\/index.php\\\/author\\\/redacao\\\/\"}]}<\/script>\n<!-- \/ Yoast SEO plugin. -->","yoast_head_json":{"title":"RS registra\u00a0 quarta morte por dengue - Folha Popular","robots":{"index":"index","follow":"follow","max-snippet":"max-snippet:-1","max-image-preview":"max-image-preview:large","max-video-preview":"max-video-preview:-1"},"canonical":"https:\/\/folhapopular.info\/index.php\/2024\/02\/20\/rs-registra-quarta-morte-por-dengue\/","og_locale":"pt_BR","og_type":"article","og_title":"RS registra\u00a0 quarta morte por dengue - Folha Popular","og_description":"Na segunda-feira (19\/2) o Centro Estadual de Vigil\u00e2ncia em Sa\u00fade do RS (Cevs) confirmou a segunda morte por dengue em Tenente Portela, no noroeste ga\u00facho. O munic\u00edpio de 14,5 mil habitantes registra a maior infesta\u00e7\u00e3o de dengue no RS, com 1.231 casos confirmados da doen\u00e7a, conforme monitoramento da Secretaria Estadual da Sa\u00fade (SES).\u00a0 Com mais [&hellip;]","og_url":"https:\/\/folhapopular.info\/index.php\/2024\/02\/20\/rs-registra-quarta-morte-por-dengue\/","og_site_name":"Folha Popular","article_published_time":"2024-02-20T11:51:00+00:00","article_modified_time":"2024-02-20T11:55:57+00:00","og_image":[{"width":700,"height":466,"url":"http:\/\/folhapopular.info\/wp-content\/uploads\/2024\/02\/4918691_97fe1e3f100ad2c.jpg","type":"image\/jpeg"}],"author":"Reda\u00e7\u00e3o Folha Popular","twitter_card":"summary_large_image","twitter_misc":{"Escrito por":"Reda\u00e7\u00e3o Folha Popular","Est. tempo de leitura":"1 minuto"},"schema":{"@context":"https:\/\/schema.org","@graph":[{"@type":"Article","@id":"https:\/\/folhapopular.info\/index.php\/2024\/02\/20\/rs-registra-quarta-morte-por-dengue\/#article","isPartOf":{"@id":"https:\/\/folhapopular.info\/index.php\/2024\/02\/20\/rs-registra-quarta-morte-por-dengue\/"},"author":{"name":"Reda\u00e7\u00e3o Folha Popular","@id":"https:\/\/folhapopular.info\/#\/schema\/person\/2814e8a0df7643585a9ca38bc6eb9d4b"},"headline":"RS registra\u00a0 quarta morte por dengue","datePublished":"2024-02-20T11:51:00+00:00","dateModified":"2024-02-20T11:55:57+00:00","mainEntityOfPage":{"@id":"https:\/\/folhapopular.info\/index.php\/2024\/02\/20\/rs-registra-quarta-morte-por-dengue\/"},"wordCount":127,"commentCount":0,"image":{"@id":"https:\/\/folhapopular.info\/index.php\/2024\/02\/20\/rs-registra-quarta-morte-por-dengue\/#primaryimage"},"thumbnailUrl":"https:\/\/folhapopular.info\/wp-content\/uploads\/2024\/02\/4918691_97fe1e3f100ad2c.jpg","keywords":["cevs","Dengue","\u00f2bitos","Rio Grande do Sul","Tenente Portel"],"articleSection":["Destaques","Sa\u00fade"],"inLanguage":"pt-BR","potentialAction":[{"@type":"CommentAction","name":"Comment","target":["https:\/\/folhapopular.info\/index.php\/2024\/02\/20\/rs-registra-quarta-morte-por-dengue\/#respond"]}]},{"@type":"WebPage","@id":"https:\/\/folhapopular.info\/index.php\/2024\/02\/20\/rs-registra-quarta-morte-por-dengue\/","url":"https:\/\/folhapopular.info\/index.php\/2024\/02\/20\/rs-registra-quarta-morte-por-dengue\/","name":"RS registra\u00a0 quarta morte por dengue - Folha Popular","isPartOf":{"@id":"https:\/\/folhapopular.info\/#website"},"primaryImageOfPage":{"@id":"https:\/\/folhapopular.info\/index.php\/2024\/02\/20\/rs-registra-quarta-morte-por-dengue\/#primaryimage"},"image":{"@id":"https:\/\/folhapopular.info\/index.php\/2024\/02\/20\/rs-registra-quarta-morte-por-dengue\/#primaryimage"},"thumbnailUrl":"https:\/\/folhapopular.info\/wp-content\/uploads\/2024\/02\/4918691_97fe1e3f100ad2c.jpg","datePublished":"2024-02-20T11:51:00+00:00","dateModified":"2024-02-20T11:55:57+00:00","author":{"@id":"https:\/\/folhapopular.info\/#\/schema\/person\/2814e8a0df7643585a9ca38bc6eb9d4b"},"breadcrumb":{"@id":"https:\/\/folhapopular.info\/index.php\/2024\/02\/20\/rs-registra-quarta-morte-por-dengue\/#breadcrumb"},"inLanguage":"pt-BR","potentialAction":[{"@type":"ReadAction","target":["https:\/\/folhapopular.info\/index.php\/2024\/02\/20\/rs-registra-quarta-morte-por-dengue\/"]}]},{"@type":"ImageObject","inLanguage":"pt-BR","@id":"https:\/\/folhapopular.info\/index.php\/2024\/02\/20\/rs-registra-quarta-morte-por-dengue\/#primaryimage","url":"https:\/\/folhapopular.info\/wp-content\/uploads\/2024\/02\/4918691_97fe1e3f100ad2c.jpg","contentUrl":"https:\/\/folhapopular.info\/wp-content\/uploads\/2024\/02\/4918691_97fe1e3f100ad2c.jpg","width":700,"height":466,"caption":"Cr\u00e9dito: Repreodu\u00e7\u00e3o\/ Internet"},{"@type":"BreadcrumbList","@id":"https:\/\/folhapopular.info\/index.php\/2024\/02\/20\/rs-registra-quarta-morte-por-dengue\/#breadcrumb","itemListElement":[{"@type":"ListItem","position":1,"name":"In\u00edcio","item":"https:\/\/folhapopular.info\/"},{"@type":"ListItem","position":2,"name":"RS registra\u00a0 quarta morte por dengue"}]},{"@type":"WebSite","@id":"https:\/\/folhapopular.info\/#website","url":"https:\/\/folhapopular.info\/","name":"Folha Popular","description":"Onde voc\u00ea tem vez e voz","potentialAction":[{"@type":"SearchAction","target":{"@type":"EntryPoint","urlTemplate":"https:\/\/folhapopular.info\/?s={search_term_string}"},"query-input":{"@type":"PropertyValueSpecification","valueRequired":true,"valueName":"search_term_string"}}],"inLanguage":"pt-BR"},{"@type":"Person","@id":"https:\/\/folhapopular.info\/#\/schema\/person\/2814e8a0df7643585a9ca38bc6eb9d4b","name":"Reda\u00e7\u00e3o Folha Popular","image":{"@type":"ImageObject","inLanguage":"pt-BR","@id":"https:\/\/folhapopular.info\/wp-content\/uploads\/2026\/04\/Folha-1.webp","url":"https:\/\/folhapopular.info\/wp-content\/uploads\/2026\/04\/Folha-1.webp","contentUrl":"https:\/\/folhapopular.info\/wp-content\/uploads\/2026\/04\/Folha-1.webp","caption":"Reda\u00e7\u00e3o Folha Popular"},"url":"https:\/\/folhapopular.info\/index.php\/author\/redacao\/"}]}},"jetpack_featured_media_url":"https:\/\/folhapopular.info\/wp-content\/uploads\/2024\/02\/4918691_97fe1e3f100ad2c.jpg","jetpack_sharing_enabled":true,"amp_enabled":true,"_links":{"self":[{"href":"https:\/\/folhapopular.info\/index.php\/wp-json\/wp\/v2\/posts\/150670","targetHints":{"allow":["GET"]}}],"collection":[{"href":"https:\/\/folhapopular.info\/index.php\/wp-json\/wp\/v2\/posts"}],"about":[{"href":"https:\/\/folhapopular.info\/index.php\/wp-json\/wp\/v2\/types\/post"}],"author":[{"embeddable":true,"href":"https:\/\/folhapopular.info\/index.php\/wp-json\/wp\/v2\/users\/8"}],"replies":[{"embeddable":true,"href":"https:\/\/folhapopular.info\/index.php\/wp-json\/wp\/v2\/comments?post=150670"}],"version-history":[{"count":0,"href":"https:\/\/folhapopular.info\/index.php\/wp-json\/wp\/v2\/posts\/150670\/revisions"}],"wp:featuredmedia":[{"embeddable":true,"href":"https:\/\/folhapopular.info\/index.php\/wp-json\/wp\/v2\/media\/150671"}],"wp:attachment":[{"href":"https:\/\/folhapopular.info\/index.php\/wp-json\/wp\/v2\/media?parent=150670"}],"wp:term":[{"taxonomy":"category","embeddable":true,"href":"https:\/\/folhapopular.info\/index.php\/wp-json\/wp\/v2\/categories?post=150670"},{"taxonomy":"post_tag","embeddable":true,"href":"https:\/\/folhapopular.info\/index.php\/wp-json\/wp\/v2\/tags?post=150670"}],"curies":[{"name":"wp","href":"https:\/\/api.w.org\/{rel}","templated":true}]}}