{"id":150844,"date":"2024-02-22T09:57:04","date_gmt":"2024-02-22T12:57:04","guid":{"rendered":"https:\/\/folhapopular.info\/?p=150844"},"modified":"2024-02-22T09:58:49","modified_gmt":"2024-02-22T12:58:49","slug":"abertas-as-inscricoes-para-a-corrida-e-caminhada-de-aniversario","status":"publish","type":"post","link":"https:\/\/folhapopular.info\/index.php\/2024\/02\/22\/abertas-as-inscricoes-para-a-corrida-e-caminhada-de-aniversario\/","title":{"rendered":"Abertas as inscri\u00e7\u00f5es para a Corrida e Caminhada de anivers\u00e1rio Westf\u00e1lia"},"content":{"rendered":"\n<p>Incentivar a pr\u00e1tica da corrida de rua e da caminhada, visando trabalhar o f\u00edsico e o ps\u00edquico de seus participantes, aumentando sua autoestima em \u00e2mbito pessoal, social e profissional, \u00e9 o objetivo da Corrida e Caminhada 28 Anos de Westf\u00e1lia. A atividade esportiva, que acontece \u00e0 noite, est\u00e1 marcada para o s\u00e1bado (9\/3),  integra as festividades alusivas ao anivers\u00e1rio do Munic\u00edpio e recebe inscri\u00e7\u00f5es pelo site\u00a0<a href=\"http:\/\/www.sesc-rs.com.br\/esporte\/corridas\" target=\"_blank\" rel=\"noreferrer noopener\">www.sesc-rs.com.br\/esporte\/corridas<\/a>, onde tamb\u00e9m pode ser conferido o regulamento completo.<\/p>\n\n\n\n<p>Na Corrida e Caminhada 28 Anos de Westf\u00e1lia, as inscri\u00e7\u00f5es t\u00eam um custo de R$ 30,00 (<em>com direito a um kit, composto por numeral de peito, chip, medalha de participa\u00e7\u00e3o e camiseta \u2013 retirada na data do evento, junto \u00e0 Prefeitura<\/em>) para as modalidades Minirr\u00fastica, R\u00fastica e Caminhada. A modalidade Festival, para crian\u00e7as at\u00e9 nove anos, n\u00e3o tem custo de inscri\u00e7\u00e3o e n\u00e3o recebe kit e premia\u00e7\u00e3o, apenas o numeral de peito e medalha de participa\u00e7\u00e3o.<\/p>\n\n\n\n<p>A exemplo de 2023, westfalianos e associados do Sicredi (ag\u00eancia de Westf\u00e1lia) t\u00eam inscri\u00e7\u00e3o gratuita. Neste caso, as vagas podem ser garantidas na Secretaria de Educa\u00e7\u00e3o, Cultura, Turismo e Desporto (SMEC) ou no Sicredi Westf\u00e1lia, mediante apresenta\u00e7\u00e3o de documento com foto. As inscri\u00e7\u00f5es ser\u00e3o encerradas no momento em que todas as vagas estiverem preenchidas, o que pode acontecer ainda nesta semana.<\/p>\n\n\n\n<p>Nesta edi\u00e7\u00e3o, s\u00e3o disponibilizadas, no total, 500 inscri\u00e7\u00f5es. Nenhum atleta poder\u00e1 participar da Corrida e Caminhada 28 Anos de Westf\u00e1lia com o nome ou numeral de outro atleta, sob pena de desclassifica\u00e7\u00e3o, e n\u00e3o ser\u00e3o aceitas inscri\u00e7\u00f5es na data do evento.<\/p>\n\n\n\n<p>A largada e a chegada para todas as modalidades ser\u00e1 junto \u00e0 Prefeitura Municipal, a partir das 19 horas. A exemplo da edi\u00e7\u00e3o anterior, o mesmo trajeto (<em>que compreende a Rua Leopoldo Fiegenbaum<\/em>) estar\u00e1 fechado para o tr\u00e2nsito de ve\u00edculos neste ano, garantindo a seguran\u00e7a dos participantes. Em data pr\u00f3xima \u00e0 programa\u00e7\u00e3o, um mapa com vias alternativas ser\u00e1 divulgado para uma melhor organiza\u00e7\u00e3o da comunidade.<\/p>\n\n\n\n<p>A Corrida e Caminhada 28 Anos de Westf\u00e1lia \u00e9 uma realiza\u00e7\u00e3o do Munic\u00edpio de Westf\u00e1lia, atrav\u00e9s da SMEC, em parceria com o SESC de Farroupilha, com patroc\u00ednio do Sicredi Ouro Branco e Landmeier \u2013 Materiais de Constru\u00e7\u00e3o.<\/p>\n\n\n\n<p><strong>Categorias e premia\u00e7\u00e3o<\/strong><\/p>\n\n\n\n<p>Na R\u00fastica, s\u00e3o oito categorias masculinas e oito femininas, al\u00e9m do Geral Masculino e Geral Feminino: A \u2013 de 16 a 19 anos; B \u2013 de 20 a 29 anos; C \u2013 de 30 a 39 anos; D \u2013 de 40 a 44 anos; E \u2013 de 45 a 49 anos; F \u2013 de 50 e 54 anos; G \u2013 de 55 a 59 anos; e H \u2013 60 anos ou mais. Na Minirr\u00fastica, s\u00e3o tr\u00eas categorias masculinas e tr\u00eas femininas: FESTIVAL \u2013 de 6 a 9 anos; A \u2013 de 10 a 12 anos; e B \u2013 de 13 a 15 anos.<\/p>\n\n\n\n<p><strong>Premia\u00e7\u00e3o \u2013<\/strong>&nbsp;R\u00fastica (masculino e feminino): trof\u00e9us do 1\u00ba ao 5\u00ba lugar; R\u00fastica \u2013 categorias por idade (masculino e feminino): trof\u00e9u para o 1\u00ba lugar e medalha do 2\u00ba ao 5\u00ba; Minirr\u00fastica Geral (masculino e feminino): trof\u00e9u para o 1\u00ba lugar e medalha do 2\u00ba ao 5\u00ba; e Festival (masculino e feminino): medalha de participa\u00e7\u00e3o.<\/p>\n\n\n\n<p><strong>Percursos<\/strong><\/p>\n\n\n\n<p>O percurso da R\u00fastica ser\u00e1 de cinco quil\u00f4metros. Enquanto isso, os demais trajetos ser\u00e3o menores: Festival (6 a 9 anos) \u2013 300 metros; Minirr\u00fastica de 10 a 12 anos \u2013 um quil\u00f4metro; Minirr\u00fastica de 13 a 15 anos \u2013 dois quil\u00f4metros e meio; e Caminhada \u2013 dois quil\u00f4metros e meio.<\/p>\n\n\n\n<p>Com dura\u00e7\u00e3o m\u00e1xima de uma hora, a R\u00fastica ser\u00e1 cronometrada por chip. Atletas que n\u00e3o completarem o percurso neste tempo, ser\u00e3o considerados desclassificados. Al\u00e9m disso, \u00e9 obrigat\u00f3rio que o participante esteja com o numeral de peito devidamente afixado em local vis\u00edvel na camiseta e respeite o trajeto da prova.<\/p>\n\n\n\n<p><strong>Atra\u00e7\u00f5es especiais<\/strong><\/p>\n\n\n\n<p>O aquece para a Corrida e Caminhada 28 Anos de Westf\u00e1lia ser\u00e1 comandado pelo DJ Cristiano Neguer, que tamb\u00e9m animar\u00e1 o p\u00fablico no decorrer das provas. Ap\u00f3s, a noite reserva show com Rock and Beer e Anjos do Hanngar, que prometem animar o p\u00fablico com sucessos que fazem parte da sua hist\u00f3ria.<\/p>\n\n\n\n<p>Ainda haver\u00e1 food trucks com lanches e bebidas. Toda a comunidade est\u00e1 convidada a prestigiar.<\/p>\n","protected":false},"excerpt":{"rendered":"<p>Incentivar a pr\u00e1tica da corrida de rua e da caminhada, visando trabalhar o f\u00edsico e o ps\u00edquico de seus participantes, aumentando sua autoestima em \u00e2mbito pessoal, social e profissional, \u00e9 o objetivo da Corrida e Caminhada 28 Anos de Westf\u00e1lia. A atividade esportiva, que acontece \u00e0 noite, est\u00e1 marcada para o s\u00e1bado (9\/3), integra as [&hellip;]<\/p>\n","protected":false},"author":8,"featured_media":150845,"comment_status":"open","ping_status":"open","sticky":false,"template":"","format":"standard","meta":{"pmpro_default_level":"","_jetpack_memberships_contains_paid_content":false,"footnotes":""},"categories":[5],"tags":[1131,2099,2323,25],"class_list":{"0":"post-150844","1":"post","2":"type-post","3":"status-publish","4":"format-standard","5":"has-post-thumbnail","7":"category-esportes","8":"tag-caminhada","9":"tag-comemoracao","10":"tag-corrida","11":"tag-westfalia","12":"pmpro-has-access"},"yoast_head":"<!-- This site is optimized with the Yoast SEO plugin v27.5 - https:\/\/yoast.com\/product\/yoast-seo-wordpress\/ -->\n<title>Abertas as inscri\u00e7\u00f5es para a Corrida e Caminhada de anivers\u00e1rio Westf\u00e1lia - Folha Popular<\/title>\n<meta name=\"robots\" content=\"index, follow, max-snippet:-1, max-image-preview:large, max-video-preview:-1\" \/>\n<link rel=\"canonical\" href=\"https:\/\/folhapopular.info\/index.php\/2024\/02\/22\/abertas-as-inscricoes-para-a-corrida-e-caminhada-de-aniversario\/\" \/>\n<meta property=\"og:locale\" content=\"pt_BR\" \/>\n<meta property=\"og:type\" content=\"article\" \/>\n<meta property=\"og:title\" content=\"Abertas as inscri\u00e7\u00f5es para a Corrida e Caminhada de anivers\u00e1rio Westf\u00e1lia - Folha Popular\" \/>\n<meta property=\"og:description\" content=\"Incentivar a pr\u00e1tica da corrida de rua e da caminhada, visando trabalhar o f\u00edsico e o ps\u00edquico de seus participantes, aumentando sua autoestima em \u00e2mbito pessoal, social e profissional, \u00e9 o objetivo da Corrida e Caminhada 28 Anos de Westf\u00e1lia. A atividade esportiva, que acontece \u00e0 noite, est\u00e1 marcada para o s\u00e1bado (9\/3), integra as [&hellip;]\" \/>\n<meta property=\"og:url\" content=\"https:\/\/folhapopular.info\/index.php\/2024\/02\/22\/abertas-as-inscricoes-para-a-corrida-e-caminhada-de-aniversario\/\" \/>\n<meta property=\"og:site_name\" content=\"Folha Popular\" \/>\n<meta property=\"article:published_time\" content=\"2024-02-22T12:57:04+00:00\" \/>\n<meta property=\"article:modified_time\" content=\"2024-02-22T12:58:49+00:00\" \/>\n<meta property=\"og:image\" content=\"http:\/\/folhapopular.info\/wp-content\/uploads\/2024\/02\/Trajeto-sera-o-mesmo-de-2023.-Atividade-promete-reunir-grande-numero-de-atletas_AI-Westfalia.jpg\" \/>\n\t<meta property=\"og:image:width\" content=\"2061\" \/>\n\t<meta property=\"og:image:height\" content=\"2221\" \/>\n\t<meta property=\"og:image:type\" content=\"image\/jpeg\" \/>\n<meta name=\"author\" content=\"Reda\u00e7\u00e3o Folha Popular\" \/>\n<meta name=\"twitter:card\" content=\"summary_large_image\" \/>\n<meta name=\"twitter:label1\" content=\"Escrito por\" \/>\n\t<meta name=\"twitter:data1\" content=\"Reda\u00e7\u00e3o Folha Popular\" \/>\n\t<meta name=\"twitter:label2\" content=\"Est. tempo de leitura\" \/>\n\t<meta name=\"twitter:data2\" content=\"4 minutos\" \/>\n<script type=\"application\/ld+json\" class=\"yoast-schema-graph\">{\"@context\":\"https:\\\/\\\/schema.org\",\"@graph\":[{\"@type\":\"Article\",\"@id\":\"https:\\\/\\\/folhapopular.info\\\/index.php\\\/2024\\\/02\\\/22\\\/abertas-as-inscricoes-para-a-corrida-e-caminhada-de-aniversario\\\/#article\",\"isPartOf\":{\"@id\":\"https:\\\/\\\/folhapopular.info\\\/index.php\\\/2024\\\/02\\\/22\\\/abertas-as-inscricoes-para-a-corrida-e-caminhada-de-aniversario\\\/\"},\"author\":{\"name\":\"Reda\u00e7\u00e3o Folha Popular\",\"@id\":\"https:\\\/\\\/folhapopular.info\\\/#\\\/schema\\\/person\\\/2814e8a0df7643585a9ca38bc6eb9d4b\"},\"headline\":\"Abertas as inscri\u00e7\u00f5es para a Corrida e Caminhada de anivers\u00e1rio Westf\u00e1lia\",\"datePublished\":\"2024-02-22T12:57:04+00:00\",\"dateModified\":\"2024-02-22T12:58:49+00:00\",\"mainEntityOfPage\":{\"@id\":\"https:\\\/\\\/folhapopular.info\\\/index.php\\\/2024\\\/02\\\/22\\\/abertas-as-inscricoes-para-a-corrida-e-caminhada-de-aniversario\\\/\"},\"wordCount\":724,\"commentCount\":0,\"image\":{\"@id\":\"https:\\\/\\\/folhapopular.info\\\/index.php\\\/2024\\\/02\\\/22\\\/abertas-as-inscricoes-para-a-corrida-e-caminhada-de-aniversario\\\/#primaryimage\"},\"thumbnailUrl\":\"https:\\\/\\\/folhapopular.info\\\/wp-content\\\/uploads\\\/2024\\\/02\\\/Trajeto-sera-o-mesmo-de-2023.-Atividade-promete-reunir-grande-numero-de-atletas_AI-Westfalia.jpg\",\"keywords\":[\"Caminhada\",\"Comemora\u00e7\u00e3o\",\"Corrida\",\"Westf\u00e1lia\"],\"articleSection\":[\"Esportes\"],\"inLanguage\":\"pt-BR\",\"potentialAction\":[{\"@type\":\"CommentAction\",\"name\":\"Comment\",\"target\":[\"https:\\\/\\\/folhapopular.info\\\/index.php\\\/2024\\\/02\\\/22\\\/abertas-as-inscricoes-para-a-corrida-e-caminhada-de-aniversario\\\/#respond\"]}]},{\"@type\":\"WebPage\",\"@id\":\"https:\\\/\\\/folhapopular.info\\\/index.php\\\/2024\\\/02\\\/22\\\/abertas-as-inscricoes-para-a-corrida-e-caminhada-de-aniversario\\\/\",\"url\":\"https:\\\/\\\/folhapopular.info\\\/index.php\\\/2024\\\/02\\\/22\\\/abertas-as-inscricoes-para-a-corrida-e-caminhada-de-aniversario\\\/\",\"name\":\"Abertas as inscri\u00e7\u00f5es para a Corrida e Caminhada de anivers\u00e1rio Westf\u00e1lia - Folha Popular\",\"isPartOf\":{\"@id\":\"https:\\\/\\\/folhapopular.info\\\/#website\"},\"primaryImageOfPage\":{\"@id\":\"https:\\\/\\\/folhapopular.info\\\/index.php\\\/2024\\\/02\\\/22\\\/abertas-as-inscricoes-para-a-corrida-e-caminhada-de-aniversario\\\/#primaryimage\"},\"image\":{\"@id\":\"https:\\\/\\\/folhapopular.info\\\/index.php\\\/2024\\\/02\\\/22\\\/abertas-as-inscricoes-para-a-corrida-e-caminhada-de-aniversario\\\/#primaryimage\"},\"thumbnailUrl\":\"https:\\\/\\\/folhapopular.info\\\/wp-content\\\/uploads\\\/2024\\\/02\\\/Trajeto-sera-o-mesmo-de-2023.-Atividade-promete-reunir-grande-numero-de-atletas_AI-Westfalia.jpg\",\"datePublished\":\"2024-02-22T12:57:04+00:00\",\"dateModified\":\"2024-02-22T12:58:49+00:00\",\"author\":{\"@id\":\"https:\\\/\\\/folhapopular.info\\\/#\\\/schema\\\/person\\\/2814e8a0df7643585a9ca38bc6eb9d4b\"},\"breadcrumb\":{\"@id\":\"https:\\\/\\\/folhapopular.info\\\/index.php\\\/2024\\\/02\\\/22\\\/abertas-as-inscricoes-para-a-corrida-e-caminhada-de-aniversario\\\/#breadcrumb\"},\"inLanguage\":\"pt-BR\",\"potentialAction\":[{\"@type\":\"ReadAction\",\"target\":[\"https:\\\/\\\/folhapopular.info\\\/index.php\\\/2024\\\/02\\\/22\\\/abertas-as-inscricoes-para-a-corrida-e-caminhada-de-aniversario\\\/\"]}]},{\"@type\":\"ImageObject\",\"inLanguage\":\"pt-BR\",\"@id\":\"https:\\\/\\\/folhapopular.info\\\/index.php\\\/2024\\\/02\\\/22\\\/abertas-as-inscricoes-para-a-corrida-e-caminhada-de-aniversario\\\/#primaryimage\",\"url\":\"https:\\\/\\\/folhapopular.info\\\/wp-content\\\/uploads\\\/2024\\\/02\\\/Trajeto-sera-o-mesmo-de-2023.-Atividade-promete-reunir-grande-numero-de-atletas_AI-Westfalia.jpg\",\"contentUrl\":\"https:\\\/\\\/folhapopular.info\\\/wp-content\\\/uploads\\\/2024\\\/02\\\/Trajeto-sera-o-mesmo-de-2023.-Atividade-promete-reunir-grande-numero-de-atletas_AI-Westfalia.jpg\",\"width\":2061,\"height\":2221,\"caption\":\"Cr\u00e9dito: Divulga\u00e7\u00e3o\"},{\"@type\":\"BreadcrumbList\",\"@id\":\"https:\\\/\\\/folhapopular.info\\\/index.php\\\/2024\\\/02\\\/22\\\/abertas-as-inscricoes-para-a-corrida-e-caminhada-de-aniversario\\\/#breadcrumb\",\"itemListElement\":[{\"@type\":\"ListItem\",\"position\":1,\"name\":\"In\u00edcio\",\"item\":\"https:\\\/\\\/folhapopular.info\\\/\"},{\"@type\":\"ListItem\",\"position\":2,\"name\":\"Abertas as inscri\u00e7\u00f5es para a Corrida e Caminhada de anivers\u00e1rio Westf\u00e1lia\"}]},{\"@type\":\"WebSite\",\"@id\":\"https:\\\/\\\/folhapopular.info\\\/#website\",\"url\":\"https:\\\/\\\/folhapopular.info\\\/\",\"name\":\"Folha Popular\",\"description\":\"Onde voc\u00ea tem vez e voz\",\"potentialAction\":[{\"@type\":\"SearchAction\",\"target\":{\"@type\":\"EntryPoint\",\"urlTemplate\":\"https:\\\/\\\/folhapopular.info\\\/?s={search_term_string}\"},\"query-input\":{\"@type\":\"PropertyValueSpecification\",\"valueRequired\":true,\"valueName\":\"search_term_string\"}}],\"inLanguage\":\"pt-BR\"},{\"@type\":\"Person\",\"@id\":\"https:\\\/\\\/folhapopular.info\\\/#\\\/schema\\\/person\\\/2814e8a0df7643585a9ca38bc6eb9d4b\",\"name\":\"Reda\u00e7\u00e3o Folha Popular\",\"image\":{\"@type\":\"ImageObject\",\"inLanguage\":\"pt-BR\",\"@id\":\"https:\\\/\\\/folhapopular.info\\\/wp-content\\\/uploads\\\/2026\\\/04\\\/Folha-1.webp\",\"url\":\"https:\\\/\\\/folhapopular.info\\\/wp-content\\\/uploads\\\/2026\\\/04\\\/Folha-1.webp\",\"contentUrl\":\"https:\\\/\\\/folhapopular.info\\\/wp-content\\\/uploads\\\/2026\\\/04\\\/Folha-1.webp\",\"caption\":\"Reda\u00e7\u00e3o Folha Popular\"},\"url\":\"https:\\\/\\\/folhapopular.info\\\/index.php\\\/author\\\/redacao\\\/\"}]}<\/script>\n<!-- \/ Yoast SEO plugin. -->","yoast_head_json":{"title":"Abertas as inscri\u00e7\u00f5es para a Corrida e Caminhada de anivers\u00e1rio Westf\u00e1lia - Folha Popular","robots":{"index":"index","follow":"follow","max-snippet":"max-snippet:-1","max-image-preview":"max-image-preview:large","max-video-preview":"max-video-preview:-1"},"canonical":"https:\/\/folhapopular.info\/index.php\/2024\/02\/22\/abertas-as-inscricoes-para-a-corrida-e-caminhada-de-aniversario\/","og_locale":"pt_BR","og_type":"article","og_title":"Abertas as inscri\u00e7\u00f5es para a Corrida e Caminhada de anivers\u00e1rio Westf\u00e1lia - Folha Popular","og_description":"Incentivar a pr\u00e1tica da corrida de rua e da caminhada, visando trabalhar o f\u00edsico e o ps\u00edquico de seus participantes, aumentando sua autoestima em \u00e2mbito pessoal, social e profissional, \u00e9 o objetivo da Corrida e Caminhada 28 Anos de Westf\u00e1lia. A atividade esportiva, que acontece \u00e0 noite, est\u00e1 marcada para o s\u00e1bado (9\/3), integra as [&hellip;]","og_url":"https:\/\/folhapopular.info\/index.php\/2024\/02\/22\/abertas-as-inscricoes-para-a-corrida-e-caminhada-de-aniversario\/","og_site_name":"Folha Popular","article_published_time":"2024-02-22T12:57:04+00:00","article_modified_time":"2024-02-22T12:58:49+00:00","og_image":[{"width":2061,"height":2221,"url":"http:\/\/folhapopular.info\/wp-content\/uploads\/2024\/02\/Trajeto-sera-o-mesmo-de-2023.-Atividade-promete-reunir-grande-numero-de-atletas_AI-Westfalia.jpg","type":"image\/jpeg"}],"author":"Reda\u00e7\u00e3o Folha Popular","twitter_card":"summary_large_image","twitter_misc":{"Escrito por":"Reda\u00e7\u00e3o Folha Popular","Est. tempo de leitura":"4 minutos"},"schema":{"@context":"https:\/\/schema.org","@graph":[{"@type":"Article","@id":"https:\/\/folhapopular.info\/index.php\/2024\/02\/22\/abertas-as-inscricoes-para-a-corrida-e-caminhada-de-aniversario\/#article","isPartOf":{"@id":"https:\/\/folhapopular.info\/index.php\/2024\/02\/22\/abertas-as-inscricoes-para-a-corrida-e-caminhada-de-aniversario\/"},"author":{"name":"Reda\u00e7\u00e3o Folha Popular","@id":"https:\/\/folhapopular.info\/#\/schema\/person\/2814e8a0df7643585a9ca38bc6eb9d4b"},"headline":"Abertas as inscri\u00e7\u00f5es para a Corrida e Caminhada de anivers\u00e1rio Westf\u00e1lia","datePublished":"2024-02-22T12:57:04+00:00","dateModified":"2024-02-22T12:58:49+00:00","mainEntityOfPage":{"@id":"https:\/\/folhapopular.info\/index.php\/2024\/02\/22\/abertas-as-inscricoes-para-a-corrida-e-caminhada-de-aniversario\/"},"wordCount":724,"commentCount":0,"image":{"@id":"https:\/\/folhapopular.info\/index.php\/2024\/02\/22\/abertas-as-inscricoes-para-a-corrida-e-caminhada-de-aniversario\/#primaryimage"},"thumbnailUrl":"https:\/\/folhapopular.info\/wp-content\/uploads\/2024\/02\/Trajeto-sera-o-mesmo-de-2023.-Atividade-promete-reunir-grande-numero-de-atletas_AI-Westfalia.jpg","keywords":["Caminhada","Comemora\u00e7\u00e3o","Corrida","Westf\u00e1lia"],"articleSection":["Esportes"],"inLanguage":"pt-BR","potentialAction":[{"@type":"CommentAction","name":"Comment","target":["https:\/\/folhapopular.info\/index.php\/2024\/02\/22\/abertas-as-inscricoes-para-a-corrida-e-caminhada-de-aniversario\/#respond"]}]},{"@type":"WebPage","@id":"https:\/\/folhapopular.info\/index.php\/2024\/02\/22\/abertas-as-inscricoes-para-a-corrida-e-caminhada-de-aniversario\/","url":"https:\/\/folhapopular.info\/index.php\/2024\/02\/22\/abertas-as-inscricoes-para-a-corrida-e-caminhada-de-aniversario\/","name":"Abertas as inscri\u00e7\u00f5es para a Corrida e Caminhada de anivers\u00e1rio Westf\u00e1lia - Folha Popular","isPartOf":{"@id":"https:\/\/folhapopular.info\/#website"},"primaryImageOfPage":{"@id":"https:\/\/folhapopular.info\/index.php\/2024\/02\/22\/abertas-as-inscricoes-para-a-corrida-e-caminhada-de-aniversario\/#primaryimage"},"image":{"@id":"https:\/\/folhapopular.info\/index.php\/2024\/02\/22\/abertas-as-inscricoes-para-a-corrida-e-caminhada-de-aniversario\/#primaryimage"},"thumbnailUrl":"https:\/\/folhapopular.info\/wp-content\/uploads\/2024\/02\/Trajeto-sera-o-mesmo-de-2023.-Atividade-promete-reunir-grande-numero-de-atletas_AI-Westfalia.jpg","datePublished":"2024-02-22T12:57:04+00:00","dateModified":"2024-02-22T12:58:49+00:00","author":{"@id":"https:\/\/folhapopular.info\/#\/schema\/person\/2814e8a0df7643585a9ca38bc6eb9d4b"},"breadcrumb":{"@id":"https:\/\/folhapopular.info\/index.php\/2024\/02\/22\/abertas-as-inscricoes-para-a-corrida-e-caminhada-de-aniversario\/#breadcrumb"},"inLanguage":"pt-BR","potentialAction":[{"@type":"ReadAction","target":["https:\/\/folhapopular.info\/index.php\/2024\/02\/22\/abertas-as-inscricoes-para-a-corrida-e-caminhada-de-aniversario\/"]}]},{"@type":"ImageObject","inLanguage":"pt-BR","@id":"https:\/\/folhapopular.info\/index.php\/2024\/02\/22\/abertas-as-inscricoes-para-a-corrida-e-caminhada-de-aniversario\/#primaryimage","url":"https:\/\/folhapopular.info\/wp-content\/uploads\/2024\/02\/Trajeto-sera-o-mesmo-de-2023.-Atividade-promete-reunir-grande-numero-de-atletas_AI-Westfalia.jpg","contentUrl":"https:\/\/folhapopular.info\/wp-content\/uploads\/2024\/02\/Trajeto-sera-o-mesmo-de-2023.-Atividade-promete-reunir-grande-numero-de-atletas_AI-Westfalia.jpg","width":2061,"height":2221,"caption":"Cr\u00e9dito: Divulga\u00e7\u00e3o"},{"@type":"BreadcrumbList","@id":"https:\/\/folhapopular.info\/index.php\/2024\/02\/22\/abertas-as-inscricoes-para-a-corrida-e-caminhada-de-aniversario\/#breadcrumb","itemListElement":[{"@type":"ListItem","position":1,"name":"In\u00edcio","item":"https:\/\/folhapopular.info\/"},{"@type":"ListItem","position":2,"name":"Abertas as inscri\u00e7\u00f5es para a Corrida e Caminhada de anivers\u00e1rio Westf\u00e1lia"}]},{"@type":"WebSite","@id":"https:\/\/folhapopular.info\/#website","url":"https:\/\/folhapopular.info\/","name":"Folha Popular","description":"Onde voc\u00ea tem vez e voz","potentialAction":[{"@type":"SearchAction","target":{"@type":"EntryPoint","urlTemplate":"https:\/\/folhapopular.info\/?s={search_term_string}"},"query-input":{"@type":"PropertyValueSpecification","valueRequired":true,"valueName":"search_term_string"}}],"inLanguage":"pt-BR"},{"@type":"Person","@id":"https:\/\/folhapopular.info\/#\/schema\/person\/2814e8a0df7643585a9ca38bc6eb9d4b","name":"Reda\u00e7\u00e3o Folha Popular","image":{"@type":"ImageObject","inLanguage":"pt-BR","@id":"https:\/\/folhapopular.info\/wp-content\/uploads\/2026\/04\/Folha-1.webp","url":"https:\/\/folhapopular.info\/wp-content\/uploads\/2026\/04\/Folha-1.webp","contentUrl":"https:\/\/folhapopular.info\/wp-content\/uploads\/2026\/04\/Folha-1.webp","caption":"Reda\u00e7\u00e3o Folha Popular"},"url":"https:\/\/folhapopular.info\/index.php\/author\/redacao\/"}]}},"jetpack_featured_media_url":"https:\/\/folhapopular.info\/wp-content\/uploads\/2024\/02\/Trajeto-sera-o-mesmo-de-2023.-Atividade-promete-reunir-grande-numero-de-atletas_AI-Westfalia.jpg","jetpack_sharing_enabled":true,"amp_enabled":true,"_links":{"self":[{"href":"https:\/\/folhapopular.info\/index.php\/wp-json\/wp\/v2\/posts\/150844","targetHints":{"allow":["GET"]}}],"collection":[{"href":"https:\/\/folhapopular.info\/index.php\/wp-json\/wp\/v2\/posts"}],"about":[{"href":"https:\/\/folhapopular.info\/index.php\/wp-json\/wp\/v2\/types\/post"}],"author":[{"embeddable":true,"href":"https:\/\/folhapopular.info\/index.php\/wp-json\/wp\/v2\/users\/8"}],"replies":[{"embeddable":true,"href":"https:\/\/folhapopular.info\/index.php\/wp-json\/wp\/v2\/comments?post=150844"}],"version-history":[{"count":0,"href":"https:\/\/folhapopular.info\/index.php\/wp-json\/wp\/v2\/posts\/150844\/revisions"}],"wp:featuredmedia":[{"embeddable":true,"href":"https:\/\/folhapopular.info\/index.php\/wp-json\/wp\/v2\/media\/150845"}],"wp:attachment":[{"href":"https:\/\/folhapopular.info\/index.php\/wp-json\/wp\/v2\/media?parent=150844"}],"wp:term":[{"taxonomy":"category","embeddable":true,"href":"https:\/\/folhapopular.info\/index.php\/wp-json\/wp\/v2\/categories?post=150844"},{"taxonomy":"post_tag","embeddable":true,"href":"https:\/\/folhapopular.info\/index.php\/wp-json\/wp\/v2\/tags?post=150844"}],"curies":[{"name":"wp","href":"https:\/\/api.w.org\/{rel}","templated":true}]}}