{"id":151304,"date":"2024-02-27T06:30:00","date_gmt":"2024-02-27T09:30:00","guid":{"rendered":"https:\/\/folhapopular.info\/?p=151304"},"modified":"2024-02-27T06:09:09","modified_gmt":"2024-02-27T09:09:09","slug":"setor-de-proteina-animal-negocia-cortes-de-incentivos-fiscais","status":"publish","type":"post","link":"https:\/\/folhapopular.info\/index.php\/2024\/02\/27\/setor-de-proteina-animal-negocia-cortes-de-incentivos-fiscais\/","title":{"rendered":"Setor de prote\u00edna animal negocia cortes de incentivos fiscais"},"content":{"rendered":"\n<p>Na quinta-feira (29\/2), o setor de prote\u00edna animal do Rio Grande do Sul deve se reunir com o governador do Estado, Eduardo Leite. Os representantes dos setores av\u00edcola, suin\u00edcola, l\u00e1cteo e da ind\u00fastria frigor\u00edfica bovina pretendem argumentar sobre os impactos dos cortes nos incentivos fiscais previstos para os segmentos a partir de 1\u00b0 de abril.\u00a0<\/p>\n\n\n\n<p>Tamb\u00e9m ser\u00e1 discutido o decreto 57.457, de 6 de fevereiro, que prorrogou a suspens\u00e3o do c\u00e1lculo do Fator de Ajuste de Frui\u00e7\u00e3o (FAF) at\u00e9 31 de mar\u00e7o. De acordo com o Sindicato das Ind\u00fastrias de Produtos Su\u00ednos do RS (Sips), todos setores refizeram os estudos e adicionaram mais informa\u00e7\u00f5es.&nbsp;<\/p>\n\n\n\n<p>Al\u00e9m do setor de prote\u00edna animal, as mudan\u00e7as atingem as ind\u00fastrias de insumos e de m\u00e1quinas e implementos agr\u00edcolas.<\/p>\n","protected":false},"excerpt":{"rendered":"<p>Na quinta-feira (29\/2), o setor de prote\u00edna animal do Rio Grande do Sul deve se reunir com o governador do Estado, Eduardo Leite. Os representantes dos setores av\u00edcola, suin\u00edcola, l\u00e1cteo e da ind\u00fastria frigor\u00edfica bovina pretendem argumentar sobre os impactos dos cortes nos incentivos fiscais previstos para os segmentos a partir de 1\u00b0 de abril.\u00a0 [&hellip;]<\/p>\n","protected":false},"author":8,"featured_media":100943,"comment_status":"open","ping_status":"open","sticky":false,"template":"","format":"standard","meta":{"pmpro_default_level":"","_jetpack_memberships_contains_paid_content":false,"footnotes":""},"categories":[2,10991,10994],"tags":[6033,14302,9607,1471,8754,10688,1794,8866],"class_list":{"0":"post-151304","1":"post","2":"type-post","3":"status-publish","4":"format-standard","5":"has-post-thumbnail","7":"category-featured","8":"category-economia","9":"category-rural","10":"tag-avicultura","11":"tag-cortes","12":"tag-insumos","13":"tag-investimentos","14":"tag-maquinas","15":"tag-proteina-animal","16":"tag-rio-grande-do-sul","17":"tag-suinocultura","18":"pmpro-has-access"},"yoast_head":"<!-- This site is optimized with the Yoast SEO plugin v27.5 - https:\/\/yoast.com\/product\/yoast-seo-wordpress\/ -->\n<title>Setor de prote\u00edna animal negocia cortes de incentivos fiscais - Folha Popular<\/title>\n<meta name=\"robots\" content=\"index, follow, max-snippet:-1, max-image-preview:large, max-video-preview:-1\" \/>\n<link rel=\"canonical\" href=\"https:\/\/folhapopular.info\/index.php\/2024\/02\/27\/setor-de-proteina-animal-negocia-cortes-de-incentivos-fiscais\/\" \/>\n<meta property=\"og:locale\" content=\"pt_BR\" \/>\n<meta property=\"og:type\" content=\"article\" \/>\n<meta property=\"og:title\" content=\"Setor de prote\u00edna animal negocia cortes de incentivos fiscais - Folha Popular\" \/>\n<meta property=\"og:description\" content=\"Na quinta-feira (29\/2), o setor de prote\u00edna animal do Rio Grande do Sul deve se reunir com o governador do Estado, Eduardo Leite. Os representantes dos setores av\u00edcola, suin\u00edcola, l\u00e1cteo e da ind\u00fastria frigor\u00edfica bovina pretendem argumentar sobre os impactos dos cortes nos incentivos fiscais previstos para os segmentos a partir de 1\u00b0 de abril.\u00a0 [&hellip;]\" \/>\n<meta property=\"og:url\" content=\"https:\/\/folhapopular.info\/index.php\/2024\/02\/27\/setor-de-proteina-animal-negocia-cortes-de-incentivos-fiscais\/\" \/>\n<meta property=\"og:site_name\" content=\"Folha Popular\" \/>\n<meta property=\"article:published_time\" content=\"2024-02-27T09:30:00+00:00\" \/>\n<meta property=\"og:image\" content=\"https:\/\/folhapopular.info\/wp-content\/uploads\/2022\/03\/DSC0090-scaled-e1648041763964.jpg\" \/>\n\t<meta property=\"og:image:width\" content=\"1200\" \/>\n\t<meta property=\"og:image:height\" content=\"797\" \/>\n\t<meta property=\"og:image:type\" content=\"image\/jpeg\" \/>\n<meta name=\"author\" content=\"Reda\u00e7\u00e3o Folha Popular\" \/>\n<meta name=\"twitter:card\" content=\"summary_large_image\" \/>\n<meta name=\"twitter:label1\" content=\"Escrito por\" \/>\n\t<meta name=\"twitter:data1\" content=\"Reda\u00e7\u00e3o Folha Popular\" \/>\n\t<meta name=\"twitter:label2\" content=\"Est. tempo de leitura\" \/>\n\t<meta name=\"twitter:data2\" content=\"1 minuto\" \/>\n<script type=\"application\/ld+json\" class=\"yoast-schema-graph\">{\"@context\":\"https:\\\/\\\/schema.org\",\"@graph\":[{\"@type\":\"Article\",\"@id\":\"https:\\\/\\\/folhapopular.info\\\/index.php\\\/2024\\\/02\\\/27\\\/setor-de-proteina-animal-negocia-cortes-de-incentivos-fiscais\\\/#article\",\"isPartOf\":{\"@id\":\"https:\\\/\\\/folhapopular.info\\\/index.php\\\/2024\\\/02\\\/27\\\/setor-de-proteina-animal-negocia-cortes-de-incentivos-fiscais\\\/\"},\"author\":{\"name\":\"Reda\u00e7\u00e3o Folha Popular\",\"@id\":\"https:\\\/\\\/folhapopular.info\\\/#\\\/schema\\\/person\\\/2814e8a0df7643585a9ca38bc6eb9d4b\"},\"headline\":\"Setor de prote\u00edna animal negocia cortes de incentivos fiscais\",\"datePublished\":\"2024-02-27T09:30:00+00:00\",\"mainEntityOfPage\":{\"@id\":\"https:\\\/\\\/folhapopular.info\\\/index.php\\\/2024\\\/02\\\/27\\\/setor-de-proteina-animal-negocia-cortes-de-incentivos-fiscais\\\/\"},\"wordCount\":149,\"commentCount\":0,\"image\":{\"@id\":\"https:\\\/\\\/folhapopular.info\\\/index.php\\\/2024\\\/02\\\/27\\\/setor-de-proteina-animal-negocia-cortes-de-incentivos-fiscais\\\/#primaryimage\"},\"thumbnailUrl\":\"https:\\\/\\\/folhapopular.info\\\/wp-content\\\/uploads\\\/2022\\\/03\\\/DSC0090-scaled-e1648041763964.jpg\",\"keywords\":[\"avicultura\",\"Cortes\",\"insumos\",\"Investimentos\",\"M\u00e1quinas\",\"Prote\u00edna animal\",\"Rio Grande do Sul\",\"Suinocultura\"],\"articleSection\":[\"Destaques\",\"Economia\",\"Rural\"],\"inLanguage\":\"pt-BR\",\"potentialAction\":[{\"@type\":\"CommentAction\",\"name\":\"Comment\",\"target\":[\"https:\\\/\\\/folhapopular.info\\\/index.php\\\/2024\\\/02\\\/27\\\/setor-de-proteina-animal-negocia-cortes-de-incentivos-fiscais\\\/#respond\"]}]},{\"@type\":\"WebPage\",\"@id\":\"https:\\\/\\\/folhapopular.info\\\/index.php\\\/2024\\\/02\\\/27\\\/setor-de-proteina-animal-negocia-cortes-de-incentivos-fiscais\\\/\",\"url\":\"https:\\\/\\\/folhapopular.info\\\/index.php\\\/2024\\\/02\\\/27\\\/setor-de-proteina-animal-negocia-cortes-de-incentivos-fiscais\\\/\",\"name\":\"Setor de prote\u00edna animal negocia cortes de incentivos fiscais - Folha Popular\",\"isPartOf\":{\"@id\":\"https:\\\/\\\/folhapopular.info\\\/#website\"},\"primaryImageOfPage\":{\"@id\":\"https:\\\/\\\/folhapopular.info\\\/index.php\\\/2024\\\/02\\\/27\\\/setor-de-proteina-animal-negocia-cortes-de-incentivos-fiscais\\\/#primaryimage\"},\"image\":{\"@id\":\"https:\\\/\\\/folhapopular.info\\\/index.php\\\/2024\\\/02\\\/27\\\/setor-de-proteina-animal-negocia-cortes-de-incentivos-fiscais\\\/#primaryimage\"},\"thumbnailUrl\":\"https:\\\/\\\/folhapopular.info\\\/wp-content\\\/uploads\\\/2022\\\/03\\\/DSC0090-scaled-e1648041763964.jpg\",\"datePublished\":\"2024-02-27T09:30:00+00:00\",\"author\":{\"@id\":\"https:\\\/\\\/folhapopular.info\\\/#\\\/schema\\\/person\\\/2814e8a0df7643585a9ca38bc6eb9d4b\"},\"breadcrumb\":{\"@id\":\"https:\\\/\\\/folhapopular.info\\\/index.php\\\/2024\\\/02\\\/27\\\/setor-de-proteina-animal-negocia-cortes-de-incentivos-fiscais\\\/#breadcrumb\"},\"inLanguage\":\"pt-BR\",\"potentialAction\":[{\"@type\":\"ReadAction\",\"target\":[\"https:\\\/\\\/folhapopular.info\\\/index.php\\\/2024\\\/02\\\/27\\\/setor-de-proteina-animal-negocia-cortes-de-incentivos-fiscais\\\/\"]}]},{\"@type\":\"ImageObject\",\"inLanguage\":\"pt-BR\",\"@id\":\"https:\\\/\\\/folhapopular.info\\\/index.php\\\/2024\\\/02\\\/27\\\/setor-de-proteina-animal-negocia-cortes-de-incentivos-fiscais\\\/#primaryimage\",\"url\":\"https:\\\/\\\/folhapopular.info\\\/wp-content\\\/uploads\\\/2022\\\/03\\\/DSC0090-scaled-e1648041763964.jpg\",\"contentUrl\":\"https:\\\/\\\/folhapopular.info\\\/wp-content\\\/uploads\\\/2022\\\/03\\\/DSC0090-scaled-e1648041763964.jpg\",\"width\":1200,\"height\":797,\"caption\":\"Cr\u00e9dito : Carla Beckmann\"},{\"@type\":\"BreadcrumbList\",\"@id\":\"https:\\\/\\\/folhapopular.info\\\/index.php\\\/2024\\\/02\\\/27\\\/setor-de-proteina-animal-negocia-cortes-de-incentivos-fiscais\\\/#breadcrumb\",\"itemListElement\":[{\"@type\":\"ListItem\",\"position\":1,\"name\":\"In\u00edcio\",\"item\":\"https:\\\/\\\/folhapopular.info\\\/\"},{\"@type\":\"ListItem\",\"position\":2,\"name\":\"Setor de prote\u00edna animal negocia cortes de incentivos fiscais\"}]},{\"@type\":\"WebSite\",\"@id\":\"https:\\\/\\\/folhapopular.info\\\/#website\",\"url\":\"https:\\\/\\\/folhapopular.info\\\/\",\"name\":\"Folha Popular\",\"description\":\"Onde voc\u00ea tem vez e voz\",\"potentialAction\":[{\"@type\":\"SearchAction\",\"target\":{\"@type\":\"EntryPoint\",\"urlTemplate\":\"https:\\\/\\\/folhapopular.info\\\/?s={search_term_string}\"},\"query-input\":{\"@type\":\"PropertyValueSpecification\",\"valueRequired\":true,\"valueName\":\"search_term_string\"}}],\"inLanguage\":\"pt-BR\"},{\"@type\":\"Person\",\"@id\":\"https:\\\/\\\/folhapopular.info\\\/#\\\/schema\\\/person\\\/2814e8a0df7643585a9ca38bc6eb9d4b\",\"name\":\"Reda\u00e7\u00e3o Folha Popular\",\"image\":{\"@type\":\"ImageObject\",\"inLanguage\":\"pt-BR\",\"@id\":\"https:\\\/\\\/folhapopular.info\\\/wp-content\\\/uploads\\\/2026\\\/04\\\/Folha-1.webp\",\"url\":\"https:\\\/\\\/folhapopular.info\\\/wp-content\\\/uploads\\\/2026\\\/04\\\/Folha-1.webp\",\"contentUrl\":\"https:\\\/\\\/folhapopular.info\\\/wp-content\\\/uploads\\\/2026\\\/04\\\/Folha-1.webp\",\"caption\":\"Reda\u00e7\u00e3o Folha Popular\"},\"url\":\"https:\\\/\\\/folhapopular.info\\\/index.php\\\/author\\\/redacao\\\/\"}]}<\/script>\n<!-- \/ Yoast SEO plugin. -->","yoast_head_json":{"title":"Setor de prote\u00edna animal negocia cortes de incentivos fiscais - Folha Popular","robots":{"index":"index","follow":"follow","max-snippet":"max-snippet:-1","max-image-preview":"max-image-preview:large","max-video-preview":"max-video-preview:-1"},"canonical":"https:\/\/folhapopular.info\/index.php\/2024\/02\/27\/setor-de-proteina-animal-negocia-cortes-de-incentivos-fiscais\/","og_locale":"pt_BR","og_type":"article","og_title":"Setor de prote\u00edna animal negocia cortes de incentivos fiscais - Folha Popular","og_description":"Na quinta-feira (29\/2), o setor de prote\u00edna animal do Rio Grande do Sul deve se reunir com o governador do Estado, Eduardo Leite. Os representantes dos setores av\u00edcola, suin\u00edcola, l\u00e1cteo e da ind\u00fastria frigor\u00edfica bovina pretendem argumentar sobre os impactos dos cortes nos incentivos fiscais previstos para os segmentos a partir de 1\u00b0 de abril.\u00a0 [&hellip;]","og_url":"https:\/\/folhapopular.info\/index.php\/2024\/02\/27\/setor-de-proteina-animal-negocia-cortes-de-incentivos-fiscais\/","og_site_name":"Folha Popular","article_published_time":"2024-02-27T09:30:00+00:00","og_image":[{"width":1200,"height":797,"url":"https:\/\/folhapopular.info\/wp-content\/uploads\/2022\/03\/DSC0090-scaled-e1648041763964.jpg","type":"image\/jpeg"}],"author":"Reda\u00e7\u00e3o Folha Popular","twitter_card":"summary_large_image","twitter_misc":{"Escrito por":"Reda\u00e7\u00e3o Folha Popular","Est. tempo de leitura":"1 minuto"},"schema":{"@context":"https:\/\/schema.org","@graph":[{"@type":"Article","@id":"https:\/\/folhapopular.info\/index.php\/2024\/02\/27\/setor-de-proteina-animal-negocia-cortes-de-incentivos-fiscais\/#article","isPartOf":{"@id":"https:\/\/folhapopular.info\/index.php\/2024\/02\/27\/setor-de-proteina-animal-negocia-cortes-de-incentivos-fiscais\/"},"author":{"name":"Reda\u00e7\u00e3o Folha Popular","@id":"https:\/\/folhapopular.info\/#\/schema\/person\/2814e8a0df7643585a9ca38bc6eb9d4b"},"headline":"Setor de prote\u00edna animal negocia cortes de incentivos fiscais","datePublished":"2024-02-27T09:30:00+00:00","mainEntityOfPage":{"@id":"https:\/\/folhapopular.info\/index.php\/2024\/02\/27\/setor-de-proteina-animal-negocia-cortes-de-incentivos-fiscais\/"},"wordCount":149,"commentCount":0,"image":{"@id":"https:\/\/folhapopular.info\/index.php\/2024\/02\/27\/setor-de-proteina-animal-negocia-cortes-de-incentivos-fiscais\/#primaryimage"},"thumbnailUrl":"https:\/\/folhapopular.info\/wp-content\/uploads\/2022\/03\/DSC0090-scaled-e1648041763964.jpg","keywords":["avicultura","Cortes","insumos","Investimentos","M\u00e1quinas","Prote\u00edna animal","Rio Grande do Sul","Suinocultura"],"articleSection":["Destaques","Economia","Rural"],"inLanguage":"pt-BR","potentialAction":[{"@type":"CommentAction","name":"Comment","target":["https:\/\/folhapopular.info\/index.php\/2024\/02\/27\/setor-de-proteina-animal-negocia-cortes-de-incentivos-fiscais\/#respond"]}]},{"@type":"WebPage","@id":"https:\/\/folhapopular.info\/index.php\/2024\/02\/27\/setor-de-proteina-animal-negocia-cortes-de-incentivos-fiscais\/","url":"https:\/\/folhapopular.info\/index.php\/2024\/02\/27\/setor-de-proteina-animal-negocia-cortes-de-incentivos-fiscais\/","name":"Setor de prote\u00edna animal negocia cortes de incentivos fiscais - Folha Popular","isPartOf":{"@id":"https:\/\/folhapopular.info\/#website"},"primaryImageOfPage":{"@id":"https:\/\/folhapopular.info\/index.php\/2024\/02\/27\/setor-de-proteina-animal-negocia-cortes-de-incentivos-fiscais\/#primaryimage"},"image":{"@id":"https:\/\/folhapopular.info\/index.php\/2024\/02\/27\/setor-de-proteina-animal-negocia-cortes-de-incentivos-fiscais\/#primaryimage"},"thumbnailUrl":"https:\/\/folhapopular.info\/wp-content\/uploads\/2022\/03\/DSC0090-scaled-e1648041763964.jpg","datePublished":"2024-02-27T09:30:00+00:00","author":{"@id":"https:\/\/folhapopular.info\/#\/schema\/person\/2814e8a0df7643585a9ca38bc6eb9d4b"},"breadcrumb":{"@id":"https:\/\/folhapopular.info\/index.php\/2024\/02\/27\/setor-de-proteina-animal-negocia-cortes-de-incentivos-fiscais\/#breadcrumb"},"inLanguage":"pt-BR","potentialAction":[{"@type":"ReadAction","target":["https:\/\/folhapopular.info\/index.php\/2024\/02\/27\/setor-de-proteina-animal-negocia-cortes-de-incentivos-fiscais\/"]}]},{"@type":"ImageObject","inLanguage":"pt-BR","@id":"https:\/\/folhapopular.info\/index.php\/2024\/02\/27\/setor-de-proteina-animal-negocia-cortes-de-incentivos-fiscais\/#primaryimage","url":"https:\/\/folhapopular.info\/wp-content\/uploads\/2022\/03\/DSC0090-scaled-e1648041763964.jpg","contentUrl":"https:\/\/folhapopular.info\/wp-content\/uploads\/2022\/03\/DSC0090-scaled-e1648041763964.jpg","width":1200,"height":797,"caption":"Cr\u00e9dito : Carla Beckmann"},{"@type":"BreadcrumbList","@id":"https:\/\/folhapopular.info\/index.php\/2024\/02\/27\/setor-de-proteina-animal-negocia-cortes-de-incentivos-fiscais\/#breadcrumb","itemListElement":[{"@type":"ListItem","position":1,"name":"In\u00edcio","item":"https:\/\/folhapopular.info\/"},{"@type":"ListItem","position":2,"name":"Setor de prote\u00edna animal negocia cortes de incentivos fiscais"}]},{"@type":"WebSite","@id":"https:\/\/folhapopular.info\/#website","url":"https:\/\/folhapopular.info\/","name":"Folha Popular","description":"Onde voc\u00ea tem vez e voz","potentialAction":[{"@type":"SearchAction","target":{"@type":"EntryPoint","urlTemplate":"https:\/\/folhapopular.info\/?s={search_term_string}"},"query-input":{"@type":"PropertyValueSpecification","valueRequired":true,"valueName":"search_term_string"}}],"inLanguage":"pt-BR"},{"@type":"Person","@id":"https:\/\/folhapopular.info\/#\/schema\/person\/2814e8a0df7643585a9ca38bc6eb9d4b","name":"Reda\u00e7\u00e3o Folha Popular","image":{"@type":"ImageObject","inLanguage":"pt-BR","@id":"https:\/\/folhapopular.info\/wp-content\/uploads\/2026\/04\/Folha-1.webp","url":"https:\/\/folhapopular.info\/wp-content\/uploads\/2026\/04\/Folha-1.webp","contentUrl":"https:\/\/folhapopular.info\/wp-content\/uploads\/2026\/04\/Folha-1.webp","caption":"Reda\u00e7\u00e3o Folha Popular"},"url":"https:\/\/folhapopular.info\/index.php\/author\/redacao\/"}]}},"jetpack_featured_media_url":"https:\/\/folhapopular.info\/wp-content\/uploads\/2022\/03\/DSC0090-scaled-e1648041763964.jpg","jetpack_sharing_enabled":true,"amp_enabled":true,"_links":{"self":[{"href":"https:\/\/folhapopular.info\/index.php\/wp-json\/wp\/v2\/posts\/151304","targetHints":{"allow":["GET"]}}],"collection":[{"href":"https:\/\/folhapopular.info\/index.php\/wp-json\/wp\/v2\/posts"}],"about":[{"href":"https:\/\/folhapopular.info\/index.php\/wp-json\/wp\/v2\/types\/post"}],"author":[{"embeddable":true,"href":"https:\/\/folhapopular.info\/index.php\/wp-json\/wp\/v2\/users\/8"}],"replies":[{"embeddable":true,"href":"https:\/\/folhapopular.info\/index.php\/wp-json\/wp\/v2\/comments?post=151304"}],"version-history":[{"count":0,"href":"https:\/\/folhapopular.info\/index.php\/wp-json\/wp\/v2\/posts\/151304\/revisions"}],"wp:featuredmedia":[{"embeddable":true,"href":"https:\/\/folhapopular.info\/index.php\/wp-json\/wp\/v2\/media\/100943"}],"wp:attachment":[{"href":"https:\/\/folhapopular.info\/index.php\/wp-json\/wp\/v2\/media?parent=151304"}],"wp:term":[{"taxonomy":"category","embeddable":true,"href":"https:\/\/folhapopular.info\/index.php\/wp-json\/wp\/v2\/categories?post=151304"},{"taxonomy":"post_tag","embeddable":true,"href":"https:\/\/folhapopular.info\/index.php\/wp-json\/wp\/v2\/tags?post=151304"}],"curies":[{"name":"wp","href":"https:\/\/api.w.org\/{rel}","templated":true}]}}