{"id":151658,"date":"2024-03-01T07:15:00","date_gmt":"2024-03-01T10:15:00","guid":{"rendered":"https:\/\/folhapopular.info\/?p=151658"},"modified":"2024-03-01T06:00:16","modified_gmt":"2024-03-01T09:00:16","slug":"consumo-nos-lares-brasileiros-sobe-12-em-janeiro","status":"publish","type":"post","link":"https:\/\/folhapopular.info\/index.php\/2024\/03\/01\/consumo-nos-lares-brasileiros-sobe-12-em-janeiro\/","title":{"rendered":"Consumo nos lares brasileiros sobe 1,2% em janeiro"},"content":{"rendered":"\n<p>O consumo nos lares brasileiros registrou alta de 1,2% em janeiro em compara\u00e7\u00e3o com o mesmo m\u00eas de 2023. Em rela\u00e7\u00e3o a dezembro, houve queda de 22%. Os dados, divulgados nesta quinta-feira, s\u00e3o da Associa\u00e7\u00e3o Brasileira de Supermercados (Abras). A estimativa da associa\u00e7\u00e3o \u00e9 de aumento no consumo dom\u00e9stico em 2024. Segundo a Abras, o ano dever\u00e1 fechar com alta de 2,5%.<\/p>\n\n\n\n<p>A cesta de produtos da Abras, com 35 itens de largo consumo, estava custando R$ 732,69 em janeiro, 2,9% a menos do que a de janeiro de 2023. Em compara\u00e7\u00e3o ao \u00faltimo m\u00eas de 2023, a cesta de janeiro de 2024 teve varia\u00e7\u00e3o positiva de 1,4%.<\/p>\n","protected":false},"excerpt":{"rendered":"<p>O consumo nos lares brasileiros registrou alta de 1,2% em janeiro em compara\u00e7\u00e3o com o mesmo m\u00eas de 2023. Em rela\u00e7\u00e3o a dezembro, houve queda de 22%. Os dados, divulgados nesta quinta-feira, s\u00e3o da Associa\u00e7\u00e3o Brasileira de Supermercados (Abras). A estimativa da associa\u00e7\u00e3o \u00e9 de aumento no consumo dom\u00e9stico em 2024. Segundo a Abras, o [&hellip;]<\/p>\n","protected":false},"author":8,"featured_media":151090,"comment_status":"open","ping_status":"open","sticky":false,"template":"","format":"standard","meta":{"pmpro_default_level":"","_jetpack_memberships_contains_paid_content":false,"footnotes":""},"categories":[2,10991],"tags":[10880,746,1794],"class_list":{"0":"post-151658","1":"post","2":"type-post","3":"status-publish","4":"format-standard","5":"has-post-thumbnail","7":"category-featured","8":"category-economia","9":"tag-consumo","10":"tag-economia","11":"tag-rio-grande-do-sul","12":"pmpro-has-access"},"yoast_head":"<!-- This site is optimized with the Yoast SEO plugin v27.4 - https:\/\/yoast.com\/product\/yoast-seo-wordpress\/ -->\n<title>Consumo nos lares brasileiros sobe 1,2% em janeiro - Folha Popular<\/title>\n<meta name=\"robots\" content=\"index, follow, max-snippet:-1, max-image-preview:large, max-video-preview:-1\" \/>\n<link rel=\"canonical\" href=\"https:\/\/folhapopular.info\/index.php\/2024\/03\/01\/consumo-nos-lares-brasileiros-sobe-12-em-janeiro\/\" \/>\n<meta property=\"og:locale\" content=\"pt_BR\" \/>\n<meta property=\"og:type\" content=\"article\" \/>\n<meta property=\"og:title\" content=\"Consumo nos lares brasileiros sobe 1,2% em janeiro - Folha Popular\" \/>\n<meta property=\"og:description\" content=\"O consumo nos lares brasileiros registrou alta de 1,2% em janeiro em compara\u00e7\u00e3o com o mesmo m\u00eas de 2023. Em rela\u00e7\u00e3o a dezembro, houve queda de 22%. Os dados, divulgados nesta quinta-feira, s\u00e3o da Associa\u00e7\u00e3o Brasileira de Supermercados (Abras). A estimativa da associa\u00e7\u00e3o \u00e9 de aumento no consumo dom\u00e9stico em 2024. Segundo a Abras, o [&hellip;]\" \/>\n<meta property=\"og:url\" content=\"https:\/\/folhapopular.info\/index.php\/2024\/03\/01\/consumo-nos-lares-brasileiros-sobe-12-em-janeiro\/\" \/>\n<meta property=\"og:site_name\" content=\"Folha Popular\" \/>\n<meta property=\"article:published_time\" content=\"2024-03-01T10:15:00+00:00\" \/>\n<meta property=\"og:image\" content=\"https:\/\/folhapopular.info\/wp-content\/uploads\/2024\/02\/Cesta-basica_credito_Camille-Lenz-da-Silva-scaled.jpg\" \/>\n\t<meta property=\"og:image:width\" content=\"2560\" \/>\n\t<meta property=\"og:image:height\" content=\"1920\" \/>\n\t<meta property=\"og:image:type\" content=\"image\/jpeg\" \/>\n<meta name=\"author\" content=\"Reda\u00e7\u00e3o Folha Popular\" \/>\n<meta name=\"twitter:card\" content=\"summary_large_image\" \/>\n<meta name=\"twitter:label1\" content=\"Escrito por\" \/>\n\t<meta name=\"twitter:data1\" content=\"Reda\u00e7\u00e3o Folha Popular\" \/>\n\t<meta name=\"twitter:label2\" content=\"Est. tempo de leitura\" \/>\n\t<meta name=\"twitter:data2\" content=\"1 minuto\" \/>\n<script type=\"application\/ld+json\" class=\"yoast-schema-graph\">{\"@context\":\"https:\\\/\\\/schema.org\",\"@graph\":[{\"@type\":\"Article\",\"@id\":\"https:\\\/\\\/folhapopular.info\\\/index.php\\\/2024\\\/03\\\/01\\\/consumo-nos-lares-brasileiros-sobe-12-em-janeiro\\\/#article\",\"isPartOf\":{\"@id\":\"https:\\\/\\\/folhapopular.info\\\/index.php\\\/2024\\\/03\\\/01\\\/consumo-nos-lares-brasileiros-sobe-12-em-janeiro\\\/\"},\"author\":{\"name\":\"Reda\u00e7\u00e3o Folha Popular\",\"@id\":\"https:\\\/\\\/folhapopular.info\\\/#\\\/schema\\\/person\\\/2814e8a0df7643585a9ca38bc6eb9d4b\"},\"headline\":\"Consumo nos lares brasileiros sobe 1,2% em janeiro\",\"datePublished\":\"2024-03-01T10:15:00+00:00\",\"mainEntityOfPage\":{\"@id\":\"https:\\\/\\\/folhapopular.info\\\/index.php\\\/2024\\\/03\\\/01\\\/consumo-nos-lares-brasileiros-sobe-12-em-janeiro\\\/\"},\"wordCount\":112,\"commentCount\":0,\"image\":{\"@id\":\"https:\\\/\\\/folhapopular.info\\\/index.php\\\/2024\\\/03\\\/01\\\/consumo-nos-lares-brasileiros-sobe-12-em-janeiro\\\/#primaryimage\"},\"thumbnailUrl\":\"https:\\\/\\\/folhapopular.info\\\/wp-content\\\/uploads\\\/2024\\\/02\\\/Cesta-basica_credito_Camille-Lenz-da-Silva-scaled.jpg\",\"keywords\":[\"Consumo\",\"Economia\",\"Rio Grande do Sul\"],\"articleSection\":[\"Destaques\",\"Economia\"],\"inLanguage\":\"pt-BR\",\"potentialAction\":[{\"@type\":\"CommentAction\",\"name\":\"Comment\",\"target\":[\"https:\\\/\\\/folhapopular.info\\\/index.php\\\/2024\\\/03\\\/01\\\/consumo-nos-lares-brasileiros-sobe-12-em-janeiro\\\/#respond\"]}]},{\"@type\":\"WebPage\",\"@id\":\"https:\\\/\\\/folhapopular.info\\\/index.php\\\/2024\\\/03\\\/01\\\/consumo-nos-lares-brasileiros-sobe-12-em-janeiro\\\/\",\"url\":\"https:\\\/\\\/folhapopular.info\\\/index.php\\\/2024\\\/03\\\/01\\\/consumo-nos-lares-brasileiros-sobe-12-em-janeiro\\\/\",\"name\":\"Consumo nos lares brasileiros sobe 1,2% em janeiro - Folha Popular\",\"isPartOf\":{\"@id\":\"https:\\\/\\\/folhapopular.info\\\/#website\"},\"primaryImageOfPage\":{\"@id\":\"https:\\\/\\\/folhapopular.info\\\/index.php\\\/2024\\\/03\\\/01\\\/consumo-nos-lares-brasileiros-sobe-12-em-janeiro\\\/#primaryimage\"},\"image\":{\"@id\":\"https:\\\/\\\/folhapopular.info\\\/index.php\\\/2024\\\/03\\\/01\\\/consumo-nos-lares-brasileiros-sobe-12-em-janeiro\\\/#primaryimage\"},\"thumbnailUrl\":\"https:\\\/\\\/folhapopular.info\\\/wp-content\\\/uploads\\\/2024\\\/02\\\/Cesta-basica_credito_Camille-Lenz-da-Silva-scaled.jpg\",\"datePublished\":\"2024-03-01T10:15:00+00:00\",\"author\":{\"@id\":\"https:\\\/\\\/folhapopular.info\\\/#\\\/schema\\\/person\\\/2814e8a0df7643585a9ca38bc6eb9d4b\"},\"breadcrumb\":{\"@id\":\"https:\\\/\\\/folhapopular.info\\\/index.php\\\/2024\\\/03\\\/01\\\/consumo-nos-lares-brasileiros-sobe-12-em-janeiro\\\/#breadcrumb\"},\"inLanguage\":\"pt-BR\",\"potentialAction\":[{\"@type\":\"ReadAction\",\"target\":[\"https:\\\/\\\/folhapopular.info\\\/index.php\\\/2024\\\/03\\\/01\\\/consumo-nos-lares-brasileiros-sobe-12-em-janeiro\\\/\"]}]},{\"@type\":\"ImageObject\",\"inLanguage\":\"pt-BR\",\"@id\":\"https:\\\/\\\/folhapopular.info\\\/index.php\\\/2024\\\/03\\\/01\\\/consumo-nos-lares-brasileiros-sobe-12-em-janeiro\\\/#primaryimage\",\"url\":\"https:\\\/\\\/folhapopular.info\\\/wp-content\\\/uploads\\\/2024\\\/02\\\/Cesta-basica_credito_Camille-Lenz-da-Silva-scaled.jpg\",\"contentUrl\":\"https:\\\/\\\/folhapopular.info\\\/wp-content\\\/uploads\\\/2024\\\/02\\\/Cesta-basica_credito_Camille-Lenz-da-Silva-scaled.jpg\",\"width\":2560,\"height\":1920,\"caption\":\"Cr\u00e9dito: Camille Lenz da Silva\"},{\"@type\":\"BreadcrumbList\",\"@id\":\"https:\\\/\\\/folhapopular.info\\\/index.php\\\/2024\\\/03\\\/01\\\/consumo-nos-lares-brasileiros-sobe-12-em-janeiro\\\/#breadcrumb\",\"itemListElement\":[{\"@type\":\"ListItem\",\"position\":1,\"name\":\"In\u00edcio\",\"item\":\"https:\\\/\\\/folhapopular.info\\\/\"},{\"@type\":\"ListItem\",\"position\":2,\"name\":\"Consumo nos lares brasileiros sobe 1,2% em janeiro\"}]},{\"@type\":\"WebSite\",\"@id\":\"https:\\\/\\\/folhapopular.info\\\/#website\",\"url\":\"https:\\\/\\\/folhapopular.info\\\/\",\"name\":\"Folha Popular\",\"description\":\"Onde voc\u00ea tem vez e voz\",\"potentialAction\":[{\"@type\":\"SearchAction\",\"target\":{\"@type\":\"EntryPoint\",\"urlTemplate\":\"https:\\\/\\\/folhapopular.info\\\/?s={search_term_string}\"},\"query-input\":{\"@type\":\"PropertyValueSpecification\",\"valueRequired\":true,\"valueName\":\"search_term_string\"}}],\"inLanguage\":\"pt-BR\"},{\"@type\":\"Person\",\"@id\":\"https:\\\/\\\/folhapopular.info\\\/#\\\/schema\\\/person\\\/2814e8a0df7643585a9ca38bc6eb9d4b\",\"name\":\"Reda\u00e7\u00e3o Folha Popular\",\"image\":{\"@type\":\"ImageObject\",\"inLanguage\":\"pt-BR\",\"@id\":\"https:\\\/\\\/folhapopular.info\\\/wp-content\\\/uploads\\\/2026\\\/04\\\/Folha-1.webp\",\"url\":\"https:\\\/\\\/folhapopular.info\\\/wp-content\\\/uploads\\\/2026\\\/04\\\/Folha-1.webp\",\"contentUrl\":\"https:\\\/\\\/folhapopular.info\\\/wp-content\\\/uploads\\\/2026\\\/04\\\/Folha-1.webp\",\"caption\":\"Reda\u00e7\u00e3o Folha Popular\"},\"url\":\"https:\\\/\\\/folhapopular.info\\\/index.php\\\/author\\\/redacao\\\/\"}]}<\/script>\n<!-- \/ Yoast SEO plugin. -->","yoast_head_json":{"title":"Consumo nos lares brasileiros sobe 1,2% em janeiro - Folha Popular","robots":{"index":"index","follow":"follow","max-snippet":"max-snippet:-1","max-image-preview":"max-image-preview:large","max-video-preview":"max-video-preview:-1"},"canonical":"https:\/\/folhapopular.info\/index.php\/2024\/03\/01\/consumo-nos-lares-brasileiros-sobe-12-em-janeiro\/","og_locale":"pt_BR","og_type":"article","og_title":"Consumo nos lares brasileiros sobe 1,2% em janeiro - Folha Popular","og_description":"O consumo nos lares brasileiros registrou alta de 1,2% em janeiro em compara\u00e7\u00e3o com o mesmo m\u00eas de 2023. Em rela\u00e7\u00e3o a dezembro, houve queda de 22%. Os dados, divulgados nesta quinta-feira, s\u00e3o da Associa\u00e7\u00e3o Brasileira de Supermercados (Abras). A estimativa da associa\u00e7\u00e3o \u00e9 de aumento no consumo dom\u00e9stico em 2024. Segundo a Abras, o [&hellip;]","og_url":"https:\/\/folhapopular.info\/index.php\/2024\/03\/01\/consumo-nos-lares-brasileiros-sobe-12-em-janeiro\/","og_site_name":"Folha Popular","article_published_time":"2024-03-01T10:15:00+00:00","og_image":[{"width":2560,"height":1920,"url":"https:\/\/folhapopular.info\/wp-content\/uploads\/2024\/02\/Cesta-basica_credito_Camille-Lenz-da-Silva-scaled.jpg","type":"image\/jpeg"}],"author":"Reda\u00e7\u00e3o Folha Popular","twitter_card":"summary_large_image","twitter_misc":{"Escrito por":"Reda\u00e7\u00e3o Folha Popular","Est. tempo de leitura":"1 minuto"},"schema":{"@context":"https:\/\/schema.org","@graph":[{"@type":"Article","@id":"https:\/\/folhapopular.info\/index.php\/2024\/03\/01\/consumo-nos-lares-brasileiros-sobe-12-em-janeiro\/#article","isPartOf":{"@id":"https:\/\/folhapopular.info\/index.php\/2024\/03\/01\/consumo-nos-lares-brasileiros-sobe-12-em-janeiro\/"},"author":{"name":"Reda\u00e7\u00e3o Folha Popular","@id":"https:\/\/folhapopular.info\/#\/schema\/person\/2814e8a0df7643585a9ca38bc6eb9d4b"},"headline":"Consumo nos lares brasileiros sobe 1,2% em janeiro","datePublished":"2024-03-01T10:15:00+00:00","mainEntityOfPage":{"@id":"https:\/\/folhapopular.info\/index.php\/2024\/03\/01\/consumo-nos-lares-brasileiros-sobe-12-em-janeiro\/"},"wordCount":112,"commentCount":0,"image":{"@id":"https:\/\/folhapopular.info\/index.php\/2024\/03\/01\/consumo-nos-lares-brasileiros-sobe-12-em-janeiro\/#primaryimage"},"thumbnailUrl":"https:\/\/folhapopular.info\/wp-content\/uploads\/2024\/02\/Cesta-basica_credito_Camille-Lenz-da-Silva-scaled.jpg","keywords":["Consumo","Economia","Rio Grande do Sul"],"articleSection":["Destaques","Economia"],"inLanguage":"pt-BR","potentialAction":[{"@type":"CommentAction","name":"Comment","target":["https:\/\/folhapopular.info\/index.php\/2024\/03\/01\/consumo-nos-lares-brasileiros-sobe-12-em-janeiro\/#respond"]}]},{"@type":"WebPage","@id":"https:\/\/folhapopular.info\/index.php\/2024\/03\/01\/consumo-nos-lares-brasileiros-sobe-12-em-janeiro\/","url":"https:\/\/folhapopular.info\/index.php\/2024\/03\/01\/consumo-nos-lares-brasileiros-sobe-12-em-janeiro\/","name":"Consumo nos lares brasileiros sobe 1,2% em janeiro - Folha Popular","isPartOf":{"@id":"https:\/\/folhapopular.info\/#website"},"primaryImageOfPage":{"@id":"https:\/\/folhapopular.info\/index.php\/2024\/03\/01\/consumo-nos-lares-brasileiros-sobe-12-em-janeiro\/#primaryimage"},"image":{"@id":"https:\/\/folhapopular.info\/index.php\/2024\/03\/01\/consumo-nos-lares-brasileiros-sobe-12-em-janeiro\/#primaryimage"},"thumbnailUrl":"https:\/\/folhapopular.info\/wp-content\/uploads\/2024\/02\/Cesta-basica_credito_Camille-Lenz-da-Silva-scaled.jpg","datePublished":"2024-03-01T10:15:00+00:00","author":{"@id":"https:\/\/folhapopular.info\/#\/schema\/person\/2814e8a0df7643585a9ca38bc6eb9d4b"},"breadcrumb":{"@id":"https:\/\/folhapopular.info\/index.php\/2024\/03\/01\/consumo-nos-lares-brasileiros-sobe-12-em-janeiro\/#breadcrumb"},"inLanguage":"pt-BR","potentialAction":[{"@type":"ReadAction","target":["https:\/\/folhapopular.info\/index.php\/2024\/03\/01\/consumo-nos-lares-brasileiros-sobe-12-em-janeiro\/"]}]},{"@type":"ImageObject","inLanguage":"pt-BR","@id":"https:\/\/folhapopular.info\/index.php\/2024\/03\/01\/consumo-nos-lares-brasileiros-sobe-12-em-janeiro\/#primaryimage","url":"https:\/\/folhapopular.info\/wp-content\/uploads\/2024\/02\/Cesta-basica_credito_Camille-Lenz-da-Silva-scaled.jpg","contentUrl":"https:\/\/folhapopular.info\/wp-content\/uploads\/2024\/02\/Cesta-basica_credito_Camille-Lenz-da-Silva-scaled.jpg","width":2560,"height":1920,"caption":"Cr\u00e9dito: Camille Lenz da Silva"},{"@type":"BreadcrumbList","@id":"https:\/\/folhapopular.info\/index.php\/2024\/03\/01\/consumo-nos-lares-brasileiros-sobe-12-em-janeiro\/#breadcrumb","itemListElement":[{"@type":"ListItem","position":1,"name":"In\u00edcio","item":"https:\/\/folhapopular.info\/"},{"@type":"ListItem","position":2,"name":"Consumo nos lares brasileiros sobe 1,2% em janeiro"}]},{"@type":"WebSite","@id":"https:\/\/folhapopular.info\/#website","url":"https:\/\/folhapopular.info\/","name":"Folha Popular","description":"Onde voc\u00ea tem vez e voz","potentialAction":[{"@type":"SearchAction","target":{"@type":"EntryPoint","urlTemplate":"https:\/\/folhapopular.info\/?s={search_term_string}"},"query-input":{"@type":"PropertyValueSpecification","valueRequired":true,"valueName":"search_term_string"}}],"inLanguage":"pt-BR"},{"@type":"Person","@id":"https:\/\/folhapopular.info\/#\/schema\/person\/2814e8a0df7643585a9ca38bc6eb9d4b","name":"Reda\u00e7\u00e3o Folha Popular","image":{"@type":"ImageObject","inLanguage":"pt-BR","@id":"https:\/\/folhapopular.info\/wp-content\/uploads\/2026\/04\/Folha-1.webp","url":"https:\/\/folhapopular.info\/wp-content\/uploads\/2026\/04\/Folha-1.webp","contentUrl":"https:\/\/folhapopular.info\/wp-content\/uploads\/2026\/04\/Folha-1.webp","caption":"Reda\u00e7\u00e3o Folha Popular"},"url":"https:\/\/folhapopular.info\/index.php\/author\/redacao\/"}]}},"jetpack_featured_media_url":"https:\/\/folhapopular.info\/wp-content\/uploads\/2024\/02\/Cesta-basica_credito_Camille-Lenz-da-Silva-scaled.jpg","jetpack_sharing_enabled":true,"amp_enabled":true,"_links":{"self":[{"href":"https:\/\/folhapopular.info\/index.php\/wp-json\/wp\/v2\/posts\/151658","targetHints":{"allow":["GET"]}}],"collection":[{"href":"https:\/\/folhapopular.info\/index.php\/wp-json\/wp\/v2\/posts"}],"about":[{"href":"https:\/\/folhapopular.info\/index.php\/wp-json\/wp\/v2\/types\/post"}],"author":[{"embeddable":true,"href":"https:\/\/folhapopular.info\/index.php\/wp-json\/wp\/v2\/users\/8"}],"replies":[{"embeddable":true,"href":"https:\/\/folhapopular.info\/index.php\/wp-json\/wp\/v2\/comments?post=151658"}],"version-history":[{"count":0,"href":"https:\/\/folhapopular.info\/index.php\/wp-json\/wp\/v2\/posts\/151658\/revisions"}],"wp:featuredmedia":[{"embeddable":true,"href":"https:\/\/folhapopular.info\/index.php\/wp-json\/wp\/v2\/media\/151090"}],"wp:attachment":[{"href":"https:\/\/folhapopular.info\/index.php\/wp-json\/wp\/v2\/media?parent=151658"}],"wp:term":[{"taxonomy":"category","embeddable":true,"href":"https:\/\/folhapopular.info\/index.php\/wp-json\/wp\/v2\/categories?post=151658"},{"taxonomy":"post_tag","embeddable":true,"href":"https:\/\/folhapopular.info\/index.php\/wp-json\/wp\/v2\/tags?post=151658"}],"curies":[{"name":"wp","href":"https:\/\/api.w.org\/{rel}","templated":true}]}}