{"id":151737,"date":"2024-03-02T08:40:59","date_gmt":"2024-03-02T11:40:59","guid":{"rendered":"https:\/\/folhapopular.info\/?p=151737"},"modified":"2024-03-02T08:41:03","modified_gmt":"2024-03-02T11:41:03","slug":"faltam-duas-semanas-para-o-encontro-nacional-de-veiculos-antigos-de-teutonia","status":"publish","type":"post","link":"https:\/\/folhapopular.info\/index.php\/2024\/03\/02\/faltam-duas-semanas-para-o-encontro-nacional-de-veiculos-antigos-de-teutonia\/","title":{"rendered":"Faltam duas semanas para o Encontro Nacional de Ve\u00edculos Antigos de Teut\u00f4nia"},"content":{"rendered":"\n<p>\u00a0De 15 a 17 de mar\u00e7o, ocorre o 14\u00ba Encontro Nacional de Ve\u00edculos Antigos de Teut\u00f4nia, tradicional evento que re\u00fane antigomobilistas, aficionados por ve\u00edculos antigos, visitantes e comunidade no Centro Administrativo Municipal, um dos principais pontos tur\u00edsticos do Vale do Taquari. Esse \u00e9 o clima que vai se criando para o tradicional evento, que integra o calend\u00e1rio do antigomobilismo estadual e nacional.<\/p>\n\n\n\n<p>O \u201cmuseu sobre rodas\u201d promete movimentar Teut\u00f4nia e regi\u00e3o, com grande procura pela rede hoteleira, restaurantes, postos de combust\u00edvel e estabelecimentos comerciais. Realiza\u00e7\u00e3o da CIC Teut\u00f4nia, com apoio do Veteran Car Teut\u00f4nia, da Federa\u00e7\u00e3o Brasileira de Ve\u00edculos Antigos e da Prefeitura de Teut\u00f4nia, tendo o patroc\u00ednio das cooperativas Certel e Sicredi, a comiss\u00e3o organizadora estima a participa\u00e7\u00e3o de mais de 600 ve\u00edculos antigos, dos quais 70 ser\u00e3o premiados como Carros Destaque.<\/p>\n\n\n\n<p> \u201cA procura por inscri\u00e7\u00f5es antecipadas atingiu um marco hist\u00f3rico, superando todos os registros das edi\u00e7\u00f5es anteriores. Antigomobilistas de mais de 20 cidades j\u00e1 confirmaram participa\u00e7\u00e3o, vindos da Serra, do Vales do Taquari e Rio Pardo e da Regi\u00e3o Metropolitana. Muitos apaixonados por ve\u00edculos antigos em Teut\u00f4nia tamb\u00e9m j\u00e1 garantiram presen\u00e7a, nosso munic\u00edpio conta com expressivo n\u00famero de antigomobilistas, com exemplares de diferentes anos e modelos\u201d, destaca o gerente financeiro e de eventos da CIC, Alexander Bl\u00f6mker.<\/p>\n\n\n\n<p>Entre os ve\u00edculos j\u00e1 inscritos, uma galeria de cl\u00e1ssicos como Bel Air e Ford Fairlane, DKW Vemag, Impala, Jeep, Lambreta, Landau e Maverick, entre outros.<\/p>\n\n\n\n<p><strong>Ingressos e infraestrutura<\/strong><\/p>\n\n\n\n<p>Uma das novidades para este ano \u00e9 que, durante todo o evento, o ingresso para o p\u00fablico visitante \u00e9 gratuito na troca por um quilo de alimento n\u00e3o perec\u00edvel, donativos esses que ser\u00e3o destinados para entidades e fam\u00edlias locais.<\/p>\n\n\n\n<p>Al\u00e9m dos ve\u00edculos, haver\u00e1 infraestrutura de brinquedos infl\u00e1veis e atra\u00e7\u00f5es para as crian\u00e7as, \u201cmercado de pulgas\u201d e memorab\u00edlia (setor de venda de pe\u00e7as, acess\u00f3rios, confec\u00e7\u00f5es, canecas, quadros, brinquedos, miniaturas, materiais personalizados de ve\u00edculos antigos, entre outros), artesanato, \u00e1rea coberta para exposi\u00e7\u00e3o com 3.600m\u00b2, \u00e1rea para motorhomes e acampamento, restaurante climatizado servindo o prato t\u00edpico de Teut\u00f4nia (carne su\u00edna assada \u2013&nbsp;<em>Schweinebraten<\/em>) e pra\u00e7a de alimenta\u00e7\u00e3o.<\/p>\n\n\n\n<p> \u201cA expectativa \u00e9 muito positiva. Estimamos que este seja o maior encontro j\u00e1 realizado em termos de expositores. A previs\u00e3o de p\u00fablico \u00e9 de mais de 10 mil pessoas no fim de semana\u201d, ressalta a diretora executiva da CIC, Carina Schulte Bolfe.<\/p>\n\n\n\n<p><strong>Exposi\u00e7\u00e3o<\/strong><\/p>\n\n\n\n<p>O encontro \u00e9 aberto a todas as categorias de ve\u00edculos antigos e afins (autom\u00f3veis, motos, utilit\u00e1rios, caminh\u00f5es e \u00f4nibus) com mais de 30 anos de fabrica\u00e7\u00e3o, nacionais e importados, com exce\u00e7\u00e3o para ve\u00edculos considerados cl\u00e1ssicos.<\/p>\n\n\n\n<p>Inscri\u00e7\u00f5es antecipadas podem ser efetuadas pelo site oficial do evento (<a href=\"http:\/\/www.carrosantigosteutonia.com.br\/\" target=\"_blank\" rel=\"noreferrer noopener\">www.carrosantigosteutonia.com.br<\/a>), junto \u00e0 Secretaria da CIC Teut\u00f4nia pelo fone (51) 3762-1233 e e-mail&nbsp;<a href=\"mailto:carrosantigos@cicteutonia.com.br\" target=\"_blank\" rel=\"noreferrer noopener\">carrosantigos@cicteutonia.com.br<\/a>, ou ainda pelo WhatsApp (51) 99828-5340. O investimento \u00e9 de R$ 70,00 por ve\u00edculo participante, o que d\u00e1 direito a caf\u00e9 da manh\u00e3 no s\u00e1bado ou no domingo para uma pessoa, exemplar da revista de carros antigos Classic Show, camiseta personalizada do evento e brindes (para os primeiros 350 que efetuarem inscri\u00e7\u00f5es antecipadas com pagamento).<\/p>\n\n\n\n<p>Os clubes de marcas podem efetuar inscri\u00e7\u00e3o antecipada de todos os participantes para que a organiza\u00e7\u00e3o garanta um local para todos os ve\u00edculos ficarem no mesmo espa\u00e7o. O regulamento completo e op\u00e7\u00f5es para hospedagem tamb\u00e9m est\u00e3o dispon\u00edveis no site do evento.<\/p>\n\n\n\n<p><strong>Programa\u00e7\u00e3o<\/strong><\/p>\n\n\n\n<p><strong>15\/03\/2024 \u2013 Sexta-feira<\/strong><\/p>\n\n\n\n<p>8h \u00e0s 18h \u2013 Inscri\u00e7\u00f5es dos antigomobilistas<\/p>\n\n\n\n<p>20h30min \u2013 Show com a Banda Apple<\/p>\n\n\n\n<p><strong>16\/03\/2024 \u2013 S\u00e1bado<\/strong><\/p>\n\n\n\n<p>8h \u00e0s 18h \u2013 Inscri\u00e7\u00f5es dos antigomobilistas<\/p>\n\n\n\n<p>8h \u00e0s 10h \u2013 Caf\u00e9 da manh\u00e3 de recep\u00e7\u00e3o dos antigomobilistas<\/p>\n\n\n\n<p>14h \u2013 Abertura oficial<\/p>\n\n\n\n<p>16h \u2013 Show com Banda Rock And Beer<\/p>\n\n\n\n<p>18h \u2013 Show com Banda Ac\u00fastico Mescla<\/p>\n\n\n\n<p>20h30min \u2013 Show com Banda Rock\u00b4N Roll Gramof\u00f4nica<\/p>\n\n\n\n<p><strong>17\/03\/2024 \u2013 Domingo<\/strong><\/p>\n\n\n\n<p>8h \u00e0s 14h30min \u2013 Inscri\u00e7\u00f5es dos antigomobilistas<\/p>\n\n\n\n<p>8h \u00e0s 10h \u2013 Caf\u00e9 da manh\u00e3 de recep\u00e7\u00e3o dos antigomobilistas<\/p>\n\n\n\n<p>13h30min \u2013 Premia\u00e7\u00e3o dos Carros Destaque<\/p>\n\n\n\n<p>16h \u2013 Show com Banda Teutallica<\/p>\n\n\n\n<p>18h \u2013 Encerramento<\/p>\n","protected":false},"excerpt":{"rendered":"<p>\u00a0De 15 a 17 de mar\u00e7o, ocorre o 14\u00ba Encontro Nacional de Ve\u00edculos Antigos de Teut\u00f4nia, tradicional evento que re\u00fane antigomobilistas, aficionados por ve\u00edculos antigos, visitantes e comunidade no Centro Administrativo Municipal, um dos principais pontos tur\u00edsticos do Vale do Taquari. Esse \u00e9 o clima que vai se criando para o tradicional evento, que integra [&hellip;]<\/p>\n","protected":false},"author":8,"featured_media":151738,"comment_status":"open","ping_status":"open","sticky":false,"template":"","format":"standard","meta":{"pmpro_default_level":"","_jetpack_memberships_contains_paid_content":false,"footnotes":""},"categories":[2,10999,6],"tags":[8527,14352,26,156],"class_list":{"0":"post-151737","1":"post","2":"type-post","3":"status-publish","4":"format-standard","5":"has-post-thumbnail","7":"category-featured","8":"category-entretenimento","9":"category-inclusive","10":"tag-carros-antigos","11":"tag-encontro-nacional-de-carros-antigos-de-teutonia","12":"tag-teutonia","13":"tag-vale-do-taquari","14":"pmpro-has-access"},"yoast_head":"<!-- This site is optimized with the Yoast SEO plugin v27.5 - https:\/\/yoast.com\/product\/yoast-seo-wordpress\/ -->\n<title>Faltam duas semanas para o Encontro Nacional de Ve\u00edculos Antigos de Teut\u00f4nia - Folha Popular<\/title>\n<meta name=\"robots\" content=\"index, follow, max-snippet:-1, max-image-preview:large, max-video-preview:-1\" \/>\n<link rel=\"canonical\" href=\"https:\/\/folhapopular.info\/index.php\/2024\/03\/02\/faltam-duas-semanas-para-o-encontro-nacional-de-veiculos-antigos-de-teutonia\/\" \/>\n<meta property=\"og:locale\" content=\"pt_BR\" \/>\n<meta property=\"og:type\" content=\"article\" \/>\n<meta property=\"og:title\" content=\"Faltam duas semanas para o Encontro Nacional de Ve\u00edculos Antigos de Teut\u00f4nia - Folha Popular\" \/>\n<meta property=\"og:description\" content=\"\u00a0De 15 a 17 de mar\u00e7o, ocorre o 14\u00ba Encontro Nacional de Ve\u00edculos Antigos de Teut\u00f4nia, tradicional evento que re\u00fane antigomobilistas, aficionados por ve\u00edculos antigos, visitantes e comunidade no Centro Administrativo Municipal, um dos principais pontos tur\u00edsticos do Vale do Taquari. Esse \u00e9 o clima que vai se criando para o tradicional evento, que integra [&hellip;]\" \/>\n<meta property=\"og:url\" content=\"https:\/\/folhapopular.info\/index.php\/2024\/03\/02\/faltam-duas-semanas-para-o-encontro-nacional-de-veiculos-antigos-de-teutonia\/\" \/>\n<meta property=\"og:site_name\" content=\"Folha Popular\" \/>\n<meta property=\"article:published_time\" content=\"2024-03-02T11:40:59+00:00\" \/>\n<meta property=\"article:modified_time\" content=\"2024-03-02T11:41:03+00:00\" \/>\n<meta property=\"og:image\" content=\"http:\/\/folhapopular.info\/wp-content\/uploads\/2024\/03\/DSC_9749-JORNAL-scaled.jpg\" \/>\n\t<meta property=\"og:image:width\" content=\"2560\" \/>\n\t<meta property=\"og:image:height\" content=\"1811\" \/>\n\t<meta property=\"og:image:type\" content=\"image\/jpeg\" \/>\n<meta name=\"author\" content=\"Reda\u00e7\u00e3o Folha Popular\" \/>\n<meta name=\"twitter:card\" content=\"summary_large_image\" \/>\n<meta name=\"twitter:label1\" content=\"Escrito por\" \/>\n\t<meta name=\"twitter:data1\" content=\"Reda\u00e7\u00e3o Folha Popular\" \/>\n\t<meta name=\"twitter:label2\" content=\"Est. tempo de leitura\" \/>\n\t<meta name=\"twitter:data2\" content=\"4 minutos\" \/>\n<script type=\"application\/ld+json\" class=\"yoast-schema-graph\">{\"@context\":\"https:\\\/\\\/schema.org\",\"@graph\":[{\"@type\":\"Article\",\"@id\":\"https:\\\/\\\/folhapopular.info\\\/index.php\\\/2024\\\/03\\\/02\\\/faltam-duas-semanas-para-o-encontro-nacional-de-veiculos-antigos-de-teutonia\\\/#article\",\"isPartOf\":{\"@id\":\"https:\\\/\\\/folhapopular.info\\\/index.php\\\/2024\\\/03\\\/02\\\/faltam-duas-semanas-para-o-encontro-nacional-de-veiculos-antigos-de-teutonia\\\/\"},\"author\":{\"name\":\"Reda\u00e7\u00e3o Folha Popular\",\"@id\":\"https:\\\/\\\/folhapopular.info\\\/#\\\/schema\\\/person\\\/2814e8a0df7643585a9ca38bc6eb9d4b\"},\"headline\":\"Faltam duas semanas para o Encontro Nacional de Ve\u00edculos Antigos de Teut\u00f4nia\",\"datePublished\":\"2024-03-02T11:40:59+00:00\",\"dateModified\":\"2024-03-02T11:41:03+00:00\",\"mainEntityOfPage\":{\"@id\":\"https:\\\/\\\/folhapopular.info\\\/index.php\\\/2024\\\/03\\\/02\\\/faltam-duas-semanas-para-o-encontro-nacional-de-veiculos-antigos-de-teutonia\\\/\"},\"wordCount\":718,\"commentCount\":0,\"image\":{\"@id\":\"https:\\\/\\\/folhapopular.info\\\/index.php\\\/2024\\\/03\\\/02\\\/faltam-duas-semanas-para-o-encontro-nacional-de-veiculos-antigos-de-teutonia\\\/#primaryimage\"},\"thumbnailUrl\":\"https:\\\/\\\/folhapopular.info\\\/wp-content\\\/uploads\\\/2024\\\/03\\\/DSC_9749-JORNAL-scaled.jpg\",\"keywords\":[\"Carros Antigos\",\"encontro Nacional de Carros Antigos de Teut\u00f4nia\",\"Teut\u00f4nia\",\"Vale do Taquari\"],\"articleSection\":[\"Destaques\",\"Entretenimento\",\"Inclusive\"],\"inLanguage\":\"pt-BR\",\"potentialAction\":[{\"@type\":\"CommentAction\",\"name\":\"Comment\",\"target\":[\"https:\\\/\\\/folhapopular.info\\\/index.php\\\/2024\\\/03\\\/02\\\/faltam-duas-semanas-para-o-encontro-nacional-de-veiculos-antigos-de-teutonia\\\/#respond\"]}]},{\"@type\":\"WebPage\",\"@id\":\"https:\\\/\\\/folhapopular.info\\\/index.php\\\/2024\\\/03\\\/02\\\/faltam-duas-semanas-para-o-encontro-nacional-de-veiculos-antigos-de-teutonia\\\/\",\"url\":\"https:\\\/\\\/folhapopular.info\\\/index.php\\\/2024\\\/03\\\/02\\\/faltam-duas-semanas-para-o-encontro-nacional-de-veiculos-antigos-de-teutonia\\\/\",\"name\":\"Faltam duas semanas para o Encontro Nacional de Ve\u00edculos Antigos de Teut\u00f4nia - Folha Popular\",\"isPartOf\":{\"@id\":\"https:\\\/\\\/folhapopular.info\\\/#website\"},\"primaryImageOfPage\":{\"@id\":\"https:\\\/\\\/folhapopular.info\\\/index.php\\\/2024\\\/03\\\/02\\\/faltam-duas-semanas-para-o-encontro-nacional-de-veiculos-antigos-de-teutonia\\\/#primaryimage\"},\"image\":{\"@id\":\"https:\\\/\\\/folhapopular.info\\\/index.php\\\/2024\\\/03\\\/02\\\/faltam-duas-semanas-para-o-encontro-nacional-de-veiculos-antigos-de-teutonia\\\/#primaryimage\"},\"thumbnailUrl\":\"https:\\\/\\\/folhapopular.info\\\/wp-content\\\/uploads\\\/2024\\\/03\\\/DSC_9749-JORNAL-scaled.jpg\",\"datePublished\":\"2024-03-02T11:40:59+00:00\",\"dateModified\":\"2024-03-02T11:41:03+00:00\",\"author\":{\"@id\":\"https:\\\/\\\/folhapopular.info\\\/#\\\/schema\\\/person\\\/2814e8a0df7643585a9ca38bc6eb9d4b\"},\"breadcrumb\":{\"@id\":\"https:\\\/\\\/folhapopular.info\\\/index.php\\\/2024\\\/03\\\/02\\\/faltam-duas-semanas-para-o-encontro-nacional-de-veiculos-antigos-de-teutonia\\\/#breadcrumb\"},\"inLanguage\":\"pt-BR\",\"potentialAction\":[{\"@type\":\"ReadAction\",\"target\":[\"https:\\\/\\\/folhapopular.info\\\/index.php\\\/2024\\\/03\\\/02\\\/faltam-duas-semanas-para-o-encontro-nacional-de-veiculos-antigos-de-teutonia\\\/\"]}]},{\"@type\":\"ImageObject\",\"inLanguage\":\"pt-BR\",\"@id\":\"https:\\\/\\\/folhapopular.info\\\/index.php\\\/2024\\\/03\\\/02\\\/faltam-duas-semanas-para-o-encontro-nacional-de-veiculos-antigos-de-teutonia\\\/#primaryimage\",\"url\":\"https:\\\/\\\/folhapopular.info\\\/wp-content\\\/uploads\\\/2024\\\/03\\\/DSC_9749-JORNAL-scaled.jpg\",\"contentUrl\":\"https:\\\/\\\/folhapopular.info\\\/wp-content\\\/uploads\\\/2024\\\/03\\\/DSC_9749-JORNAL-scaled.jpg\",\"width\":2560,\"height\":1811,\"caption\":\"Cr\u00e9dito: Divulga\u00e7\u00e3o\"},{\"@type\":\"BreadcrumbList\",\"@id\":\"https:\\\/\\\/folhapopular.info\\\/index.php\\\/2024\\\/03\\\/02\\\/faltam-duas-semanas-para-o-encontro-nacional-de-veiculos-antigos-de-teutonia\\\/#breadcrumb\",\"itemListElement\":[{\"@type\":\"ListItem\",\"position\":1,\"name\":\"In\u00edcio\",\"item\":\"https:\\\/\\\/folhapopular.info\\\/\"},{\"@type\":\"ListItem\",\"position\":2,\"name\":\"Faltam duas semanas para o Encontro Nacional de Ve\u00edculos Antigos de Teut\u00f4nia\"}]},{\"@type\":\"WebSite\",\"@id\":\"https:\\\/\\\/folhapopular.info\\\/#website\",\"url\":\"https:\\\/\\\/folhapopular.info\\\/\",\"name\":\"Folha Popular\",\"description\":\"Onde voc\u00ea tem vez e voz\",\"potentialAction\":[{\"@type\":\"SearchAction\",\"target\":{\"@type\":\"EntryPoint\",\"urlTemplate\":\"https:\\\/\\\/folhapopular.info\\\/?s={search_term_string}\"},\"query-input\":{\"@type\":\"PropertyValueSpecification\",\"valueRequired\":true,\"valueName\":\"search_term_string\"}}],\"inLanguage\":\"pt-BR\"},{\"@type\":\"Person\",\"@id\":\"https:\\\/\\\/folhapopular.info\\\/#\\\/schema\\\/person\\\/2814e8a0df7643585a9ca38bc6eb9d4b\",\"name\":\"Reda\u00e7\u00e3o Folha Popular\",\"image\":{\"@type\":\"ImageObject\",\"inLanguage\":\"pt-BR\",\"@id\":\"https:\\\/\\\/folhapopular.info\\\/wp-content\\\/uploads\\\/2026\\\/04\\\/Folha-1.webp\",\"url\":\"https:\\\/\\\/folhapopular.info\\\/wp-content\\\/uploads\\\/2026\\\/04\\\/Folha-1.webp\",\"contentUrl\":\"https:\\\/\\\/folhapopular.info\\\/wp-content\\\/uploads\\\/2026\\\/04\\\/Folha-1.webp\",\"caption\":\"Reda\u00e7\u00e3o Folha Popular\"},\"url\":\"https:\\\/\\\/folhapopular.info\\\/index.php\\\/author\\\/redacao\\\/\"}]}<\/script>\n<!-- \/ Yoast SEO plugin. -->","yoast_head_json":{"title":"Faltam duas semanas para o Encontro Nacional de Ve\u00edculos Antigos de Teut\u00f4nia - Folha Popular","robots":{"index":"index","follow":"follow","max-snippet":"max-snippet:-1","max-image-preview":"max-image-preview:large","max-video-preview":"max-video-preview:-1"},"canonical":"https:\/\/folhapopular.info\/index.php\/2024\/03\/02\/faltam-duas-semanas-para-o-encontro-nacional-de-veiculos-antigos-de-teutonia\/","og_locale":"pt_BR","og_type":"article","og_title":"Faltam duas semanas para o Encontro Nacional de Ve\u00edculos Antigos de Teut\u00f4nia - Folha Popular","og_description":"\u00a0De 15 a 17 de mar\u00e7o, ocorre o 14\u00ba Encontro Nacional de Ve\u00edculos Antigos de Teut\u00f4nia, tradicional evento que re\u00fane antigomobilistas, aficionados por ve\u00edculos antigos, visitantes e comunidade no Centro Administrativo Municipal, um dos principais pontos tur\u00edsticos do Vale do Taquari. Esse \u00e9 o clima que vai se criando para o tradicional evento, que integra [&hellip;]","og_url":"https:\/\/folhapopular.info\/index.php\/2024\/03\/02\/faltam-duas-semanas-para-o-encontro-nacional-de-veiculos-antigos-de-teutonia\/","og_site_name":"Folha Popular","article_published_time":"2024-03-02T11:40:59+00:00","article_modified_time":"2024-03-02T11:41:03+00:00","og_image":[{"width":2560,"height":1811,"url":"http:\/\/folhapopular.info\/wp-content\/uploads\/2024\/03\/DSC_9749-JORNAL-scaled.jpg","type":"image\/jpeg"}],"author":"Reda\u00e7\u00e3o Folha Popular","twitter_card":"summary_large_image","twitter_misc":{"Escrito por":"Reda\u00e7\u00e3o Folha Popular","Est. tempo de leitura":"4 minutos"},"schema":{"@context":"https:\/\/schema.org","@graph":[{"@type":"Article","@id":"https:\/\/folhapopular.info\/index.php\/2024\/03\/02\/faltam-duas-semanas-para-o-encontro-nacional-de-veiculos-antigos-de-teutonia\/#article","isPartOf":{"@id":"https:\/\/folhapopular.info\/index.php\/2024\/03\/02\/faltam-duas-semanas-para-o-encontro-nacional-de-veiculos-antigos-de-teutonia\/"},"author":{"name":"Reda\u00e7\u00e3o Folha Popular","@id":"https:\/\/folhapopular.info\/#\/schema\/person\/2814e8a0df7643585a9ca38bc6eb9d4b"},"headline":"Faltam duas semanas para o Encontro Nacional de Ve\u00edculos Antigos de Teut\u00f4nia","datePublished":"2024-03-02T11:40:59+00:00","dateModified":"2024-03-02T11:41:03+00:00","mainEntityOfPage":{"@id":"https:\/\/folhapopular.info\/index.php\/2024\/03\/02\/faltam-duas-semanas-para-o-encontro-nacional-de-veiculos-antigos-de-teutonia\/"},"wordCount":718,"commentCount":0,"image":{"@id":"https:\/\/folhapopular.info\/index.php\/2024\/03\/02\/faltam-duas-semanas-para-o-encontro-nacional-de-veiculos-antigos-de-teutonia\/#primaryimage"},"thumbnailUrl":"https:\/\/folhapopular.info\/wp-content\/uploads\/2024\/03\/DSC_9749-JORNAL-scaled.jpg","keywords":["Carros Antigos","encontro Nacional de Carros Antigos de Teut\u00f4nia","Teut\u00f4nia","Vale do Taquari"],"articleSection":["Destaques","Entretenimento","Inclusive"],"inLanguage":"pt-BR","potentialAction":[{"@type":"CommentAction","name":"Comment","target":["https:\/\/folhapopular.info\/index.php\/2024\/03\/02\/faltam-duas-semanas-para-o-encontro-nacional-de-veiculos-antigos-de-teutonia\/#respond"]}]},{"@type":"WebPage","@id":"https:\/\/folhapopular.info\/index.php\/2024\/03\/02\/faltam-duas-semanas-para-o-encontro-nacional-de-veiculos-antigos-de-teutonia\/","url":"https:\/\/folhapopular.info\/index.php\/2024\/03\/02\/faltam-duas-semanas-para-o-encontro-nacional-de-veiculos-antigos-de-teutonia\/","name":"Faltam duas semanas para o Encontro Nacional de Ve\u00edculos Antigos de Teut\u00f4nia - Folha Popular","isPartOf":{"@id":"https:\/\/folhapopular.info\/#website"},"primaryImageOfPage":{"@id":"https:\/\/folhapopular.info\/index.php\/2024\/03\/02\/faltam-duas-semanas-para-o-encontro-nacional-de-veiculos-antigos-de-teutonia\/#primaryimage"},"image":{"@id":"https:\/\/folhapopular.info\/index.php\/2024\/03\/02\/faltam-duas-semanas-para-o-encontro-nacional-de-veiculos-antigos-de-teutonia\/#primaryimage"},"thumbnailUrl":"https:\/\/folhapopular.info\/wp-content\/uploads\/2024\/03\/DSC_9749-JORNAL-scaled.jpg","datePublished":"2024-03-02T11:40:59+00:00","dateModified":"2024-03-02T11:41:03+00:00","author":{"@id":"https:\/\/folhapopular.info\/#\/schema\/person\/2814e8a0df7643585a9ca38bc6eb9d4b"},"breadcrumb":{"@id":"https:\/\/folhapopular.info\/index.php\/2024\/03\/02\/faltam-duas-semanas-para-o-encontro-nacional-de-veiculos-antigos-de-teutonia\/#breadcrumb"},"inLanguage":"pt-BR","potentialAction":[{"@type":"ReadAction","target":["https:\/\/folhapopular.info\/index.php\/2024\/03\/02\/faltam-duas-semanas-para-o-encontro-nacional-de-veiculos-antigos-de-teutonia\/"]}]},{"@type":"ImageObject","inLanguage":"pt-BR","@id":"https:\/\/folhapopular.info\/index.php\/2024\/03\/02\/faltam-duas-semanas-para-o-encontro-nacional-de-veiculos-antigos-de-teutonia\/#primaryimage","url":"https:\/\/folhapopular.info\/wp-content\/uploads\/2024\/03\/DSC_9749-JORNAL-scaled.jpg","contentUrl":"https:\/\/folhapopular.info\/wp-content\/uploads\/2024\/03\/DSC_9749-JORNAL-scaled.jpg","width":2560,"height":1811,"caption":"Cr\u00e9dito: Divulga\u00e7\u00e3o"},{"@type":"BreadcrumbList","@id":"https:\/\/folhapopular.info\/index.php\/2024\/03\/02\/faltam-duas-semanas-para-o-encontro-nacional-de-veiculos-antigos-de-teutonia\/#breadcrumb","itemListElement":[{"@type":"ListItem","position":1,"name":"In\u00edcio","item":"https:\/\/folhapopular.info\/"},{"@type":"ListItem","position":2,"name":"Faltam duas semanas para o Encontro Nacional de Ve\u00edculos Antigos de Teut\u00f4nia"}]},{"@type":"WebSite","@id":"https:\/\/folhapopular.info\/#website","url":"https:\/\/folhapopular.info\/","name":"Folha Popular","description":"Onde voc\u00ea tem vez e voz","potentialAction":[{"@type":"SearchAction","target":{"@type":"EntryPoint","urlTemplate":"https:\/\/folhapopular.info\/?s={search_term_string}"},"query-input":{"@type":"PropertyValueSpecification","valueRequired":true,"valueName":"search_term_string"}}],"inLanguage":"pt-BR"},{"@type":"Person","@id":"https:\/\/folhapopular.info\/#\/schema\/person\/2814e8a0df7643585a9ca38bc6eb9d4b","name":"Reda\u00e7\u00e3o Folha Popular","image":{"@type":"ImageObject","inLanguage":"pt-BR","@id":"https:\/\/folhapopular.info\/wp-content\/uploads\/2026\/04\/Folha-1.webp","url":"https:\/\/folhapopular.info\/wp-content\/uploads\/2026\/04\/Folha-1.webp","contentUrl":"https:\/\/folhapopular.info\/wp-content\/uploads\/2026\/04\/Folha-1.webp","caption":"Reda\u00e7\u00e3o Folha Popular"},"url":"https:\/\/folhapopular.info\/index.php\/author\/redacao\/"}]}},"jetpack_featured_media_url":"https:\/\/folhapopular.info\/wp-content\/uploads\/2024\/03\/DSC_9749-JORNAL-scaled.jpg","jetpack_sharing_enabled":true,"amp_enabled":true,"_links":{"self":[{"href":"https:\/\/folhapopular.info\/index.php\/wp-json\/wp\/v2\/posts\/151737","targetHints":{"allow":["GET"]}}],"collection":[{"href":"https:\/\/folhapopular.info\/index.php\/wp-json\/wp\/v2\/posts"}],"about":[{"href":"https:\/\/folhapopular.info\/index.php\/wp-json\/wp\/v2\/types\/post"}],"author":[{"embeddable":true,"href":"https:\/\/folhapopular.info\/index.php\/wp-json\/wp\/v2\/users\/8"}],"replies":[{"embeddable":true,"href":"https:\/\/folhapopular.info\/index.php\/wp-json\/wp\/v2\/comments?post=151737"}],"version-history":[{"count":0,"href":"https:\/\/folhapopular.info\/index.php\/wp-json\/wp\/v2\/posts\/151737\/revisions"}],"wp:featuredmedia":[{"embeddable":true,"href":"https:\/\/folhapopular.info\/index.php\/wp-json\/wp\/v2\/media\/151738"}],"wp:attachment":[{"href":"https:\/\/folhapopular.info\/index.php\/wp-json\/wp\/v2\/media?parent=151737"}],"wp:term":[{"taxonomy":"category","embeddable":true,"href":"https:\/\/folhapopular.info\/index.php\/wp-json\/wp\/v2\/categories?post=151737"},{"taxonomy":"post_tag","embeddable":true,"href":"https:\/\/folhapopular.info\/index.php\/wp-json\/wp\/v2\/tags?post=151737"}],"curies":[{"name":"wp","href":"https:\/\/api.w.org\/{rel}","templated":true}]}}