{"id":151829,"date":"2024-03-03T11:40:37","date_gmt":"2024-03-03T14:40:37","guid":{"rendered":"https:\/\/folhapopular.info\/?p=151829"},"modified":"2024-03-03T11:40:42","modified_gmt":"2024-03-03T14:40:42","slug":"jaque-weber-alcanca-melhor-marca-pessoal-em-pista-coberta-no-mundial-indoor","status":"publish","type":"post","link":"https:\/\/folhapopular.info\/index.php\/2024\/03\/03\/jaque-weber-alcanca-melhor-marca-pessoal-em-pista-coberta-no-mundial-indoor\/","title":{"rendered":"Jaque Weber alcan\u00e7a melhor marca pessoal em pista coberta no Mundial Indoor"},"content":{"rendered":"\n<p class=\"wp-block-paragraph\">A atleta teutoniense, Jaque Weber, disputou o Campeonato Mundial de Atletismo Indoor na sexta-feira (1\u00ba\/3), em Glasgow, na Esc\u00f3cia. Correndo na quarta s\u00e9rie, Jaque marcou o sexto tempo nos 800 metros, com 2&#8217;05&#8243;17, e encerrou sua participa\u00e7\u00e3o na 24\u00aa coloca\u00e7\u00e3o, marcando sua melhor marca pessoal em pista coberta.<\/p>\n\n\n\n<p class=\"wp-block-paragraph\">&#8220;Foi uma experi\u00eancia incr\u00edvel. Estou come\u00e7ando a gostar de estar neste n\u00edvel de evento, passamos a nos habituar com o n\u00edvel t\u00e9cnico e tamb\u00e9m de estar entre as melhores do mundo, atletas que acompanho h\u00e1 anos e que hoje s\u00e3o minhas advers\u00e1rias. Foi a minha melhor estreia de temporada, mesmo n\u00e3o estando habituada com a pista coberta de 200 metros e as curvas inclinadas, al\u00e9m de n\u00e3o estar no per\u00edodo espec\u00edfico de treinamento. Ficou uma sensa\u00e7\u00e3o muito positiva para temporada&#8221;, destaca a atleta.<\/p>\n\n\n\n<p class=\"wp-block-paragraph\">Jaque retorna nesta segunda-feira (4\/3) para Paipa, na Col\u00f4mbia, onde permanece por mais 12 dias para finalizar a prepara\u00e7\u00e3o geral em altitude.<\/p>\n\n\n\n<p class=\"wp-block-paragraph\">&#8220;Ser\u00e3o dias importantes para lapidar o treinamento. Depois seguimos para os EUA, para come\u00e7ar a pegar ritmo de competi\u00e7\u00e3o e em meados de abril sair para marcar um excelente tempo no cron\u00f4metro&#8221;, explica a atleta.<\/p>\n\n\n\n<p class=\"wp-block-paragraph\">O Campeonato Mundial de Atletismo Indoor acontece h\u00e1 cada 2 anos e \u00e9 o segundo principal evento do calend\u00e1rio organizado pela World Athletics. A atleta da regi\u00e3o entrou para uma seleta lista brasileira que j\u00e1 disputou tal competi\u00e7\u00e3o.<\/p>\n\n\n\n<p class=\"wp-block-paragraph\">&#8220;Gostei muito de correr em pista curta. Provavelmente, vamos organizar uma temporada de competi\u00e7\u00f5es na Europa para a pr\u00f3xima edi\u00e7\u00e3o, visto que na Am\u00e9rica do Sul s\u00f3 temos uma pista deste tipo, que fica na altitude e n\u00e3o favorece resultados&#8221;, finaliza Jaque.<\/p>\n","protected":false},"excerpt":{"rendered":"<p>A atleta teutoniense, Jaque Weber, disputou o Campeonato Mundial de Atletismo Indoor na sexta-feira (1\u00ba\/3), em Glasgow, na Esc\u00f3cia. Correndo na quarta s\u00e9rie, Jaque marcou o sexto tempo nos 800 metros, com 2&#8217;05&#8243;17, e encerrou sua participa\u00e7\u00e3o na 24\u00aa coloca\u00e7\u00e3o, marcando sua melhor marca pessoal em pista coberta. &#8220;Foi uma experi\u00eancia incr\u00edvel. Estou come\u00e7ando a [&hellip;]<\/p>\n","protected":false},"author":8,"featured_media":151830,"comment_status":"open","ping_status":"open","sticky":false,"template":"","format":"standard","meta":{"pmpro_default_level":"","_jetpack_memberships_contains_paid_content":false,"footnotes":""},"categories":[5],"tags":[],"class_list":["post-151829","post","type-post","status-publish","format-standard","has-post-thumbnail","category-esportes","pmpro-has-access"],"yoast_head":"<!-- This site is optimized with the Yoast SEO plugin v28.3 - https:\/\/yoast.com\/product\/yoast-seo-wordpress\/ -->\n<title>Jaque Weber alcan\u00e7a melhor marca pessoal em pista coberta no Mundial Indoor - Folha Popular<\/title>\n<meta name=\"robots\" content=\"index, follow, max-snippet:-1, max-image-preview:large, max-video-preview:-1\" \/>\n<link rel=\"canonical\" href=\"https:\/\/folhapopular.info\/index.php\/2024\/03\/03\/jaque-weber-alcanca-melhor-marca-pessoal-em-pista-coberta-no-mundial-indoor\/\" \/>\n<meta property=\"og:locale\" content=\"pt_BR\" \/>\n<meta property=\"og:type\" content=\"article\" \/>\n<meta property=\"og:title\" content=\"Jaque Weber alcan\u00e7a melhor marca pessoal em pista coberta no Mundial Indoor - Folha Popular\" \/>\n<meta property=\"og:description\" content=\"A atleta teutoniense, Jaque Weber, disputou o Campeonato Mundial de Atletismo Indoor na sexta-feira (1\u00ba\/3), em Glasgow, na Esc\u00f3cia. Correndo na quarta s\u00e9rie, Jaque marcou o sexto tempo nos 800 metros, com 2&#8217;05&#8243;17, e encerrou sua participa\u00e7\u00e3o na 24\u00aa coloca\u00e7\u00e3o, marcando sua melhor marca pessoal em pista coberta. &#8220;Foi uma experi\u00eancia incr\u00edvel. Estou come\u00e7ando a [&hellip;]\" \/>\n<meta property=\"og:url\" content=\"https:\/\/folhapopular.info\/index.php\/2024\/03\/03\/jaque-weber-alcanca-melhor-marca-pessoal-em-pista-coberta-no-mundial-indoor\/\" \/>\n<meta property=\"og:site_name\" content=\"Folha Popular\" \/>\n<meta property=\"article:published_time\" content=\"2024-03-03T14:40:37+00:00\" \/>\n<meta property=\"article:modified_time\" content=\"2024-03-03T14:40:42+00:00\" \/>\n<meta property=\"og:image\" content=\"http:\/\/folhapopular.info\/wp-content\/uploads\/2024\/03\/WhatsApp-Image-2024-03-02-at-12.59.00-scaled-e1709476830562.jpeg\" \/>\n\t<meta property=\"og:image:width\" content=\"1442\" \/>\n\t<meta property=\"og:image:height\" content=\"1659\" \/>\n\t<meta property=\"og:image:type\" content=\"image\/jpeg\" \/>\n<meta name=\"author\" content=\"Reda\u00e7\u00e3o Folha Popular\" \/>\n<meta name=\"twitter:card\" content=\"summary_large_image\" \/>\n<meta name=\"twitter:label1\" content=\"Escrito por\" \/>\n\t<meta name=\"twitter:data1\" content=\"Reda\u00e7\u00e3o Folha Popular\" \/>\n\t<meta name=\"twitter:label2\" content=\"Est. tempo de leitura\" \/>\n\t<meta name=\"twitter:data2\" content=\"2 minutos\" \/>\n<script type=\"application\/ld+json\" class=\"yoast-schema-graph\">{\"@context\":\"https:\\\/\\\/schema.org\",\"@graph\":[{\"@type\":\"Article\",\"@id\":\"https:\\\/\\\/folhapopular.info\\\/index.php\\\/2024\\\/03\\\/03\\\/jaque-weber-alcanca-melhor-marca-pessoal-em-pista-coberta-no-mundial-indoor\\\/#article\",\"isPartOf\":{\"@id\":\"https:\\\/\\\/folhapopular.info\\\/index.php\\\/2024\\\/03\\\/03\\\/jaque-weber-alcanca-melhor-marca-pessoal-em-pista-coberta-no-mundial-indoor\\\/\"},\"author\":{\"name\":\"Reda\u00e7\u00e3o Folha Popular\",\"@id\":\"https:\\\/\\\/folhapopular.info\\\/#\\\/schema\\\/person\\\/2814e8a0df7643585a9ca38bc6eb9d4b\"},\"headline\":\"Jaque Weber alcan\u00e7a melhor marca pessoal em pista coberta no Mundial Indoor\",\"datePublished\":\"2024-03-03T14:40:37+00:00\",\"dateModified\":\"2024-03-03T14:40:42+00:00\",\"mainEntityOfPage\":{\"@id\":\"https:\\\/\\\/folhapopular.info\\\/index.php\\\/2024\\\/03\\\/03\\\/jaque-weber-alcanca-melhor-marca-pessoal-em-pista-coberta-no-mundial-indoor\\\/\"},\"wordCount\":305,\"commentCount\":0,\"image\":{\"@id\":\"https:\\\/\\\/folhapopular.info\\\/index.php\\\/2024\\\/03\\\/03\\\/jaque-weber-alcanca-melhor-marca-pessoal-em-pista-coberta-no-mundial-indoor\\\/#primaryimage\"},\"thumbnailUrl\":\"https:\\\/\\\/folhapopular.info\\\/wp-content\\\/uploads\\\/2024\\\/03\\\/WhatsApp-Image-2024-03-02-at-12.59.00-scaled-e1709476830562.jpeg\",\"articleSection\":[\"Esportes\"],\"inLanguage\":\"pt-BR\",\"potentialAction\":[{\"@type\":\"CommentAction\",\"name\":\"Comment\",\"target\":[\"https:\\\/\\\/folhapopular.info\\\/index.php\\\/2024\\\/03\\\/03\\\/jaque-weber-alcanca-melhor-marca-pessoal-em-pista-coberta-no-mundial-indoor\\\/#respond\"]}]},{\"@type\":\"WebPage\",\"@id\":\"https:\\\/\\\/folhapopular.info\\\/index.php\\\/2024\\\/03\\\/03\\\/jaque-weber-alcanca-melhor-marca-pessoal-em-pista-coberta-no-mundial-indoor\\\/\",\"url\":\"https:\\\/\\\/folhapopular.info\\\/index.php\\\/2024\\\/03\\\/03\\\/jaque-weber-alcanca-melhor-marca-pessoal-em-pista-coberta-no-mundial-indoor\\\/\",\"name\":\"Jaque Weber alcan\u00e7a melhor marca pessoal em pista coberta no Mundial Indoor - Folha Popular\",\"isPartOf\":{\"@id\":\"https:\\\/\\\/folhapopular.info\\\/#website\"},\"primaryImageOfPage\":{\"@id\":\"https:\\\/\\\/folhapopular.info\\\/index.php\\\/2024\\\/03\\\/03\\\/jaque-weber-alcanca-melhor-marca-pessoal-em-pista-coberta-no-mundial-indoor\\\/#primaryimage\"},\"image\":{\"@id\":\"https:\\\/\\\/folhapopular.info\\\/index.php\\\/2024\\\/03\\\/03\\\/jaque-weber-alcanca-melhor-marca-pessoal-em-pista-coberta-no-mundial-indoor\\\/#primaryimage\"},\"thumbnailUrl\":\"https:\\\/\\\/folhapopular.info\\\/wp-content\\\/uploads\\\/2024\\\/03\\\/WhatsApp-Image-2024-03-02-at-12.59.00-scaled-e1709476830562.jpeg\",\"datePublished\":\"2024-03-03T14:40:37+00:00\",\"dateModified\":\"2024-03-03T14:40:42+00:00\",\"author\":{\"@id\":\"https:\\\/\\\/folhapopular.info\\\/#\\\/schema\\\/person\\\/2814e8a0df7643585a9ca38bc6eb9d4b\"},\"breadcrumb\":{\"@id\":\"https:\\\/\\\/folhapopular.info\\\/index.php\\\/2024\\\/03\\\/03\\\/jaque-weber-alcanca-melhor-marca-pessoal-em-pista-coberta-no-mundial-indoor\\\/#breadcrumb\"},\"inLanguage\":\"pt-BR\",\"potentialAction\":[{\"@type\":\"ReadAction\",\"target\":[\"https:\\\/\\\/folhapopular.info\\\/index.php\\\/2024\\\/03\\\/03\\\/jaque-weber-alcanca-melhor-marca-pessoal-em-pista-coberta-no-mundial-indoor\\\/\"]}]},{\"@type\":\"ImageObject\",\"inLanguage\":\"pt-BR\",\"@id\":\"https:\\\/\\\/folhapopular.info\\\/index.php\\\/2024\\\/03\\\/03\\\/jaque-weber-alcanca-melhor-marca-pessoal-em-pista-coberta-no-mundial-indoor\\\/#primaryimage\",\"url\":\"https:\\\/\\\/folhapopular.info\\\/wp-content\\\/uploads\\\/2024\\\/03\\\/WhatsApp-Image-2024-03-02-at-12.59.00-scaled-e1709476830562.jpeg\",\"contentUrl\":\"https:\\\/\\\/folhapopular.info\\\/wp-content\\\/uploads\\\/2024\\\/03\\\/WhatsApp-Image-2024-03-02-at-12.59.00-scaled-e1709476830562.jpeg\",\"width\":1442,\"height\":1659,\"caption\":\"Jaque marcou o sexto tempo nos 800 metros, com 2'05\\\"17\"},{\"@type\":\"BreadcrumbList\",\"@id\":\"https:\\\/\\\/folhapopular.info\\\/index.php\\\/2024\\\/03\\\/03\\\/jaque-weber-alcanca-melhor-marca-pessoal-em-pista-coberta-no-mundial-indoor\\\/#breadcrumb\",\"itemListElement\":[{\"@type\":\"ListItem\",\"position\":1,\"name\":\"In\u00edcio\",\"item\":\"https:\\\/\\\/folhapopular.info\\\/\"},{\"@type\":\"ListItem\",\"position\":2,\"name\":\"Jaque Weber alcan\u00e7a melhor marca pessoal em pista coberta no Mundial Indoor\"}]},{\"@type\":\"WebSite\",\"@id\":\"https:\\\/\\\/folhapopular.info\\\/#website\",\"url\":\"https:\\\/\\\/folhapopular.info\\\/\",\"name\":\"Folha Popular\",\"description\":\"Onde voc\u00ea tem vez e voz\",\"potentialAction\":[{\"@type\":\"SearchAction\",\"target\":{\"@type\":\"EntryPoint\",\"urlTemplate\":\"https:\\\/\\\/folhapopular.info\\\/?s={search_term_string}\"},\"query-input\":{\"@type\":\"PropertyValueSpecification\",\"valueRequired\":true,\"valueName\":\"search_term_string\"}}],\"inLanguage\":\"pt-BR\"},{\"@type\":\"Person\",\"@id\":\"https:\\\/\\\/folhapopular.info\\\/#\\\/schema\\\/person\\\/2814e8a0df7643585a9ca38bc6eb9d4b\",\"name\":\"Reda\u00e7\u00e3o Folha Popular\",\"image\":{\"@type\":\"ImageObject\",\"inLanguage\":\"pt-BR\",\"@id\":\"https:\\\/\\\/folhapopular.info\\\/wp-content\\\/uploads\\\/2026\\\/04\\\/Folha-1.webp\",\"url\":\"https:\\\/\\\/folhapopular.info\\\/wp-content\\\/uploads\\\/2026\\\/04\\\/Folha-1.webp\",\"contentUrl\":\"https:\\\/\\\/folhapopular.info\\\/wp-content\\\/uploads\\\/2026\\\/04\\\/Folha-1.webp\",\"caption\":\"Reda\u00e7\u00e3o Folha Popular\"},\"url\":\"https:\\\/\\\/folhapopular.info\\\/index.php\\\/author\\\/redacao\\\/\"}]}<\/script>\n<!-- \/ Yoast SEO plugin. -->","yoast_head_json":{"title":"Jaque Weber alcan\u00e7a melhor marca pessoal em pista coberta no Mundial Indoor - Folha Popular","robots":{"index":"index","follow":"follow","max-snippet":"max-snippet:-1","max-image-preview":"max-image-preview:large","max-video-preview":"max-video-preview:-1"},"canonical":"https:\/\/folhapopular.info\/index.php\/2024\/03\/03\/jaque-weber-alcanca-melhor-marca-pessoal-em-pista-coberta-no-mundial-indoor\/","og_locale":"pt_BR","og_type":"article","og_title":"Jaque Weber alcan\u00e7a melhor marca pessoal em pista coberta no Mundial Indoor - Folha Popular","og_description":"A atleta teutoniense, Jaque Weber, disputou o Campeonato Mundial de Atletismo Indoor na sexta-feira (1\u00ba\/3), em Glasgow, na Esc\u00f3cia. Correndo na quarta s\u00e9rie, Jaque marcou o sexto tempo nos 800 metros, com 2&#8217;05&#8243;17, e encerrou sua participa\u00e7\u00e3o na 24\u00aa coloca\u00e7\u00e3o, marcando sua melhor marca pessoal em pista coberta. &#8220;Foi uma experi\u00eancia incr\u00edvel. Estou come\u00e7ando a [&hellip;]","og_url":"https:\/\/folhapopular.info\/index.php\/2024\/03\/03\/jaque-weber-alcanca-melhor-marca-pessoal-em-pista-coberta-no-mundial-indoor\/","og_site_name":"Folha Popular","article_published_time":"2024-03-03T14:40:37+00:00","article_modified_time":"2024-03-03T14:40:42+00:00","og_image":[{"width":1442,"height":1659,"url":"http:\/\/folhapopular.info\/wp-content\/uploads\/2024\/03\/WhatsApp-Image-2024-03-02-at-12.59.00-scaled-e1709476830562.jpeg","type":"image\/jpeg"}],"author":"Reda\u00e7\u00e3o Folha Popular","twitter_card":"summary_large_image","twitter_misc":{"Escrito por":"Reda\u00e7\u00e3o Folha Popular","Est. tempo de leitura":"2 minutos"},"schema":{"@context":"https:\/\/schema.org","@graph":[{"@type":"Article","@id":"https:\/\/folhapopular.info\/index.php\/2024\/03\/03\/jaque-weber-alcanca-melhor-marca-pessoal-em-pista-coberta-no-mundial-indoor\/#article","isPartOf":{"@id":"https:\/\/folhapopular.info\/index.php\/2024\/03\/03\/jaque-weber-alcanca-melhor-marca-pessoal-em-pista-coberta-no-mundial-indoor\/"},"author":{"name":"Reda\u00e7\u00e3o Folha Popular","@id":"https:\/\/folhapopular.info\/#\/schema\/person\/2814e8a0df7643585a9ca38bc6eb9d4b"},"headline":"Jaque Weber alcan\u00e7a melhor marca pessoal em pista coberta no Mundial Indoor","datePublished":"2024-03-03T14:40:37+00:00","dateModified":"2024-03-03T14:40:42+00:00","mainEntityOfPage":{"@id":"https:\/\/folhapopular.info\/index.php\/2024\/03\/03\/jaque-weber-alcanca-melhor-marca-pessoal-em-pista-coberta-no-mundial-indoor\/"},"wordCount":305,"commentCount":0,"image":{"@id":"https:\/\/folhapopular.info\/index.php\/2024\/03\/03\/jaque-weber-alcanca-melhor-marca-pessoal-em-pista-coberta-no-mundial-indoor\/#primaryimage"},"thumbnailUrl":"https:\/\/folhapopular.info\/wp-content\/uploads\/2024\/03\/WhatsApp-Image-2024-03-02-at-12.59.00-scaled-e1709476830562.jpeg","articleSection":["Esportes"],"inLanguage":"pt-BR","potentialAction":[{"@type":"CommentAction","name":"Comment","target":["https:\/\/folhapopular.info\/index.php\/2024\/03\/03\/jaque-weber-alcanca-melhor-marca-pessoal-em-pista-coberta-no-mundial-indoor\/#respond"]}]},{"@type":"WebPage","@id":"https:\/\/folhapopular.info\/index.php\/2024\/03\/03\/jaque-weber-alcanca-melhor-marca-pessoal-em-pista-coberta-no-mundial-indoor\/","url":"https:\/\/folhapopular.info\/index.php\/2024\/03\/03\/jaque-weber-alcanca-melhor-marca-pessoal-em-pista-coberta-no-mundial-indoor\/","name":"Jaque Weber alcan\u00e7a melhor marca pessoal em pista coberta no Mundial Indoor - Folha Popular","isPartOf":{"@id":"https:\/\/folhapopular.info\/#website"},"primaryImageOfPage":{"@id":"https:\/\/folhapopular.info\/index.php\/2024\/03\/03\/jaque-weber-alcanca-melhor-marca-pessoal-em-pista-coberta-no-mundial-indoor\/#primaryimage"},"image":{"@id":"https:\/\/folhapopular.info\/index.php\/2024\/03\/03\/jaque-weber-alcanca-melhor-marca-pessoal-em-pista-coberta-no-mundial-indoor\/#primaryimage"},"thumbnailUrl":"https:\/\/folhapopular.info\/wp-content\/uploads\/2024\/03\/WhatsApp-Image-2024-03-02-at-12.59.00-scaled-e1709476830562.jpeg","datePublished":"2024-03-03T14:40:37+00:00","dateModified":"2024-03-03T14:40:42+00:00","author":{"@id":"https:\/\/folhapopular.info\/#\/schema\/person\/2814e8a0df7643585a9ca38bc6eb9d4b"},"breadcrumb":{"@id":"https:\/\/folhapopular.info\/index.php\/2024\/03\/03\/jaque-weber-alcanca-melhor-marca-pessoal-em-pista-coberta-no-mundial-indoor\/#breadcrumb"},"inLanguage":"pt-BR","potentialAction":[{"@type":"ReadAction","target":["https:\/\/folhapopular.info\/index.php\/2024\/03\/03\/jaque-weber-alcanca-melhor-marca-pessoal-em-pista-coberta-no-mundial-indoor\/"]}]},{"@type":"ImageObject","inLanguage":"pt-BR","@id":"https:\/\/folhapopular.info\/index.php\/2024\/03\/03\/jaque-weber-alcanca-melhor-marca-pessoal-em-pista-coberta-no-mundial-indoor\/#primaryimage","url":"https:\/\/folhapopular.info\/wp-content\/uploads\/2024\/03\/WhatsApp-Image-2024-03-02-at-12.59.00-scaled-e1709476830562.jpeg","contentUrl":"https:\/\/folhapopular.info\/wp-content\/uploads\/2024\/03\/WhatsApp-Image-2024-03-02-at-12.59.00-scaled-e1709476830562.jpeg","width":1442,"height":1659,"caption":"Jaque marcou o sexto tempo nos 800 metros, com 2'05\"17"},{"@type":"BreadcrumbList","@id":"https:\/\/folhapopular.info\/index.php\/2024\/03\/03\/jaque-weber-alcanca-melhor-marca-pessoal-em-pista-coberta-no-mundial-indoor\/#breadcrumb","itemListElement":[{"@type":"ListItem","position":1,"name":"In\u00edcio","item":"https:\/\/folhapopular.info\/"},{"@type":"ListItem","position":2,"name":"Jaque Weber alcan\u00e7a melhor marca pessoal em pista coberta no Mundial Indoor"}]},{"@type":"WebSite","@id":"https:\/\/folhapopular.info\/#website","url":"https:\/\/folhapopular.info\/","name":"Folha Popular","description":"Onde voc\u00ea tem vez e voz","potentialAction":[{"@type":"SearchAction","target":{"@type":"EntryPoint","urlTemplate":"https:\/\/folhapopular.info\/?s={search_term_string}"},"query-input":{"@type":"PropertyValueSpecification","valueRequired":true,"valueName":"search_term_string"}}],"inLanguage":"pt-BR"},{"@type":"Person","@id":"https:\/\/folhapopular.info\/#\/schema\/person\/2814e8a0df7643585a9ca38bc6eb9d4b","name":"Reda\u00e7\u00e3o Folha Popular","image":{"@type":"ImageObject","inLanguage":"pt-BR","@id":"https:\/\/folhapopular.info\/wp-content\/uploads\/2026\/04\/Folha-1.webp","url":"https:\/\/folhapopular.info\/wp-content\/uploads\/2026\/04\/Folha-1.webp","contentUrl":"https:\/\/folhapopular.info\/wp-content\/uploads\/2026\/04\/Folha-1.webp","caption":"Reda\u00e7\u00e3o Folha Popular"},"url":"https:\/\/folhapopular.info\/index.php\/author\/redacao\/"}]}},"jetpack_sharing_enabled":true,"amp_enabled":true,"jetpack_featured_media_url":"https:\/\/folhapopular.info\/wp-content\/uploads\/2024\/03\/WhatsApp-Image-2024-03-02-at-12.59.00-scaled-e1709476830562.jpeg","_links":{"self":[{"href":"https:\/\/folhapopular.info\/index.php\/wp-json\/wp\/v2\/posts\/151829","targetHints":{"allow":["GET"]}}],"collection":[{"href":"https:\/\/folhapopular.info\/index.php\/wp-json\/wp\/v2\/posts"}],"about":[{"href":"https:\/\/folhapopular.info\/index.php\/wp-json\/wp\/v2\/types\/post"}],"author":[{"embeddable":true,"href":"https:\/\/folhapopular.info\/index.php\/wp-json\/wp\/v2\/users\/8"}],"replies":[{"embeddable":true,"href":"https:\/\/folhapopular.info\/index.php\/wp-json\/wp\/v2\/comments?post=151829"}],"version-history":[{"count":0,"href":"https:\/\/folhapopular.info\/index.php\/wp-json\/wp\/v2\/posts\/151829\/revisions"}],"wp:featuredmedia":[{"embeddable":true,"href":"https:\/\/folhapopular.info\/index.php\/wp-json\/wp\/v2\/media\/151830"}],"wp:attachment":[{"href":"https:\/\/folhapopular.info\/index.php\/wp-json\/wp\/v2\/media?parent=151829"}],"wp:term":[{"taxonomy":"category","embeddable":true,"href":"https:\/\/folhapopular.info\/index.php\/wp-json\/wp\/v2\/categories?post=151829"},{"taxonomy":"post_tag","embeddable":true,"href":"https:\/\/folhapopular.info\/index.php\/wp-json\/wp\/v2\/tags?post=151829"}],"curies":[{"name":"wp","href":"https:\/\/api.w.org\/{rel}","templated":true}]}}