{"id":151927,"date":"2024-03-05T10:00:00","date_gmt":"2024-03-05T13:00:00","guid":{"rendered":"https:\/\/folhapopular.info\/?p=151927"},"modified":"2024-03-04T16:44:15","modified_gmt":"2024-03-04T19:44:15","slug":"arte-na-universidade-abre-chamada-para-artistas","status":"publish","type":"post","link":"https:\/\/folhapopular.info\/index.php\/2024\/03\/05\/arte-na-universidade-abre-chamada-para-artistas\/","title":{"rendered":"Arte na Universidade abre chamada para artistas"},"content":{"rendered":"\n<p>No pr\u00f3ximo dia 24 de abril de 2024, a Universidade do Vale do Taquari &#8211; Univates, promove a quarta edi\u00e7\u00e3o do evento Arte na Universidade. Realizado nos turnos da manh\u00e3, tarde e noite, o evento \u00e9 uma iniciativa da institui\u00e7\u00e3o que refor\u00e7a o compromisso da Universidade com a forma\u00e7\u00e3o cultural da comunidade acad\u00eamica e regional.<\/p>\n\n\n\n<p>Uma das novidades deste ano \u00e9 o &#8220;Espa\u00e7o do Artista&#8221;, uma oportunidade especial para os espectadores testemunharem o processo criativo de artistas regionais, assim como para os artistas que desejam participar. A proposta \u00e9 que durante aproximadamente duas horas, os criadores estejam trabalhando em um espa\u00e7o aberto, transferindo momentaneamente seus espa\u00e7os de cria\u00e7\u00e3o para o campus, assim permitindo que o p\u00fablico acompanhe de perto o desenvolvimento de suas obras, proporcionando uma intera\u00e7\u00e3o direta entre o artista e a comunidade presente. Al\u00e9m disso, ser\u00e1 poss\u00edvel adquirir as obras diretamente dos artistas durante o evento.<\/p>\n\n\n\n<p>Se voc\u00ea \u00e9 artista e deseja participar, para mais informa\u00e7\u00f5es, entre em contato com a coordena\u00e7\u00e3o do evento por meio do e-mail artenauniversidade@univates.br ou do WhatsApp (51) 98151-5971. As inscri\u00e7\u00f5es podem ser realizadas at\u00e9 sexta-feira (15\/3).<\/p>\n\n\n\n<p>O Arte na Universidade \u00e9 um momento anual organizado pela Univates, reunindo em um \u00fanico dia a pot\u00eancia que a arte pode proporcionar. Seu objetivo \u00e9 promover a arte no contexto universit\u00e1rio, ressaltando a import\u00e2ncia da experi\u00eancia est\u00e9tica na forma\u00e7\u00e3o dos estudantes, docentes, funcion\u00e1rios t\u00e9cnico-administrativos e da comunidade externa. Mais informa\u00e7\u00f5es sobre o evento ser\u00e3o divulgadas em breve.<\/p>\n","protected":false},"excerpt":{"rendered":"<p>No pr\u00f3ximo dia 24 de abril de 2024, a Universidade do Vale do Taquari &#8211; Univates, promove a quarta edi\u00e7\u00e3o do evento Arte na Universidade. Realizado nos turnos da manh\u00e3, tarde e noite, o evento \u00e9 uma iniciativa da institui\u00e7\u00e3o que refor\u00e7a o compromisso da Universidade com a forma\u00e7\u00e3o cultural da comunidade acad\u00eamica e regional. [&hellip;]<\/p>\n","protected":false},"author":8,"featured_media":151928,"comment_status":"open","ping_status":"open","sticky":false,"template":"","format":"standard","meta":{"pmpro_default_level":"","_jetpack_memberships_contains_paid_content":false,"footnotes":""},"categories":[10996,2,6],"tags":[2486,6423,27,83,156],"class_list":{"0":"post-151927","1":"post","2":"type-post","3":"status-publish","4":"format-standard","5":"has-post-thumbnail","7":"category-cultura","8":"category-featured","9":"category-inclusive","10":"tag-arte-na-universidade","11":"tag-artistas","12":"tag-lajeado","13":"tag-univates","14":"tag-vale-do-taquari","15":"pmpro-has-access"},"yoast_head":"<!-- This site is optimized with the Yoast SEO plugin v27.5 - https:\/\/yoast.com\/product\/yoast-seo-wordpress\/ -->\n<title>Arte na Universidade abre chamada para artistas - Folha Popular<\/title>\n<meta name=\"robots\" content=\"index, follow, max-snippet:-1, max-image-preview:large, max-video-preview:-1\" \/>\n<link rel=\"canonical\" href=\"https:\/\/folhapopular.info\/index.php\/2024\/03\/05\/arte-na-universidade-abre-chamada-para-artistas\/\" \/>\n<meta property=\"og:locale\" content=\"pt_BR\" \/>\n<meta property=\"og:type\" content=\"article\" \/>\n<meta property=\"og:title\" content=\"Arte na Universidade abre chamada para artistas - Folha Popular\" \/>\n<meta property=\"og:description\" content=\"No pr\u00f3ximo dia 24 de abril de 2024, a Universidade do Vale do Taquari &#8211; Univates, promove a quarta edi\u00e7\u00e3o do evento Arte na Universidade. Realizado nos turnos da manh\u00e3, tarde e noite, o evento \u00e9 uma iniciativa da institui\u00e7\u00e3o que refor\u00e7a o compromisso da Universidade com a forma\u00e7\u00e3o cultural da comunidade acad\u00eamica e regional. [&hellip;]\" \/>\n<meta property=\"og:url\" content=\"https:\/\/folhapopular.info\/index.php\/2024\/03\/05\/arte-na-universidade-abre-chamada-para-artistas\/\" \/>\n<meta property=\"og:site_name\" content=\"Folha Popular\" \/>\n<meta property=\"article:published_time\" content=\"2024-03-05T13:00:00+00:00\" \/>\n<meta property=\"og:image\" content=\"https:\/\/folhapopular.info\/wp-content\/uploads\/2024\/03\/1-Imagem-ilustrativa-do-Arte-na-Univates-de-20217-para-o-ato-de-criacao-Credito-Gabriela-Longo.jpg\" \/>\n\t<meta property=\"og:image:width\" content=\"1501\" \/>\n\t<meta property=\"og:image:height\" content=\"1001\" \/>\n\t<meta property=\"og:image:type\" content=\"image\/jpeg\" \/>\n<meta name=\"author\" content=\"Reda\u00e7\u00e3o Folha Popular\" \/>\n<meta name=\"twitter:card\" content=\"summary_large_image\" \/>\n<meta name=\"twitter:label1\" content=\"Escrito por\" \/>\n\t<meta name=\"twitter:data1\" content=\"Reda\u00e7\u00e3o Folha Popular\" \/>\n\t<meta name=\"twitter:label2\" content=\"Est. tempo de leitura\" \/>\n\t<meta name=\"twitter:data2\" content=\"2 minutos\" \/>\n<script type=\"application\/ld+json\" class=\"yoast-schema-graph\">{\"@context\":\"https:\\\/\\\/schema.org\",\"@graph\":[{\"@type\":\"Article\",\"@id\":\"https:\\\/\\\/folhapopular.info\\\/index.php\\\/2024\\\/03\\\/05\\\/arte-na-universidade-abre-chamada-para-artistas\\\/#article\",\"isPartOf\":{\"@id\":\"https:\\\/\\\/folhapopular.info\\\/index.php\\\/2024\\\/03\\\/05\\\/arte-na-universidade-abre-chamada-para-artistas\\\/\"},\"author\":{\"name\":\"Reda\u00e7\u00e3o Folha Popular\",\"@id\":\"https:\\\/\\\/folhapopular.info\\\/#\\\/schema\\\/person\\\/2814e8a0df7643585a9ca38bc6eb9d4b\"},\"headline\":\"Arte na Universidade abre chamada para artistas\",\"datePublished\":\"2024-03-05T13:00:00+00:00\",\"mainEntityOfPage\":{\"@id\":\"https:\\\/\\\/folhapopular.info\\\/index.php\\\/2024\\\/03\\\/05\\\/arte-na-universidade-abre-chamada-para-artistas\\\/\"},\"wordCount\":268,\"commentCount\":0,\"image\":{\"@id\":\"https:\\\/\\\/folhapopular.info\\\/index.php\\\/2024\\\/03\\\/05\\\/arte-na-universidade-abre-chamada-para-artistas\\\/#primaryimage\"},\"thumbnailUrl\":\"https:\\\/\\\/folhapopular.info\\\/wp-content\\\/uploads\\\/2024\\\/03\\\/1-Imagem-ilustrativa-do-Arte-na-Univates-de-20217-para-o-ato-de-criacao-Credito-Gabriela-Longo.jpg\",\"keywords\":[\"Arte na Universidade\",\"artistas\",\"Lajeado\",\"Univates\",\"Vale do Taquari\"],\"articleSection\":[\"Cultura\",\"Destaques\",\"Inclusive\"],\"inLanguage\":\"pt-BR\",\"potentialAction\":[{\"@type\":\"CommentAction\",\"name\":\"Comment\",\"target\":[\"https:\\\/\\\/folhapopular.info\\\/index.php\\\/2024\\\/03\\\/05\\\/arte-na-universidade-abre-chamada-para-artistas\\\/#respond\"]}]},{\"@type\":\"WebPage\",\"@id\":\"https:\\\/\\\/folhapopular.info\\\/index.php\\\/2024\\\/03\\\/05\\\/arte-na-universidade-abre-chamada-para-artistas\\\/\",\"url\":\"https:\\\/\\\/folhapopular.info\\\/index.php\\\/2024\\\/03\\\/05\\\/arte-na-universidade-abre-chamada-para-artistas\\\/\",\"name\":\"Arte na Universidade abre chamada para artistas - Folha Popular\",\"isPartOf\":{\"@id\":\"https:\\\/\\\/folhapopular.info\\\/#website\"},\"primaryImageOfPage\":{\"@id\":\"https:\\\/\\\/folhapopular.info\\\/index.php\\\/2024\\\/03\\\/05\\\/arte-na-universidade-abre-chamada-para-artistas\\\/#primaryimage\"},\"image\":{\"@id\":\"https:\\\/\\\/folhapopular.info\\\/index.php\\\/2024\\\/03\\\/05\\\/arte-na-universidade-abre-chamada-para-artistas\\\/#primaryimage\"},\"thumbnailUrl\":\"https:\\\/\\\/folhapopular.info\\\/wp-content\\\/uploads\\\/2024\\\/03\\\/1-Imagem-ilustrativa-do-Arte-na-Univates-de-20217-para-o-ato-de-criacao-Credito-Gabriela-Longo.jpg\",\"datePublished\":\"2024-03-05T13:00:00+00:00\",\"author\":{\"@id\":\"https:\\\/\\\/folhapopular.info\\\/#\\\/schema\\\/person\\\/2814e8a0df7643585a9ca38bc6eb9d4b\"},\"breadcrumb\":{\"@id\":\"https:\\\/\\\/folhapopular.info\\\/index.php\\\/2024\\\/03\\\/05\\\/arte-na-universidade-abre-chamada-para-artistas\\\/#breadcrumb\"},\"inLanguage\":\"pt-BR\",\"potentialAction\":[{\"@type\":\"ReadAction\",\"target\":[\"https:\\\/\\\/folhapopular.info\\\/index.php\\\/2024\\\/03\\\/05\\\/arte-na-universidade-abre-chamada-para-artistas\\\/\"]}]},{\"@type\":\"ImageObject\",\"inLanguage\":\"pt-BR\",\"@id\":\"https:\\\/\\\/folhapopular.info\\\/index.php\\\/2024\\\/03\\\/05\\\/arte-na-universidade-abre-chamada-para-artistas\\\/#primaryimage\",\"url\":\"https:\\\/\\\/folhapopular.info\\\/wp-content\\\/uploads\\\/2024\\\/03\\\/1-Imagem-ilustrativa-do-Arte-na-Univates-de-20217-para-o-ato-de-criacao-Credito-Gabriela-Longo.jpg\",\"contentUrl\":\"https:\\\/\\\/folhapopular.info\\\/wp-content\\\/uploads\\\/2024\\\/03\\\/1-Imagem-ilustrativa-do-Arte-na-Univates-de-20217-para-o-ato-de-criacao-Credito-Gabriela-Longo.jpg\",\"width\":1501,\"height\":1001,\"caption\":\"Cr\u00e9dito: Divulga\u00e7\u00e3o\"},{\"@type\":\"BreadcrumbList\",\"@id\":\"https:\\\/\\\/folhapopular.info\\\/index.php\\\/2024\\\/03\\\/05\\\/arte-na-universidade-abre-chamada-para-artistas\\\/#breadcrumb\",\"itemListElement\":[{\"@type\":\"ListItem\",\"position\":1,\"name\":\"In\u00edcio\",\"item\":\"https:\\\/\\\/folhapopular.info\\\/\"},{\"@type\":\"ListItem\",\"position\":2,\"name\":\"Arte na Universidade abre chamada para artistas\"}]},{\"@type\":\"WebSite\",\"@id\":\"https:\\\/\\\/folhapopular.info\\\/#website\",\"url\":\"https:\\\/\\\/folhapopular.info\\\/\",\"name\":\"Folha Popular\",\"description\":\"Onde voc\u00ea tem vez e voz\",\"potentialAction\":[{\"@type\":\"SearchAction\",\"target\":{\"@type\":\"EntryPoint\",\"urlTemplate\":\"https:\\\/\\\/folhapopular.info\\\/?s={search_term_string}\"},\"query-input\":{\"@type\":\"PropertyValueSpecification\",\"valueRequired\":true,\"valueName\":\"search_term_string\"}}],\"inLanguage\":\"pt-BR\"},{\"@type\":\"Person\",\"@id\":\"https:\\\/\\\/folhapopular.info\\\/#\\\/schema\\\/person\\\/2814e8a0df7643585a9ca38bc6eb9d4b\",\"name\":\"Reda\u00e7\u00e3o Folha Popular\",\"image\":{\"@type\":\"ImageObject\",\"inLanguage\":\"pt-BR\",\"@id\":\"https:\\\/\\\/folhapopular.info\\\/wp-content\\\/uploads\\\/2026\\\/04\\\/Folha-1.webp\",\"url\":\"https:\\\/\\\/folhapopular.info\\\/wp-content\\\/uploads\\\/2026\\\/04\\\/Folha-1.webp\",\"contentUrl\":\"https:\\\/\\\/folhapopular.info\\\/wp-content\\\/uploads\\\/2026\\\/04\\\/Folha-1.webp\",\"caption\":\"Reda\u00e7\u00e3o Folha Popular\"},\"url\":\"https:\\\/\\\/folhapopular.info\\\/index.php\\\/author\\\/redacao\\\/\"}]}<\/script>\n<!-- \/ Yoast SEO plugin. -->","yoast_head_json":{"title":"Arte na Universidade abre chamada para artistas - Folha Popular","robots":{"index":"index","follow":"follow","max-snippet":"max-snippet:-1","max-image-preview":"max-image-preview:large","max-video-preview":"max-video-preview:-1"},"canonical":"https:\/\/folhapopular.info\/index.php\/2024\/03\/05\/arte-na-universidade-abre-chamada-para-artistas\/","og_locale":"pt_BR","og_type":"article","og_title":"Arte na Universidade abre chamada para artistas - Folha Popular","og_description":"No pr\u00f3ximo dia 24 de abril de 2024, a Universidade do Vale do Taquari &#8211; Univates, promove a quarta edi\u00e7\u00e3o do evento Arte na Universidade. Realizado nos turnos da manh\u00e3, tarde e noite, o evento \u00e9 uma iniciativa da institui\u00e7\u00e3o que refor\u00e7a o compromisso da Universidade com a forma\u00e7\u00e3o cultural da comunidade acad\u00eamica e regional. [&hellip;]","og_url":"https:\/\/folhapopular.info\/index.php\/2024\/03\/05\/arte-na-universidade-abre-chamada-para-artistas\/","og_site_name":"Folha Popular","article_published_time":"2024-03-05T13:00:00+00:00","og_image":[{"width":1501,"height":1001,"url":"https:\/\/folhapopular.info\/wp-content\/uploads\/2024\/03\/1-Imagem-ilustrativa-do-Arte-na-Univates-de-20217-para-o-ato-de-criacao-Credito-Gabriela-Longo.jpg","type":"image\/jpeg"}],"author":"Reda\u00e7\u00e3o Folha Popular","twitter_card":"summary_large_image","twitter_misc":{"Escrito por":"Reda\u00e7\u00e3o Folha Popular","Est. tempo de leitura":"2 minutos"},"schema":{"@context":"https:\/\/schema.org","@graph":[{"@type":"Article","@id":"https:\/\/folhapopular.info\/index.php\/2024\/03\/05\/arte-na-universidade-abre-chamada-para-artistas\/#article","isPartOf":{"@id":"https:\/\/folhapopular.info\/index.php\/2024\/03\/05\/arte-na-universidade-abre-chamada-para-artistas\/"},"author":{"name":"Reda\u00e7\u00e3o Folha Popular","@id":"https:\/\/folhapopular.info\/#\/schema\/person\/2814e8a0df7643585a9ca38bc6eb9d4b"},"headline":"Arte na Universidade abre chamada para artistas","datePublished":"2024-03-05T13:00:00+00:00","mainEntityOfPage":{"@id":"https:\/\/folhapopular.info\/index.php\/2024\/03\/05\/arte-na-universidade-abre-chamada-para-artistas\/"},"wordCount":268,"commentCount":0,"image":{"@id":"https:\/\/folhapopular.info\/index.php\/2024\/03\/05\/arte-na-universidade-abre-chamada-para-artistas\/#primaryimage"},"thumbnailUrl":"https:\/\/folhapopular.info\/wp-content\/uploads\/2024\/03\/1-Imagem-ilustrativa-do-Arte-na-Univates-de-20217-para-o-ato-de-criacao-Credito-Gabriela-Longo.jpg","keywords":["Arte na Universidade","artistas","Lajeado","Univates","Vale do Taquari"],"articleSection":["Cultura","Destaques","Inclusive"],"inLanguage":"pt-BR","potentialAction":[{"@type":"CommentAction","name":"Comment","target":["https:\/\/folhapopular.info\/index.php\/2024\/03\/05\/arte-na-universidade-abre-chamada-para-artistas\/#respond"]}]},{"@type":"WebPage","@id":"https:\/\/folhapopular.info\/index.php\/2024\/03\/05\/arte-na-universidade-abre-chamada-para-artistas\/","url":"https:\/\/folhapopular.info\/index.php\/2024\/03\/05\/arte-na-universidade-abre-chamada-para-artistas\/","name":"Arte na Universidade abre chamada para artistas - Folha Popular","isPartOf":{"@id":"https:\/\/folhapopular.info\/#website"},"primaryImageOfPage":{"@id":"https:\/\/folhapopular.info\/index.php\/2024\/03\/05\/arte-na-universidade-abre-chamada-para-artistas\/#primaryimage"},"image":{"@id":"https:\/\/folhapopular.info\/index.php\/2024\/03\/05\/arte-na-universidade-abre-chamada-para-artistas\/#primaryimage"},"thumbnailUrl":"https:\/\/folhapopular.info\/wp-content\/uploads\/2024\/03\/1-Imagem-ilustrativa-do-Arte-na-Univates-de-20217-para-o-ato-de-criacao-Credito-Gabriela-Longo.jpg","datePublished":"2024-03-05T13:00:00+00:00","author":{"@id":"https:\/\/folhapopular.info\/#\/schema\/person\/2814e8a0df7643585a9ca38bc6eb9d4b"},"breadcrumb":{"@id":"https:\/\/folhapopular.info\/index.php\/2024\/03\/05\/arte-na-universidade-abre-chamada-para-artistas\/#breadcrumb"},"inLanguage":"pt-BR","potentialAction":[{"@type":"ReadAction","target":["https:\/\/folhapopular.info\/index.php\/2024\/03\/05\/arte-na-universidade-abre-chamada-para-artistas\/"]}]},{"@type":"ImageObject","inLanguage":"pt-BR","@id":"https:\/\/folhapopular.info\/index.php\/2024\/03\/05\/arte-na-universidade-abre-chamada-para-artistas\/#primaryimage","url":"https:\/\/folhapopular.info\/wp-content\/uploads\/2024\/03\/1-Imagem-ilustrativa-do-Arte-na-Univates-de-20217-para-o-ato-de-criacao-Credito-Gabriela-Longo.jpg","contentUrl":"https:\/\/folhapopular.info\/wp-content\/uploads\/2024\/03\/1-Imagem-ilustrativa-do-Arte-na-Univates-de-20217-para-o-ato-de-criacao-Credito-Gabriela-Longo.jpg","width":1501,"height":1001,"caption":"Cr\u00e9dito: Divulga\u00e7\u00e3o"},{"@type":"BreadcrumbList","@id":"https:\/\/folhapopular.info\/index.php\/2024\/03\/05\/arte-na-universidade-abre-chamada-para-artistas\/#breadcrumb","itemListElement":[{"@type":"ListItem","position":1,"name":"In\u00edcio","item":"https:\/\/folhapopular.info\/"},{"@type":"ListItem","position":2,"name":"Arte na Universidade abre chamada para artistas"}]},{"@type":"WebSite","@id":"https:\/\/folhapopular.info\/#website","url":"https:\/\/folhapopular.info\/","name":"Folha Popular","description":"Onde voc\u00ea tem vez e voz","potentialAction":[{"@type":"SearchAction","target":{"@type":"EntryPoint","urlTemplate":"https:\/\/folhapopular.info\/?s={search_term_string}"},"query-input":{"@type":"PropertyValueSpecification","valueRequired":true,"valueName":"search_term_string"}}],"inLanguage":"pt-BR"},{"@type":"Person","@id":"https:\/\/folhapopular.info\/#\/schema\/person\/2814e8a0df7643585a9ca38bc6eb9d4b","name":"Reda\u00e7\u00e3o Folha Popular","image":{"@type":"ImageObject","inLanguage":"pt-BR","@id":"https:\/\/folhapopular.info\/wp-content\/uploads\/2026\/04\/Folha-1.webp","url":"https:\/\/folhapopular.info\/wp-content\/uploads\/2026\/04\/Folha-1.webp","contentUrl":"https:\/\/folhapopular.info\/wp-content\/uploads\/2026\/04\/Folha-1.webp","caption":"Reda\u00e7\u00e3o Folha Popular"},"url":"https:\/\/folhapopular.info\/index.php\/author\/redacao\/"}]}},"jetpack_featured_media_url":"https:\/\/folhapopular.info\/wp-content\/uploads\/2024\/03\/1-Imagem-ilustrativa-do-Arte-na-Univates-de-20217-para-o-ato-de-criacao-Credito-Gabriela-Longo.jpg","jetpack_sharing_enabled":true,"amp_enabled":true,"_links":{"self":[{"href":"https:\/\/folhapopular.info\/index.php\/wp-json\/wp\/v2\/posts\/151927","targetHints":{"allow":["GET"]}}],"collection":[{"href":"https:\/\/folhapopular.info\/index.php\/wp-json\/wp\/v2\/posts"}],"about":[{"href":"https:\/\/folhapopular.info\/index.php\/wp-json\/wp\/v2\/types\/post"}],"author":[{"embeddable":true,"href":"https:\/\/folhapopular.info\/index.php\/wp-json\/wp\/v2\/users\/8"}],"replies":[{"embeddable":true,"href":"https:\/\/folhapopular.info\/index.php\/wp-json\/wp\/v2\/comments?post=151927"}],"version-history":[{"count":0,"href":"https:\/\/folhapopular.info\/index.php\/wp-json\/wp\/v2\/posts\/151927\/revisions"}],"wp:featuredmedia":[{"embeddable":true,"href":"https:\/\/folhapopular.info\/index.php\/wp-json\/wp\/v2\/media\/151928"}],"wp:attachment":[{"href":"https:\/\/folhapopular.info\/index.php\/wp-json\/wp\/v2\/media?parent=151927"}],"wp:term":[{"taxonomy":"category","embeddable":true,"href":"https:\/\/folhapopular.info\/index.php\/wp-json\/wp\/v2\/categories?post=151927"},{"taxonomy":"post_tag","embeddable":true,"href":"https:\/\/folhapopular.info\/index.php\/wp-json\/wp\/v2\/tags?post=151927"}],"curies":[{"name":"wp","href":"https:\/\/api.w.org\/{rel}","templated":true}]}}