{"id":152066,"date":"2024-03-06T06:30:00","date_gmt":"2024-03-06T09:30:00","guid":{"rendered":"https:\/\/folhapopular.info\/?p=152066"},"modified":"2024-03-06T06:16:38","modified_gmt":"2024-03-06T09:16:38","slug":"obras-devem-ser-retomadas-ate-15-de-abril-diz-ccr","status":"publish","type":"post","link":"https:\/\/folhapopular.info\/index.php\/2024\/03\/06\/obras-devem-ser-retomadas-ate-15-de-abril-diz-ccr\/","title":{"rendered":"Obras devem ser retomadas at\u00e9 15 de abril, diz CCR"},"content":{"rendered":"\n<p>Desde 2021 a CCR ViaSul trabalha na duplica\u00e7\u00e3o do trecho de 20,3 quil\u00f4metros entre Marques de Souza e Lajeado. De acordo com o cronograma inicial, as obras deveriam estar finalizadas at\u00e9 fevereiro de 2023. Contudo, a Autoriza\u00e7\u00e3o de Supress\u00e3o Vegetal (ASV) concedida pelo Ibama aconteceu tr\u00eas meses depois. O novo prazo para a conclus\u00e3o foi estendido at\u00e9 julho de 2023, todavia, impasses entre a concession\u00e1ria e a Eurovias adiaram a entrega mais uma vez. Entre Lajeado e Estrela, as obras da terceira faixa somam 5 quil\u00f4metros e deveriam ter sido entregues em fevereiro. Por\u00e9m, a previs\u00e3o de conclus\u00e3o ficou para julho ou agosto de 2024. <\/p>\n\n\n\n<p>O atraso na entrega das obras \u00e9 motivo de insatisfa\u00e7\u00e3o dos usu\u00e1rios dos trechos. Neste sentido, a Prefeitura de Lajeado, a Associa\u00e7\u00e3o Comercial e Industrial de Lajeado (Acil) e a C\u00e2mara da Ind\u00fastria, Com\u00e9rcio e Servi\u00e7os do Vale do Taquari (CIC-VT) convocaram, nesta ter\u00e7a-feira (5\/3), uma reuni\u00e3o com representantes da CCR ViaSul e da ANTT para dar um parecer acerca do tempo de espera para a entrega das obras. <\/p>\n\n\n\n<p>Para o encontro, foram convocados o superintendente ANTT Regi\u00e3o Sul\/ Florian\u00f3polis, Orlei Dam\u00e1zio Silveira, supervisor do Escrit\u00f3rio de Fiscaliza\u00e7\u00e3o ANTT\/RS, Breno Correa da Silva Neto, o gerente de Contrato de Concess\u00e3o\/CCR ViaSul, Breno Ferreira Leal e o coordenador de Engenharia Rodovi\u00e1ria\/CCR ViaSul, F\u00e1bio Hirsch. Contudo, os representantes da CCR ViaSul n\u00e3o compareceram. O presidente da CIC-VT, Ivandro Carlos Rosa explica que uma das obras deveria ter sido conclu\u00edda h\u00e1 dois anos, trata-se da duplica\u00e7\u00e3o entre Marques de Souza e Lajeado. A execu\u00e7\u00e3o das pistas adicionais entre Lajeado e Estrela, ainda est\u00e1 no prazo. <\/p>\n\n\n\n<p>A reuni\u00e3o, segundo Ivandro, \u00e9 para cobrar a ANTT, dona do contrato, e a executante, a CCR Viasul. &#8220;A expectativa era que estivessem as duas partes para vermos o que \u00e9 poss\u00edvel fazer em rela\u00e7\u00e3o \u00e0s obras, pois elas n\u00e3o est\u00e3o acontecendo. Eu acho que o correto era eles estarem aqui, se posicionarem e se expressarem; a gente quer \u00e9 esclarecimento e outros prazos&#8221;, manifestou o presidente da CIC-VT, Ivandro Carlos Rosa.<\/p>\n\n\n\n<p>O prefeito de Lajeado, Marcelo Caumo, disse que \u00e9 inaceit\u00e1vel a postura da concession\u00e1ria convocada a prestar explica\u00e7\u00f5es. \u201cSe o cronograma estivesse em dia, a reuni\u00e3o de 5 anos seria para avaliar as adequa\u00e7\u00f5es, por\u00e9m, n\u00e3o podemos cogitar.&#8221;\u00a0<\/p>\n\n\n\n<p><strong>\u201cN\u00e3o podemos pegar a concession\u00e1ria pela m\u00e3o\u201d<\/strong><\/p>\n\n\n\n<p>Segundo o chefe do Escrit\u00f3rio Regional da ANTT no RS, Breno Corr\u00eaa da Silva Neto &#8211; Chefe de Escrit\u00f3rio Regional POA-RS, a ag\u00eancia executa reuni\u00f5es mensais para avaliar o andamento t\u00e9cnico e de prazos das obras. A ANTT, segundo o representante, aplica multas e &#8220;penalidades&#8221; quando n\u00e3o h\u00e1 o cumprimento do prazo de entrega, o chamado fator \u201cdesconto de reequil\u00edbrio\u201d, como recentemente aconteceu com a diminui\u00e7\u00e3o da tarifa em sete pra\u00e7as de ped\u00e1gio administradas pela concession\u00e1ria no RS. <\/p>\n\n\n\n<figure class=\"wp-block-image size-large\"><img loading=\"lazy\" decoding=\"async\" width=\"1024\" height=\"768\" src=\"https:\/\/folhapopular.info\/wp-content\/uploads\/2024\/03\/represetantes-ANTT-1024x768.jpeg\" alt=\"\" class=\"wp-image-152069\" srcset=\"https:\/\/folhapopular.info\/wp-content\/uploads\/2024\/03\/represetantes-ANTT-1024x768.jpeg 1024w, https:\/\/folhapopular.info\/wp-content\/uploads\/2024\/03\/represetantes-ANTT-300x225.jpeg 300w, https:\/\/folhapopular.info\/wp-content\/uploads\/2024\/03\/represetantes-ANTT-768x576.jpeg 768w, https:\/\/folhapopular.info\/wp-content\/uploads\/2024\/03\/represetantes-ANTT-696x522.jpeg 696w, https:\/\/folhapopular.info\/wp-content\/uploads\/2024\/03\/represetantes-ANTT-1068x801.jpeg 1068w, https:\/\/folhapopular.info\/wp-content\/uploads\/2024\/03\/represetantes-ANTT.jpeg 1280w\" sizes=\"auto, (max-width: 1024px) 100vw, 1024px\" \/><figcaption class=\"wp-element-caption\">Eduardo Constante Bergmann &#8211; Chefe de Escrit\u00f3rio Regional POA-RS -Substituto e Breno Corr\u00eaa da Silva Neto &#8211; Chefe de Escrit\u00f3rio Regional POA-RS &#8211; Cr\u00e9dito: Ariana de Oliveira <\/figcaption><\/figure>\n\n\n\n<p>&#8220;Se isso n\u00e3o \u00e9 motivo para a concession\u00e1ria avan\u00e7ar na obra, a ANTT e o escrit\u00f3rio n\u00e3o podem fazer nada al\u00e9m disso. Assim como a Prefeitura ou qualquer \u00f3rg\u00e3o p\u00fablico contratar um terceirizado e esta falha. O que a gente vai fazer? Rescindir o contrato? At\u00e9 podemos, mas para isso v\u00e1rias etapas devem ser seguidas. N\u00e3o \u00e9 um atraso de uma obra, por mais que ela impacte na vida de voc\u00eas, que vai levar a essa atitude extrema&#8221;, comentou Breno.<\/p>\n\n\n\n<p> Ele explicou que todo contrato de concess\u00e3o tem uma comiss\u00e3o tripartite e cabe a ela avaliar e ajustar ajustes. No caso das obras em quest\u00e3o, a comiss\u00e3o \u00e9 formada pela ANTT, CCR ViaSul e os usu\u00e1rios (associa\u00e7\u00f5es e federa\u00e7\u00f5es). Ainda n\u00e3o h\u00e1 possibilidades, segundo Breno, de manter reuni\u00f5es regionalizadas.&#8221;\u00a0<\/p>\n\n\n\n<p><strong>\u201cA situa\u00e7\u00e3o \u00e9 inaceit\u00e1vel\u201d<\/strong><\/p>\n\n\n\n<p>Durante a reuni\u00e3o, Caumo entrou em contato com o presidente nacional da CCR ViaSul. Segundo ele, ser\u00e1 feita a nomea\u00e7\u00e3o de um representante para fazer a ger\u00eancia na regi\u00e3o. &#8220;Manifestamos a insatisfa\u00e7\u00e3o e inconformismo com as obras. As mudan\u00e7as que aconteceram afetam a rela\u00e7\u00e3o da regi\u00e3o com a concession\u00e1ria. N\u00e3o temos um ponto de conversa com o poder de decis\u00e3o que possa trazer informa\u00e7\u00f5es precisas e solucionar os problemas apresenta dos\u201d, ressaltou o prefeito. Caumo afirmou que a CCR retomar\u00e1 as obras at\u00e9 a segunda quinzena de abril. A partir do encontro ser\u00e1 elaborado documento cobrando prazos e a defini\u00e7\u00e3o dos pontos cr\u00edticos a serem solucionados. Este ser\u00e1 disponibilizado a partir de 12 de mar\u00e7o.<\/p>\n","protected":false},"excerpt":{"rendered":"<p>Desde 2021 a CCR ViaSul trabalha na duplica\u00e7\u00e3o do trecho de 20,3 quil\u00f4metros entre Marques de Souza e Lajeado. De acordo com o cronograma inicial, as obras deveriam estar finalizadas at\u00e9 fevereiro de 2023. Contudo, a Autoriza\u00e7\u00e3o de Supress\u00e3o Vegetal (ASV) concedida pelo Ibama aconteceu tr\u00eas meses depois. O novo prazo para a conclus\u00e3o foi [&hellip;]<\/p>\n","protected":false},"author":707,"featured_media":152068,"comment_status":"open","ping_status":"open","sticky":false,"template":"","format":"standard","meta":{"pmpro_default_level":"","_jetpack_memberships_contains_paid_content":false,"footnotes":""},"categories":[2,3],"tags":[91,5005,298,8,27,156],"class_list":{"0":"post-152066","1":"post","2":"type-post","3":"status-publish","4":"format-standard","5":"has-post-thumbnail","7":"category-featured","8":"category-geral","9":"tag-br-386","10":"tag-ccr-via-sul","11":"tag-duplicacao","12":"tag-estrela","13":"tag-lajeado","14":"tag-vale-do-taquari","15":"pmpro-has-access"},"yoast_head":"<!-- This site is optimized with the Yoast SEO plugin v27.5 - https:\/\/yoast.com\/product\/yoast-seo-wordpress\/ -->\n<title>Obras devem ser retomadas at\u00e9 15 de abril, diz CCR - Folha Popular<\/title>\n<meta name=\"robots\" content=\"index, follow, max-snippet:-1, max-image-preview:large, max-video-preview:-1\" \/>\n<link rel=\"canonical\" href=\"https:\/\/folhapopular.info\/index.php\/2024\/03\/06\/obras-devem-ser-retomadas-ate-15-de-abril-diz-ccr\/\" \/>\n<meta property=\"og:locale\" content=\"pt_BR\" \/>\n<meta property=\"og:type\" content=\"article\" \/>\n<meta property=\"og:title\" content=\"Obras devem ser retomadas at\u00e9 15 de abril, diz CCR - Folha Popular\" \/>\n<meta property=\"og:description\" content=\"Desde 2021 a CCR ViaSul trabalha na duplica\u00e7\u00e3o do trecho de 20,3 quil\u00f4metros entre Marques de Souza e Lajeado. De acordo com o cronograma inicial, as obras deveriam estar finalizadas at\u00e9 fevereiro de 2023. Contudo, a Autoriza\u00e7\u00e3o de Supress\u00e3o Vegetal (ASV) concedida pelo Ibama aconteceu tr\u00eas meses depois. O novo prazo para a conclus\u00e3o foi [&hellip;]\" \/>\n<meta property=\"og:url\" content=\"https:\/\/folhapopular.info\/index.php\/2024\/03\/06\/obras-devem-ser-retomadas-ate-15-de-abril-diz-ccr\/\" \/>\n<meta property=\"og:site_name\" content=\"Folha Popular\" \/>\n<meta property=\"article:published_time\" content=\"2024-03-06T09:30:00+00:00\" \/>\n<meta property=\"og:image\" content=\"https:\/\/folhapopular.info\/wp-content\/uploads\/2024\/03\/IMG_5836-scaled.jpg\" \/>\n\t<meta property=\"og:image:width\" content=\"2560\" \/>\n\t<meta property=\"og:image:height\" content=\"1920\" \/>\n\t<meta property=\"og:image:type\" content=\"image\/jpeg\" \/>\n<meta name=\"author\" content=\"Ariana de Oliveira\" \/>\n<meta name=\"twitter:card\" content=\"summary_large_image\" \/>\n<meta name=\"twitter:label1\" content=\"Escrito por\" \/>\n\t<meta name=\"twitter:data1\" content=\"Ariana de Oliveira\" \/>\n\t<meta name=\"twitter:label2\" content=\"Est. tempo de leitura\" \/>\n\t<meta name=\"twitter:data2\" content=\"5 minutos\" \/>\n<script type=\"application\/ld+json\" class=\"yoast-schema-graph\">{\"@context\":\"https:\\\/\\\/schema.org\",\"@graph\":[{\"@type\":\"Article\",\"@id\":\"https:\\\/\\\/folhapopular.info\\\/index.php\\\/2024\\\/03\\\/06\\\/obras-devem-ser-retomadas-ate-15-de-abril-diz-ccr\\\/#article\",\"isPartOf\":{\"@id\":\"https:\\\/\\\/folhapopular.info\\\/index.php\\\/2024\\\/03\\\/06\\\/obras-devem-ser-retomadas-ate-15-de-abril-diz-ccr\\\/\"},\"author\":{\"name\":\"Ariana de Oliveira\",\"@id\":\"https:\\\/\\\/folhapopular.info\\\/#\\\/schema\\\/person\\\/e80d332e33633a6164933af03d7ee1b2\"},\"headline\":\"Obras devem ser retomadas at\u00e9 15 de abril, diz CCR\",\"datePublished\":\"2024-03-06T09:30:00+00:00\",\"mainEntityOfPage\":{\"@id\":\"https:\\\/\\\/folhapopular.info\\\/index.php\\\/2024\\\/03\\\/06\\\/obras-devem-ser-retomadas-ate-15-de-abril-diz-ccr\\\/\"},\"wordCount\":831,\"commentCount\":0,\"image\":{\"@id\":\"https:\\\/\\\/folhapopular.info\\\/index.php\\\/2024\\\/03\\\/06\\\/obras-devem-ser-retomadas-ate-15-de-abril-diz-ccr\\\/#primaryimage\"},\"thumbnailUrl\":\"https:\\\/\\\/folhapopular.info\\\/wp-content\\\/uploads\\\/2024\\\/03\\\/IMG_5836-scaled.jpg\",\"keywords\":[\"BR-386\",\"CCR Via Sul\",\"Duplica\u00e7\u00e3o\",\"Estrela\",\"Lajeado\",\"Vale do Taquari\"],\"articleSection\":[\"Destaques\",\"Geral\"],\"inLanguage\":\"pt-BR\",\"potentialAction\":[{\"@type\":\"CommentAction\",\"name\":\"Comment\",\"target\":[\"https:\\\/\\\/folhapopular.info\\\/index.php\\\/2024\\\/03\\\/06\\\/obras-devem-ser-retomadas-ate-15-de-abril-diz-ccr\\\/#respond\"]}]},{\"@type\":\"WebPage\",\"@id\":\"https:\\\/\\\/folhapopular.info\\\/index.php\\\/2024\\\/03\\\/06\\\/obras-devem-ser-retomadas-ate-15-de-abril-diz-ccr\\\/\",\"url\":\"https:\\\/\\\/folhapopular.info\\\/index.php\\\/2024\\\/03\\\/06\\\/obras-devem-ser-retomadas-ate-15-de-abril-diz-ccr\\\/\",\"name\":\"Obras devem ser retomadas at\u00e9 15 de abril, diz CCR - Folha Popular\",\"isPartOf\":{\"@id\":\"https:\\\/\\\/folhapopular.info\\\/#website\"},\"primaryImageOfPage\":{\"@id\":\"https:\\\/\\\/folhapopular.info\\\/index.php\\\/2024\\\/03\\\/06\\\/obras-devem-ser-retomadas-ate-15-de-abril-diz-ccr\\\/#primaryimage\"},\"image\":{\"@id\":\"https:\\\/\\\/folhapopular.info\\\/index.php\\\/2024\\\/03\\\/06\\\/obras-devem-ser-retomadas-ate-15-de-abril-diz-ccr\\\/#primaryimage\"},\"thumbnailUrl\":\"https:\\\/\\\/folhapopular.info\\\/wp-content\\\/uploads\\\/2024\\\/03\\\/IMG_5836-scaled.jpg\",\"datePublished\":\"2024-03-06T09:30:00+00:00\",\"author\":{\"@id\":\"https:\\\/\\\/folhapopular.info\\\/#\\\/schema\\\/person\\\/e80d332e33633a6164933af03d7ee1b2\"},\"breadcrumb\":{\"@id\":\"https:\\\/\\\/folhapopular.info\\\/index.php\\\/2024\\\/03\\\/06\\\/obras-devem-ser-retomadas-ate-15-de-abril-diz-ccr\\\/#breadcrumb\"},\"inLanguage\":\"pt-BR\",\"potentialAction\":[{\"@type\":\"ReadAction\",\"target\":[\"https:\\\/\\\/folhapopular.info\\\/index.php\\\/2024\\\/03\\\/06\\\/obras-devem-ser-retomadas-ate-15-de-abril-diz-ccr\\\/\"]}]},{\"@type\":\"ImageObject\",\"inLanguage\":\"pt-BR\",\"@id\":\"https:\\\/\\\/folhapopular.info\\\/index.php\\\/2024\\\/03\\\/06\\\/obras-devem-ser-retomadas-ate-15-de-abril-diz-ccr\\\/#primaryimage\",\"url\":\"https:\\\/\\\/folhapopular.info\\\/wp-content\\\/uploads\\\/2024\\\/03\\\/IMG_5836-scaled.jpg\",\"contentUrl\":\"https:\\\/\\\/folhapopular.info\\\/wp-content\\\/uploads\\\/2024\\\/03\\\/IMG_5836-scaled.jpg\",\"width\":2560,\"height\":1920,\"caption\":\"Cr\u00e9dito: Ariana de Oliveira\"},{\"@type\":\"BreadcrumbList\",\"@id\":\"https:\\\/\\\/folhapopular.info\\\/index.php\\\/2024\\\/03\\\/06\\\/obras-devem-ser-retomadas-ate-15-de-abril-diz-ccr\\\/#breadcrumb\",\"itemListElement\":[{\"@type\":\"ListItem\",\"position\":1,\"name\":\"In\u00edcio\",\"item\":\"https:\\\/\\\/folhapopular.info\\\/\"},{\"@type\":\"ListItem\",\"position\":2,\"name\":\"Obras devem ser retomadas at\u00e9 15 de abril, diz CCR\"}]},{\"@type\":\"WebSite\",\"@id\":\"https:\\\/\\\/folhapopular.info\\\/#website\",\"url\":\"https:\\\/\\\/folhapopular.info\\\/\",\"name\":\"Folha Popular\",\"description\":\"Onde voc\u00ea tem vez e voz\",\"potentialAction\":[{\"@type\":\"SearchAction\",\"target\":{\"@type\":\"EntryPoint\",\"urlTemplate\":\"https:\\\/\\\/folhapopular.info\\\/?s={search_term_string}\"},\"query-input\":{\"@type\":\"PropertyValueSpecification\",\"valueRequired\":true,\"valueName\":\"search_term_string\"}}],\"inLanguage\":\"pt-BR\"},{\"@type\":\"Person\",\"@id\":\"https:\\\/\\\/folhapopular.info\\\/#\\\/schema\\\/person\\\/e80d332e33633a6164933af03d7ee1b2\",\"name\":\"Ariana de Oliveira\",\"image\":{\"@type\":\"ImageObject\",\"inLanguage\":\"pt-BR\",\"@id\":\"https:\\\/\\\/secure.gravatar.com\\\/avatar\\\/f41f85ba276460e0a04f6d5aca07e53f273efeee7e662d9ef431432a18216f59?s=96&d=mm&r=g\",\"url\":\"https:\\\/\\\/secure.gravatar.com\\\/avatar\\\/f41f85ba276460e0a04f6d5aca07e53f273efeee7e662d9ef431432a18216f59?s=96&d=mm&r=g\",\"contentUrl\":\"https:\\\/\\\/secure.gravatar.com\\\/avatar\\\/f41f85ba276460e0a04f6d5aca07e53f273efeee7e662d9ef431432a18216f59?s=96&d=mm&r=g\",\"caption\":\"Ariana de Oliveira\"},\"url\":\"https:\\\/\\\/folhapopular.info\\\/index.php\\\/author\\\/ariana-deoliveiragmail-com\\\/\"}]}<\/script>\n<!-- \/ Yoast SEO plugin. -->","yoast_head_json":{"title":"Obras devem ser retomadas at\u00e9 15 de abril, diz CCR - Folha Popular","robots":{"index":"index","follow":"follow","max-snippet":"max-snippet:-1","max-image-preview":"max-image-preview:large","max-video-preview":"max-video-preview:-1"},"canonical":"https:\/\/folhapopular.info\/index.php\/2024\/03\/06\/obras-devem-ser-retomadas-ate-15-de-abril-diz-ccr\/","og_locale":"pt_BR","og_type":"article","og_title":"Obras devem ser retomadas at\u00e9 15 de abril, diz CCR - Folha Popular","og_description":"Desde 2021 a CCR ViaSul trabalha na duplica\u00e7\u00e3o do trecho de 20,3 quil\u00f4metros entre Marques de Souza e Lajeado. De acordo com o cronograma inicial, as obras deveriam estar finalizadas at\u00e9 fevereiro de 2023. Contudo, a Autoriza\u00e7\u00e3o de Supress\u00e3o Vegetal (ASV) concedida pelo Ibama aconteceu tr\u00eas meses depois. O novo prazo para a conclus\u00e3o foi [&hellip;]","og_url":"https:\/\/folhapopular.info\/index.php\/2024\/03\/06\/obras-devem-ser-retomadas-ate-15-de-abril-diz-ccr\/","og_site_name":"Folha Popular","article_published_time":"2024-03-06T09:30:00+00:00","og_image":[{"width":2560,"height":1920,"url":"https:\/\/folhapopular.info\/wp-content\/uploads\/2024\/03\/IMG_5836-scaled.jpg","type":"image\/jpeg"}],"author":"Ariana de Oliveira","twitter_card":"summary_large_image","twitter_misc":{"Escrito por":"Ariana de Oliveira","Est. tempo de leitura":"5 minutos"},"schema":{"@context":"https:\/\/schema.org","@graph":[{"@type":"Article","@id":"https:\/\/folhapopular.info\/index.php\/2024\/03\/06\/obras-devem-ser-retomadas-ate-15-de-abril-diz-ccr\/#article","isPartOf":{"@id":"https:\/\/folhapopular.info\/index.php\/2024\/03\/06\/obras-devem-ser-retomadas-ate-15-de-abril-diz-ccr\/"},"author":{"name":"Ariana de Oliveira","@id":"https:\/\/folhapopular.info\/#\/schema\/person\/e80d332e33633a6164933af03d7ee1b2"},"headline":"Obras devem ser retomadas at\u00e9 15 de abril, diz CCR","datePublished":"2024-03-06T09:30:00+00:00","mainEntityOfPage":{"@id":"https:\/\/folhapopular.info\/index.php\/2024\/03\/06\/obras-devem-ser-retomadas-ate-15-de-abril-diz-ccr\/"},"wordCount":831,"commentCount":0,"image":{"@id":"https:\/\/folhapopular.info\/index.php\/2024\/03\/06\/obras-devem-ser-retomadas-ate-15-de-abril-diz-ccr\/#primaryimage"},"thumbnailUrl":"https:\/\/folhapopular.info\/wp-content\/uploads\/2024\/03\/IMG_5836-scaled.jpg","keywords":["BR-386","CCR Via Sul","Duplica\u00e7\u00e3o","Estrela","Lajeado","Vale do Taquari"],"articleSection":["Destaques","Geral"],"inLanguage":"pt-BR","potentialAction":[{"@type":"CommentAction","name":"Comment","target":["https:\/\/folhapopular.info\/index.php\/2024\/03\/06\/obras-devem-ser-retomadas-ate-15-de-abril-diz-ccr\/#respond"]}]},{"@type":"WebPage","@id":"https:\/\/folhapopular.info\/index.php\/2024\/03\/06\/obras-devem-ser-retomadas-ate-15-de-abril-diz-ccr\/","url":"https:\/\/folhapopular.info\/index.php\/2024\/03\/06\/obras-devem-ser-retomadas-ate-15-de-abril-diz-ccr\/","name":"Obras devem ser retomadas at\u00e9 15 de abril, diz CCR - Folha Popular","isPartOf":{"@id":"https:\/\/folhapopular.info\/#website"},"primaryImageOfPage":{"@id":"https:\/\/folhapopular.info\/index.php\/2024\/03\/06\/obras-devem-ser-retomadas-ate-15-de-abril-diz-ccr\/#primaryimage"},"image":{"@id":"https:\/\/folhapopular.info\/index.php\/2024\/03\/06\/obras-devem-ser-retomadas-ate-15-de-abril-diz-ccr\/#primaryimage"},"thumbnailUrl":"https:\/\/folhapopular.info\/wp-content\/uploads\/2024\/03\/IMG_5836-scaled.jpg","datePublished":"2024-03-06T09:30:00+00:00","author":{"@id":"https:\/\/folhapopular.info\/#\/schema\/person\/e80d332e33633a6164933af03d7ee1b2"},"breadcrumb":{"@id":"https:\/\/folhapopular.info\/index.php\/2024\/03\/06\/obras-devem-ser-retomadas-ate-15-de-abril-diz-ccr\/#breadcrumb"},"inLanguage":"pt-BR","potentialAction":[{"@type":"ReadAction","target":["https:\/\/folhapopular.info\/index.php\/2024\/03\/06\/obras-devem-ser-retomadas-ate-15-de-abril-diz-ccr\/"]}]},{"@type":"ImageObject","inLanguage":"pt-BR","@id":"https:\/\/folhapopular.info\/index.php\/2024\/03\/06\/obras-devem-ser-retomadas-ate-15-de-abril-diz-ccr\/#primaryimage","url":"https:\/\/folhapopular.info\/wp-content\/uploads\/2024\/03\/IMG_5836-scaled.jpg","contentUrl":"https:\/\/folhapopular.info\/wp-content\/uploads\/2024\/03\/IMG_5836-scaled.jpg","width":2560,"height":1920,"caption":"Cr\u00e9dito: Ariana de Oliveira"},{"@type":"BreadcrumbList","@id":"https:\/\/folhapopular.info\/index.php\/2024\/03\/06\/obras-devem-ser-retomadas-ate-15-de-abril-diz-ccr\/#breadcrumb","itemListElement":[{"@type":"ListItem","position":1,"name":"In\u00edcio","item":"https:\/\/folhapopular.info\/"},{"@type":"ListItem","position":2,"name":"Obras devem ser retomadas at\u00e9 15 de abril, diz CCR"}]},{"@type":"WebSite","@id":"https:\/\/folhapopular.info\/#website","url":"https:\/\/folhapopular.info\/","name":"Folha Popular","description":"Onde voc\u00ea tem vez e voz","potentialAction":[{"@type":"SearchAction","target":{"@type":"EntryPoint","urlTemplate":"https:\/\/folhapopular.info\/?s={search_term_string}"},"query-input":{"@type":"PropertyValueSpecification","valueRequired":true,"valueName":"search_term_string"}}],"inLanguage":"pt-BR"},{"@type":"Person","@id":"https:\/\/folhapopular.info\/#\/schema\/person\/e80d332e33633a6164933af03d7ee1b2","name":"Ariana de Oliveira","image":{"@type":"ImageObject","inLanguage":"pt-BR","@id":"https:\/\/secure.gravatar.com\/avatar\/f41f85ba276460e0a04f6d5aca07e53f273efeee7e662d9ef431432a18216f59?s=96&d=mm&r=g","url":"https:\/\/secure.gravatar.com\/avatar\/f41f85ba276460e0a04f6d5aca07e53f273efeee7e662d9ef431432a18216f59?s=96&d=mm&r=g","contentUrl":"https:\/\/secure.gravatar.com\/avatar\/f41f85ba276460e0a04f6d5aca07e53f273efeee7e662d9ef431432a18216f59?s=96&d=mm&r=g","caption":"Ariana de Oliveira"},"url":"https:\/\/folhapopular.info\/index.php\/author\/ariana-deoliveiragmail-com\/"}]}},"jetpack_featured_media_url":"https:\/\/folhapopular.info\/wp-content\/uploads\/2024\/03\/IMG_5836-scaled.jpg","jetpack_sharing_enabled":true,"amp_enabled":true,"_links":{"self":[{"href":"https:\/\/folhapopular.info\/index.php\/wp-json\/wp\/v2\/posts\/152066","targetHints":{"allow":["GET"]}}],"collection":[{"href":"https:\/\/folhapopular.info\/index.php\/wp-json\/wp\/v2\/posts"}],"about":[{"href":"https:\/\/folhapopular.info\/index.php\/wp-json\/wp\/v2\/types\/post"}],"author":[{"embeddable":true,"href":"https:\/\/folhapopular.info\/index.php\/wp-json\/wp\/v2\/users\/707"}],"replies":[{"embeddable":true,"href":"https:\/\/folhapopular.info\/index.php\/wp-json\/wp\/v2\/comments?post=152066"}],"version-history":[{"count":0,"href":"https:\/\/folhapopular.info\/index.php\/wp-json\/wp\/v2\/posts\/152066\/revisions"}],"wp:featuredmedia":[{"embeddable":true,"href":"https:\/\/folhapopular.info\/index.php\/wp-json\/wp\/v2\/media\/152068"}],"wp:attachment":[{"href":"https:\/\/folhapopular.info\/index.php\/wp-json\/wp\/v2\/media?parent=152066"}],"wp:term":[{"taxonomy":"category","embeddable":true,"href":"https:\/\/folhapopular.info\/index.php\/wp-json\/wp\/v2\/categories?post=152066"},{"taxonomy":"post_tag","embeddable":true,"href":"https:\/\/folhapopular.info\/index.php\/wp-json\/wp\/v2\/tags?post=152066"}],"curies":[{"name":"wp","href":"https:\/\/api.w.org\/{rel}","templated":true}]}}