{"id":152074,"date":"2024-03-06T07:28:43","date_gmt":"2024-03-06T10:28:43","guid":{"rendered":"https:\/\/folhapopular.info\/?p=152074"},"modified":"2024-03-06T07:28:46","modified_gmt":"2024-03-06T10:28:46","slug":"morador-de-venancio-aires-sofre-ferimentos-durante-incendio-em-sua-residencia","status":"publish","type":"post","link":"https:\/\/folhapopular.info\/index.php\/2024\/03\/06\/morador-de-venancio-aires-sofre-ferimentos-durante-incendio-em-sua-residencia\/","title":{"rendered":"Morador de Ven\u00e2ncio Aires sofre ferimentos durante inc\u00eandio em sua resid\u00eancia"},"content":{"rendered":"\n<p>Um morador de Ven\u00e2ncio Aires sofreu ferimentos ap\u00f3s um inc\u00eandio em sua resid\u00eancia na noite desta ter\u00e7a-feira (5\/3).&nbsp;<\/p>\n\n\n\n<p>O Corpo de Bombeiros Militar foi acionado \u00e0s 21h10 e se dirigiu at\u00e9 a propriedade localizada na Rua Paul Harris, no Bairro Coronel Brito. A corpora\u00e7\u00e3o avaliou a cena e constatou que se tratava de um inc\u00eandio no quiosque, nos fundos da resid\u00eancia.<\/p>\n\n\n\n<p>O foco do sinistro se concentrou no canto da churrasqueira e em um autom\u00f3vel Toyota Corolla. Foram utilizados 7 mil litros de \u00e1gua at\u00e9 o rescaldo.<\/p>\n\n\n\n<p>O propriet\u00e1rio, de 43 anos de idade, sofreu queimaduras no rosto e nas m\u00e3os, sendo orientado a procurar atendimento m\u00e9dico. Ele se dirigiu com meios pr\u00f3prios at\u00e9 a Unidade de Pronto Atendimento (UPA), no Bairro Cruzeiro.<\/p>\n\n\n\n<p>Al\u00e9m do autom\u00f3vel, foram danificados alguns m\u00f3veis, geladeira, ferramentas, m\u00e1quina de lavar roupas e outros utens\u00edlios.<\/p>\n","protected":false},"excerpt":{"rendered":"<p>Um morador de Ven\u00e2ncio Aires sofreu ferimentos ap\u00f3s um inc\u00eandio em sua resid\u00eancia na noite desta ter\u00e7a-feira (5\/3).&nbsp; O Corpo de Bombeiros Militar foi acionado \u00e0s 21h10 e se dirigiu at\u00e9 a propriedade localizada na Rua Paul Harris, no Bairro Coronel Brito. A corpora\u00e7\u00e3o avaliou a cena e constatou que se tratava de um inc\u00eandio [&hellip;]<\/p>\n","protected":false},"author":8,"featured_media":152075,"comment_status":"open","ping_status":"open","sticky":false,"template":"","format":"standard","meta":{"pmpro_default_level":"","_jetpack_memberships_contains_paid_content":false,"footnotes":""},"categories":[10984,7],"tags":[775,42,11692,708],"class_list":{"0":"post-152074","1":"post","2":"type-post","3":"status-publish","4":"format-standard","5":"has-post-thumbnail","7":"category-bombeiros","8":"category-seguranca","9":"tag-fogo","10":"tag-incendio","11":"tag-morador","12":"tag-venancio-aires","13":"pmpro-has-access"},"yoast_head":"<!-- This site is optimized with the Yoast SEO plugin v27.5 - https:\/\/yoast.com\/product\/yoast-seo-wordpress\/ -->\n<title>Morador de Ven\u00e2ncio Aires sofre ferimentos durante inc\u00eandio em sua resid\u00eancia - Folha Popular<\/title>\n<meta name=\"robots\" content=\"index, follow, max-snippet:-1, max-image-preview:large, max-video-preview:-1\" \/>\n<link rel=\"canonical\" href=\"https:\/\/folhapopular.info\/index.php\/2024\/03\/06\/morador-de-venancio-aires-sofre-ferimentos-durante-incendio-em-sua-residencia\/\" \/>\n<meta property=\"og:locale\" content=\"pt_BR\" \/>\n<meta property=\"og:type\" content=\"article\" \/>\n<meta property=\"og:title\" content=\"Morador de Ven\u00e2ncio Aires sofre ferimentos durante inc\u00eandio em sua resid\u00eancia - Folha Popular\" \/>\n<meta property=\"og:description\" content=\"Um morador de Ven\u00e2ncio Aires sofreu ferimentos ap\u00f3s um inc\u00eandio em sua resid\u00eancia na noite desta ter\u00e7a-feira (5\/3).&nbsp; O Corpo de Bombeiros Militar foi acionado \u00e0s 21h10 e se dirigiu at\u00e9 a propriedade localizada na Rua Paul Harris, no Bairro Coronel Brito. A corpora\u00e7\u00e3o avaliou a cena e constatou que se tratava de um inc\u00eandio [&hellip;]\" \/>\n<meta property=\"og:url\" content=\"https:\/\/folhapopular.info\/index.php\/2024\/03\/06\/morador-de-venancio-aires-sofre-ferimentos-durante-incendio-em-sua-residencia\/\" \/>\n<meta property=\"og:site_name\" content=\"Folha Popular\" \/>\n<meta property=\"article:published_time\" content=\"2024-03-06T10:28:43+00:00\" \/>\n<meta property=\"article:modified_time\" content=\"2024-03-06T10:28:46+00:00\" \/>\n<meta property=\"og:image\" content=\"http:\/\/folhapopular.info\/wp-content\/uploads\/2024\/03\/WhatsApp-Image-2024-03-06-at-00.09.30.jpeg\" \/>\n\t<meta property=\"og:image:width\" content=\"899\" \/>\n\t<meta property=\"og:image:height\" content=\"1599\" \/>\n\t<meta property=\"og:image:type\" content=\"image\/jpeg\" \/>\n<meta name=\"author\" content=\"Reda\u00e7\u00e3o Folha Popular\" \/>\n<meta name=\"twitter:card\" content=\"summary_large_image\" \/>\n<meta name=\"twitter:label1\" content=\"Escrito por\" \/>\n\t<meta name=\"twitter:data1\" content=\"Reda\u00e7\u00e3o Folha Popular\" \/>\n\t<meta name=\"twitter:label2\" content=\"Est. tempo de leitura\" \/>\n\t<meta name=\"twitter:data2\" content=\"1 minuto\" \/>\n<script type=\"application\/ld+json\" class=\"yoast-schema-graph\">{\"@context\":\"https:\\\/\\\/schema.org\",\"@graph\":[{\"@type\":\"Article\",\"@id\":\"https:\\\/\\\/folhapopular.info\\\/index.php\\\/2024\\\/03\\\/06\\\/morador-de-venancio-aires-sofre-ferimentos-durante-incendio-em-sua-residencia\\\/#article\",\"isPartOf\":{\"@id\":\"https:\\\/\\\/folhapopular.info\\\/index.php\\\/2024\\\/03\\\/06\\\/morador-de-venancio-aires-sofre-ferimentos-durante-incendio-em-sua-residencia\\\/\"},\"author\":{\"name\":\"Reda\u00e7\u00e3o Folha Popular\",\"@id\":\"https:\\\/\\\/folhapopular.info\\\/#\\\/schema\\\/person\\\/2814e8a0df7643585a9ca38bc6eb9d4b\"},\"headline\":\"Morador de Ven\u00e2ncio Aires sofre ferimentos durante inc\u00eandio em sua resid\u00eancia\",\"datePublished\":\"2024-03-06T10:28:43+00:00\",\"dateModified\":\"2024-03-06T10:28:46+00:00\",\"mainEntityOfPage\":{\"@id\":\"https:\\\/\\\/folhapopular.info\\\/index.php\\\/2024\\\/03\\\/06\\\/morador-de-venancio-aires-sofre-ferimentos-durante-incendio-em-sua-residencia\\\/\"},\"wordCount\":169,\"commentCount\":0,\"image\":{\"@id\":\"https:\\\/\\\/folhapopular.info\\\/index.php\\\/2024\\\/03\\\/06\\\/morador-de-venancio-aires-sofre-ferimentos-durante-incendio-em-sua-residencia\\\/#primaryimage\"},\"thumbnailUrl\":\"https:\\\/\\\/folhapopular.info\\\/wp-content\\\/uploads\\\/2024\\\/03\\\/WhatsApp-Image-2024-03-06-at-00.09.30.jpeg\",\"keywords\":[\"fogo\",\"Inc\u00eandio\",\"Morador\",\"Ven\u00e2ncio Aires\"],\"articleSection\":[\"Bombeiros\",\"Seguran\u00e7a\"],\"inLanguage\":\"pt-BR\",\"potentialAction\":[{\"@type\":\"CommentAction\",\"name\":\"Comment\",\"target\":[\"https:\\\/\\\/folhapopular.info\\\/index.php\\\/2024\\\/03\\\/06\\\/morador-de-venancio-aires-sofre-ferimentos-durante-incendio-em-sua-residencia\\\/#respond\"]}]},{\"@type\":\"WebPage\",\"@id\":\"https:\\\/\\\/folhapopular.info\\\/index.php\\\/2024\\\/03\\\/06\\\/morador-de-venancio-aires-sofre-ferimentos-durante-incendio-em-sua-residencia\\\/\",\"url\":\"https:\\\/\\\/folhapopular.info\\\/index.php\\\/2024\\\/03\\\/06\\\/morador-de-venancio-aires-sofre-ferimentos-durante-incendio-em-sua-residencia\\\/\",\"name\":\"Morador de Ven\u00e2ncio Aires sofre ferimentos durante inc\u00eandio em sua resid\u00eancia - Folha Popular\",\"isPartOf\":{\"@id\":\"https:\\\/\\\/folhapopular.info\\\/#website\"},\"primaryImageOfPage\":{\"@id\":\"https:\\\/\\\/folhapopular.info\\\/index.php\\\/2024\\\/03\\\/06\\\/morador-de-venancio-aires-sofre-ferimentos-durante-incendio-em-sua-residencia\\\/#primaryimage\"},\"image\":{\"@id\":\"https:\\\/\\\/folhapopular.info\\\/index.php\\\/2024\\\/03\\\/06\\\/morador-de-venancio-aires-sofre-ferimentos-durante-incendio-em-sua-residencia\\\/#primaryimage\"},\"thumbnailUrl\":\"https:\\\/\\\/folhapopular.info\\\/wp-content\\\/uploads\\\/2024\\\/03\\\/WhatsApp-Image-2024-03-06-at-00.09.30.jpeg\",\"datePublished\":\"2024-03-06T10:28:43+00:00\",\"dateModified\":\"2024-03-06T10:28:46+00:00\",\"author\":{\"@id\":\"https:\\\/\\\/folhapopular.info\\\/#\\\/schema\\\/person\\\/2814e8a0df7643585a9ca38bc6eb9d4b\"},\"breadcrumb\":{\"@id\":\"https:\\\/\\\/folhapopular.info\\\/index.php\\\/2024\\\/03\\\/06\\\/morador-de-venancio-aires-sofre-ferimentos-durante-incendio-em-sua-residencia\\\/#breadcrumb\"},\"inLanguage\":\"pt-BR\",\"potentialAction\":[{\"@type\":\"ReadAction\",\"target\":[\"https:\\\/\\\/folhapopular.info\\\/index.php\\\/2024\\\/03\\\/06\\\/morador-de-venancio-aires-sofre-ferimentos-durante-incendio-em-sua-residencia\\\/\"]}]},{\"@type\":\"ImageObject\",\"inLanguage\":\"pt-BR\",\"@id\":\"https:\\\/\\\/folhapopular.info\\\/index.php\\\/2024\\\/03\\\/06\\\/morador-de-venancio-aires-sofre-ferimentos-durante-incendio-em-sua-residencia\\\/#primaryimage\",\"url\":\"https:\\\/\\\/folhapopular.info\\\/wp-content\\\/uploads\\\/2024\\\/03\\\/WhatsApp-Image-2024-03-06-at-00.09.30.jpeg\",\"contentUrl\":\"https:\\\/\\\/folhapopular.info\\\/wp-content\\\/uploads\\\/2024\\\/03\\\/WhatsApp-Image-2024-03-06-at-00.09.30.jpeg\",\"width\":899,\"height\":1599,\"caption\":\"Cr\u00e9dito: Bombeiros Militares \\\/ Divulga\u00e7\u00e3o\"},{\"@type\":\"BreadcrumbList\",\"@id\":\"https:\\\/\\\/folhapopular.info\\\/index.php\\\/2024\\\/03\\\/06\\\/morador-de-venancio-aires-sofre-ferimentos-durante-incendio-em-sua-residencia\\\/#breadcrumb\",\"itemListElement\":[{\"@type\":\"ListItem\",\"position\":1,\"name\":\"In\u00edcio\",\"item\":\"https:\\\/\\\/folhapopular.info\\\/\"},{\"@type\":\"ListItem\",\"position\":2,\"name\":\"Morador de Ven\u00e2ncio Aires sofre ferimentos durante inc\u00eandio em sua resid\u00eancia\"}]},{\"@type\":\"WebSite\",\"@id\":\"https:\\\/\\\/folhapopular.info\\\/#website\",\"url\":\"https:\\\/\\\/folhapopular.info\\\/\",\"name\":\"Folha Popular\",\"description\":\"Onde voc\u00ea tem vez e voz\",\"potentialAction\":[{\"@type\":\"SearchAction\",\"target\":{\"@type\":\"EntryPoint\",\"urlTemplate\":\"https:\\\/\\\/folhapopular.info\\\/?s={search_term_string}\"},\"query-input\":{\"@type\":\"PropertyValueSpecification\",\"valueRequired\":true,\"valueName\":\"search_term_string\"}}],\"inLanguage\":\"pt-BR\"},{\"@type\":\"Person\",\"@id\":\"https:\\\/\\\/folhapopular.info\\\/#\\\/schema\\\/person\\\/2814e8a0df7643585a9ca38bc6eb9d4b\",\"name\":\"Reda\u00e7\u00e3o Folha Popular\",\"image\":{\"@type\":\"ImageObject\",\"inLanguage\":\"pt-BR\",\"@id\":\"https:\\\/\\\/folhapopular.info\\\/wp-content\\\/uploads\\\/2026\\\/04\\\/Folha-1.webp\",\"url\":\"https:\\\/\\\/folhapopular.info\\\/wp-content\\\/uploads\\\/2026\\\/04\\\/Folha-1.webp\",\"contentUrl\":\"https:\\\/\\\/folhapopular.info\\\/wp-content\\\/uploads\\\/2026\\\/04\\\/Folha-1.webp\",\"caption\":\"Reda\u00e7\u00e3o Folha Popular\"},\"url\":\"https:\\\/\\\/folhapopular.info\\\/index.php\\\/author\\\/redacao\\\/\"}]}<\/script>\n<!-- \/ Yoast SEO plugin. -->","yoast_head_json":{"title":"Morador de Ven\u00e2ncio Aires sofre ferimentos durante inc\u00eandio em sua resid\u00eancia - Folha Popular","robots":{"index":"index","follow":"follow","max-snippet":"max-snippet:-1","max-image-preview":"max-image-preview:large","max-video-preview":"max-video-preview:-1"},"canonical":"https:\/\/folhapopular.info\/index.php\/2024\/03\/06\/morador-de-venancio-aires-sofre-ferimentos-durante-incendio-em-sua-residencia\/","og_locale":"pt_BR","og_type":"article","og_title":"Morador de Ven\u00e2ncio Aires sofre ferimentos durante inc\u00eandio em sua resid\u00eancia - Folha Popular","og_description":"Um morador de Ven\u00e2ncio Aires sofreu ferimentos ap\u00f3s um inc\u00eandio em sua resid\u00eancia na noite desta ter\u00e7a-feira (5\/3).&nbsp; O Corpo de Bombeiros Militar foi acionado \u00e0s 21h10 e se dirigiu at\u00e9 a propriedade localizada na Rua Paul Harris, no Bairro Coronel Brito. A corpora\u00e7\u00e3o avaliou a cena e constatou que se tratava de um inc\u00eandio [&hellip;]","og_url":"https:\/\/folhapopular.info\/index.php\/2024\/03\/06\/morador-de-venancio-aires-sofre-ferimentos-durante-incendio-em-sua-residencia\/","og_site_name":"Folha Popular","article_published_time":"2024-03-06T10:28:43+00:00","article_modified_time":"2024-03-06T10:28:46+00:00","og_image":[{"width":899,"height":1599,"url":"http:\/\/folhapopular.info\/wp-content\/uploads\/2024\/03\/WhatsApp-Image-2024-03-06-at-00.09.30.jpeg","type":"image\/jpeg"}],"author":"Reda\u00e7\u00e3o Folha Popular","twitter_card":"summary_large_image","twitter_misc":{"Escrito por":"Reda\u00e7\u00e3o Folha Popular","Est. tempo de leitura":"1 minuto"},"schema":{"@context":"https:\/\/schema.org","@graph":[{"@type":"Article","@id":"https:\/\/folhapopular.info\/index.php\/2024\/03\/06\/morador-de-venancio-aires-sofre-ferimentos-durante-incendio-em-sua-residencia\/#article","isPartOf":{"@id":"https:\/\/folhapopular.info\/index.php\/2024\/03\/06\/morador-de-venancio-aires-sofre-ferimentos-durante-incendio-em-sua-residencia\/"},"author":{"name":"Reda\u00e7\u00e3o Folha Popular","@id":"https:\/\/folhapopular.info\/#\/schema\/person\/2814e8a0df7643585a9ca38bc6eb9d4b"},"headline":"Morador de Ven\u00e2ncio Aires sofre ferimentos durante inc\u00eandio em sua resid\u00eancia","datePublished":"2024-03-06T10:28:43+00:00","dateModified":"2024-03-06T10:28:46+00:00","mainEntityOfPage":{"@id":"https:\/\/folhapopular.info\/index.php\/2024\/03\/06\/morador-de-venancio-aires-sofre-ferimentos-durante-incendio-em-sua-residencia\/"},"wordCount":169,"commentCount":0,"image":{"@id":"https:\/\/folhapopular.info\/index.php\/2024\/03\/06\/morador-de-venancio-aires-sofre-ferimentos-durante-incendio-em-sua-residencia\/#primaryimage"},"thumbnailUrl":"https:\/\/folhapopular.info\/wp-content\/uploads\/2024\/03\/WhatsApp-Image-2024-03-06-at-00.09.30.jpeg","keywords":["fogo","Inc\u00eandio","Morador","Ven\u00e2ncio Aires"],"articleSection":["Bombeiros","Seguran\u00e7a"],"inLanguage":"pt-BR","potentialAction":[{"@type":"CommentAction","name":"Comment","target":["https:\/\/folhapopular.info\/index.php\/2024\/03\/06\/morador-de-venancio-aires-sofre-ferimentos-durante-incendio-em-sua-residencia\/#respond"]}]},{"@type":"WebPage","@id":"https:\/\/folhapopular.info\/index.php\/2024\/03\/06\/morador-de-venancio-aires-sofre-ferimentos-durante-incendio-em-sua-residencia\/","url":"https:\/\/folhapopular.info\/index.php\/2024\/03\/06\/morador-de-venancio-aires-sofre-ferimentos-durante-incendio-em-sua-residencia\/","name":"Morador de Ven\u00e2ncio Aires sofre ferimentos durante inc\u00eandio em sua resid\u00eancia - Folha Popular","isPartOf":{"@id":"https:\/\/folhapopular.info\/#website"},"primaryImageOfPage":{"@id":"https:\/\/folhapopular.info\/index.php\/2024\/03\/06\/morador-de-venancio-aires-sofre-ferimentos-durante-incendio-em-sua-residencia\/#primaryimage"},"image":{"@id":"https:\/\/folhapopular.info\/index.php\/2024\/03\/06\/morador-de-venancio-aires-sofre-ferimentos-durante-incendio-em-sua-residencia\/#primaryimage"},"thumbnailUrl":"https:\/\/folhapopular.info\/wp-content\/uploads\/2024\/03\/WhatsApp-Image-2024-03-06-at-00.09.30.jpeg","datePublished":"2024-03-06T10:28:43+00:00","dateModified":"2024-03-06T10:28:46+00:00","author":{"@id":"https:\/\/folhapopular.info\/#\/schema\/person\/2814e8a0df7643585a9ca38bc6eb9d4b"},"breadcrumb":{"@id":"https:\/\/folhapopular.info\/index.php\/2024\/03\/06\/morador-de-venancio-aires-sofre-ferimentos-durante-incendio-em-sua-residencia\/#breadcrumb"},"inLanguage":"pt-BR","potentialAction":[{"@type":"ReadAction","target":["https:\/\/folhapopular.info\/index.php\/2024\/03\/06\/morador-de-venancio-aires-sofre-ferimentos-durante-incendio-em-sua-residencia\/"]}]},{"@type":"ImageObject","inLanguage":"pt-BR","@id":"https:\/\/folhapopular.info\/index.php\/2024\/03\/06\/morador-de-venancio-aires-sofre-ferimentos-durante-incendio-em-sua-residencia\/#primaryimage","url":"https:\/\/folhapopular.info\/wp-content\/uploads\/2024\/03\/WhatsApp-Image-2024-03-06-at-00.09.30.jpeg","contentUrl":"https:\/\/folhapopular.info\/wp-content\/uploads\/2024\/03\/WhatsApp-Image-2024-03-06-at-00.09.30.jpeg","width":899,"height":1599,"caption":"Cr\u00e9dito: Bombeiros Militares \/ Divulga\u00e7\u00e3o"},{"@type":"BreadcrumbList","@id":"https:\/\/folhapopular.info\/index.php\/2024\/03\/06\/morador-de-venancio-aires-sofre-ferimentos-durante-incendio-em-sua-residencia\/#breadcrumb","itemListElement":[{"@type":"ListItem","position":1,"name":"In\u00edcio","item":"https:\/\/folhapopular.info\/"},{"@type":"ListItem","position":2,"name":"Morador de Ven\u00e2ncio Aires sofre ferimentos durante inc\u00eandio em sua resid\u00eancia"}]},{"@type":"WebSite","@id":"https:\/\/folhapopular.info\/#website","url":"https:\/\/folhapopular.info\/","name":"Folha Popular","description":"Onde voc\u00ea tem vez e voz","potentialAction":[{"@type":"SearchAction","target":{"@type":"EntryPoint","urlTemplate":"https:\/\/folhapopular.info\/?s={search_term_string}"},"query-input":{"@type":"PropertyValueSpecification","valueRequired":true,"valueName":"search_term_string"}}],"inLanguage":"pt-BR"},{"@type":"Person","@id":"https:\/\/folhapopular.info\/#\/schema\/person\/2814e8a0df7643585a9ca38bc6eb9d4b","name":"Reda\u00e7\u00e3o Folha Popular","image":{"@type":"ImageObject","inLanguage":"pt-BR","@id":"https:\/\/folhapopular.info\/wp-content\/uploads\/2026\/04\/Folha-1.webp","url":"https:\/\/folhapopular.info\/wp-content\/uploads\/2026\/04\/Folha-1.webp","contentUrl":"https:\/\/folhapopular.info\/wp-content\/uploads\/2026\/04\/Folha-1.webp","caption":"Reda\u00e7\u00e3o Folha Popular"},"url":"https:\/\/folhapopular.info\/index.php\/author\/redacao\/"}]}},"jetpack_featured_media_url":"https:\/\/folhapopular.info\/wp-content\/uploads\/2024\/03\/WhatsApp-Image-2024-03-06-at-00.09.30.jpeg","jetpack_sharing_enabled":true,"amp_enabled":true,"_links":{"self":[{"href":"https:\/\/folhapopular.info\/index.php\/wp-json\/wp\/v2\/posts\/152074","targetHints":{"allow":["GET"]}}],"collection":[{"href":"https:\/\/folhapopular.info\/index.php\/wp-json\/wp\/v2\/posts"}],"about":[{"href":"https:\/\/folhapopular.info\/index.php\/wp-json\/wp\/v2\/types\/post"}],"author":[{"embeddable":true,"href":"https:\/\/folhapopular.info\/index.php\/wp-json\/wp\/v2\/users\/8"}],"replies":[{"embeddable":true,"href":"https:\/\/folhapopular.info\/index.php\/wp-json\/wp\/v2\/comments?post=152074"}],"version-history":[{"count":0,"href":"https:\/\/folhapopular.info\/index.php\/wp-json\/wp\/v2\/posts\/152074\/revisions"}],"wp:featuredmedia":[{"embeddable":true,"href":"https:\/\/folhapopular.info\/index.php\/wp-json\/wp\/v2\/media\/152075"}],"wp:attachment":[{"href":"https:\/\/folhapopular.info\/index.php\/wp-json\/wp\/v2\/media?parent=152074"}],"wp:term":[{"taxonomy":"category","embeddable":true,"href":"https:\/\/folhapopular.info\/index.php\/wp-json\/wp\/v2\/categories?post=152074"},{"taxonomy":"post_tag","embeddable":true,"href":"https:\/\/folhapopular.info\/index.php\/wp-json\/wp\/v2\/tags?post=152074"}],"curies":[{"name":"wp","href":"https:\/\/api.w.org\/{rel}","templated":true}]}}