{"id":152106,"date":"2024-03-06T11:15:00","date_gmt":"2024-03-06T14:15:00","guid":{"rendered":"https:\/\/folhapopular.info\/?p=152106"},"modified":"2024-03-06T10:49:58","modified_gmt":"2024-03-06T13:49:58","slug":"colinas-sedia-o-3o-encontro-de-campismo-reflorescer","status":"publish","type":"post","link":"https:\/\/folhapopular.info\/index.php\/2024\/03\/06\/colinas-sedia-o-3o-encontro-de-campismo-reflorescer\/","title":{"rendered":"Colinas Sedia o 3\u00ba Encontro de Campismo &#8220;Reflorescer&#8221;"},"content":{"rendered":"\n<p>O munic\u00edpio de Colinas se prepara para receber campistas e amantes da natureza no 3\u00ba Encontro de Campismo &#8220;Reflorescer&#8221;, que acontecer\u00e1 de 8 a 10 de mar\u00e7o, no Parque de Rodeios da cidade. O evento promete ser um espa\u00e7o de lazer e confraterniza\u00e7\u00e3o para todos os participantes.<\/p>\n\n\n\n<p>A abertura do encontro est\u00e1 marcada para sexta-feira, com um luau que promete combinar m\u00fasica, gastronomia e boa conversa. O destaque da noite fica por conta do cachorro-quente gourmet ao valor de 15 reais cada. Para aqueles que apreciam um bom drink, o s\u00e1bado pela manh\u00e3 reserva um concurso de caipirinhas e drinks, promovendo um momento de divers\u00e3o e criatividade entre os campistas<br><\/p>\n\n\n\n<p>Ap\u00f3s a competi\u00e7\u00e3o ser\u00e1 realizado um churrasco ao custo de 28 reais por pessoa, uma oportunidade para todos saborearem a tradicional gastronomia do sul. As reservas, tanto para o churrasco quanto para o cachorro-quente, podem ser feitas antecipadamente com Marisa Esp\u00edndola, pelo n\u00famero (51)99557.3696.<\/p>\n\n\n\n<p>Confira a programa\u00e7\u00e3o detalhada:<\/p>\n\n\n\n<p>08 de mar\u00e7o &#8211; sexta-feira<br>In\u00edcio do encontro<br>Recep\u00e7\u00e3o<br>19 horas \u2013 Luau com cachorro-quente gourmet<\/p>\n\n\n\n<p>09 de mar\u00e7o \u2013 s\u00e1bado<br>11 horas &#8211; concurso de melhor caipirinha e drink<br>11h30min \u2013 abertura oficial com presen\u00e7a do prefeito municipal<br>12 horas \u2013 churrasco (cada participante deve levar seus talheres e pratos, assim como uma salada e acompanhamentos para compartilhar)<\/p>\n","protected":false},"excerpt":{"rendered":"<p>O munic\u00edpio de Colinas se prepara para receber campistas e amantes da natureza no 3\u00ba Encontro de Campismo &#8220;Reflorescer&#8221;, que acontecer\u00e1 de 8 a 10 de mar\u00e7o, no Parque de Rodeios da cidade. O evento promete ser um espa\u00e7o de lazer e confraterniza\u00e7\u00e3o para todos os participantes. A abertura do encontro est\u00e1 marcada para sexta-feira, [&hellip;]<\/p>\n","protected":false},"author":8,"featured_media":152107,"comment_status":"open","ping_status":"open","sticky":false,"template":"","format":"standard","meta":{"pmpro_default_level":"","_jetpack_memberships_contains_paid_content":false,"footnotes":""},"categories":[2,10999,6],"tags":[183],"class_list":{"0":"post-152106","1":"post","2":"type-post","3":"status-publish","4":"format-standard","5":"has-post-thumbnail","7":"category-featured","8":"category-entretenimento","9":"category-inclusive","10":"tag-colinas","11":"pmpro-has-access"},"yoast_head":"<!-- This site is optimized with the Yoast SEO plugin v27.5 - https:\/\/yoast.com\/product\/yoast-seo-wordpress\/ -->\n<title>Colinas Sedia o 3\u00ba Encontro de Campismo &quot;Reflorescer&quot; - Folha Popular<\/title>\n<meta name=\"robots\" content=\"index, follow, max-snippet:-1, max-image-preview:large, max-video-preview:-1\" \/>\n<link rel=\"canonical\" href=\"https:\/\/folhapopular.info\/index.php\/2024\/03\/06\/colinas-sedia-o-3o-encontro-de-campismo-reflorescer\/\" \/>\n<meta property=\"og:locale\" content=\"pt_BR\" \/>\n<meta property=\"og:type\" content=\"article\" \/>\n<meta property=\"og:title\" content=\"Colinas Sedia o 3\u00ba Encontro de Campismo &quot;Reflorescer&quot; - Folha Popular\" \/>\n<meta property=\"og:description\" content=\"O munic\u00edpio de Colinas se prepara para receber campistas e amantes da natureza no 3\u00ba Encontro de Campismo &#8220;Reflorescer&#8221;, que acontecer\u00e1 de 8 a 10 de mar\u00e7o, no Parque de Rodeios da cidade. O evento promete ser um espa\u00e7o de lazer e confraterniza\u00e7\u00e3o para todos os participantes. A abertura do encontro est\u00e1 marcada para sexta-feira, [&hellip;]\" \/>\n<meta property=\"og:url\" content=\"https:\/\/folhapopular.info\/index.php\/2024\/03\/06\/colinas-sedia-o-3o-encontro-de-campismo-reflorescer\/\" \/>\n<meta property=\"og:site_name\" content=\"Folha Popular\" \/>\n<meta property=\"article:published_time\" content=\"2024-03-06T14:15:00+00:00\" \/>\n<meta property=\"og:image\" content=\"https:\/\/folhapopular.info\/wp-content\/uploads\/2024\/03\/WhatsApp-Image-2024-03-06-at-10.33.34.jpeg\" \/>\n\t<meta property=\"og:image:width\" content=\"1280\" \/>\n\t<meta property=\"og:image:height\" content=\"853\" \/>\n\t<meta property=\"og:image:type\" content=\"image\/jpeg\" \/>\n<meta name=\"author\" content=\"Reda\u00e7\u00e3o Folha Popular\" \/>\n<meta name=\"twitter:card\" content=\"summary_large_image\" \/>\n<meta name=\"twitter:label1\" content=\"Escrito por\" \/>\n\t<meta name=\"twitter:data1\" content=\"Reda\u00e7\u00e3o Folha Popular\" \/>\n\t<meta name=\"twitter:label2\" content=\"Est. tempo de leitura\" \/>\n\t<meta name=\"twitter:data2\" content=\"2 minutos\" \/>\n<script type=\"application\/ld+json\" class=\"yoast-schema-graph\">{\"@context\":\"https:\\\/\\\/schema.org\",\"@graph\":[{\"@type\":\"Article\",\"@id\":\"https:\\\/\\\/folhapopular.info\\\/index.php\\\/2024\\\/03\\\/06\\\/colinas-sedia-o-3o-encontro-de-campismo-reflorescer\\\/#article\",\"isPartOf\":{\"@id\":\"https:\\\/\\\/folhapopular.info\\\/index.php\\\/2024\\\/03\\\/06\\\/colinas-sedia-o-3o-encontro-de-campismo-reflorescer\\\/\"},\"author\":{\"name\":\"Reda\u00e7\u00e3o Folha Popular\",\"@id\":\"https:\\\/\\\/folhapopular.info\\\/#\\\/schema\\\/person\\\/2814e8a0df7643585a9ca38bc6eb9d4b\"},\"headline\":\"Colinas Sedia o 3\u00ba Encontro de Campismo &#8220;Reflorescer&#8221;\",\"datePublished\":\"2024-03-06T14:15:00+00:00\",\"mainEntityOfPage\":{\"@id\":\"https:\\\/\\\/folhapopular.info\\\/index.php\\\/2024\\\/03\\\/06\\\/colinas-sedia-o-3o-encontro-de-campismo-reflorescer\\\/\"},\"wordCount\":226,\"commentCount\":0,\"image\":{\"@id\":\"https:\\\/\\\/folhapopular.info\\\/index.php\\\/2024\\\/03\\\/06\\\/colinas-sedia-o-3o-encontro-de-campismo-reflorescer\\\/#primaryimage\"},\"thumbnailUrl\":\"https:\\\/\\\/folhapopular.info\\\/wp-content\\\/uploads\\\/2024\\\/03\\\/WhatsApp-Image-2024-03-06-at-10.33.34.jpeg\",\"keywords\":[\"Colinas\"],\"articleSection\":[\"Destaques\",\"Entretenimento\",\"Inclusive\"],\"inLanguage\":\"pt-BR\",\"potentialAction\":[{\"@type\":\"CommentAction\",\"name\":\"Comment\",\"target\":[\"https:\\\/\\\/folhapopular.info\\\/index.php\\\/2024\\\/03\\\/06\\\/colinas-sedia-o-3o-encontro-de-campismo-reflorescer\\\/#respond\"]}]},{\"@type\":\"WebPage\",\"@id\":\"https:\\\/\\\/folhapopular.info\\\/index.php\\\/2024\\\/03\\\/06\\\/colinas-sedia-o-3o-encontro-de-campismo-reflorescer\\\/\",\"url\":\"https:\\\/\\\/folhapopular.info\\\/index.php\\\/2024\\\/03\\\/06\\\/colinas-sedia-o-3o-encontro-de-campismo-reflorescer\\\/\",\"name\":\"Colinas Sedia o 3\u00ba Encontro de Campismo \\\"Reflorescer\\\" - Folha Popular\",\"isPartOf\":{\"@id\":\"https:\\\/\\\/folhapopular.info\\\/#website\"},\"primaryImageOfPage\":{\"@id\":\"https:\\\/\\\/folhapopular.info\\\/index.php\\\/2024\\\/03\\\/06\\\/colinas-sedia-o-3o-encontro-de-campismo-reflorescer\\\/#primaryimage\"},\"image\":{\"@id\":\"https:\\\/\\\/folhapopular.info\\\/index.php\\\/2024\\\/03\\\/06\\\/colinas-sedia-o-3o-encontro-de-campismo-reflorescer\\\/#primaryimage\"},\"thumbnailUrl\":\"https:\\\/\\\/folhapopular.info\\\/wp-content\\\/uploads\\\/2024\\\/03\\\/WhatsApp-Image-2024-03-06-at-10.33.34.jpeg\",\"datePublished\":\"2024-03-06T14:15:00+00:00\",\"author\":{\"@id\":\"https:\\\/\\\/folhapopular.info\\\/#\\\/schema\\\/person\\\/2814e8a0df7643585a9ca38bc6eb9d4b\"},\"breadcrumb\":{\"@id\":\"https:\\\/\\\/folhapopular.info\\\/index.php\\\/2024\\\/03\\\/06\\\/colinas-sedia-o-3o-encontro-de-campismo-reflorescer\\\/#breadcrumb\"},\"inLanguage\":\"pt-BR\",\"potentialAction\":[{\"@type\":\"ReadAction\",\"target\":[\"https:\\\/\\\/folhapopular.info\\\/index.php\\\/2024\\\/03\\\/06\\\/colinas-sedia-o-3o-encontro-de-campismo-reflorescer\\\/\"]}]},{\"@type\":\"ImageObject\",\"inLanguage\":\"pt-BR\",\"@id\":\"https:\\\/\\\/folhapopular.info\\\/index.php\\\/2024\\\/03\\\/06\\\/colinas-sedia-o-3o-encontro-de-campismo-reflorescer\\\/#primaryimage\",\"url\":\"https:\\\/\\\/folhapopular.info\\\/wp-content\\\/uploads\\\/2024\\\/03\\\/WhatsApp-Image-2024-03-06-at-10.33.34.jpeg\",\"contentUrl\":\"https:\\\/\\\/folhapopular.info\\\/wp-content\\\/uploads\\\/2024\\\/03\\\/WhatsApp-Image-2024-03-06-at-10.33.34.jpeg\",\"width\":1280,\"height\":853,\"caption\":\"Cr\u00e9dito: Divulga\u00e7\u00e3o\\\/AI Colinas\"},{\"@type\":\"BreadcrumbList\",\"@id\":\"https:\\\/\\\/folhapopular.info\\\/index.php\\\/2024\\\/03\\\/06\\\/colinas-sedia-o-3o-encontro-de-campismo-reflorescer\\\/#breadcrumb\",\"itemListElement\":[{\"@type\":\"ListItem\",\"position\":1,\"name\":\"In\u00edcio\",\"item\":\"https:\\\/\\\/folhapopular.info\\\/\"},{\"@type\":\"ListItem\",\"position\":2,\"name\":\"Colinas Sedia o 3\u00ba Encontro de Campismo &#8220;Reflorescer&#8221;\"}]},{\"@type\":\"WebSite\",\"@id\":\"https:\\\/\\\/folhapopular.info\\\/#website\",\"url\":\"https:\\\/\\\/folhapopular.info\\\/\",\"name\":\"Folha Popular\",\"description\":\"Onde voc\u00ea tem vez e voz\",\"potentialAction\":[{\"@type\":\"SearchAction\",\"target\":{\"@type\":\"EntryPoint\",\"urlTemplate\":\"https:\\\/\\\/folhapopular.info\\\/?s={search_term_string}\"},\"query-input\":{\"@type\":\"PropertyValueSpecification\",\"valueRequired\":true,\"valueName\":\"search_term_string\"}}],\"inLanguage\":\"pt-BR\"},{\"@type\":\"Person\",\"@id\":\"https:\\\/\\\/folhapopular.info\\\/#\\\/schema\\\/person\\\/2814e8a0df7643585a9ca38bc6eb9d4b\",\"name\":\"Reda\u00e7\u00e3o Folha Popular\",\"image\":{\"@type\":\"ImageObject\",\"inLanguage\":\"pt-BR\",\"@id\":\"https:\\\/\\\/folhapopular.info\\\/wp-content\\\/uploads\\\/2026\\\/04\\\/Folha-1.webp\",\"url\":\"https:\\\/\\\/folhapopular.info\\\/wp-content\\\/uploads\\\/2026\\\/04\\\/Folha-1.webp\",\"contentUrl\":\"https:\\\/\\\/folhapopular.info\\\/wp-content\\\/uploads\\\/2026\\\/04\\\/Folha-1.webp\",\"caption\":\"Reda\u00e7\u00e3o Folha Popular\"},\"url\":\"https:\\\/\\\/folhapopular.info\\\/index.php\\\/author\\\/redacao\\\/\"}]}<\/script>\n<!-- \/ Yoast SEO plugin. -->","yoast_head_json":{"title":"Colinas Sedia o 3\u00ba Encontro de Campismo \"Reflorescer\" - Folha Popular","robots":{"index":"index","follow":"follow","max-snippet":"max-snippet:-1","max-image-preview":"max-image-preview:large","max-video-preview":"max-video-preview:-1"},"canonical":"https:\/\/folhapopular.info\/index.php\/2024\/03\/06\/colinas-sedia-o-3o-encontro-de-campismo-reflorescer\/","og_locale":"pt_BR","og_type":"article","og_title":"Colinas Sedia o 3\u00ba Encontro de Campismo \"Reflorescer\" - Folha Popular","og_description":"O munic\u00edpio de Colinas se prepara para receber campistas e amantes da natureza no 3\u00ba Encontro de Campismo &#8220;Reflorescer&#8221;, que acontecer\u00e1 de 8 a 10 de mar\u00e7o, no Parque de Rodeios da cidade. O evento promete ser um espa\u00e7o de lazer e confraterniza\u00e7\u00e3o para todos os participantes. A abertura do encontro est\u00e1 marcada para sexta-feira, [&hellip;]","og_url":"https:\/\/folhapopular.info\/index.php\/2024\/03\/06\/colinas-sedia-o-3o-encontro-de-campismo-reflorescer\/","og_site_name":"Folha Popular","article_published_time":"2024-03-06T14:15:00+00:00","og_image":[{"width":1280,"height":853,"url":"https:\/\/folhapopular.info\/wp-content\/uploads\/2024\/03\/WhatsApp-Image-2024-03-06-at-10.33.34.jpeg","type":"image\/jpeg"}],"author":"Reda\u00e7\u00e3o Folha Popular","twitter_card":"summary_large_image","twitter_misc":{"Escrito por":"Reda\u00e7\u00e3o Folha Popular","Est. tempo de leitura":"2 minutos"},"schema":{"@context":"https:\/\/schema.org","@graph":[{"@type":"Article","@id":"https:\/\/folhapopular.info\/index.php\/2024\/03\/06\/colinas-sedia-o-3o-encontro-de-campismo-reflorescer\/#article","isPartOf":{"@id":"https:\/\/folhapopular.info\/index.php\/2024\/03\/06\/colinas-sedia-o-3o-encontro-de-campismo-reflorescer\/"},"author":{"name":"Reda\u00e7\u00e3o Folha Popular","@id":"https:\/\/folhapopular.info\/#\/schema\/person\/2814e8a0df7643585a9ca38bc6eb9d4b"},"headline":"Colinas Sedia o 3\u00ba Encontro de Campismo &#8220;Reflorescer&#8221;","datePublished":"2024-03-06T14:15:00+00:00","mainEntityOfPage":{"@id":"https:\/\/folhapopular.info\/index.php\/2024\/03\/06\/colinas-sedia-o-3o-encontro-de-campismo-reflorescer\/"},"wordCount":226,"commentCount":0,"image":{"@id":"https:\/\/folhapopular.info\/index.php\/2024\/03\/06\/colinas-sedia-o-3o-encontro-de-campismo-reflorescer\/#primaryimage"},"thumbnailUrl":"https:\/\/folhapopular.info\/wp-content\/uploads\/2024\/03\/WhatsApp-Image-2024-03-06-at-10.33.34.jpeg","keywords":["Colinas"],"articleSection":["Destaques","Entretenimento","Inclusive"],"inLanguage":"pt-BR","potentialAction":[{"@type":"CommentAction","name":"Comment","target":["https:\/\/folhapopular.info\/index.php\/2024\/03\/06\/colinas-sedia-o-3o-encontro-de-campismo-reflorescer\/#respond"]}]},{"@type":"WebPage","@id":"https:\/\/folhapopular.info\/index.php\/2024\/03\/06\/colinas-sedia-o-3o-encontro-de-campismo-reflorescer\/","url":"https:\/\/folhapopular.info\/index.php\/2024\/03\/06\/colinas-sedia-o-3o-encontro-de-campismo-reflorescer\/","name":"Colinas Sedia o 3\u00ba Encontro de Campismo \"Reflorescer\" - Folha Popular","isPartOf":{"@id":"https:\/\/folhapopular.info\/#website"},"primaryImageOfPage":{"@id":"https:\/\/folhapopular.info\/index.php\/2024\/03\/06\/colinas-sedia-o-3o-encontro-de-campismo-reflorescer\/#primaryimage"},"image":{"@id":"https:\/\/folhapopular.info\/index.php\/2024\/03\/06\/colinas-sedia-o-3o-encontro-de-campismo-reflorescer\/#primaryimage"},"thumbnailUrl":"https:\/\/folhapopular.info\/wp-content\/uploads\/2024\/03\/WhatsApp-Image-2024-03-06-at-10.33.34.jpeg","datePublished":"2024-03-06T14:15:00+00:00","author":{"@id":"https:\/\/folhapopular.info\/#\/schema\/person\/2814e8a0df7643585a9ca38bc6eb9d4b"},"breadcrumb":{"@id":"https:\/\/folhapopular.info\/index.php\/2024\/03\/06\/colinas-sedia-o-3o-encontro-de-campismo-reflorescer\/#breadcrumb"},"inLanguage":"pt-BR","potentialAction":[{"@type":"ReadAction","target":["https:\/\/folhapopular.info\/index.php\/2024\/03\/06\/colinas-sedia-o-3o-encontro-de-campismo-reflorescer\/"]}]},{"@type":"ImageObject","inLanguage":"pt-BR","@id":"https:\/\/folhapopular.info\/index.php\/2024\/03\/06\/colinas-sedia-o-3o-encontro-de-campismo-reflorescer\/#primaryimage","url":"https:\/\/folhapopular.info\/wp-content\/uploads\/2024\/03\/WhatsApp-Image-2024-03-06-at-10.33.34.jpeg","contentUrl":"https:\/\/folhapopular.info\/wp-content\/uploads\/2024\/03\/WhatsApp-Image-2024-03-06-at-10.33.34.jpeg","width":1280,"height":853,"caption":"Cr\u00e9dito: Divulga\u00e7\u00e3o\/AI Colinas"},{"@type":"BreadcrumbList","@id":"https:\/\/folhapopular.info\/index.php\/2024\/03\/06\/colinas-sedia-o-3o-encontro-de-campismo-reflorescer\/#breadcrumb","itemListElement":[{"@type":"ListItem","position":1,"name":"In\u00edcio","item":"https:\/\/folhapopular.info\/"},{"@type":"ListItem","position":2,"name":"Colinas Sedia o 3\u00ba Encontro de Campismo &#8220;Reflorescer&#8221;"}]},{"@type":"WebSite","@id":"https:\/\/folhapopular.info\/#website","url":"https:\/\/folhapopular.info\/","name":"Folha Popular","description":"Onde voc\u00ea tem vez e voz","potentialAction":[{"@type":"SearchAction","target":{"@type":"EntryPoint","urlTemplate":"https:\/\/folhapopular.info\/?s={search_term_string}"},"query-input":{"@type":"PropertyValueSpecification","valueRequired":true,"valueName":"search_term_string"}}],"inLanguage":"pt-BR"},{"@type":"Person","@id":"https:\/\/folhapopular.info\/#\/schema\/person\/2814e8a0df7643585a9ca38bc6eb9d4b","name":"Reda\u00e7\u00e3o Folha Popular","image":{"@type":"ImageObject","inLanguage":"pt-BR","@id":"https:\/\/folhapopular.info\/wp-content\/uploads\/2026\/04\/Folha-1.webp","url":"https:\/\/folhapopular.info\/wp-content\/uploads\/2026\/04\/Folha-1.webp","contentUrl":"https:\/\/folhapopular.info\/wp-content\/uploads\/2026\/04\/Folha-1.webp","caption":"Reda\u00e7\u00e3o Folha Popular"},"url":"https:\/\/folhapopular.info\/index.php\/author\/redacao\/"}]}},"jetpack_featured_media_url":"https:\/\/folhapopular.info\/wp-content\/uploads\/2024\/03\/WhatsApp-Image-2024-03-06-at-10.33.34.jpeg","jetpack_sharing_enabled":true,"amp_enabled":true,"_links":{"self":[{"href":"https:\/\/folhapopular.info\/index.php\/wp-json\/wp\/v2\/posts\/152106","targetHints":{"allow":["GET"]}}],"collection":[{"href":"https:\/\/folhapopular.info\/index.php\/wp-json\/wp\/v2\/posts"}],"about":[{"href":"https:\/\/folhapopular.info\/index.php\/wp-json\/wp\/v2\/types\/post"}],"author":[{"embeddable":true,"href":"https:\/\/folhapopular.info\/index.php\/wp-json\/wp\/v2\/users\/8"}],"replies":[{"embeddable":true,"href":"https:\/\/folhapopular.info\/index.php\/wp-json\/wp\/v2\/comments?post=152106"}],"version-history":[{"count":0,"href":"https:\/\/folhapopular.info\/index.php\/wp-json\/wp\/v2\/posts\/152106\/revisions"}],"wp:featuredmedia":[{"embeddable":true,"href":"https:\/\/folhapopular.info\/index.php\/wp-json\/wp\/v2\/media\/152107"}],"wp:attachment":[{"href":"https:\/\/folhapopular.info\/index.php\/wp-json\/wp\/v2\/media?parent=152106"}],"wp:term":[{"taxonomy":"category","embeddable":true,"href":"https:\/\/folhapopular.info\/index.php\/wp-json\/wp\/v2\/categories?post=152106"},{"taxonomy":"post_tag","embeddable":true,"href":"https:\/\/folhapopular.info\/index.php\/wp-json\/wp\/v2\/tags?post=152106"}],"curies":[{"name":"wp","href":"https:\/\/api.w.org\/{rel}","templated":true}]}}