{"id":152142,"date":"2024-03-06T13:25:03","date_gmt":"2024-03-06T16:25:03","guid":{"rendered":"https:\/\/folhapopular.info\/?p=152142"},"modified":"2024-03-06T13:30:23","modified_gmt":"2024-03-06T16:30:23","slug":"mulheres-em-movimento-estimula-o-autocuidado-em-fazenda-vilanova","status":"publish","type":"post","link":"https:\/\/folhapopular.info\/index.php\/2024\/03\/06\/mulheres-em-movimento-estimula-o-autocuidado-em-fazenda-vilanova\/","title":{"rendered":"Mulheres em Movimento estimula o autocuidado em Fazenda Vilanova"},"content":{"rendered":"\n<p>A programa\u00e7\u00e3o da Semana Municipal da Mulher de Fazenda Vilanova oportunizou um momento de autocuidado na noite de ter\u00e7a-feira (5\/3). Foi o evento Mulheres em Movimento, que trouxe \u00e0s participantes a dan\u00e7a e o treino de GAP (gl\u00fateos, abd\u00f4men e pernas), atividade que ocorreu ao ar livre no Parque Municipal Encanto da Fazenda. Por mais de uma hora, as mulheres se divertiram, se exercitaram e tiveram um momento de se autocuidar. A dan\u00e7a foi ministrada pela professora Neuice Cardia, da Boom Dance, enquanto o treino GAP foi coordenado pela educadora f\u00edsica \u00c9mely Fiegenbaum, da Academia Naty Sports.<\/p>\n\n\n\n<p><br>A professora de dan\u00e7a Neuice Cardia ressaltou que a dan\u00e7a traz in\u00fameros benef\u00edcios. \u201cVoc\u00eas precisam se dar o tempo para se divertir e dar risada. A nossa mente precisa estar legal. Temos que nos priorizar, se autocuidar. E a dan\u00e7a, seja ela individual ou em grupo, contribui significativamente neste processo de autocuidado e estimular nossa mente\u201d, frisou.<\/p>\n\n\n\n<p><br>Da mesma forma, a educadora f\u00edsica \u00c9mely Fiegenbaum salientou a import\u00e2ncia das atividades f\u00edsicas regulares. \u201cA pr\u00e1tica regular de atividades f\u00edsicas traz in\u00fameros benef\u00edcios, n\u00e3o somente para o nosso corpo, mas principalmente para a nossa sa\u00fade e nossa mente. Quando nos damos o tempo de cuidarmos de n\u00f3s mesmos, automaticamente temos mais qualidade de vida\u201d, enalteceu.<\/p>\n\n\n\n<p><br>A programa\u00e7\u00e3o da Semana Municipal da Mulher de Fazenda Vilanova iniciou dia 4 de mar\u00e7o e segue at\u00e9 s\u00e1bado, dia 9 de mar\u00e7o. Com a proposta de \u201cem cada dia ser uma forma de celebrar a mulher\u201d, a Semana Municipal atividades diversificadas, enaltecendo o papel e a import\u00e2ncia da mulher na sociedade. Todos os eventos s\u00e3o gratuitos.<\/p>\n\n\n\n<p><br>Nesta quarta-feira (6\/3)ser\u00e1 realizado o encontro \u201cMulher, uma pot\u00eancia na Agricultura\u201d, \u00e0s 14h30min, na C\u00e2mara de Vereadores, tendo como palestrantes Elizangela Teixeira e Ana C\u00e2ndida Barth. Na quinta-feira (7\/3), ser\u00e1 promovido o encontro \u201cA Mulher e M\u00e3e como Protagonista\u201d, com palestra de Vanderlise Vicense Pessoa, \u00e0s 14h30min, no audit\u00f3rio \u00c1guia Azul, na Prefeitura. Na sexta-feira, dia (8\/3), ocorre a palestra \u201cO Poder das Palavras\u201d, ministrada por Luciana Brune, \u00e0s 15h30min, no audit\u00f3rio da EMEF Edgar da Rosa Cardoso.<\/p>\n\n\n\n<p><br>A programa\u00e7\u00e3o encerra no s\u00e1bado, dia 9, com o evento \u201cCaf\u00e9, M\u00fasica e Prosa\u201d, com in\u00edcio \u00e0s 8h30min, no CTG Pousada dos Tropeiros. Como o pr\u00f3prio nome do evento j\u00e1 diz, ser\u00e1 um momento em que as mulheres ser\u00e3o presenteadas com um caf\u00e9 da manh\u00e3, al\u00e9m de assistirem a uma palestra sobre autoestima, tudo regado com m\u00fasica e anima\u00e7\u00e3o.<br>A organiza\u00e7\u00e3o da Semana Municipal da Mulher \u00e9 uma promo\u00e7\u00e3o conjunta da Prefeitura de Fazenda Vilanova, C\u00e2mara de Vereadores, Emater\/RS-Ascar e Centro de Refer\u00eancia e Assist\u00eancia Social.<\/p>\n","protected":false},"excerpt":{"rendered":"<p>A programa\u00e7\u00e3o da Semana Municipal da Mulher de Fazenda Vilanova oportunizou um momento de autocuidado na noite de ter\u00e7a-feira (5\/3). Foi o evento Mulheres em Movimento, que trouxe \u00e0s participantes a dan\u00e7a e o treino de GAP (gl\u00fateos, abd\u00f4men e pernas), atividade que ocorreu ao ar livre no Parque Municipal Encanto da Fazenda. Por mais [&hellip;]<\/p>\n","protected":false},"author":8,"featured_media":152143,"comment_status":"open","ping_status":"open","sticky":false,"template":"","format":"standard","meta":{"pmpro_default_level":"","_jetpack_memberships_contains_paid_content":false,"footnotes":""},"categories":[2,10999],"tags":[2220,10654,801],"class_list":{"0":"post-152142","1":"post","2":"type-post","3":"status-publish","4":"format-standard","5":"has-post-thumbnail","7":"category-featured","8":"category-entretenimento","9":"tag-dia-da-mulher","10":"tag-exercicios","11":"tag-fazenda-vilanova","12":"pmpro-has-access"},"yoast_head":"<!-- This site is optimized with the Yoast SEO plugin v27.5 - https:\/\/yoast.com\/product\/yoast-seo-wordpress\/ -->\n<title>Mulheres em Movimento estimula o autocuidado em Fazenda Vilanova - Folha Popular<\/title>\n<meta name=\"robots\" content=\"index, follow, max-snippet:-1, max-image-preview:large, max-video-preview:-1\" \/>\n<link rel=\"canonical\" href=\"https:\/\/folhapopular.info\/index.php\/2024\/03\/06\/mulheres-em-movimento-estimula-o-autocuidado-em-fazenda-vilanova\/\" \/>\n<meta property=\"og:locale\" content=\"pt_BR\" \/>\n<meta property=\"og:type\" content=\"article\" \/>\n<meta property=\"og:title\" content=\"Mulheres em Movimento estimula o autocuidado em Fazenda Vilanova - Folha Popular\" \/>\n<meta property=\"og:description\" content=\"A programa\u00e7\u00e3o da Semana Municipal da Mulher de Fazenda Vilanova oportunizou um momento de autocuidado na noite de ter\u00e7a-feira (5\/3). Foi o evento Mulheres em Movimento, que trouxe \u00e0s participantes a dan\u00e7a e o treino de GAP (gl\u00fateos, abd\u00f4men e pernas), atividade que ocorreu ao ar livre no Parque Municipal Encanto da Fazenda. Por mais [&hellip;]\" \/>\n<meta property=\"og:url\" content=\"https:\/\/folhapopular.info\/index.php\/2024\/03\/06\/mulheres-em-movimento-estimula-o-autocuidado-em-fazenda-vilanova\/\" \/>\n<meta property=\"og:site_name\" content=\"Folha Popular\" \/>\n<meta property=\"article:published_time\" content=\"2024-03-06T16:25:03+00:00\" \/>\n<meta property=\"article:modified_time\" content=\"2024-03-06T16:30:23+00:00\" \/>\n<meta property=\"og:image\" content=\"http:\/\/folhapopular.info\/wp-content\/uploads\/2024\/03\/Danca-divertiu-as-participantes-3-scaled.jpg\" \/>\n\t<meta property=\"og:image:width\" content=\"2560\" \/>\n\t<meta property=\"og:image:height\" content=\"1707\" \/>\n\t<meta property=\"og:image:type\" content=\"image\/jpeg\" \/>\n<meta name=\"author\" content=\"Reda\u00e7\u00e3o Folha Popular\" \/>\n<meta name=\"twitter:card\" content=\"summary_large_image\" \/>\n<meta name=\"twitter:label1\" content=\"Escrito por\" \/>\n\t<meta name=\"twitter:data1\" content=\"Reda\u00e7\u00e3o Folha Popular\" \/>\n\t<meta name=\"twitter:label2\" content=\"Est. tempo de leitura\" \/>\n\t<meta name=\"twitter:data2\" content=\"3 minutos\" \/>\n<script type=\"application\/ld+json\" class=\"yoast-schema-graph\">{\"@context\":\"https:\\\/\\\/schema.org\",\"@graph\":[{\"@type\":\"Article\",\"@id\":\"https:\\\/\\\/folhapopular.info\\\/index.php\\\/2024\\\/03\\\/06\\\/mulheres-em-movimento-estimula-o-autocuidado-em-fazenda-vilanova\\\/#article\",\"isPartOf\":{\"@id\":\"https:\\\/\\\/folhapopular.info\\\/index.php\\\/2024\\\/03\\\/06\\\/mulheres-em-movimento-estimula-o-autocuidado-em-fazenda-vilanova\\\/\"},\"author\":{\"name\":\"Reda\u00e7\u00e3o Folha Popular\",\"@id\":\"https:\\\/\\\/folhapopular.info\\\/#\\\/schema\\\/person\\\/2814e8a0df7643585a9ca38bc6eb9d4b\"},\"headline\":\"Mulheres em Movimento estimula o autocuidado em Fazenda Vilanova\",\"datePublished\":\"2024-03-06T16:25:03+00:00\",\"dateModified\":\"2024-03-06T16:30:23+00:00\",\"mainEntityOfPage\":{\"@id\":\"https:\\\/\\\/folhapopular.info\\\/index.php\\\/2024\\\/03\\\/06\\\/mulheres-em-movimento-estimula-o-autocuidado-em-fazenda-vilanova\\\/\"},\"wordCount\":487,\"commentCount\":0,\"image\":{\"@id\":\"https:\\\/\\\/folhapopular.info\\\/index.php\\\/2024\\\/03\\\/06\\\/mulheres-em-movimento-estimula-o-autocuidado-em-fazenda-vilanova\\\/#primaryimage\"},\"thumbnailUrl\":\"https:\\\/\\\/folhapopular.info\\\/wp-content\\\/uploads\\\/2024\\\/03\\\/Danca-divertiu-as-participantes-3-scaled.jpg\",\"keywords\":[\"Dia da Mulher\",\"Exerc\u00edcios\",\"Fazenda Vilanova\"],\"articleSection\":[\"Destaques\",\"Entretenimento\"],\"inLanguage\":\"pt-BR\",\"potentialAction\":[{\"@type\":\"CommentAction\",\"name\":\"Comment\",\"target\":[\"https:\\\/\\\/folhapopular.info\\\/index.php\\\/2024\\\/03\\\/06\\\/mulheres-em-movimento-estimula-o-autocuidado-em-fazenda-vilanova\\\/#respond\"]}]},{\"@type\":\"WebPage\",\"@id\":\"https:\\\/\\\/folhapopular.info\\\/index.php\\\/2024\\\/03\\\/06\\\/mulheres-em-movimento-estimula-o-autocuidado-em-fazenda-vilanova\\\/\",\"url\":\"https:\\\/\\\/folhapopular.info\\\/index.php\\\/2024\\\/03\\\/06\\\/mulheres-em-movimento-estimula-o-autocuidado-em-fazenda-vilanova\\\/\",\"name\":\"Mulheres em Movimento estimula o autocuidado em Fazenda Vilanova - Folha Popular\",\"isPartOf\":{\"@id\":\"https:\\\/\\\/folhapopular.info\\\/#website\"},\"primaryImageOfPage\":{\"@id\":\"https:\\\/\\\/folhapopular.info\\\/index.php\\\/2024\\\/03\\\/06\\\/mulheres-em-movimento-estimula-o-autocuidado-em-fazenda-vilanova\\\/#primaryimage\"},\"image\":{\"@id\":\"https:\\\/\\\/folhapopular.info\\\/index.php\\\/2024\\\/03\\\/06\\\/mulheres-em-movimento-estimula-o-autocuidado-em-fazenda-vilanova\\\/#primaryimage\"},\"thumbnailUrl\":\"https:\\\/\\\/folhapopular.info\\\/wp-content\\\/uploads\\\/2024\\\/03\\\/Danca-divertiu-as-participantes-3-scaled.jpg\",\"datePublished\":\"2024-03-06T16:25:03+00:00\",\"dateModified\":\"2024-03-06T16:30:23+00:00\",\"author\":{\"@id\":\"https:\\\/\\\/folhapopular.info\\\/#\\\/schema\\\/person\\\/2814e8a0df7643585a9ca38bc6eb9d4b\"},\"breadcrumb\":{\"@id\":\"https:\\\/\\\/folhapopular.info\\\/index.php\\\/2024\\\/03\\\/06\\\/mulheres-em-movimento-estimula-o-autocuidado-em-fazenda-vilanova\\\/#breadcrumb\"},\"inLanguage\":\"pt-BR\",\"potentialAction\":[{\"@type\":\"ReadAction\",\"target\":[\"https:\\\/\\\/folhapopular.info\\\/index.php\\\/2024\\\/03\\\/06\\\/mulheres-em-movimento-estimula-o-autocuidado-em-fazenda-vilanova\\\/\"]}]},{\"@type\":\"ImageObject\",\"inLanguage\":\"pt-BR\",\"@id\":\"https:\\\/\\\/folhapopular.info\\\/index.php\\\/2024\\\/03\\\/06\\\/mulheres-em-movimento-estimula-o-autocuidado-em-fazenda-vilanova\\\/#primaryimage\",\"url\":\"https:\\\/\\\/folhapopular.info\\\/wp-content\\\/uploads\\\/2024\\\/03\\\/Danca-divertiu-as-participantes-3-scaled.jpg\",\"contentUrl\":\"https:\\\/\\\/folhapopular.info\\\/wp-content\\\/uploads\\\/2024\\\/03\\\/Danca-divertiu-as-participantes-3-scaled.jpg\",\"width\":2560,\"height\":1707,\"caption\":\"Cr\u00e9dito: Divulga\u00e7\u00e3o\\\/AI Fazenda Vilanova\"},{\"@type\":\"BreadcrumbList\",\"@id\":\"https:\\\/\\\/folhapopular.info\\\/index.php\\\/2024\\\/03\\\/06\\\/mulheres-em-movimento-estimula-o-autocuidado-em-fazenda-vilanova\\\/#breadcrumb\",\"itemListElement\":[{\"@type\":\"ListItem\",\"position\":1,\"name\":\"In\u00edcio\",\"item\":\"https:\\\/\\\/folhapopular.info\\\/\"},{\"@type\":\"ListItem\",\"position\":2,\"name\":\"Mulheres em Movimento estimula o autocuidado em Fazenda Vilanova\"}]},{\"@type\":\"WebSite\",\"@id\":\"https:\\\/\\\/folhapopular.info\\\/#website\",\"url\":\"https:\\\/\\\/folhapopular.info\\\/\",\"name\":\"Folha Popular\",\"description\":\"Onde voc\u00ea tem vez e voz\",\"potentialAction\":[{\"@type\":\"SearchAction\",\"target\":{\"@type\":\"EntryPoint\",\"urlTemplate\":\"https:\\\/\\\/folhapopular.info\\\/?s={search_term_string}\"},\"query-input\":{\"@type\":\"PropertyValueSpecification\",\"valueRequired\":true,\"valueName\":\"search_term_string\"}}],\"inLanguage\":\"pt-BR\"},{\"@type\":\"Person\",\"@id\":\"https:\\\/\\\/folhapopular.info\\\/#\\\/schema\\\/person\\\/2814e8a0df7643585a9ca38bc6eb9d4b\",\"name\":\"Reda\u00e7\u00e3o Folha Popular\",\"image\":{\"@type\":\"ImageObject\",\"inLanguage\":\"pt-BR\",\"@id\":\"https:\\\/\\\/folhapopular.info\\\/wp-content\\\/uploads\\\/2026\\\/04\\\/Folha-1.webp\",\"url\":\"https:\\\/\\\/folhapopular.info\\\/wp-content\\\/uploads\\\/2026\\\/04\\\/Folha-1.webp\",\"contentUrl\":\"https:\\\/\\\/folhapopular.info\\\/wp-content\\\/uploads\\\/2026\\\/04\\\/Folha-1.webp\",\"caption\":\"Reda\u00e7\u00e3o Folha Popular\"},\"url\":\"https:\\\/\\\/folhapopular.info\\\/index.php\\\/author\\\/redacao\\\/\"}]}<\/script>\n<!-- \/ Yoast SEO plugin. -->","yoast_head_json":{"title":"Mulheres em Movimento estimula o autocuidado em Fazenda Vilanova - Folha Popular","robots":{"index":"index","follow":"follow","max-snippet":"max-snippet:-1","max-image-preview":"max-image-preview:large","max-video-preview":"max-video-preview:-1"},"canonical":"https:\/\/folhapopular.info\/index.php\/2024\/03\/06\/mulheres-em-movimento-estimula-o-autocuidado-em-fazenda-vilanova\/","og_locale":"pt_BR","og_type":"article","og_title":"Mulheres em Movimento estimula o autocuidado em Fazenda Vilanova - Folha Popular","og_description":"A programa\u00e7\u00e3o da Semana Municipal da Mulher de Fazenda Vilanova oportunizou um momento de autocuidado na noite de ter\u00e7a-feira (5\/3). Foi o evento Mulheres em Movimento, que trouxe \u00e0s participantes a dan\u00e7a e o treino de GAP (gl\u00fateos, abd\u00f4men e pernas), atividade que ocorreu ao ar livre no Parque Municipal Encanto da Fazenda. Por mais [&hellip;]","og_url":"https:\/\/folhapopular.info\/index.php\/2024\/03\/06\/mulheres-em-movimento-estimula-o-autocuidado-em-fazenda-vilanova\/","og_site_name":"Folha Popular","article_published_time":"2024-03-06T16:25:03+00:00","article_modified_time":"2024-03-06T16:30:23+00:00","og_image":[{"width":2560,"height":1707,"url":"http:\/\/folhapopular.info\/wp-content\/uploads\/2024\/03\/Danca-divertiu-as-participantes-3-scaled.jpg","type":"image\/jpeg"}],"author":"Reda\u00e7\u00e3o Folha Popular","twitter_card":"summary_large_image","twitter_misc":{"Escrito por":"Reda\u00e7\u00e3o Folha Popular","Est. tempo de leitura":"3 minutos"},"schema":{"@context":"https:\/\/schema.org","@graph":[{"@type":"Article","@id":"https:\/\/folhapopular.info\/index.php\/2024\/03\/06\/mulheres-em-movimento-estimula-o-autocuidado-em-fazenda-vilanova\/#article","isPartOf":{"@id":"https:\/\/folhapopular.info\/index.php\/2024\/03\/06\/mulheres-em-movimento-estimula-o-autocuidado-em-fazenda-vilanova\/"},"author":{"name":"Reda\u00e7\u00e3o Folha Popular","@id":"https:\/\/folhapopular.info\/#\/schema\/person\/2814e8a0df7643585a9ca38bc6eb9d4b"},"headline":"Mulheres em Movimento estimula o autocuidado em Fazenda Vilanova","datePublished":"2024-03-06T16:25:03+00:00","dateModified":"2024-03-06T16:30:23+00:00","mainEntityOfPage":{"@id":"https:\/\/folhapopular.info\/index.php\/2024\/03\/06\/mulheres-em-movimento-estimula-o-autocuidado-em-fazenda-vilanova\/"},"wordCount":487,"commentCount":0,"image":{"@id":"https:\/\/folhapopular.info\/index.php\/2024\/03\/06\/mulheres-em-movimento-estimula-o-autocuidado-em-fazenda-vilanova\/#primaryimage"},"thumbnailUrl":"https:\/\/folhapopular.info\/wp-content\/uploads\/2024\/03\/Danca-divertiu-as-participantes-3-scaled.jpg","keywords":["Dia da Mulher","Exerc\u00edcios","Fazenda Vilanova"],"articleSection":["Destaques","Entretenimento"],"inLanguage":"pt-BR","potentialAction":[{"@type":"CommentAction","name":"Comment","target":["https:\/\/folhapopular.info\/index.php\/2024\/03\/06\/mulheres-em-movimento-estimula-o-autocuidado-em-fazenda-vilanova\/#respond"]}]},{"@type":"WebPage","@id":"https:\/\/folhapopular.info\/index.php\/2024\/03\/06\/mulheres-em-movimento-estimula-o-autocuidado-em-fazenda-vilanova\/","url":"https:\/\/folhapopular.info\/index.php\/2024\/03\/06\/mulheres-em-movimento-estimula-o-autocuidado-em-fazenda-vilanova\/","name":"Mulheres em Movimento estimula o autocuidado em Fazenda Vilanova - Folha Popular","isPartOf":{"@id":"https:\/\/folhapopular.info\/#website"},"primaryImageOfPage":{"@id":"https:\/\/folhapopular.info\/index.php\/2024\/03\/06\/mulheres-em-movimento-estimula-o-autocuidado-em-fazenda-vilanova\/#primaryimage"},"image":{"@id":"https:\/\/folhapopular.info\/index.php\/2024\/03\/06\/mulheres-em-movimento-estimula-o-autocuidado-em-fazenda-vilanova\/#primaryimage"},"thumbnailUrl":"https:\/\/folhapopular.info\/wp-content\/uploads\/2024\/03\/Danca-divertiu-as-participantes-3-scaled.jpg","datePublished":"2024-03-06T16:25:03+00:00","dateModified":"2024-03-06T16:30:23+00:00","author":{"@id":"https:\/\/folhapopular.info\/#\/schema\/person\/2814e8a0df7643585a9ca38bc6eb9d4b"},"breadcrumb":{"@id":"https:\/\/folhapopular.info\/index.php\/2024\/03\/06\/mulheres-em-movimento-estimula-o-autocuidado-em-fazenda-vilanova\/#breadcrumb"},"inLanguage":"pt-BR","potentialAction":[{"@type":"ReadAction","target":["https:\/\/folhapopular.info\/index.php\/2024\/03\/06\/mulheres-em-movimento-estimula-o-autocuidado-em-fazenda-vilanova\/"]}]},{"@type":"ImageObject","inLanguage":"pt-BR","@id":"https:\/\/folhapopular.info\/index.php\/2024\/03\/06\/mulheres-em-movimento-estimula-o-autocuidado-em-fazenda-vilanova\/#primaryimage","url":"https:\/\/folhapopular.info\/wp-content\/uploads\/2024\/03\/Danca-divertiu-as-participantes-3-scaled.jpg","contentUrl":"https:\/\/folhapopular.info\/wp-content\/uploads\/2024\/03\/Danca-divertiu-as-participantes-3-scaled.jpg","width":2560,"height":1707,"caption":"Cr\u00e9dito: Divulga\u00e7\u00e3o\/AI Fazenda Vilanova"},{"@type":"BreadcrumbList","@id":"https:\/\/folhapopular.info\/index.php\/2024\/03\/06\/mulheres-em-movimento-estimula-o-autocuidado-em-fazenda-vilanova\/#breadcrumb","itemListElement":[{"@type":"ListItem","position":1,"name":"In\u00edcio","item":"https:\/\/folhapopular.info\/"},{"@type":"ListItem","position":2,"name":"Mulheres em Movimento estimula o autocuidado em Fazenda Vilanova"}]},{"@type":"WebSite","@id":"https:\/\/folhapopular.info\/#website","url":"https:\/\/folhapopular.info\/","name":"Folha Popular","description":"Onde voc\u00ea tem vez e voz","potentialAction":[{"@type":"SearchAction","target":{"@type":"EntryPoint","urlTemplate":"https:\/\/folhapopular.info\/?s={search_term_string}"},"query-input":{"@type":"PropertyValueSpecification","valueRequired":true,"valueName":"search_term_string"}}],"inLanguage":"pt-BR"},{"@type":"Person","@id":"https:\/\/folhapopular.info\/#\/schema\/person\/2814e8a0df7643585a9ca38bc6eb9d4b","name":"Reda\u00e7\u00e3o Folha Popular","image":{"@type":"ImageObject","inLanguage":"pt-BR","@id":"https:\/\/folhapopular.info\/wp-content\/uploads\/2026\/04\/Folha-1.webp","url":"https:\/\/folhapopular.info\/wp-content\/uploads\/2026\/04\/Folha-1.webp","contentUrl":"https:\/\/folhapopular.info\/wp-content\/uploads\/2026\/04\/Folha-1.webp","caption":"Reda\u00e7\u00e3o Folha Popular"},"url":"https:\/\/folhapopular.info\/index.php\/author\/redacao\/"}]}},"jetpack_featured_media_url":"https:\/\/folhapopular.info\/wp-content\/uploads\/2024\/03\/Danca-divertiu-as-participantes-3-scaled.jpg","jetpack_sharing_enabled":true,"amp_enabled":true,"_links":{"self":[{"href":"https:\/\/folhapopular.info\/index.php\/wp-json\/wp\/v2\/posts\/152142","targetHints":{"allow":["GET"]}}],"collection":[{"href":"https:\/\/folhapopular.info\/index.php\/wp-json\/wp\/v2\/posts"}],"about":[{"href":"https:\/\/folhapopular.info\/index.php\/wp-json\/wp\/v2\/types\/post"}],"author":[{"embeddable":true,"href":"https:\/\/folhapopular.info\/index.php\/wp-json\/wp\/v2\/users\/8"}],"replies":[{"embeddable":true,"href":"https:\/\/folhapopular.info\/index.php\/wp-json\/wp\/v2\/comments?post=152142"}],"version-history":[{"count":0,"href":"https:\/\/folhapopular.info\/index.php\/wp-json\/wp\/v2\/posts\/152142\/revisions"}],"wp:featuredmedia":[{"embeddable":true,"href":"https:\/\/folhapopular.info\/index.php\/wp-json\/wp\/v2\/media\/152143"}],"wp:attachment":[{"href":"https:\/\/folhapopular.info\/index.php\/wp-json\/wp\/v2\/media?parent=152142"}],"wp:term":[{"taxonomy":"category","embeddable":true,"href":"https:\/\/folhapopular.info\/index.php\/wp-json\/wp\/v2\/categories?post=152142"},{"taxonomy":"post_tag","embeddable":true,"href":"https:\/\/folhapopular.info\/index.php\/wp-json\/wp\/v2\/tags?post=152142"}],"curies":[{"name":"wp","href":"https:\/\/api.w.org\/{rel}","templated":true}]}}