{"id":152215,"date":"2024-03-07T10:45:00","date_gmt":"2024-03-07T13:45:00","guid":{"rendered":"https:\/\/folhapopular.info\/?p=152215"},"modified":"2024-03-07T10:10:14","modified_gmt":"2024-03-07T13:10:14","slug":"paverama-realiza-palestra-em-homenagem-ao-dia-internacional-da-mulher","status":"publish","type":"post","link":"https:\/\/folhapopular.info\/index.php\/2024\/03\/07\/paverama-realiza-palestra-em-homenagem-ao-dia-internacional-da-mulher\/","title":{"rendered":"Paverama realiza palestra em homenagem ao Dia Internacional da Mulher"},"content":{"rendered":"\n<p>A Oficina Terap\u00eautica P\u00e9rolas Unidas Pela Arte realizou, na tarde de quarta-feira (6\/3) uma palestra ministrada pelo Dr. Anderson Silveira, em celebra\u00e7\u00e3o ao Dia Internacional da Mulher. Com a presen\u00e7a da Secret\u00e1ria da Sa\u00fade Michele Azevedo e da Coordenadora da Sa\u00fade Cassandra dos Santos Follmer, o evento destacou a import\u00e2ncia da mulher na sociedade para as participantes do projeto <\/p>\n\n\n\n<p>O palestrante abordou com profundidade os desafios enfrentados pelas mulheres ao longo da hist\u00f3ria, ressaltando as dificuldades que permearam suas vidas no passado. Sua palestra refletiu sobre a evolu\u00e7\u00e3o dos direitos das mulheres e a necessidade cont\u00ednua de valoriza\u00e7\u00e3o e igualdade de g\u00eanero, proporcionando uma reflex\u00e3o impactante sobre o papel fundamental das mulheres em todos os \u00e2mbitos da sociedade. No final todas receberam um mimo e degustaram de um caf\u00e9 colonial.<\/p>\n\n\n\n<figure class=\"wp-block-image size-large\"><img loading=\"lazy\" decoding=\"async\" width=\"1024\" height=\"771\" src=\"https:\/\/folhapopular.info\/wp-content\/uploads\/2024\/03\/a7703018-9033-47bd-b988-3f1bb780283e-1024x771.jpg\" alt=\"\" class=\"wp-image-152219\" srcset=\"https:\/\/folhapopular.info\/wp-content\/uploads\/2024\/03\/a7703018-9033-47bd-b988-3f1bb780283e-1024x771.jpg 1024w, https:\/\/folhapopular.info\/wp-content\/uploads\/2024\/03\/a7703018-9033-47bd-b988-3f1bb780283e-300x226.jpg 300w, https:\/\/folhapopular.info\/wp-content\/uploads\/2024\/03\/a7703018-9033-47bd-b988-3f1bb780283e-768x578.jpg 768w, https:\/\/folhapopular.info\/wp-content\/uploads\/2024\/03\/a7703018-9033-47bd-b988-3f1bb780283e-1536x1156.jpg 1536w, https:\/\/folhapopular.info\/wp-content\/uploads\/2024\/03\/a7703018-9033-47bd-b988-3f1bb780283e-696x524.jpg 696w, https:\/\/folhapopular.info\/wp-content\/uploads\/2024\/03\/a7703018-9033-47bd-b988-3f1bb780283e-1068x804.jpg 1068w, https:\/\/folhapopular.info\/wp-content\/uploads\/2024\/03\/a7703018-9033-47bd-b988-3f1bb780283e.jpg 1600w\" sizes=\"auto, (max-width: 1024px) 100vw, 1024px\" \/><\/figure>\n\n\n\n<p><\/p>\n","protected":false},"excerpt":{"rendered":"<p>A Oficina Terap\u00eautica P\u00e9rolas Unidas Pela Arte realizou, na tarde de quarta-feira (6\/3) uma palestra ministrada pelo Dr. Anderson Silveira, em celebra\u00e7\u00e3o ao Dia Internacional da Mulher. Com a presen\u00e7a da Secret\u00e1ria da Sa\u00fade Michele Azevedo e da Coordenadora da Sa\u00fade Cassandra dos Santos Follmer, o evento destacou a import\u00e2ncia da mulher na sociedade para [&hellip;]<\/p>\n","protected":false},"author":8,"featured_media":152216,"comment_status":"open","ping_status":"open","sticky":false,"template":"","format":"standard","meta":{"pmpro_default_level":"","_jetpack_memberships_contains_paid_content":false,"footnotes":""},"categories":[10998,2,6],"tags":[4227,1269,45,46],"class_list":{"0":"post-152215","1":"post","2":"type-post","3":"status-publish","4":"format-standard","5":"has-post-thumbnail","7":"category-comportamento","8":"category-featured","9":"category-inclusive","10":"tag-dia-internacional-da-mulher","11":"tag-mulheres","12":"tag-palestra","13":"tag-paverama","14":"pmpro-has-access"},"yoast_head":"<!-- This site is optimized with the Yoast SEO plugin v27.5 - https:\/\/yoast.com\/product\/yoast-seo-wordpress\/ -->\n<title>Paverama realiza palestra em homenagem ao Dia Internacional da Mulher - Folha Popular<\/title>\n<meta name=\"robots\" content=\"index, follow, max-snippet:-1, max-image-preview:large, max-video-preview:-1\" \/>\n<link rel=\"canonical\" href=\"https:\/\/folhapopular.info\/index.php\/2024\/03\/07\/paverama-realiza-palestra-em-homenagem-ao-dia-internacional-da-mulher\/\" \/>\n<meta property=\"og:locale\" content=\"pt_BR\" \/>\n<meta property=\"og:type\" content=\"article\" \/>\n<meta property=\"og:title\" content=\"Paverama realiza palestra em homenagem ao Dia Internacional da Mulher - Folha Popular\" \/>\n<meta property=\"og:description\" content=\"A Oficina Terap\u00eautica P\u00e9rolas Unidas Pela Arte realizou, na tarde de quarta-feira (6\/3) uma palestra ministrada pelo Dr. Anderson Silveira, em celebra\u00e7\u00e3o ao Dia Internacional da Mulher. Com a presen\u00e7a da Secret\u00e1ria da Sa\u00fade Michele Azevedo e da Coordenadora da Sa\u00fade Cassandra dos Santos Follmer, o evento destacou a import\u00e2ncia da mulher na sociedade para [&hellip;]\" \/>\n<meta property=\"og:url\" content=\"https:\/\/folhapopular.info\/index.php\/2024\/03\/07\/paverama-realiza-palestra-em-homenagem-ao-dia-internacional-da-mulher\/\" \/>\n<meta property=\"og:site_name\" content=\"Folha Popular\" \/>\n<meta property=\"article:published_time\" content=\"2024-03-07T13:45:00+00:00\" \/>\n<meta property=\"og:image\" content=\"https:\/\/folhapopular.info\/wp-content\/uploads\/2024\/03\/c2f6877d-76e7-40a9-a288-b5fea12ac3b3.jpg\" \/>\n\t<meta property=\"og:image:width\" content=\"1600\" \/>\n\t<meta property=\"og:image:height\" content=\"1204\" \/>\n\t<meta property=\"og:image:type\" content=\"image\/jpeg\" \/>\n<meta name=\"author\" content=\"Reda\u00e7\u00e3o Folha Popular\" \/>\n<meta name=\"twitter:card\" content=\"summary_large_image\" \/>\n<meta name=\"twitter:label1\" content=\"Escrito por\" \/>\n\t<meta name=\"twitter:data1\" content=\"Reda\u00e7\u00e3o Folha Popular\" \/>\n\t<meta name=\"twitter:label2\" content=\"Est. tempo de leitura\" \/>\n\t<meta name=\"twitter:data2\" content=\"2 minutos\" \/>\n<script type=\"application\/ld+json\" class=\"yoast-schema-graph\">{\"@context\":\"https:\\\/\\\/schema.org\",\"@graph\":[{\"@type\":\"Article\",\"@id\":\"https:\\\/\\\/folhapopular.info\\\/index.php\\\/2024\\\/03\\\/07\\\/paverama-realiza-palestra-em-homenagem-ao-dia-internacional-da-mulher\\\/#article\",\"isPartOf\":{\"@id\":\"https:\\\/\\\/folhapopular.info\\\/index.php\\\/2024\\\/03\\\/07\\\/paverama-realiza-palestra-em-homenagem-ao-dia-internacional-da-mulher\\\/\"},\"author\":{\"name\":\"Reda\u00e7\u00e3o Folha Popular\",\"@id\":\"https:\\\/\\\/folhapopular.info\\\/#\\\/schema\\\/person\\\/2814e8a0df7643585a9ca38bc6eb9d4b\"},\"headline\":\"Paverama realiza palestra em homenagem ao Dia Internacional da Mulher\",\"datePublished\":\"2024-03-07T13:45:00+00:00\",\"mainEntityOfPage\":{\"@id\":\"https:\\\/\\\/folhapopular.info\\\/index.php\\\/2024\\\/03\\\/07\\\/paverama-realiza-palestra-em-homenagem-ao-dia-internacional-da-mulher\\\/\"},\"wordCount\":153,\"commentCount\":0,\"image\":{\"@id\":\"https:\\\/\\\/folhapopular.info\\\/index.php\\\/2024\\\/03\\\/07\\\/paverama-realiza-palestra-em-homenagem-ao-dia-internacional-da-mulher\\\/#primaryimage\"},\"thumbnailUrl\":\"https:\\\/\\\/folhapopular.info\\\/wp-content\\\/uploads\\\/2024\\\/03\\\/c2f6877d-76e7-40a9-a288-b5fea12ac3b3.jpg\",\"keywords\":[\"Dia Internacional da Mulher\",\"Mulheres\",\"palestra\",\"Paverama\"],\"articleSection\":[\"Comportamento\",\"Destaques\",\"Inclusive\"],\"inLanguage\":\"pt-BR\",\"potentialAction\":[{\"@type\":\"CommentAction\",\"name\":\"Comment\",\"target\":[\"https:\\\/\\\/folhapopular.info\\\/index.php\\\/2024\\\/03\\\/07\\\/paverama-realiza-palestra-em-homenagem-ao-dia-internacional-da-mulher\\\/#respond\"]}]},{\"@type\":\"WebPage\",\"@id\":\"https:\\\/\\\/folhapopular.info\\\/index.php\\\/2024\\\/03\\\/07\\\/paverama-realiza-palestra-em-homenagem-ao-dia-internacional-da-mulher\\\/\",\"url\":\"https:\\\/\\\/folhapopular.info\\\/index.php\\\/2024\\\/03\\\/07\\\/paverama-realiza-palestra-em-homenagem-ao-dia-internacional-da-mulher\\\/\",\"name\":\"Paverama realiza palestra em homenagem ao Dia Internacional da Mulher - Folha Popular\",\"isPartOf\":{\"@id\":\"https:\\\/\\\/folhapopular.info\\\/#website\"},\"primaryImageOfPage\":{\"@id\":\"https:\\\/\\\/folhapopular.info\\\/index.php\\\/2024\\\/03\\\/07\\\/paverama-realiza-palestra-em-homenagem-ao-dia-internacional-da-mulher\\\/#primaryimage\"},\"image\":{\"@id\":\"https:\\\/\\\/folhapopular.info\\\/index.php\\\/2024\\\/03\\\/07\\\/paverama-realiza-palestra-em-homenagem-ao-dia-internacional-da-mulher\\\/#primaryimage\"},\"thumbnailUrl\":\"https:\\\/\\\/folhapopular.info\\\/wp-content\\\/uploads\\\/2024\\\/03\\\/c2f6877d-76e7-40a9-a288-b5fea12ac3b3.jpg\",\"datePublished\":\"2024-03-07T13:45:00+00:00\",\"author\":{\"@id\":\"https:\\\/\\\/folhapopular.info\\\/#\\\/schema\\\/person\\\/2814e8a0df7643585a9ca38bc6eb9d4b\"},\"breadcrumb\":{\"@id\":\"https:\\\/\\\/folhapopular.info\\\/index.php\\\/2024\\\/03\\\/07\\\/paverama-realiza-palestra-em-homenagem-ao-dia-internacional-da-mulher\\\/#breadcrumb\"},\"inLanguage\":\"pt-BR\",\"potentialAction\":[{\"@type\":\"ReadAction\",\"target\":[\"https:\\\/\\\/folhapopular.info\\\/index.php\\\/2024\\\/03\\\/07\\\/paverama-realiza-palestra-em-homenagem-ao-dia-internacional-da-mulher\\\/\"]}]},{\"@type\":\"ImageObject\",\"inLanguage\":\"pt-BR\",\"@id\":\"https:\\\/\\\/folhapopular.info\\\/index.php\\\/2024\\\/03\\\/07\\\/paverama-realiza-palestra-em-homenagem-ao-dia-internacional-da-mulher\\\/#primaryimage\",\"url\":\"https:\\\/\\\/folhapopular.info\\\/wp-content\\\/uploads\\\/2024\\\/03\\\/c2f6877d-76e7-40a9-a288-b5fea12ac3b3.jpg\",\"contentUrl\":\"https:\\\/\\\/folhapopular.info\\\/wp-content\\\/uploads\\\/2024\\\/03\\\/c2f6877d-76e7-40a9-a288-b5fea12ac3b3.jpg\",\"width\":1600,\"height\":1204,\"caption\":\"Cr\u00e9dito: Divulga\u00e7\u00e3o\\\/AI Paverama\"},{\"@type\":\"BreadcrumbList\",\"@id\":\"https:\\\/\\\/folhapopular.info\\\/index.php\\\/2024\\\/03\\\/07\\\/paverama-realiza-palestra-em-homenagem-ao-dia-internacional-da-mulher\\\/#breadcrumb\",\"itemListElement\":[{\"@type\":\"ListItem\",\"position\":1,\"name\":\"In\u00edcio\",\"item\":\"https:\\\/\\\/folhapopular.info\\\/\"},{\"@type\":\"ListItem\",\"position\":2,\"name\":\"Paverama realiza palestra em homenagem ao Dia Internacional da Mulher\"}]},{\"@type\":\"WebSite\",\"@id\":\"https:\\\/\\\/folhapopular.info\\\/#website\",\"url\":\"https:\\\/\\\/folhapopular.info\\\/\",\"name\":\"Folha Popular\",\"description\":\"Onde voc\u00ea tem vez e voz\",\"potentialAction\":[{\"@type\":\"SearchAction\",\"target\":{\"@type\":\"EntryPoint\",\"urlTemplate\":\"https:\\\/\\\/folhapopular.info\\\/?s={search_term_string}\"},\"query-input\":{\"@type\":\"PropertyValueSpecification\",\"valueRequired\":true,\"valueName\":\"search_term_string\"}}],\"inLanguage\":\"pt-BR\"},{\"@type\":\"Person\",\"@id\":\"https:\\\/\\\/folhapopular.info\\\/#\\\/schema\\\/person\\\/2814e8a0df7643585a9ca38bc6eb9d4b\",\"name\":\"Reda\u00e7\u00e3o Folha Popular\",\"image\":{\"@type\":\"ImageObject\",\"inLanguage\":\"pt-BR\",\"@id\":\"https:\\\/\\\/folhapopular.info\\\/wp-content\\\/uploads\\\/2026\\\/04\\\/Folha-1.webp\",\"url\":\"https:\\\/\\\/folhapopular.info\\\/wp-content\\\/uploads\\\/2026\\\/04\\\/Folha-1.webp\",\"contentUrl\":\"https:\\\/\\\/folhapopular.info\\\/wp-content\\\/uploads\\\/2026\\\/04\\\/Folha-1.webp\",\"caption\":\"Reda\u00e7\u00e3o Folha Popular\"},\"url\":\"https:\\\/\\\/folhapopular.info\\\/index.php\\\/author\\\/redacao\\\/\"}]}<\/script>\n<!-- \/ Yoast SEO plugin. -->","yoast_head_json":{"title":"Paverama realiza palestra em homenagem ao Dia Internacional da Mulher - Folha Popular","robots":{"index":"index","follow":"follow","max-snippet":"max-snippet:-1","max-image-preview":"max-image-preview:large","max-video-preview":"max-video-preview:-1"},"canonical":"https:\/\/folhapopular.info\/index.php\/2024\/03\/07\/paverama-realiza-palestra-em-homenagem-ao-dia-internacional-da-mulher\/","og_locale":"pt_BR","og_type":"article","og_title":"Paverama realiza palestra em homenagem ao Dia Internacional da Mulher - Folha Popular","og_description":"A Oficina Terap\u00eautica P\u00e9rolas Unidas Pela Arte realizou, na tarde de quarta-feira (6\/3) uma palestra ministrada pelo Dr. Anderson Silveira, em celebra\u00e7\u00e3o ao Dia Internacional da Mulher. Com a presen\u00e7a da Secret\u00e1ria da Sa\u00fade Michele Azevedo e da Coordenadora da Sa\u00fade Cassandra dos Santos Follmer, o evento destacou a import\u00e2ncia da mulher na sociedade para [&hellip;]","og_url":"https:\/\/folhapopular.info\/index.php\/2024\/03\/07\/paverama-realiza-palestra-em-homenagem-ao-dia-internacional-da-mulher\/","og_site_name":"Folha Popular","article_published_time":"2024-03-07T13:45:00+00:00","og_image":[{"width":1600,"height":1204,"url":"https:\/\/folhapopular.info\/wp-content\/uploads\/2024\/03\/c2f6877d-76e7-40a9-a288-b5fea12ac3b3.jpg","type":"image\/jpeg"}],"author":"Reda\u00e7\u00e3o Folha Popular","twitter_card":"summary_large_image","twitter_misc":{"Escrito por":"Reda\u00e7\u00e3o Folha Popular","Est. tempo de leitura":"2 minutos"},"schema":{"@context":"https:\/\/schema.org","@graph":[{"@type":"Article","@id":"https:\/\/folhapopular.info\/index.php\/2024\/03\/07\/paverama-realiza-palestra-em-homenagem-ao-dia-internacional-da-mulher\/#article","isPartOf":{"@id":"https:\/\/folhapopular.info\/index.php\/2024\/03\/07\/paverama-realiza-palestra-em-homenagem-ao-dia-internacional-da-mulher\/"},"author":{"name":"Reda\u00e7\u00e3o Folha Popular","@id":"https:\/\/folhapopular.info\/#\/schema\/person\/2814e8a0df7643585a9ca38bc6eb9d4b"},"headline":"Paverama realiza palestra em homenagem ao Dia Internacional da Mulher","datePublished":"2024-03-07T13:45:00+00:00","mainEntityOfPage":{"@id":"https:\/\/folhapopular.info\/index.php\/2024\/03\/07\/paverama-realiza-palestra-em-homenagem-ao-dia-internacional-da-mulher\/"},"wordCount":153,"commentCount":0,"image":{"@id":"https:\/\/folhapopular.info\/index.php\/2024\/03\/07\/paverama-realiza-palestra-em-homenagem-ao-dia-internacional-da-mulher\/#primaryimage"},"thumbnailUrl":"https:\/\/folhapopular.info\/wp-content\/uploads\/2024\/03\/c2f6877d-76e7-40a9-a288-b5fea12ac3b3.jpg","keywords":["Dia Internacional da Mulher","Mulheres","palestra","Paverama"],"articleSection":["Comportamento","Destaques","Inclusive"],"inLanguage":"pt-BR","potentialAction":[{"@type":"CommentAction","name":"Comment","target":["https:\/\/folhapopular.info\/index.php\/2024\/03\/07\/paverama-realiza-palestra-em-homenagem-ao-dia-internacional-da-mulher\/#respond"]}]},{"@type":"WebPage","@id":"https:\/\/folhapopular.info\/index.php\/2024\/03\/07\/paverama-realiza-palestra-em-homenagem-ao-dia-internacional-da-mulher\/","url":"https:\/\/folhapopular.info\/index.php\/2024\/03\/07\/paverama-realiza-palestra-em-homenagem-ao-dia-internacional-da-mulher\/","name":"Paverama realiza palestra em homenagem ao Dia Internacional da Mulher - Folha Popular","isPartOf":{"@id":"https:\/\/folhapopular.info\/#website"},"primaryImageOfPage":{"@id":"https:\/\/folhapopular.info\/index.php\/2024\/03\/07\/paverama-realiza-palestra-em-homenagem-ao-dia-internacional-da-mulher\/#primaryimage"},"image":{"@id":"https:\/\/folhapopular.info\/index.php\/2024\/03\/07\/paverama-realiza-palestra-em-homenagem-ao-dia-internacional-da-mulher\/#primaryimage"},"thumbnailUrl":"https:\/\/folhapopular.info\/wp-content\/uploads\/2024\/03\/c2f6877d-76e7-40a9-a288-b5fea12ac3b3.jpg","datePublished":"2024-03-07T13:45:00+00:00","author":{"@id":"https:\/\/folhapopular.info\/#\/schema\/person\/2814e8a0df7643585a9ca38bc6eb9d4b"},"breadcrumb":{"@id":"https:\/\/folhapopular.info\/index.php\/2024\/03\/07\/paverama-realiza-palestra-em-homenagem-ao-dia-internacional-da-mulher\/#breadcrumb"},"inLanguage":"pt-BR","potentialAction":[{"@type":"ReadAction","target":["https:\/\/folhapopular.info\/index.php\/2024\/03\/07\/paverama-realiza-palestra-em-homenagem-ao-dia-internacional-da-mulher\/"]}]},{"@type":"ImageObject","inLanguage":"pt-BR","@id":"https:\/\/folhapopular.info\/index.php\/2024\/03\/07\/paverama-realiza-palestra-em-homenagem-ao-dia-internacional-da-mulher\/#primaryimage","url":"https:\/\/folhapopular.info\/wp-content\/uploads\/2024\/03\/c2f6877d-76e7-40a9-a288-b5fea12ac3b3.jpg","contentUrl":"https:\/\/folhapopular.info\/wp-content\/uploads\/2024\/03\/c2f6877d-76e7-40a9-a288-b5fea12ac3b3.jpg","width":1600,"height":1204,"caption":"Cr\u00e9dito: Divulga\u00e7\u00e3o\/AI Paverama"},{"@type":"BreadcrumbList","@id":"https:\/\/folhapopular.info\/index.php\/2024\/03\/07\/paverama-realiza-palestra-em-homenagem-ao-dia-internacional-da-mulher\/#breadcrumb","itemListElement":[{"@type":"ListItem","position":1,"name":"In\u00edcio","item":"https:\/\/folhapopular.info\/"},{"@type":"ListItem","position":2,"name":"Paverama realiza palestra em homenagem ao Dia Internacional da Mulher"}]},{"@type":"WebSite","@id":"https:\/\/folhapopular.info\/#website","url":"https:\/\/folhapopular.info\/","name":"Folha Popular","description":"Onde voc\u00ea tem vez e voz","potentialAction":[{"@type":"SearchAction","target":{"@type":"EntryPoint","urlTemplate":"https:\/\/folhapopular.info\/?s={search_term_string}"},"query-input":{"@type":"PropertyValueSpecification","valueRequired":true,"valueName":"search_term_string"}}],"inLanguage":"pt-BR"},{"@type":"Person","@id":"https:\/\/folhapopular.info\/#\/schema\/person\/2814e8a0df7643585a9ca38bc6eb9d4b","name":"Reda\u00e7\u00e3o Folha Popular","image":{"@type":"ImageObject","inLanguage":"pt-BR","@id":"https:\/\/folhapopular.info\/wp-content\/uploads\/2026\/04\/Folha-1.webp","url":"https:\/\/folhapopular.info\/wp-content\/uploads\/2026\/04\/Folha-1.webp","contentUrl":"https:\/\/folhapopular.info\/wp-content\/uploads\/2026\/04\/Folha-1.webp","caption":"Reda\u00e7\u00e3o Folha Popular"},"url":"https:\/\/folhapopular.info\/index.php\/author\/redacao\/"}]}},"jetpack_featured_media_url":"https:\/\/folhapopular.info\/wp-content\/uploads\/2024\/03\/c2f6877d-76e7-40a9-a288-b5fea12ac3b3.jpg","jetpack_sharing_enabled":true,"amp_enabled":true,"_links":{"self":[{"href":"https:\/\/folhapopular.info\/index.php\/wp-json\/wp\/v2\/posts\/152215","targetHints":{"allow":["GET"]}}],"collection":[{"href":"https:\/\/folhapopular.info\/index.php\/wp-json\/wp\/v2\/posts"}],"about":[{"href":"https:\/\/folhapopular.info\/index.php\/wp-json\/wp\/v2\/types\/post"}],"author":[{"embeddable":true,"href":"https:\/\/folhapopular.info\/index.php\/wp-json\/wp\/v2\/users\/8"}],"replies":[{"embeddable":true,"href":"https:\/\/folhapopular.info\/index.php\/wp-json\/wp\/v2\/comments?post=152215"}],"version-history":[{"count":0,"href":"https:\/\/folhapopular.info\/index.php\/wp-json\/wp\/v2\/posts\/152215\/revisions"}],"wp:featuredmedia":[{"embeddable":true,"href":"https:\/\/folhapopular.info\/index.php\/wp-json\/wp\/v2\/media\/152216"}],"wp:attachment":[{"href":"https:\/\/folhapopular.info\/index.php\/wp-json\/wp\/v2\/media?parent=152215"}],"wp:term":[{"taxonomy":"category","embeddable":true,"href":"https:\/\/folhapopular.info\/index.php\/wp-json\/wp\/v2\/categories?post=152215"},{"taxonomy":"post_tag","embeddable":true,"href":"https:\/\/folhapopular.info\/index.php\/wp-json\/wp\/v2\/tags?post=152215"}],"curies":[{"name":"wp","href":"https:\/\/api.w.org\/{rel}","templated":true}]}}