{"id":152313,"date":"2024-03-08T09:30:00","date_gmt":"2024-03-08T12:30:00","guid":{"rendered":"https:\/\/folhapopular.info\/?p=152313"},"modified":"2024-03-08T08:49:19","modified_gmt":"2024-03-08T11:49:19","slug":"cursos-do-programa-espaco-4-0-no-labila-estao-com-inscricoes-abertas","status":"publish","type":"post","link":"https:\/\/folhapopular.info\/index.php\/2024\/03\/08\/cursos-do-programa-espaco-4-0-no-labila-estao-com-inscricoes-abertas\/","title":{"rendered":"Cursos do Programa Espa\u00e7o 4.0 no Labil\u00e1 est\u00e3o com inscri\u00e7\u00f5es abertas"},"content":{"rendered":"\n<p>Com o objetivo de promover a inclus\u00e3o digital de jovens, a Prefeitura de Lajeado firmou conv\u00eanio com a Secretaria Nacional da Juventude para implantar o Programa Espa\u00e7o 4.0 no munic\u00edpio. Os cursos ser\u00e3o ministrados no Laborat\u00f3rio de Inova\u00e7\u00e3o Governamental e Social de Lajeado &#8211; Labil\u00e1. As inscri\u00e7\u00f5es v\u00e3o at\u00e9 23 de mar\u00e7o.<\/p>\n\n\n\n<p>Ser\u00e3o oferecidos cinco cursos no Labil\u00e1, sendo que os dois primeiros j\u00e1 est\u00e3o com inscri\u00e7\u00f5es abertas. O p\u00fablico-alvo s\u00e3o jovens de 15 a 29 anos, possibilitando o acesso \u00e0s novas tecnologias e estimulando as diversas habilidades e a criatividade dos jovens para facilitar a retomada da valoriza\u00e7\u00e3o e responsabilidade do jovem cidad\u00e3o.<\/p>\n\n\n\n<p>Para promover esta inclus\u00e3o digital, a ideia \u00e9 fazer a aproxima\u00e7\u00e3o dos jovens \u00e0s novas tecnologias e compet\u00eancias da Ind\u00fastria 4.0. A inova\u00e7\u00e3o ser\u00e1 buscada a partir da disponibiliza\u00e7\u00e3o de um laborat\u00f3rio criativo, customizado e equipado com computadores e impressoras 3D. Desta forma, os jovens ser\u00e3o beneficiados por meio da educa\u00e7\u00e3o e da inclus\u00e3o digital, com acesso \u00e0s tecnologias da informa\u00e7\u00e3o e comunica\u00e7\u00e3o.<\/p>\n\n\n\n<p>O investimento no Programa Espa\u00e7o 4.0 \u00e9 de R$ 302.494,04, da Secretaria Nacional da Juventude com contrapartida da Prefeitura de Lajeado, destinados a compra de equipamentos de inform\u00e1tica, audiovisual, materiais, impressora 3D, mobili\u00e1rio e equipamentos. Conforme Andr\u00e9 B\u00fccker, titular da Secretaria do Desenvolvimento Econ\u00f4mico, Turismo e Agricultura (Sedetag), pasta respons\u00e1vel pela execu\u00e7\u00e3o do projeto no munic\u00edpio, ap\u00f3s o t\u00e9rmino do conv\u00eanio, a Prefeitura pretende dar continuidade \u00e0s a\u00e7\u00f5es com recursos pr\u00f3prios, por meio da forma\u00e7\u00e3o de novas turmas de jovens que tenham interesse em se capacitar ao mercado de trabalho de forma gratuita.<\/p>\n\n\n\n<p><strong>Cursos com inscri\u00e7\u00f5es abertas<br><\/strong><br><strong>Primeiros passos para ganhar a vida com software<br><\/strong>In\u00edcio: 26\/03<br>Carga hor\u00e1ria: 120 horas<br>Quando: ter\u00e7as e quintas-feiras<br>Hor\u00e1rio: 15h15 \u00e0s 18h15<br>Turmas: 1<br>Vagas por turma: 30<br>P\u00fablico-alvo: jovens de 15 a 29 anos<br>Professor: Fabr\u00edcio Pretto<br>Local: Labil\u00e1 (<a href=\"https:\/\/www.google.com\/maps\/search\/Rua+Marechal+Deodoro,+379?entry=gmail&amp;source=g\" target=\"_blank\" rel=\"noreferrer noopener\">Rua Marechal Deodoro, 379<\/a>&nbsp;&#8211; Centro, Lajeado)<br>Formul\u00e1rio para pr\u00e9-inscri\u00e7\u00e3o:&nbsp;<a href=\"http:\/\/bit.ly\/48GXhSp\" target=\"_blank\" rel=\"noreferrer noopener\">bit.ly\/48GXhSp<\/a><br><br><strong>Empreendedor \u2013 Start na Startup<br><\/strong>In\u00edcio: 25\/03<br>Carga hor\u00e1ria: 30 horas<br>Quando: segundas e quartas-feiras<br>Hor\u00e1rio: 18h \u00e0s 21h<br>Turmas: 4<br>Vagas por turma: 30<br>P\u00fablico-alvo: jovens de 15 a 29 anos<br>Professor: Rafael Zanatta<br>Local: Labil\u00e1 (<a href=\"https:\/\/www.google.com\/maps\/search\/Rua+Marechal+Deodoro,+379?entry=gmail&amp;source=g\" target=\"_blank\" rel=\"noreferrer noopener\">Rua Marechal Deodoro, 379<\/a>&nbsp;&#8211; Centro, Lajeado)<br>Formul\u00e1rio para pr\u00e9-inscri\u00e7\u00e3o:&nbsp;<a href=\"http:\/\/bit.ly\/3v0hghb\" target=\"_blank\" rel=\"noreferrer noopener\">bit.ly\/3v0hghb<\/a><\/p>\n\n\n\n<p>&#8211; Os pr\u00f3ximos cursos ter\u00e3o as inscri\u00e7\u00f5es abertas nas pr\u00f3ximas semanas<\/p>\n\n\n\n<p>&#8211; Ao t\u00e9rmino de cada curso, os alunos com frequ\u00eancia m\u00ednima de 75% das horas aulas ser\u00e3o diplomados.&nbsp;<\/p>\n\n\n\n<p>&#8211; O monitoramento e a avalia\u00e7\u00e3o das a\u00e7\u00f5es desenvolvidas no Programa Espa\u00e7o 4.0 se dar\u00e3o por meio da assiduidade, comprometimento e interesse de participa\u00e7\u00e3o dos jovens nas atividades e a quantidade de jovens que alcan\u00e7arem uma vaga no mercado de trabalho ao t\u00e9rmino de cada a\u00e7\u00e3o.<\/p>\n","protected":false},"excerpt":{"rendered":"<p>Com o objetivo de promover a inclus\u00e3o digital de jovens, a Prefeitura de Lajeado firmou conv\u00eanio com a Secretaria Nacional da Juventude para implantar o Programa Espa\u00e7o 4.0 no munic\u00edpio. Os cursos ser\u00e3o ministrados no Laborat\u00f3rio de Inova\u00e7\u00e3o Governamental e Social de Lajeado &#8211; Labil\u00e1. As inscri\u00e7\u00f5es v\u00e3o at\u00e9 23 de mar\u00e7o. Ser\u00e3o oferecidos cinco [&hellip;]<\/p>\n","protected":false},"author":8,"featured_media":152314,"comment_status":"open","ping_status":"open","sticky":false,"template":"","format":"standard","meta":{"pmpro_default_level":"","_jetpack_memberships_contains_paid_content":false,"footnotes":""},"categories":[2,10988,3],"tags":[698,73,14430,10646,27,326],"class_list":{"0":"post-152313","1":"post","2":"type-post","3":"status-publish","4":"format-standard","5":"has-post-thumbnail","7":"category-featured","8":"category-educacao","9":"category-geral","10":"tag-cursos","11":"tag-educacao","12":"tag-empeendedor","13":"tag-labila","14":"tag-lajeado","15":"tag-negocios","16":"pmpro-has-access"},"yoast_head":"<!-- This site is optimized with the Yoast SEO plugin v27.5 - https:\/\/yoast.com\/product\/yoast-seo-wordpress\/ -->\n<title>Cursos do Programa Espa\u00e7o 4.0 no Labil\u00e1 est\u00e3o com inscri\u00e7\u00f5es abertas - Folha Popular<\/title>\n<meta name=\"robots\" content=\"index, follow, max-snippet:-1, max-image-preview:large, max-video-preview:-1\" \/>\n<link rel=\"canonical\" href=\"https:\/\/folhapopular.info\/index.php\/2024\/03\/08\/cursos-do-programa-espaco-4-0-no-labila-estao-com-inscricoes-abertas\/\" \/>\n<meta property=\"og:locale\" content=\"pt_BR\" \/>\n<meta property=\"og:type\" content=\"article\" \/>\n<meta property=\"og:title\" content=\"Cursos do Programa Espa\u00e7o 4.0 no Labil\u00e1 est\u00e3o com inscri\u00e7\u00f5es abertas - Folha Popular\" \/>\n<meta property=\"og:description\" content=\"Com o objetivo de promover a inclus\u00e3o digital de jovens, a Prefeitura de Lajeado firmou conv\u00eanio com a Secretaria Nacional da Juventude para implantar o Programa Espa\u00e7o 4.0 no munic\u00edpio. Os cursos ser\u00e3o ministrados no Laborat\u00f3rio de Inova\u00e7\u00e3o Governamental e Social de Lajeado &#8211; Labil\u00e1. As inscri\u00e7\u00f5es v\u00e3o at\u00e9 23 de mar\u00e7o. Ser\u00e3o oferecidos cinco [&hellip;]\" \/>\n<meta property=\"og:url\" content=\"https:\/\/folhapopular.info\/index.php\/2024\/03\/08\/cursos-do-programa-espaco-4-0-no-labila-estao-com-inscricoes-abertas\/\" \/>\n<meta property=\"og:site_name\" content=\"Folha Popular\" \/>\n<meta property=\"article:published_time\" content=\"2024-03-08T12:30:00+00:00\" \/>\n<meta property=\"og:image\" content=\"https:\/\/folhapopular.info\/wp-content\/uploads\/2024\/03\/Labila-mesas-com-computadore-2.jpg\" \/>\n\t<meta property=\"og:image:width\" content=\"1600\" \/>\n\t<meta property=\"og:image:height\" content=\"1200\" \/>\n\t<meta property=\"og:image:type\" content=\"image\/jpeg\" \/>\n<meta name=\"author\" content=\"Reda\u00e7\u00e3o Folha Popular\" \/>\n<meta name=\"twitter:card\" content=\"summary_large_image\" \/>\n<meta name=\"twitter:label1\" content=\"Escrito por\" \/>\n\t<meta name=\"twitter:data1\" content=\"Reda\u00e7\u00e3o Folha Popular\" \/>\n\t<meta name=\"twitter:label2\" content=\"Est. tempo de leitura\" \/>\n\t<meta name=\"twitter:data2\" content=\"3 minutos\" \/>\n<script type=\"application\/ld+json\" class=\"yoast-schema-graph\">{\"@context\":\"https:\\\/\\\/schema.org\",\"@graph\":[{\"@type\":\"Article\",\"@id\":\"https:\\\/\\\/folhapopular.info\\\/index.php\\\/2024\\\/03\\\/08\\\/cursos-do-programa-espaco-4-0-no-labila-estao-com-inscricoes-abertas\\\/#article\",\"isPartOf\":{\"@id\":\"https:\\\/\\\/folhapopular.info\\\/index.php\\\/2024\\\/03\\\/08\\\/cursos-do-programa-espaco-4-0-no-labila-estao-com-inscricoes-abertas\\\/\"},\"author\":{\"name\":\"Reda\u00e7\u00e3o Folha Popular\",\"@id\":\"https:\\\/\\\/folhapopular.info\\\/#\\\/schema\\\/person\\\/2814e8a0df7643585a9ca38bc6eb9d4b\"},\"headline\":\"Cursos do Programa Espa\u00e7o 4.0 no Labil\u00e1 est\u00e3o com inscri\u00e7\u00f5es abertas\",\"datePublished\":\"2024-03-08T12:30:00+00:00\",\"mainEntityOfPage\":{\"@id\":\"https:\\\/\\\/folhapopular.info\\\/index.php\\\/2024\\\/03\\\/08\\\/cursos-do-programa-espaco-4-0-no-labila-estao-com-inscricoes-abertas\\\/\"},\"wordCount\":502,\"commentCount\":0,\"image\":{\"@id\":\"https:\\\/\\\/folhapopular.info\\\/index.php\\\/2024\\\/03\\\/08\\\/cursos-do-programa-espaco-4-0-no-labila-estao-com-inscricoes-abertas\\\/#primaryimage\"},\"thumbnailUrl\":\"https:\\\/\\\/folhapopular.info\\\/wp-content\\\/uploads\\\/2024\\\/03\\\/Labila-mesas-com-computadore-2.jpg\",\"keywords\":[\"Cursos\",\"Educa\u00e7\u00e3o\",\"Empeendedor\",\"labil\u00e1\",\"Lajeado\",\"Neg\u00f3cios\"],\"articleSection\":[\"Destaques\",\"Educa\u00e7\u00e3o\",\"Geral\"],\"inLanguage\":\"pt-BR\",\"potentialAction\":[{\"@type\":\"CommentAction\",\"name\":\"Comment\",\"target\":[\"https:\\\/\\\/folhapopular.info\\\/index.php\\\/2024\\\/03\\\/08\\\/cursos-do-programa-espaco-4-0-no-labila-estao-com-inscricoes-abertas\\\/#respond\"]}]},{\"@type\":\"WebPage\",\"@id\":\"https:\\\/\\\/folhapopular.info\\\/index.php\\\/2024\\\/03\\\/08\\\/cursos-do-programa-espaco-4-0-no-labila-estao-com-inscricoes-abertas\\\/\",\"url\":\"https:\\\/\\\/folhapopular.info\\\/index.php\\\/2024\\\/03\\\/08\\\/cursos-do-programa-espaco-4-0-no-labila-estao-com-inscricoes-abertas\\\/\",\"name\":\"Cursos do Programa Espa\u00e7o 4.0 no Labil\u00e1 est\u00e3o com inscri\u00e7\u00f5es abertas - Folha Popular\",\"isPartOf\":{\"@id\":\"https:\\\/\\\/folhapopular.info\\\/#website\"},\"primaryImageOfPage\":{\"@id\":\"https:\\\/\\\/folhapopular.info\\\/index.php\\\/2024\\\/03\\\/08\\\/cursos-do-programa-espaco-4-0-no-labila-estao-com-inscricoes-abertas\\\/#primaryimage\"},\"image\":{\"@id\":\"https:\\\/\\\/folhapopular.info\\\/index.php\\\/2024\\\/03\\\/08\\\/cursos-do-programa-espaco-4-0-no-labila-estao-com-inscricoes-abertas\\\/#primaryimage\"},\"thumbnailUrl\":\"https:\\\/\\\/folhapopular.info\\\/wp-content\\\/uploads\\\/2024\\\/03\\\/Labila-mesas-com-computadore-2.jpg\",\"datePublished\":\"2024-03-08T12:30:00+00:00\",\"author\":{\"@id\":\"https:\\\/\\\/folhapopular.info\\\/#\\\/schema\\\/person\\\/2814e8a0df7643585a9ca38bc6eb9d4b\"},\"breadcrumb\":{\"@id\":\"https:\\\/\\\/folhapopular.info\\\/index.php\\\/2024\\\/03\\\/08\\\/cursos-do-programa-espaco-4-0-no-labila-estao-com-inscricoes-abertas\\\/#breadcrumb\"},\"inLanguage\":\"pt-BR\",\"potentialAction\":[{\"@type\":\"ReadAction\",\"target\":[\"https:\\\/\\\/folhapopular.info\\\/index.php\\\/2024\\\/03\\\/08\\\/cursos-do-programa-espaco-4-0-no-labila-estao-com-inscricoes-abertas\\\/\"]}]},{\"@type\":\"ImageObject\",\"inLanguage\":\"pt-BR\",\"@id\":\"https:\\\/\\\/folhapopular.info\\\/index.php\\\/2024\\\/03\\\/08\\\/cursos-do-programa-espaco-4-0-no-labila-estao-com-inscricoes-abertas\\\/#primaryimage\",\"url\":\"https:\\\/\\\/folhapopular.info\\\/wp-content\\\/uploads\\\/2024\\\/03\\\/Labila-mesas-com-computadore-2.jpg\",\"contentUrl\":\"https:\\\/\\\/folhapopular.info\\\/wp-content\\\/uploads\\\/2024\\\/03\\\/Labila-mesas-com-computadore-2.jpg\",\"width\":1600,\"height\":1200,\"caption\":\"Cr\u00e9dito: Divulga\u00e7\u00e3o\\\/AI Labil\u00e1\"},{\"@type\":\"BreadcrumbList\",\"@id\":\"https:\\\/\\\/folhapopular.info\\\/index.php\\\/2024\\\/03\\\/08\\\/cursos-do-programa-espaco-4-0-no-labila-estao-com-inscricoes-abertas\\\/#breadcrumb\",\"itemListElement\":[{\"@type\":\"ListItem\",\"position\":1,\"name\":\"In\u00edcio\",\"item\":\"https:\\\/\\\/folhapopular.info\\\/\"},{\"@type\":\"ListItem\",\"position\":2,\"name\":\"Cursos do Programa Espa\u00e7o 4.0 no Labil\u00e1 est\u00e3o com inscri\u00e7\u00f5es abertas\"}]},{\"@type\":\"WebSite\",\"@id\":\"https:\\\/\\\/folhapopular.info\\\/#website\",\"url\":\"https:\\\/\\\/folhapopular.info\\\/\",\"name\":\"Folha Popular\",\"description\":\"Onde voc\u00ea tem vez e voz\",\"potentialAction\":[{\"@type\":\"SearchAction\",\"target\":{\"@type\":\"EntryPoint\",\"urlTemplate\":\"https:\\\/\\\/folhapopular.info\\\/?s={search_term_string}\"},\"query-input\":{\"@type\":\"PropertyValueSpecification\",\"valueRequired\":true,\"valueName\":\"search_term_string\"}}],\"inLanguage\":\"pt-BR\"},{\"@type\":\"Person\",\"@id\":\"https:\\\/\\\/folhapopular.info\\\/#\\\/schema\\\/person\\\/2814e8a0df7643585a9ca38bc6eb9d4b\",\"name\":\"Reda\u00e7\u00e3o Folha Popular\",\"image\":{\"@type\":\"ImageObject\",\"inLanguage\":\"pt-BR\",\"@id\":\"https:\\\/\\\/folhapopular.info\\\/wp-content\\\/uploads\\\/2026\\\/04\\\/Folha-1.webp\",\"url\":\"https:\\\/\\\/folhapopular.info\\\/wp-content\\\/uploads\\\/2026\\\/04\\\/Folha-1.webp\",\"contentUrl\":\"https:\\\/\\\/folhapopular.info\\\/wp-content\\\/uploads\\\/2026\\\/04\\\/Folha-1.webp\",\"caption\":\"Reda\u00e7\u00e3o Folha Popular\"},\"url\":\"https:\\\/\\\/folhapopular.info\\\/index.php\\\/author\\\/redacao\\\/\"}]}<\/script>\n<!-- \/ Yoast SEO plugin. -->","yoast_head_json":{"title":"Cursos do Programa Espa\u00e7o 4.0 no Labil\u00e1 est\u00e3o com inscri\u00e7\u00f5es abertas - Folha Popular","robots":{"index":"index","follow":"follow","max-snippet":"max-snippet:-1","max-image-preview":"max-image-preview:large","max-video-preview":"max-video-preview:-1"},"canonical":"https:\/\/folhapopular.info\/index.php\/2024\/03\/08\/cursos-do-programa-espaco-4-0-no-labila-estao-com-inscricoes-abertas\/","og_locale":"pt_BR","og_type":"article","og_title":"Cursos do Programa Espa\u00e7o 4.0 no Labil\u00e1 est\u00e3o com inscri\u00e7\u00f5es abertas - Folha Popular","og_description":"Com o objetivo de promover a inclus\u00e3o digital de jovens, a Prefeitura de Lajeado firmou conv\u00eanio com a Secretaria Nacional da Juventude para implantar o Programa Espa\u00e7o 4.0 no munic\u00edpio. Os cursos ser\u00e3o ministrados no Laborat\u00f3rio de Inova\u00e7\u00e3o Governamental e Social de Lajeado &#8211; Labil\u00e1. As inscri\u00e7\u00f5es v\u00e3o at\u00e9 23 de mar\u00e7o. Ser\u00e3o oferecidos cinco [&hellip;]","og_url":"https:\/\/folhapopular.info\/index.php\/2024\/03\/08\/cursos-do-programa-espaco-4-0-no-labila-estao-com-inscricoes-abertas\/","og_site_name":"Folha Popular","article_published_time":"2024-03-08T12:30:00+00:00","og_image":[{"width":1600,"height":1200,"url":"https:\/\/folhapopular.info\/wp-content\/uploads\/2024\/03\/Labila-mesas-com-computadore-2.jpg","type":"image\/jpeg"}],"author":"Reda\u00e7\u00e3o Folha Popular","twitter_card":"summary_large_image","twitter_misc":{"Escrito por":"Reda\u00e7\u00e3o Folha Popular","Est. tempo de leitura":"3 minutos"},"schema":{"@context":"https:\/\/schema.org","@graph":[{"@type":"Article","@id":"https:\/\/folhapopular.info\/index.php\/2024\/03\/08\/cursos-do-programa-espaco-4-0-no-labila-estao-com-inscricoes-abertas\/#article","isPartOf":{"@id":"https:\/\/folhapopular.info\/index.php\/2024\/03\/08\/cursos-do-programa-espaco-4-0-no-labila-estao-com-inscricoes-abertas\/"},"author":{"name":"Reda\u00e7\u00e3o Folha Popular","@id":"https:\/\/folhapopular.info\/#\/schema\/person\/2814e8a0df7643585a9ca38bc6eb9d4b"},"headline":"Cursos do Programa Espa\u00e7o 4.0 no Labil\u00e1 est\u00e3o com inscri\u00e7\u00f5es abertas","datePublished":"2024-03-08T12:30:00+00:00","mainEntityOfPage":{"@id":"https:\/\/folhapopular.info\/index.php\/2024\/03\/08\/cursos-do-programa-espaco-4-0-no-labila-estao-com-inscricoes-abertas\/"},"wordCount":502,"commentCount":0,"image":{"@id":"https:\/\/folhapopular.info\/index.php\/2024\/03\/08\/cursos-do-programa-espaco-4-0-no-labila-estao-com-inscricoes-abertas\/#primaryimage"},"thumbnailUrl":"https:\/\/folhapopular.info\/wp-content\/uploads\/2024\/03\/Labila-mesas-com-computadore-2.jpg","keywords":["Cursos","Educa\u00e7\u00e3o","Empeendedor","labil\u00e1","Lajeado","Neg\u00f3cios"],"articleSection":["Destaques","Educa\u00e7\u00e3o","Geral"],"inLanguage":"pt-BR","potentialAction":[{"@type":"CommentAction","name":"Comment","target":["https:\/\/folhapopular.info\/index.php\/2024\/03\/08\/cursos-do-programa-espaco-4-0-no-labila-estao-com-inscricoes-abertas\/#respond"]}]},{"@type":"WebPage","@id":"https:\/\/folhapopular.info\/index.php\/2024\/03\/08\/cursos-do-programa-espaco-4-0-no-labila-estao-com-inscricoes-abertas\/","url":"https:\/\/folhapopular.info\/index.php\/2024\/03\/08\/cursos-do-programa-espaco-4-0-no-labila-estao-com-inscricoes-abertas\/","name":"Cursos do Programa Espa\u00e7o 4.0 no Labil\u00e1 est\u00e3o com inscri\u00e7\u00f5es abertas - Folha Popular","isPartOf":{"@id":"https:\/\/folhapopular.info\/#website"},"primaryImageOfPage":{"@id":"https:\/\/folhapopular.info\/index.php\/2024\/03\/08\/cursos-do-programa-espaco-4-0-no-labila-estao-com-inscricoes-abertas\/#primaryimage"},"image":{"@id":"https:\/\/folhapopular.info\/index.php\/2024\/03\/08\/cursos-do-programa-espaco-4-0-no-labila-estao-com-inscricoes-abertas\/#primaryimage"},"thumbnailUrl":"https:\/\/folhapopular.info\/wp-content\/uploads\/2024\/03\/Labila-mesas-com-computadore-2.jpg","datePublished":"2024-03-08T12:30:00+00:00","author":{"@id":"https:\/\/folhapopular.info\/#\/schema\/person\/2814e8a0df7643585a9ca38bc6eb9d4b"},"breadcrumb":{"@id":"https:\/\/folhapopular.info\/index.php\/2024\/03\/08\/cursos-do-programa-espaco-4-0-no-labila-estao-com-inscricoes-abertas\/#breadcrumb"},"inLanguage":"pt-BR","potentialAction":[{"@type":"ReadAction","target":["https:\/\/folhapopular.info\/index.php\/2024\/03\/08\/cursos-do-programa-espaco-4-0-no-labila-estao-com-inscricoes-abertas\/"]}]},{"@type":"ImageObject","inLanguage":"pt-BR","@id":"https:\/\/folhapopular.info\/index.php\/2024\/03\/08\/cursos-do-programa-espaco-4-0-no-labila-estao-com-inscricoes-abertas\/#primaryimage","url":"https:\/\/folhapopular.info\/wp-content\/uploads\/2024\/03\/Labila-mesas-com-computadore-2.jpg","contentUrl":"https:\/\/folhapopular.info\/wp-content\/uploads\/2024\/03\/Labila-mesas-com-computadore-2.jpg","width":1600,"height":1200,"caption":"Cr\u00e9dito: Divulga\u00e7\u00e3o\/AI Labil\u00e1"},{"@type":"BreadcrumbList","@id":"https:\/\/folhapopular.info\/index.php\/2024\/03\/08\/cursos-do-programa-espaco-4-0-no-labila-estao-com-inscricoes-abertas\/#breadcrumb","itemListElement":[{"@type":"ListItem","position":1,"name":"In\u00edcio","item":"https:\/\/folhapopular.info\/"},{"@type":"ListItem","position":2,"name":"Cursos do Programa Espa\u00e7o 4.0 no Labil\u00e1 est\u00e3o com inscri\u00e7\u00f5es abertas"}]},{"@type":"WebSite","@id":"https:\/\/folhapopular.info\/#website","url":"https:\/\/folhapopular.info\/","name":"Folha Popular","description":"Onde voc\u00ea tem vez e voz","potentialAction":[{"@type":"SearchAction","target":{"@type":"EntryPoint","urlTemplate":"https:\/\/folhapopular.info\/?s={search_term_string}"},"query-input":{"@type":"PropertyValueSpecification","valueRequired":true,"valueName":"search_term_string"}}],"inLanguage":"pt-BR"},{"@type":"Person","@id":"https:\/\/folhapopular.info\/#\/schema\/person\/2814e8a0df7643585a9ca38bc6eb9d4b","name":"Reda\u00e7\u00e3o Folha Popular","image":{"@type":"ImageObject","inLanguage":"pt-BR","@id":"https:\/\/folhapopular.info\/wp-content\/uploads\/2026\/04\/Folha-1.webp","url":"https:\/\/folhapopular.info\/wp-content\/uploads\/2026\/04\/Folha-1.webp","contentUrl":"https:\/\/folhapopular.info\/wp-content\/uploads\/2026\/04\/Folha-1.webp","caption":"Reda\u00e7\u00e3o Folha Popular"},"url":"https:\/\/folhapopular.info\/index.php\/author\/redacao\/"}]}},"jetpack_featured_media_url":"https:\/\/folhapopular.info\/wp-content\/uploads\/2024\/03\/Labila-mesas-com-computadore-2.jpg","jetpack_sharing_enabled":true,"amp_enabled":true,"_links":{"self":[{"href":"https:\/\/folhapopular.info\/index.php\/wp-json\/wp\/v2\/posts\/152313","targetHints":{"allow":["GET"]}}],"collection":[{"href":"https:\/\/folhapopular.info\/index.php\/wp-json\/wp\/v2\/posts"}],"about":[{"href":"https:\/\/folhapopular.info\/index.php\/wp-json\/wp\/v2\/types\/post"}],"author":[{"embeddable":true,"href":"https:\/\/folhapopular.info\/index.php\/wp-json\/wp\/v2\/users\/8"}],"replies":[{"embeddable":true,"href":"https:\/\/folhapopular.info\/index.php\/wp-json\/wp\/v2\/comments?post=152313"}],"version-history":[{"count":0,"href":"https:\/\/folhapopular.info\/index.php\/wp-json\/wp\/v2\/posts\/152313\/revisions"}],"wp:featuredmedia":[{"embeddable":true,"href":"https:\/\/folhapopular.info\/index.php\/wp-json\/wp\/v2\/media\/152314"}],"wp:attachment":[{"href":"https:\/\/folhapopular.info\/index.php\/wp-json\/wp\/v2\/media?parent=152313"}],"wp:term":[{"taxonomy":"category","embeddable":true,"href":"https:\/\/folhapopular.info\/index.php\/wp-json\/wp\/v2\/categories?post=152313"},{"taxonomy":"post_tag","embeddable":true,"href":"https:\/\/folhapopular.info\/index.php\/wp-json\/wp\/v2\/tags?post=152313"}],"curies":[{"name":"wp","href":"https:\/\/api.w.org\/{rel}","templated":true}]}}