{"id":152469,"date":"2024-03-10T10:12:50","date_gmt":"2024-03-10T13:12:50","guid":{"rendered":"https:\/\/folhapopular.info\/?p=152469"},"modified":"2024-03-10T10:17:29","modified_gmt":"2024-03-10T13:17:29","slug":"mini-baile-lanca-festival-do-chucrute-2024","status":"publish","type":"post","link":"https:\/\/folhapopular.info\/index.php\/2024\/03\/10\/mini-baile-lanca-festival-do-chucrute-2024\/","title":{"rendered":"Mini-baile lan\u00e7a Festival do Chucrute 2024"},"content":{"rendered":"\n<p>A comenda e a Comunidade Evang\u00e9lica Luterana de Estrela lan\u00e7aram o 57\u00ba Festival do Chucrute na noite deste s\u00e1bado (9\/3), no sal\u00e3o da Associa\u00e7\u00e3o dos Moradores do Bairro das Ind\u00fastrias (Ambi). O Mini-baile teve a apresenta\u00e7\u00e3o da programa\u00e7\u00e3o e do Grupo de Dan\u00e7as Folcl\u00f3ricas Alem\u00e3s de Estrela, que estrearam novo traje. <\/p>\n\n\n\n<p>Coube \u00e0 comendadora Aneli Sehn fazer o discurso de abertura e declarar oficialmente lan\u00e7ado o Festival do Chucrute. Ela agradeceu aos patrocinadores, aos casais comendadores, ao grupo de dan\u00e7as, aos volunt\u00e1rios, \u00e0 Ambi por receber o evento de lan\u00e7amento e a toda comunidade envolvida no tradicional Festival.<\/p>\n\n\n\n<p>O deputado federal Lucas Redecker (PSDB) esteve presente e foi homenageado, pois apoiou o Grupo de Dan\u00e7as com valores para a compra de novos trajes. A inten\u00e7\u00e3o inicial era confeccionar 5 novos trajes completos, por\u00e9m com o esfor\u00e7o de pesquisa, &#8220;conseguimos produzir sete novos trajes, dos quais um apresentamos hoje \u00e0 noite&#8221;, destacou o instrutor Andr\u00e9as Hamester.<\/p>\n\n\n\n<p>Redecker mostrou-se contente em poder contribuir com um grupo consolidado h\u00e1 60 anos. Relatou a liga\u00e7\u00e3o do grupo de dan\u00e7as com sua fam\u00edlia, pois tios, primos, m\u00e3e e av\u00f3s participaram da constru\u00e7\u00e3o do projeto. &#8220;Tocaram no cora\u00e7\u00e3o quando pediram este apoio&#8221;, reconheceu.<\/p>\n\n\n\n<p>O prefeito de Estrela, Elmar Andr\u00e9 Schneider, celebrou o tradicional evento como marca registrada do munic\u00edpio. Tamb\u00e9m agradeceu ao Grupo de Dan\u00e7as por levar o nome de Estrela para tantas cidades, estados e pa\u00edses. Anunciou o apoio de uma empresa para custear parte dos valores da viagem do Grupo de Dan\u00e7as para a Europa na metade do ano.<\/p>\n\n\n\n<p>O instrutor Andr\u00e9as Hamester coordenou as dan\u00e7as de cinco categorias do Grupo de Dan\u00e7as. O Restaurante e Padaria Bruxel ficou respons\u00e1vel pela alimenta\u00e7\u00e3o oferecida em b\u00fcffet por quilo. A comunidade do Bairro das Ind\u00fastrias coordenou a copa, com cerveja, chopp, energ\u00e9tico, \u00e1gua e refrigerantes.<\/p>\n\n\n\n<div class=\"wp-block-jetpack-slideshow aligncenter\" data-effect=\"slide\"><div class=\"wp-block-jetpack-slideshow_container swiper-container\"><ul class=\"wp-block-jetpack-slideshow_swiper-wrapper swiper-wrapper\"><li class=\"wp-block-jetpack-slideshow_slide swiper-slide\"><figure><img loading=\"lazy\" decoding=\"async\" width=\"1024\" height=\"768\" alt=\"\" class=\"wp-block-jetpack-slideshow_image wp-image-152472\" data-id=\"152472\" src=\"https:\/\/folhapopular.info\/wp-content\/uploads\/2024\/03\/2024_03_09_LLB_Deputado-Lucas-Redecker-c-recebeu-homenagem-e-agradecimento-pelo-apoio-aos-novos-trajes-1024x768.jpeg\" srcset=\"https:\/\/folhapopular.info\/wp-content\/uploads\/2024\/03\/2024_03_09_LLB_Deputado-Lucas-Redecker-c-recebeu-homenagem-e-agradecimento-pelo-apoio-aos-novos-trajes-1024x768.jpeg 1024w, https:\/\/folhapopular.info\/wp-content\/uploads\/2024\/03\/2024_03_09_LLB_Deputado-Lucas-Redecker-c-recebeu-homenagem-e-agradecimento-pelo-apoio-aos-novos-trajes-300x225.jpeg 300w, https:\/\/folhapopular.info\/wp-content\/uploads\/2024\/03\/2024_03_09_LLB_Deputado-Lucas-Redecker-c-recebeu-homenagem-e-agradecimento-pelo-apoio-aos-novos-trajes-768x576.jpeg 768w, https:\/\/folhapopular.info\/wp-content\/uploads\/2024\/03\/2024_03_09_LLB_Deputado-Lucas-Redecker-c-recebeu-homenagem-e-agradecimento-pelo-apoio-aos-novos-trajes-696x522.jpeg 696w, https:\/\/folhapopular.info\/wp-content\/uploads\/2024\/03\/2024_03_09_LLB_Deputado-Lucas-Redecker-c-recebeu-homenagem-e-agradecimento-pelo-apoio-aos-novos-trajes-1068x801.jpeg 1068w, https:\/\/folhapopular.info\/wp-content\/uploads\/2024\/03\/2024_03_09_LLB_Deputado-Lucas-Redecker-c-recebeu-homenagem-e-agradecimento-pelo-apoio-aos-novos-trajes.jpeg 1280w\" sizes=\"(max-width: 1024px) 100vw, 1024px\" \/><figcaption class=\"wp-block-jetpack-slideshow_caption gallery-caption\">Deputado Lucas Redecker (c) recebeu homenagem e agradecimento pelo apoio aos novos trajes \/\/ Cr\u00e9dito: Lucas Leandro Brune<\/figcaption><\/figure><\/li><li class=\"wp-block-jetpack-slideshow_slide swiper-slide\"><figure><img loading=\"lazy\" decoding=\"async\" width=\"1024\" height=\"768\" alt=\"\" class=\"wp-block-jetpack-slideshow_image wp-image-152471\" data-id=\"152471\" src=\"https:\/\/folhapopular.info\/wp-content\/uploads\/2024\/03\/2024_03_09_LLB_Deputado-Lucas-Redecker-c-recebeu-homenagem-e-agradecimento-pelo-apoio-aos-novos-trajes-2-1024x768.jpeg\" srcset=\"https:\/\/folhapopular.info\/wp-content\/uploads\/2024\/03\/2024_03_09_LLB_Deputado-Lucas-Redecker-c-recebeu-homenagem-e-agradecimento-pelo-apoio-aos-novos-trajes-2-1024x768.jpeg 1024w, https:\/\/folhapopular.info\/wp-content\/uploads\/2024\/03\/2024_03_09_LLB_Deputado-Lucas-Redecker-c-recebeu-homenagem-e-agradecimento-pelo-apoio-aos-novos-trajes-2-300x225.jpeg 300w, https:\/\/folhapopular.info\/wp-content\/uploads\/2024\/03\/2024_03_09_LLB_Deputado-Lucas-Redecker-c-recebeu-homenagem-e-agradecimento-pelo-apoio-aos-novos-trajes-2-768x576.jpeg 768w, https:\/\/folhapopular.info\/wp-content\/uploads\/2024\/03\/2024_03_09_LLB_Deputado-Lucas-Redecker-c-recebeu-homenagem-e-agradecimento-pelo-apoio-aos-novos-trajes-2-696x522.jpeg 696w, https:\/\/folhapopular.info\/wp-content\/uploads\/2024\/03\/2024_03_09_LLB_Deputado-Lucas-Redecker-c-recebeu-homenagem-e-agradecimento-pelo-apoio-aos-novos-trajes-2-1068x801.jpeg 1068w, https:\/\/folhapopular.info\/wp-content\/uploads\/2024\/03\/2024_03_09_LLB_Deputado-Lucas-Redecker-c-recebeu-homenagem-e-agradecimento-pelo-apoio-aos-novos-trajes-2.jpeg 1280w\" sizes=\"(max-width: 1024px) 100vw, 1024px\" \/><figcaption class=\"wp-block-jetpack-slideshow_caption gallery-caption\">Deputado Lucas Redecker (c) recebeu homenagem e agradecimento pelo apoio aos novos trajes \/\/ Cr\u00e9dito: Lucas Leandro Brune<\/figcaption><\/figure><\/li><\/ul><a class=\"wp-block-jetpack-slideshow_button-prev swiper-button-prev swiper-button-white\" role=\"button\"><\/a><a class=\"wp-block-jetpack-slideshow_button-next swiper-button-next swiper-button-white\" role=\"button\"><\/a><a aria-label=\"Pause Slideshow\" class=\"wp-block-jetpack-slideshow_button-pause\" role=\"button\"><\/a><div class=\"wp-block-jetpack-slideshow_pagination swiper-pagination swiper-pagination-white\"><\/div><\/div><\/div>\n\n\n\n<h2 class=\"wp-block-heading\"><strong>Programa\u00e7\u00e3o do 57\u00ba Festival do Chucrute<\/strong><\/h2>\n\n\n\n<p>O pr\u00f3ximo evento agendado \u00e9 o dia 4 de maio, s\u00e1bado, com o tradicional desfile pelas ruas centrais de Estrela. &#8220;A inten\u00e7\u00e3o \u00e9 atingir o recorde de ve\u00edculos participantes&#8221;, conforme destaca o comendador Ernani Sehn.<\/p>\n\n\n\n<p>A programa\u00e7\u00e3o vai de 18 a 26 de maio. Os bailes tradicionais de s\u00e1bado ser\u00e3o dias 18 e 25 de maio, no Pavilh\u00e3o Cristo Rei. Nos dois domingos ap\u00f3s os bailes h\u00e1 o Caf\u00e9 Colonial. E durante a semana h\u00e1 programa\u00e7\u00f5es voltadas para a Terceira Idade e Apaes.<\/p>\n\n\n\n<figure class=\"wp-block-image size-large\"><img loading=\"lazy\" decoding=\"async\" width=\"1024\" height=\"768\" src=\"https:\/\/folhapopular.info\/wp-content\/uploads\/2024\/03\/2024_03_09_LLB_Salao-da-Ambi-foi-enfeitado-para-receber-o-mini-baile-tipico-1024x768.jpeg\" alt=\"\" class=\"wp-image-152473\" srcset=\"https:\/\/folhapopular.info\/wp-content\/uploads\/2024\/03\/2024_03_09_LLB_Salao-da-Ambi-foi-enfeitado-para-receber-o-mini-baile-tipico-1024x768.jpeg 1024w, https:\/\/folhapopular.info\/wp-content\/uploads\/2024\/03\/2024_03_09_LLB_Salao-da-Ambi-foi-enfeitado-para-receber-o-mini-baile-tipico-300x225.jpeg 300w, https:\/\/folhapopular.info\/wp-content\/uploads\/2024\/03\/2024_03_09_LLB_Salao-da-Ambi-foi-enfeitado-para-receber-o-mini-baile-tipico-768x576.jpeg 768w, https:\/\/folhapopular.info\/wp-content\/uploads\/2024\/03\/2024_03_09_LLB_Salao-da-Ambi-foi-enfeitado-para-receber-o-mini-baile-tipico-696x522.jpeg 696w, https:\/\/folhapopular.info\/wp-content\/uploads\/2024\/03\/2024_03_09_LLB_Salao-da-Ambi-foi-enfeitado-para-receber-o-mini-baile-tipico-1068x801.jpeg 1068w, https:\/\/folhapopular.info\/wp-content\/uploads\/2024\/03\/2024_03_09_LLB_Salao-da-Ambi-foi-enfeitado-para-receber-o-mini-baile-tipico.jpeg 1280w\" sizes=\"auto, (max-width: 1024px) 100vw, 1024px\" \/><figcaption class=\"wp-element-caption\">Sal\u00e3o da Ambi foi enfeitado para receber o mini baile t\u00edpico \/\/ Cr\u00e9dito: Lucas Leandro Brune<\/figcaption><\/figure>\n","protected":false},"excerpt":{"rendered":"<p>A comenda e a Comunidade Evang\u00e9lica Luterana de Estrela lan\u00e7aram o 57\u00ba Festival do Chucrute na noite deste s\u00e1bado (9\/3), no sal\u00e3o da Associa\u00e7\u00e3o dos Moradores do Bairro das Ind\u00fastrias (Ambi). O Mini-baile teve a apresenta\u00e7\u00e3o da programa\u00e7\u00e3o e do Grupo de Dan\u00e7as Folcl\u00f3ricas Alem\u00e3s de Estrela, que estrearam novo traje. Coube \u00e0 comendadora Aneli [&hellip;]<\/p>\n","protected":false},"author":7,"featured_media":152470,"comment_status":"open","ping_status":"open","sticky":false,"template":"","format":"standard","meta":{"pmpro_default_level":"","_jetpack_memberships_contains_paid_content":false,"footnotes":""},"categories":[10996,2,10999,6],"tags":[],"class_list":{"0":"post-152469","1":"post","2":"type-post","3":"status-publish","4":"format-standard","5":"has-post-thumbnail","7":"category-cultura","8":"category-featured","9":"category-entretenimento","10":"category-inclusive","11":"pmpro-has-access"},"yoast_head":"<!-- This site is optimized with the Yoast SEO plugin v27.5 - https:\/\/yoast.com\/product\/yoast-seo-wordpress\/ -->\n<title>Mini-baile lan\u00e7a Festival do Chucrute 2024 - Folha Popular<\/title>\n<meta name=\"robots\" content=\"index, follow, max-snippet:-1, max-image-preview:large, max-video-preview:-1\" \/>\n<link rel=\"canonical\" href=\"https:\/\/folhapopular.info\/index.php\/2024\/03\/10\/mini-baile-lanca-festival-do-chucrute-2024\/\" \/>\n<meta property=\"og:locale\" content=\"pt_BR\" \/>\n<meta property=\"og:type\" content=\"article\" \/>\n<meta property=\"og:title\" content=\"Mini-baile lan\u00e7a Festival do Chucrute 2024 - Folha Popular\" \/>\n<meta property=\"og:description\" content=\"A comenda e a Comunidade Evang\u00e9lica Luterana de Estrela lan\u00e7aram o 57\u00ba Festival do Chucrute na noite deste s\u00e1bado (9\/3), no sal\u00e3o da Associa\u00e7\u00e3o dos Moradores do Bairro das Ind\u00fastrias (Ambi). O Mini-baile teve a apresenta\u00e7\u00e3o da programa\u00e7\u00e3o e do Grupo de Dan\u00e7as Folcl\u00f3ricas Alem\u00e3s de Estrela, que estrearam novo traje. Coube \u00e0 comendadora Aneli [&hellip;]\" \/>\n<meta property=\"og:url\" content=\"https:\/\/folhapopular.info\/index.php\/2024\/03\/10\/mini-baile-lanca-festival-do-chucrute-2024\/\" \/>\n<meta property=\"og:site_name\" content=\"Folha Popular\" \/>\n<meta property=\"article:published_time\" content=\"2024-03-10T13:12:50+00:00\" \/>\n<meta property=\"article:modified_time\" content=\"2024-03-10T13:17:29+00:00\" \/>\n<meta property=\"og:image\" content=\"http:\/\/folhapopular.info\/wp-content\/uploads\/2024\/03\/2024_03_09_LLB_Cinco-categorias-do-Grupo-de-Dancas-Folcloricas-Alemas-de-Estrela-fizeram-apresentacoes-e1710075602919.jpeg\" \/>\n\t<meta property=\"og:image:width\" content=\"721\" \/>\n\t<meta property=\"og:image:height\" content=\"983\" \/>\n\t<meta property=\"og:image:type\" content=\"image\/jpeg\" \/>\n<meta name=\"author\" content=\"Lucas Leandro Brune\" \/>\n<meta name=\"twitter:card\" content=\"summary_large_image\" \/>\n<meta name=\"twitter:label1\" content=\"Escrito por\" \/>\n\t<meta name=\"twitter:data1\" content=\"Lucas Leandro Brune\" \/>\n\t<meta name=\"twitter:label2\" content=\"Est. tempo de leitura\" \/>\n\t<meta name=\"twitter:data2\" content=\"4 minutos\" \/>\n<script type=\"application\/ld+json\" class=\"yoast-schema-graph\">{\"@context\":\"https:\\\/\\\/schema.org\",\"@graph\":[{\"@type\":\"Article\",\"@id\":\"https:\\\/\\\/folhapopular.info\\\/index.php\\\/2024\\\/03\\\/10\\\/mini-baile-lanca-festival-do-chucrute-2024\\\/#article\",\"isPartOf\":{\"@id\":\"https:\\\/\\\/folhapopular.info\\\/index.php\\\/2024\\\/03\\\/10\\\/mini-baile-lanca-festival-do-chucrute-2024\\\/\"},\"author\":{\"name\":\"Lucas Leandro Brune\",\"@id\":\"https:\\\/\\\/folhapopular.info\\\/#\\\/schema\\\/person\\\/533a15f60cd49e81ab3a90b4ca33cb36\"},\"headline\":\"Mini-baile lan\u00e7a Festival do Chucrute 2024\",\"datePublished\":\"2024-03-10T13:12:50+00:00\",\"dateModified\":\"2024-03-10T13:17:29+00:00\",\"mainEntityOfPage\":{\"@id\":\"https:\\\/\\\/folhapopular.info\\\/index.php\\\/2024\\\/03\\\/10\\\/mini-baile-lanca-festival-do-chucrute-2024\\\/\"},\"wordCount\":484,\"commentCount\":0,\"image\":{\"@id\":\"https:\\\/\\\/folhapopular.info\\\/index.php\\\/2024\\\/03\\\/10\\\/mini-baile-lanca-festival-do-chucrute-2024\\\/#primaryimage\"},\"thumbnailUrl\":\"https:\\\/\\\/folhapopular.info\\\/wp-content\\\/uploads\\\/2024\\\/03\\\/2024_03_09_LLB_Cinco-categorias-do-Grupo-de-Dancas-Folcloricas-Alemas-de-Estrela-fizeram-apresentacoes-e1710075602919.jpeg\",\"articleSection\":[\"Cultura\",\"Destaques\",\"Entretenimento\",\"Inclusive\"],\"inLanguage\":\"pt-BR\",\"potentialAction\":[{\"@type\":\"CommentAction\",\"name\":\"Comment\",\"target\":[\"https:\\\/\\\/folhapopular.info\\\/index.php\\\/2024\\\/03\\\/10\\\/mini-baile-lanca-festival-do-chucrute-2024\\\/#respond\"]}]},{\"@type\":\"WebPage\",\"@id\":\"https:\\\/\\\/folhapopular.info\\\/index.php\\\/2024\\\/03\\\/10\\\/mini-baile-lanca-festival-do-chucrute-2024\\\/\",\"url\":\"https:\\\/\\\/folhapopular.info\\\/index.php\\\/2024\\\/03\\\/10\\\/mini-baile-lanca-festival-do-chucrute-2024\\\/\",\"name\":\"Mini-baile lan\u00e7a Festival do Chucrute 2024 - Folha Popular\",\"isPartOf\":{\"@id\":\"https:\\\/\\\/folhapopular.info\\\/#website\"},\"primaryImageOfPage\":{\"@id\":\"https:\\\/\\\/folhapopular.info\\\/index.php\\\/2024\\\/03\\\/10\\\/mini-baile-lanca-festival-do-chucrute-2024\\\/#primaryimage\"},\"image\":{\"@id\":\"https:\\\/\\\/folhapopular.info\\\/index.php\\\/2024\\\/03\\\/10\\\/mini-baile-lanca-festival-do-chucrute-2024\\\/#primaryimage\"},\"thumbnailUrl\":\"https:\\\/\\\/folhapopular.info\\\/wp-content\\\/uploads\\\/2024\\\/03\\\/2024_03_09_LLB_Cinco-categorias-do-Grupo-de-Dancas-Folcloricas-Alemas-de-Estrela-fizeram-apresentacoes-e1710075602919.jpeg\",\"datePublished\":\"2024-03-10T13:12:50+00:00\",\"dateModified\":\"2024-03-10T13:17:29+00:00\",\"author\":{\"@id\":\"https:\\\/\\\/folhapopular.info\\\/#\\\/schema\\\/person\\\/533a15f60cd49e81ab3a90b4ca33cb36\"},\"breadcrumb\":{\"@id\":\"https:\\\/\\\/folhapopular.info\\\/index.php\\\/2024\\\/03\\\/10\\\/mini-baile-lanca-festival-do-chucrute-2024\\\/#breadcrumb\"},\"inLanguage\":\"pt-BR\",\"potentialAction\":[{\"@type\":\"ReadAction\",\"target\":[\"https:\\\/\\\/folhapopular.info\\\/index.php\\\/2024\\\/03\\\/10\\\/mini-baile-lanca-festival-do-chucrute-2024\\\/\"]}]},{\"@type\":\"ImageObject\",\"inLanguage\":\"pt-BR\",\"@id\":\"https:\\\/\\\/folhapopular.info\\\/index.php\\\/2024\\\/03\\\/10\\\/mini-baile-lanca-festival-do-chucrute-2024\\\/#primaryimage\",\"url\":\"https:\\\/\\\/folhapopular.info\\\/wp-content\\\/uploads\\\/2024\\\/03\\\/2024_03_09_LLB_Cinco-categorias-do-Grupo-de-Dancas-Folcloricas-Alemas-de-Estrela-fizeram-apresentacoes-e1710075602919.jpeg\",\"contentUrl\":\"https:\\\/\\\/folhapopular.info\\\/wp-content\\\/uploads\\\/2024\\\/03\\\/2024_03_09_LLB_Cinco-categorias-do-Grupo-de-Dancas-Folcloricas-Alemas-de-Estrela-fizeram-apresentacoes-e1710075602919.jpeg\",\"width\":721,\"height\":983,\"caption\":\"Cinco categorias do Grupo de Dan\u00e7as Folcl\u00f3ricas Alem\u00e3s de Estrela fizeram apresenta\u00e7\u00f5es \\\/\\\/ Cr\u00e9dito: Lucas Leandro Brune\"},{\"@type\":\"BreadcrumbList\",\"@id\":\"https:\\\/\\\/folhapopular.info\\\/index.php\\\/2024\\\/03\\\/10\\\/mini-baile-lanca-festival-do-chucrute-2024\\\/#breadcrumb\",\"itemListElement\":[{\"@type\":\"ListItem\",\"position\":1,\"name\":\"In\u00edcio\",\"item\":\"https:\\\/\\\/folhapopular.info\\\/\"},{\"@type\":\"ListItem\",\"position\":2,\"name\":\"Mini-baile lan\u00e7a Festival do Chucrute 2024\"}]},{\"@type\":\"WebSite\",\"@id\":\"https:\\\/\\\/folhapopular.info\\\/#website\",\"url\":\"https:\\\/\\\/folhapopular.info\\\/\",\"name\":\"Folha Popular\",\"description\":\"Onde voc\u00ea tem vez e voz\",\"potentialAction\":[{\"@type\":\"SearchAction\",\"target\":{\"@type\":\"EntryPoint\",\"urlTemplate\":\"https:\\\/\\\/folhapopular.info\\\/?s={search_term_string}\"},\"query-input\":{\"@type\":\"PropertyValueSpecification\",\"valueRequired\":true,\"valueName\":\"search_term_string\"}}],\"inLanguage\":\"pt-BR\"},{\"@type\":\"Person\",\"@id\":\"https:\\\/\\\/folhapopular.info\\\/#\\\/schema\\\/person\\\/533a15f60cd49e81ab3a90b4ca33cb36\",\"name\":\"Lucas Leandro Brune\",\"image\":{\"@type\":\"ImageObject\",\"inLanguage\":\"pt-BR\",\"@id\":\"https:\\\/\\\/folhapopular.info\\\/wp-content\\\/uploads\\\/2026\\\/04\\\/LUCAS-1-1.webp\",\"url\":\"https:\\\/\\\/folhapopular.info\\\/wp-content\\\/uploads\\\/2026\\\/04\\\/LUCAS-1-1.webp\",\"contentUrl\":\"https:\\\/\\\/folhapopular.info\\\/wp-content\\\/uploads\\\/2026\\\/04\\\/LUCAS-1-1.webp\",\"caption\":\"Lucas Leandro Brune\"},\"description\":\"Jornalista Profissional Diplomado MTB\\\/RS 14.333\",\"url\":\"https:\\\/\\\/folhapopular.info\\\/index.php\\\/author\\\/lucas-brune\\\/\"}]}<\/script>\n<!-- \/ Yoast SEO plugin. -->","yoast_head_json":{"title":"Mini-baile lan\u00e7a Festival do Chucrute 2024 - Folha Popular","robots":{"index":"index","follow":"follow","max-snippet":"max-snippet:-1","max-image-preview":"max-image-preview:large","max-video-preview":"max-video-preview:-1"},"canonical":"https:\/\/folhapopular.info\/index.php\/2024\/03\/10\/mini-baile-lanca-festival-do-chucrute-2024\/","og_locale":"pt_BR","og_type":"article","og_title":"Mini-baile lan\u00e7a Festival do Chucrute 2024 - Folha Popular","og_description":"A comenda e a Comunidade Evang\u00e9lica Luterana de Estrela lan\u00e7aram o 57\u00ba Festival do Chucrute na noite deste s\u00e1bado (9\/3), no sal\u00e3o da Associa\u00e7\u00e3o dos Moradores do Bairro das Ind\u00fastrias (Ambi). O Mini-baile teve a apresenta\u00e7\u00e3o da programa\u00e7\u00e3o e do Grupo de Dan\u00e7as Folcl\u00f3ricas Alem\u00e3s de Estrela, que estrearam novo traje. Coube \u00e0 comendadora Aneli [&hellip;]","og_url":"https:\/\/folhapopular.info\/index.php\/2024\/03\/10\/mini-baile-lanca-festival-do-chucrute-2024\/","og_site_name":"Folha Popular","article_published_time":"2024-03-10T13:12:50+00:00","article_modified_time":"2024-03-10T13:17:29+00:00","og_image":[{"width":721,"height":983,"url":"http:\/\/folhapopular.info\/wp-content\/uploads\/2024\/03\/2024_03_09_LLB_Cinco-categorias-do-Grupo-de-Dancas-Folcloricas-Alemas-de-Estrela-fizeram-apresentacoes-e1710075602919.jpeg","type":"image\/jpeg"}],"author":"Lucas Leandro Brune","twitter_card":"summary_large_image","twitter_misc":{"Escrito por":"Lucas Leandro Brune","Est. tempo de leitura":"4 minutos"},"schema":{"@context":"https:\/\/schema.org","@graph":[{"@type":"Article","@id":"https:\/\/folhapopular.info\/index.php\/2024\/03\/10\/mini-baile-lanca-festival-do-chucrute-2024\/#article","isPartOf":{"@id":"https:\/\/folhapopular.info\/index.php\/2024\/03\/10\/mini-baile-lanca-festival-do-chucrute-2024\/"},"author":{"name":"Lucas Leandro Brune","@id":"https:\/\/folhapopular.info\/#\/schema\/person\/533a15f60cd49e81ab3a90b4ca33cb36"},"headline":"Mini-baile lan\u00e7a Festival do Chucrute 2024","datePublished":"2024-03-10T13:12:50+00:00","dateModified":"2024-03-10T13:17:29+00:00","mainEntityOfPage":{"@id":"https:\/\/folhapopular.info\/index.php\/2024\/03\/10\/mini-baile-lanca-festival-do-chucrute-2024\/"},"wordCount":484,"commentCount":0,"image":{"@id":"https:\/\/folhapopular.info\/index.php\/2024\/03\/10\/mini-baile-lanca-festival-do-chucrute-2024\/#primaryimage"},"thumbnailUrl":"https:\/\/folhapopular.info\/wp-content\/uploads\/2024\/03\/2024_03_09_LLB_Cinco-categorias-do-Grupo-de-Dancas-Folcloricas-Alemas-de-Estrela-fizeram-apresentacoes-e1710075602919.jpeg","articleSection":["Cultura","Destaques","Entretenimento","Inclusive"],"inLanguage":"pt-BR","potentialAction":[{"@type":"CommentAction","name":"Comment","target":["https:\/\/folhapopular.info\/index.php\/2024\/03\/10\/mini-baile-lanca-festival-do-chucrute-2024\/#respond"]}]},{"@type":"WebPage","@id":"https:\/\/folhapopular.info\/index.php\/2024\/03\/10\/mini-baile-lanca-festival-do-chucrute-2024\/","url":"https:\/\/folhapopular.info\/index.php\/2024\/03\/10\/mini-baile-lanca-festival-do-chucrute-2024\/","name":"Mini-baile lan\u00e7a Festival do Chucrute 2024 - Folha Popular","isPartOf":{"@id":"https:\/\/folhapopular.info\/#website"},"primaryImageOfPage":{"@id":"https:\/\/folhapopular.info\/index.php\/2024\/03\/10\/mini-baile-lanca-festival-do-chucrute-2024\/#primaryimage"},"image":{"@id":"https:\/\/folhapopular.info\/index.php\/2024\/03\/10\/mini-baile-lanca-festival-do-chucrute-2024\/#primaryimage"},"thumbnailUrl":"https:\/\/folhapopular.info\/wp-content\/uploads\/2024\/03\/2024_03_09_LLB_Cinco-categorias-do-Grupo-de-Dancas-Folcloricas-Alemas-de-Estrela-fizeram-apresentacoes-e1710075602919.jpeg","datePublished":"2024-03-10T13:12:50+00:00","dateModified":"2024-03-10T13:17:29+00:00","author":{"@id":"https:\/\/folhapopular.info\/#\/schema\/person\/533a15f60cd49e81ab3a90b4ca33cb36"},"breadcrumb":{"@id":"https:\/\/folhapopular.info\/index.php\/2024\/03\/10\/mini-baile-lanca-festival-do-chucrute-2024\/#breadcrumb"},"inLanguage":"pt-BR","potentialAction":[{"@type":"ReadAction","target":["https:\/\/folhapopular.info\/index.php\/2024\/03\/10\/mini-baile-lanca-festival-do-chucrute-2024\/"]}]},{"@type":"ImageObject","inLanguage":"pt-BR","@id":"https:\/\/folhapopular.info\/index.php\/2024\/03\/10\/mini-baile-lanca-festival-do-chucrute-2024\/#primaryimage","url":"https:\/\/folhapopular.info\/wp-content\/uploads\/2024\/03\/2024_03_09_LLB_Cinco-categorias-do-Grupo-de-Dancas-Folcloricas-Alemas-de-Estrela-fizeram-apresentacoes-e1710075602919.jpeg","contentUrl":"https:\/\/folhapopular.info\/wp-content\/uploads\/2024\/03\/2024_03_09_LLB_Cinco-categorias-do-Grupo-de-Dancas-Folcloricas-Alemas-de-Estrela-fizeram-apresentacoes-e1710075602919.jpeg","width":721,"height":983,"caption":"Cinco categorias do Grupo de Dan\u00e7as Folcl\u00f3ricas Alem\u00e3s de Estrela fizeram apresenta\u00e7\u00f5es \/\/ Cr\u00e9dito: Lucas Leandro Brune"},{"@type":"BreadcrumbList","@id":"https:\/\/folhapopular.info\/index.php\/2024\/03\/10\/mini-baile-lanca-festival-do-chucrute-2024\/#breadcrumb","itemListElement":[{"@type":"ListItem","position":1,"name":"In\u00edcio","item":"https:\/\/folhapopular.info\/"},{"@type":"ListItem","position":2,"name":"Mini-baile lan\u00e7a Festival do Chucrute 2024"}]},{"@type":"WebSite","@id":"https:\/\/folhapopular.info\/#website","url":"https:\/\/folhapopular.info\/","name":"Folha Popular","description":"Onde voc\u00ea tem vez e voz","potentialAction":[{"@type":"SearchAction","target":{"@type":"EntryPoint","urlTemplate":"https:\/\/folhapopular.info\/?s={search_term_string}"},"query-input":{"@type":"PropertyValueSpecification","valueRequired":true,"valueName":"search_term_string"}}],"inLanguage":"pt-BR"},{"@type":"Person","@id":"https:\/\/folhapopular.info\/#\/schema\/person\/533a15f60cd49e81ab3a90b4ca33cb36","name":"Lucas Leandro Brune","image":{"@type":"ImageObject","inLanguage":"pt-BR","@id":"https:\/\/folhapopular.info\/wp-content\/uploads\/2026\/04\/LUCAS-1-1.webp","url":"https:\/\/folhapopular.info\/wp-content\/uploads\/2026\/04\/LUCAS-1-1.webp","contentUrl":"https:\/\/folhapopular.info\/wp-content\/uploads\/2026\/04\/LUCAS-1-1.webp","caption":"Lucas Leandro Brune"},"description":"Jornalista Profissional Diplomado MTB\/RS 14.333","url":"https:\/\/folhapopular.info\/index.php\/author\/lucas-brune\/"}]}},"jetpack_featured_media_url":"https:\/\/folhapopular.info\/wp-content\/uploads\/2024\/03\/2024_03_09_LLB_Cinco-categorias-do-Grupo-de-Dancas-Folcloricas-Alemas-de-Estrela-fizeram-apresentacoes-e1710075602919.jpeg","jetpack_sharing_enabled":true,"amp_enabled":true,"_links":{"self":[{"href":"https:\/\/folhapopular.info\/index.php\/wp-json\/wp\/v2\/posts\/152469","targetHints":{"allow":["GET"]}}],"collection":[{"href":"https:\/\/folhapopular.info\/index.php\/wp-json\/wp\/v2\/posts"}],"about":[{"href":"https:\/\/folhapopular.info\/index.php\/wp-json\/wp\/v2\/types\/post"}],"author":[{"embeddable":true,"href":"https:\/\/folhapopular.info\/index.php\/wp-json\/wp\/v2\/users\/7"}],"replies":[{"embeddable":true,"href":"https:\/\/folhapopular.info\/index.php\/wp-json\/wp\/v2\/comments?post=152469"}],"version-history":[{"count":0,"href":"https:\/\/folhapopular.info\/index.php\/wp-json\/wp\/v2\/posts\/152469\/revisions"}],"wp:featuredmedia":[{"embeddable":true,"href":"https:\/\/folhapopular.info\/index.php\/wp-json\/wp\/v2\/media\/152470"}],"wp:attachment":[{"href":"https:\/\/folhapopular.info\/index.php\/wp-json\/wp\/v2\/media?parent=152469"}],"wp:term":[{"taxonomy":"category","embeddable":true,"href":"https:\/\/folhapopular.info\/index.php\/wp-json\/wp\/v2\/categories?post=152469"},{"taxonomy":"post_tag","embeddable":true,"href":"https:\/\/folhapopular.info\/index.php\/wp-json\/wp\/v2\/tags?post=152469"}],"curies":[{"name":"wp","href":"https:\/\/api.w.org\/{rel}","templated":true}]}}