{"id":152543,"date":"2024-03-11T09:30:00","date_gmt":"2024-03-11T12:30:00","guid":{"rendered":"https:\/\/folhapopular.info\/?p=152543"},"modified":"2024-03-11T06:06:13","modified_gmt":"2024-03-11T09:06:13","slug":"rs-abre-inscricoes-para-estagio-pelo-programa-partiu-futuro","status":"publish","type":"post","link":"https:\/\/folhapopular.info\/index.php\/2024\/03\/11\/rs-abre-inscricoes-para-estagio-pelo-programa-partiu-futuro\/","title":{"rendered":"RS abre inscri\u00e7\u00f5es para est\u00e1gio pelo programa Partiu Futuro"},"content":{"rendered":"\n<p>O governo do Rio Grande do Sul abriu na sexta-feira (8\/3) as inscri\u00e7\u00f5es para a contrata\u00e7\u00e3o de estudantes pelo programa Partiu Futuro. A iniciativa oferece 324 vagas de est\u00e1gio supervisionado para alunos do Ensino M\u00e9dio em situa\u00e7\u00e3o de vulnerabilidade social, distribu\u00eddas em 108 escolas p\u00fablicas ga\u00fachas, localizadas no territ\u00f3rio RS Seguro (\u00e1reas com indicadores de maior criminalidade e vulnerabilidade socioecon\u00f4mica).<\/p>\n\n\n\n<p>As inscri\u00e7\u00f5es dever\u00e3o ser realizadas at\u00e9 21 de mar\u00e7o, por meio do formul\u00e1rio dispon\u00edvel no link&nbsp;<a href=\"https:\/\/social.rs.gov.br\/editais-sedes\" target=\"_blank\" rel=\"noreferrer noopener\">https:\/\/social.rs.gov.br\/editais-sedes<\/a>. Para participar da sele\u00e7\u00e3o, os candidatos dever\u00e3o estar regularmente matriculados no Ensino M\u00e9dio, possuir a idade m\u00ednima de 16 anos, estar inscritos no Cadastro \u00danico (Cad\u00danico) e ser estudante de umas das escolas constantes no edital. As atividades ser\u00e3o exercidas no contraturno do hor\u00e1rio de aula do aluno e englobam opera\u00e7\u00f5es administrativas, realiza\u00e7\u00e3o de pesquisas, atendimento ao p\u00fablico, elabora\u00e7\u00e3o de gr\u00e1ficos, fichas, roteiros e arquivos, entre outras.<\/p>\n\n\n\n<p>O vice-governador, Gabriel Souza, explicou que o objetivo do Partiu Futuro \u00e9 a inclus\u00e3o produtiva da juventude ga\u00facha, al\u00e9m de ser mais uma iniciativa de combate \u00e0 evas\u00e3o escolar. \u201cO investimento em capital humano no Rio Grande do Sul permeia a nossa estrat\u00e9gia de governo. Temos menos jovens na popula\u00e7\u00e3o, o que demanda que eles sejam mais preparados para o mundo do trabalho, a fim de gerar desenvolvimento e riqueza\u201d, destacou.<\/p>\n\n\n\n<p>O secret\u00e1rio em exerc\u00edcio da Sedes, Gustavo Saldanha, ressaltou o impacto positivo que o Partiu Futuro ter\u00e1 na vida dos jovens estudantes e suas fam\u00edlias. \u201cEsse programa focaliza no p\u00fablico que mais precisa do apoio do Estado. \u00c9 uma forma de eles criarem perspectivas a partir de uma oportunidade cujo objetivo \u00e9 prepar\u00e1-los para o mundo do trabalho. Isso tamb\u00e9m possibilitar\u00e1 que esses novos estagi\u00e1rios colaborem dentro do grupo familiar, rompendo a pobreza intergeracional dessas fam\u00edlias\u201d, concluiu Saldanha.<\/p>\n\n\n\n<p><strong>Crit\u00e9rios de sele\u00e7\u00e3o<\/strong><\/p>\n\n\n\n<p>Os candidatos ser\u00e3o classificados de acordo com a pontua\u00e7\u00e3o obtida ap\u00f3s a soma de crit\u00e9rios de inclus\u00e3o socioprodutiva dos jovens em situa\u00e7\u00e3o de vulnerabilidade, como renda familiar per capita, grupos populacionais especificados no Cad\u00danico, cor ou ra\u00e7a e participa\u00e7\u00e3o em programas sociais. O resultado final ser\u00e1 divulgado no dia 11 de abril.<\/p>\n\n\n\n<p><strong>Remunera\u00e7\u00e3o e carga hor\u00e1ria<\/strong><\/p>\n\n\n\n<p>Com uma carga hor\u00e1ria de 20 horas semanais, a soma total da remunera\u00e7\u00e3o \u00e9 de R$ 821,56, e, ap\u00f3s 1\u00ba de maio, ser\u00e1 reajustada para R$ 854,96. O valor \u00e9 composto por uma bolsa de est\u00e1gio (R$ 243,76), aux\u00edlio-transporte (R$ 211,20) e aux\u00edlio-refei\u00e7\u00e3o (R$ 366,60 &#8211; R$ 400 a contar de 1\u00ba de maio). O termo de compromisso entre a administra\u00e7\u00e3o p\u00fablica e o estagi\u00e1rio ser\u00e1 realizado por interm\u00e9dio do Centro de Integra\u00e7\u00e3o Empresa-Escola (Ciee), o qual dever\u00e1 ser assinado pelos respons\u00e1veis legais em caso de idade inferior a 18 anos.<\/p>\n","protected":false},"excerpt":{"rendered":"<p>O governo do Rio Grande do Sul abriu na sexta-feira (8\/3) as inscri\u00e7\u00f5es para a contrata\u00e7\u00e3o de estudantes pelo programa Partiu Futuro. A iniciativa oferece 324 vagas de est\u00e1gio supervisionado para alunos do Ensino M\u00e9dio em situa\u00e7\u00e3o de vulnerabilidade social, distribu\u00eddas em 108 escolas p\u00fablicas ga\u00fachas, localizadas no territ\u00f3rio RS Seguro (\u00e1reas com indicadores de [&hellip;]<\/p>\n","protected":false},"author":8,"featured_media":152548,"comment_status":"open","ping_status":"open","sticky":false,"template":"","format":"standard","meta":{"pmpro_default_level":"","_jetpack_memberships_contains_paid_content":false,"footnotes":""},"categories":[2,10988,3],"tags":[1895,73,1641,8164,14454],"class_list":{"0":"post-152543","1":"post","2":"type-post","3":"status-publish","4":"format-standard","5":"has-post-thumbnail","7":"category-featured","8":"category-educacao","9":"category-geral","10":"tag-bolsas","11":"tag-educacao","12":"tag-estagio","13":"tag-governo-do-rio-grande-do-sul","14":"tag-partiu-futuro","15":"pmpro-has-access"},"yoast_head":"<!-- This site is optimized with the Yoast SEO plugin v27.5 - https:\/\/yoast.com\/product\/yoast-seo-wordpress\/ -->\n<title>RS abre inscri\u00e7\u00f5es para est\u00e1gio pelo programa Partiu Futuro - Folha Popular<\/title>\n<meta name=\"robots\" content=\"index, follow, max-snippet:-1, max-image-preview:large, max-video-preview:-1\" \/>\n<link rel=\"canonical\" href=\"https:\/\/folhapopular.info\/index.php\/2024\/03\/11\/rs-abre-inscricoes-para-estagio-pelo-programa-partiu-futuro\/\" \/>\n<meta property=\"og:locale\" content=\"pt_BR\" \/>\n<meta property=\"og:type\" content=\"article\" \/>\n<meta property=\"og:title\" content=\"RS abre inscri\u00e7\u00f5es para est\u00e1gio pelo programa Partiu Futuro - Folha Popular\" \/>\n<meta property=\"og:description\" content=\"O governo do Rio Grande do Sul abriu na sexta-feira (8\/3) as inscri\u00e7\u00f5es para a contrata\u00e7\u00e3o de estudantes pelo programa Partiu Futuro. A iniciativa oferece 324 vagas de est\u00e1gio supervisionado para alunos do Ensino M\u00e9dio em situa\u00e7\u00e3o de vulnerabilidade social, distribu\u00eddas em 108 escolas p\u00fablicas ga\u00fachas, localizadas no territ\u00f3rio RS Seguro (\u00e1reas com indicadores de [&hellip;]\" \/>\n<meta property=\"og:url\" content=\"https:\/\/folhapopular.info\/index.php\/2024\/03\/11\/rs-abre-inscricoes-para-estagio-pelo-programa-partiu-futuro\/\" \/>\n<meta property=\"og:site_name\" content=\"Folha Popular\" \/>\n<meta property=\"article:published_time\" content=\"2024-03-11T12:30:00+00:00\" \/>\n<meta property=\"og:image\" content=\"https:\/\/folhapopular.info\/wp-content\/uploads\/2024\/03\/08181339_113279_GDO.png\" \/>\n\t<meta property=\"og:image:width\" content=\"945\" \/>\n\t<meta property=\"og:image:height\" content=\"531\" \/>\n\t<meta property=\"og:image:type\" content=\"image\/png\" \/>\n<meta name=\"author\" content=\"Reda\u00e7\u00e3o Folha Popular\" \/>\n<meta name=\"twitter:card\" content=\"summary_large_image\" \/>\n<meta name=\"twitter:label1\" content=\"Escrito por\" \/>\n\t<meta name=\"twitter:data1\" content=\"Reda\u00e7\u00e3o Folha Popular\" \/>\n\t<meta name=\"twitter:label2\" content=\"Est. tempo de leitura\" \/>\n\t<meta name=\"twitter:data2\" content=\"3 minutos\" \/>\n<script type=\"application\/ld+json\" class=\"yoast-schema-graph\">{\"@context\":\"https:\\\/\\\/schema.org\",\"@graph\":[{\"@type\":\"Article\",\"@id\":\"https:\\\/\\\/folhapopular.info\\\/index.php\\\/2024\\\/03\\\/11\\\/rs-abre-inscricoes-para-estagio-pelo-programa-partiu-futuro\\\/#article\",\"isPartOf\":{\"@id\":\"https:\\\/\\\/folhapopular.info\\\/index.php\\\/2024\\\/03\\\/11\\\/rs-abre-inscricoes-para-estagio-pelo-programa-partiu-futuro\\\/\"},\"author\":{\"name\":\"Reda\u00e7\u00e3o Folha Popular\",\"@id\":\"https:\\\/\\\/folhapopular.info\\\/#\\\/schema\\\/person\\\/2814e8a0df7643585a9ca38bc6eb9d4b\"},\"headline\":\"RS abre inscri\u00e7\u00f5es para est\u00e1gio pelo programa Partiu Futuro\",\"datePublished\":\"2024-03-11T12:30:00+00:00\",\"mainEntityOfPage\":{\"@id\":\"https:\\\/\\\/folhapopular.info\\\/index.php\\\/2024\\\/03\\\/11\\\/rs-abre-inscricoes-para-estagio-pelo-programa-partiu-futuro\\\/\"},\"wordCount\":505,\"commentCount\":0,\"image\":{\"@id\":\"https:\\\/\\\/folhapopular.info\\\/index.php\\\/2024\\\/03\\\/11\\\/rs-abre-inscricoes-para-estagio-pelo-programa-partiu-futuro\\\/#primaryimage\"},\"thumbnailUrl\":\"https:\\\/\\\/folhapopular.info\\\/wp-content\\\/uploads\\\/2024\\\/03\\\/08181339_113279_GDO.png\",\"keywords\":[\"Bolsas\",\"Educa\u00e7\u00e3o\",\"Est\u00e1gio\",\"Governo do Rio Grande do Sul\",\"Partiu Futuro\"],\"articleSection\":[\"Destaques\",\"Educa\u00e7\u00e3o\",\"Geral\"],\"inLanguage\":\"pt-BR\",\"potentialAction\":[{\"@type\":\"CommentAction\",\"name\":\"Comment\",\"target\":[\"https:\\\/\\\/folhapopular.info\\\/index.php\\\/2024\\\/03\\\/11\\\/rs-abre-inscricoes-para-estagio-pelo-programa-partiu-futuro\\\/#respond\"]}]},{\"@type\":\"WebPage\",\"@id\":\"https:\\\/\\\/folhapopular.info\\\/index.php\\\/2024\\\/03\\\/11\\\/rs-abre-inscricoes-para-estagio-pelo-programa-partiu-futuro\\\/\",\"url\":\"https:\\\/\\\/folhapopular.info\\\/index.php\\\/2024\\\/03\\\/11\\\/rs-abre-inscricoes-para-estagio-pelo-programa-partiu-futuro\\\/\",\"name\":\"RS abre inscri\u00e7\u00f5es para est\u00e1gio pelo programa Partiu Futuro - Folha Popular\",\"isPartOf\":{\"@id\":\"https:\\\/\\\/folhapopular.info\\\/#website\"},\"primaryImageOfPage\":{\"@id\":\"https:\\\/\\\/folhapopular.info\\\/index.php\\\/2024\\\/03\\\/11\\\/rs-abre-inscricoes-para-estagio-pelo-programa-partiu-futuro\\\/#primaryimage\"},\"image\":{\"@id\":\"https:\\\/\\\/folhapopular.info\\\/index.php\\\/2024\\\/03\\\/11\\\/rs-abre-inscricoes-para-estagio-pelo-programa-partiu-futuro\\\/#primaryimage\"},\"thumbnailUrl\":\"https:\\\/\\\/folhapopular.info\\\/wp-content\\\/uploads\\\/2024\\\/03\\\/08181339_113279_GDO.png\",\"datePublished\":\"2024-03-11T12:30:00+00:00\",\"author\":{\"@id\":\"https:\\\/\\\/folhapopular.info\\\/#\\\/schema\\\/person\\\/2814e8a0df7643585a9ca38bc6eb9d4b\"},\"breadcrumb\":{\"@id\":\"https:\\\/\\\/folhapopular.info\\\/index.php\\\/2024\\\/03\\\/11\\\/rs-abre-inscricoes-para-estagio-pelo-programa-partiu-futuro\\\/#breadcrumb\"},\"inLanguage\":\"pt-BR\",\"potentialAction\":[{\"@type\":\"ReadAction\",\"target\":[\"https:\\\/\\\/folhapopular.info\\\/index.php\\\/2024\\\/03\\\/11\\\/rs-abre-inscricoes-para-estagio-pelo-programa-partiu-futuro\\\/\"]}]},{\"@type\":\"ImageObject\",\"inLanguage\":\"pt-BR\",\"@id\":\"https:\\\/\\\/folhapopular.info\\\/index.php\\\/2024\\\/03\\\/11\\\/rs-abre-inscricoes-para-estagio-pelo-programa-partiu-futuro\\\/#primaryimage\",\"url\":\"https:\\\/\\\/folhapopular.info\\\/wp-content\\\/uploads\\\/2024\\\/03\\\/08181339_113279_GDO.png\",\"contentUrl\":\"https:\\\/\\\/folhapopular.info\\\/wp-content\\\/uploads\\\/2024\\\/03\\\/08181339_113279_GDO.png\",\"width\":945,\"height\":531,\"caption\":\"Cr\u00e9dito: Divulga\u00e7\u00e3o\\\/Ascom\"},{\"@type\":\"BreadcrumbList\",\"@id\":\"https:\\\/\\\/folhapopular.info\\\/index.php\\\/2024\\\/03\\\/11\\\/rs-abre-inscricoes-para-estagio-pelo-programa-partiu-futuro\\\/#breadcrumb\",\"itemListElement\":[{\"@type\":\"ListItem\",\"position\":1,\"name\":\"In\u00edcio\",\"item\":\"https:\\\/\\\/folhapopular.info\\\/\"},{\"@type\":\"ListItem\",\"position\":2,\"name\":\"RS abre inscri\u00e7\u00f5es para est\u00e1gio pelo programa Partiu Futuro\"}]},{\"@type\":\"WebSite\",\"@id\":\"https:\\\/\\\/folhapopular.info\\\/#website\",\"url\":\"https:\\\/\\\/folhapopular.info\\\/\",\"name\":\"Folha Popular\",\"description\":\"Onde voc\u00ea tem vez e voz\",\"potentialAction\":[{\"@type\":\"SearchAction\",\"target\":{\"@type\":\"EntryPoint\",\"urlTemplate\":\"https:\\\/\\\/folhapopular.info\\\/?s={search_term_string}\"},\"query-input\":{\"@type\":\"PropertyValueSpecification\",\"valueRequired\":true,\"valueName\":\"search_term_string\"}}],\"inLanguage\":\"pt-BR\"},{\"@type\":\"Person\",\"@id\":\"https:\\\/\\\/folhapopular.info\\\/#\\\/schema\\\/person\\\/2814e8a0df7643585a9ca38bc6eb9d4b\",\"name\":\"Reda\u00e7\u00e3o Folha Popular\",\"image\":{\"@type\":\"ImageObject\",\"inLanguage\":\"pt-BR\",\"@id\":\"https:\\\/\\\/folhapopular.info\\\/wp-content\\\/uploads\\\/2026\\\/04\\\/Folha-1.webp\",\"url\":\"https:\\\/\\\/folhapopular.info\\\/wp-content\\\/uploads\\\/2026\\\/04\\\/Folha-1.webp\",\"contentUrl\":\"https:\\\/\\\/folhapopular.info\\\/wp-content\\\/uploads\\\/2026\\\/04\\\/Folha-1.webp\",\"caption\":\"Reda\u00e7\u00e3o Folha Popular\"},\"url\":\"https:\\\/\\\/folhapopular.info\\\/index.php\\\/author\\\/redacao\\\/\"}]}<\/script>\n<!-- \/ Yoast SEO plugin. -->","yoast_head_json":{"title":"RS abre inscri\u00e7\u00f5es para est\u00e1gio pelo programa Partiu Futuro - Folha Popular","robots":{"index":"index","follow":"follow","max-snippet":"max-snippet:-1","max-image-preview":"max-image-preview:large","max-video-preview":"max-video-preview:-1"},"canonical":"https:\/\/folhapopular.info\/index.php\/2024\/03\/11\/rs-abre-inscricoes-para-estagio-pelo-programa-partiu-futuro\/","og_locale":"pt_BR","og_type":"article","og_title":"RS abre inscri\u00e7\u00f5es para est\u00e1gio pelo programa Partiu Futuro - Folha Popular","og_description":"O governo do Rio Grande do Sul abriu na sexta-feira (8\/3) as inscri\u00e7\u00f5es para a contrata\u00e7\u00e3o de estudantes pelo programa Partiu Futuro. A iniciativa oferece 324 vagas de est\u00e1gio supervisionado para alunos do Ensino M\u00e9dio em situa\u00e7\u00e3o de vulnerabilidade social, distribu\u00eddas em 108 escolas p\u00fablicas ga\u00fachas, localizadas no territ\u00f3rio RS Seguro (\u00e1reas com indicadores de [&hellip;]","og_url":"https:\/\/folhapopular.info\/index.php\/2024\/03\/11\/rs-abre-inscricoes-para-estagio-pelo-programa-partiu-futuro\/","og_site_name":"Folha Popular","article_published_time":"2024-03-11T12:30:00+00:00","og_image":[{"width":945,"height":531,"url":"https:\/\/folhapopular.info\/wp-content\/uploads\/2024\/03\/08181339_113279_GDO.png","type":"image\/png"}],"author":"Reda\u00e7\u00e3o Folha Popular","twitter_card":"summary_large_image","twitter_misc":{"Escrito por":"Reda\u00e7\u00e3o Folha Popular","Est. tempo de leitura":"3 minutos"},"schema":{"@context":"https:\/\/schema.org","@graph":[{"@type":"Article","@id":"https:\/\/folhapopular.info\/index.php\/2024\/03\/11\/rs-abre-inscricoes-para-estagio-pelo-programa-partiu-futuro\/#article","isPartOf":{"@id":"https:\/\/folhapopular.info\/index.php\/2024\/03\/11\/rs-abre-inscricoes-para-estagio-pelo-programa-partiu-futuro\/"},"author":{"name":"Reda\u00e7\u00e3o Folha Popular","@id":"https:\/\/folhapopular.info\/#\/schema\/person\/2814e8a0df7643585a9ca38bc6eb9d4b"},"headline":"RS abre inscri\u00e7\u00f5es para est\u00e1gio pelo programa Partiu Futuro","datePublished":"2024-03-11T12:30:00+00:00","mainEntityOfPage":{"@id":"https:\/\/folhapopular.info\/index.php\/2024\/03\/11\/rs-abre-inscricoes-para-estagio-pelo-programa-partiu-futuro\/"},"wordCount":505,"commentCount":0,"image":{"@id":"https:\/\/folhapopular.info\/index.php\/2024\/03\/11\/rs-abre-inscricoes-para-estagio-pelo-programa-partiu-futuro\/#primaryimage"},"thumbnailUrl":"https:\/\/folhapopular.info\/wp-content\/uploads\/2024\/03\/08181339_113279_GDO.png","keywords":["Bolsas","Educa\u00e7\u00e3o","Est\u00e1gio","Governo do Rio Grande do Sul","Partiu Futuro"],"articleSection":["Destaques","Educa\u00e7\u00e3o","Geral"],"inLanguage":"pt-BR","potentialAction":[{"@type":"CommentAction","name":"Comment","target":["https:\/\/folhapopular.info\/index.php\/2024\/03\/11\/rs-abre-inscricoes-para-estagio-pelo-programa-partiu-futuro\/#respond"]}]},{"@type":"WebPage","@id":"https:\/\/folhapopular.info\/index.php\/2024\/03\/11\/rs-abre-inscricoes-para-estagio-pelo-programa-partiu-futuro\/","url":"https:\/\/folhapopular.info\/index.php\/2024\/03\/11\/rs-abre-inscricoes-para-estagio-pelo-programa-partiu-futuro\/","name":"RS abre inscri\u00e7\u00f5es para est\u00e1gio pelo programa Partiu Futuro - Folha Popular","isPartOf":{"@id":"https:\/\/folhapopular.info\/#website"},"primaryImageOfPage":{"@id":"https:\/\/folhapopular.info\/index.php\/2024\/03\/11\/rs-abre-inscricoes-para-estagio-pelo-programa-partiu-futuro\/#primaryimage"},"image":{"@id":"https:\/\/folhapopular.info\/index.php\/2024\/03\/11\/rs-abre-inscricoes-para-estagio-pelo-programa-partiu-futuro\/#primaryimage"},"thumbnailUrl":"https:\/\/folhapopular.info\/wp-content\/uploads\/2024\/03\/08181339_113279_GDO.png","datePublished":"2024-03-11T12:30:00+00:00","author":{"@id":"https:\/\/folhapopular.info\/#\/schema\/person\/2814e8a0df7643585a9ca38bc6eb9d4b"},"breadcrumb":{"@id":"https:\/\/folhapopular.info\/index.php\/2024\/03\/11\/rs-abre-inscricoes-para-estagio-pelo-programa-partiu-futuro\/#breadcrumb"},"inLanguage":"pt-BR","potentialAction":[{"@type":"ReadAction","target":["https:\/\/folhapopular.info\/index.php\/2024\/03\/11\/rs-abre-inscricoes-para-estagio-pelo-programa-partiu-futuro\/"]}]},{"@type":"ImageObject","inLanguage":"pt-BR","@id":"https:\/\/folhapopular.info\/index.php\/2024\/03\/11\/rs-abre-inscricoes-para-estagio-pelo-programa-partiu-futuro\/#primaryimage","url":"https:\/\/folhapopular.info\/wp-content\/uploads\/2024\/03\/08181339_113279_GDO.png","contentUrl":"https:\/\/folhapopular.info\/wp-content\/uploads\/2024\/03\/08181339_113279_GDO.png","width":945,"height":531,"caption":"Cr\u00e9dito: Divulga\u00e7\u00e3o\/Ascom"},{"@type":"BreadcrumbList","@id":"https:\/\/folhapopular.info\/index.php\/2024\/03\/11\/rs-abre-inscricoes-para-estagio-pelo-programa-partiu-futuro\/#breadcrumb","itemListElement":[{"@type":"ListItem","position":1,"name":"In\u00edcio","item":"https:\/\/folhapopular.info\/"},{"@type":"ListItem","position":2,"name":"RS abre inscri\u00e7\u00f5es para est\u00e1gio pelo programa Partiu Futuro"}]},{"@type":"WebSite","@id":"https:\/\/folhapopular.info\/#website","url":"https:\/\/folhapopular.info\/","name":"Folha Popular","description":"Onde voc\u00ea tem vez e voz","potentialAction":[{"@type":"SearchAction","target":{"@type":"EntryPoint","urlTemplate":"https:\/\/folhapopular.info\/?s={search_term_string}"},"query-input":{"@type":"PropertyValueSpecification","valueRequired":true,"valueName":"search_term_string"}}],"inLanguage":"pt-BR"},{"@type":"Person","@id":"https:\/\/folhapopular.info\/#\/schema\/person\/2814e8a0df7643585a9ca38bc6eb9d4b","name":"Reda\u00e7\u00e3o Folha Popular","image":{"@type":"ImageObject","inLanguage":"pt-BR","@id":"https:\/\/folhapopular.info\/wp-content\/uploads\/2026\/04\/Folha-1.webp","url":"https:\/\/folhapopular.info\/wp-content\/uploads\/2026\/04\/Folha-1.webp","contentUrl":"https:\/\/folhapopular.info\/wp-content\/uploads\/2026\/04\/Folha-1.webp","caption":"Reda\u00e7\u00e3o Folha Popular"},"url":"https:\/\/folhapopular.info\/index.php\/author\/redacao\/"}]}},"jetpack_featured_media_url":"https:\/\/folhapopular.info\/wp-content\/uploads\/2024\/03\/08181339_113279_GDO.png","jetpack_sharing_enabled":true,"amp_enabled":true,"_links":{"self":[{"href":"https:\/\/folhapopular.info\/index.php\/wp-json\/wp\/v2\/posts\/152543","targetHints":{"allow":["GET"]}}],"collection":[{"href":"https:\/\/folhapopular.info\/index.php\/wp-json\/wp\/v2\/posts"}],"about":[{"href":"https:\/\/folhapopular.info\/index.php\/wp-json\/wp\/v2\/types\/post"}],"author":[{"embeddable":true,"href":"https:\/\/folhapopular.info\/index.php\/wp-json\/wp\/v2\/users\/8"}],"replies":[{"embeddable":true,"href":"https:\/\/folhapopular.info\/index.php\/wp-json\/wp\/v2\/comments?post=152543"}],"version-history":[{"count":0,"href":"https:\/\/folhapopular.info\/index.php\/wp-json\/wp\/v2\/posts\/152543\/revisions"}],"wp:featuredmedia":[{"embeddable":true,"href":"https:\/\/folhapopular.info\/index.php\/wp-json\/wp\/v2\/media\/152548"}],"wp:attachment":[{"href":"https:\/\/folhapopular.info\/index.php\/wp-json\/wp\/v2\/media?parent=152543"}],"wp:term":[{"taxonomy":"category","embeddable":true,"href":"https:\/\/folhapopular.info\/index.php\/wp-json\/wp\/v2\/categories?post=152543"},{"taxonomy":"post_tag","embeddable":true,"href":"https:\/\/folhapopular.info\/index.php\/wp-json\/wp\/v2\/tags?post=152543"}],"curies":[{"name":"wp","href":"https:\/\/api.w.org\/{rel}","templated":true}]}}