{"id":152621,"date":"2024-03-11T16:29:17","date_gmt":"2024-03-11T19:29:17","guid":{"rendered":"https:\/\/folhapopular.info\/?p=152621"},"modified":"2024-03-11T16:29:21","modified_gmt":"2024-03-11T19:29:21","slug":"poco-das-antas-realiza-evento-em-homenagem-ao-dia-da-mulher","status":"publish","type":"post","link":"https:\/\/folhapopular.info\/index.php\/2024\/03\/11\/poco-das-antas-realiza-evento-em-homenagem-ao-dia-da-mulher\/","title":{"rendered":"Po\u00e7o das Antas realiza evento em homenagem ao Dia da Mulher"},"content":{"rendered":"\n<p>O Munic\u00edpio de Po\u00e7o das Antas, por meio da Secretaria de Assist\u00eancia Social, realizou na tarde da s\u00e1bado (9\/3), a comemora\u00e7\u00e3o ao Dia Internacional da Mulher. O evento contou com palestras que promoveram momentos de autoconhecimento e reflex\u00e3o, numa tarde marcada por alegria e descontra\u00e7\u00e3o entre as mulheres po\u00e7oantenses.<\/p>\n\n\n\n<p>Na abertura, a prefeita de Po\u00e7o das Antas, V\u00e2nia Brackmann, deixou sua mensagem de boas-vindas e desejou que todas as participantes tivessem uma tarde especial e que se sentissem \u00e0 vontade no evento.<\/p>\n\n\n\n<p>Logo na sequ\u00eancia, iniciou a palestra da Major Carmine Brescovit. Na sua apresenta\u00e7\u00e3o, falou sobre a hist\u00f3ria do dia internacional da mulher, as lutas e os direito conquistados, tamb\u00e9m abordou os tipos de viol\u00eancia que s\u00e3o cometidos contra elas e a import\u00e2ncia em buscar ajuda. E para finalizar deixou a seguinte mensagem \u201cPara n\u00f3s mulheres sermos fortalecedoras de outras mulheres\u201d.<\/p>\n\n\n\n<figure class=\"wp-block-image size-large\"><img loading=\"lazy\" decoding=\"async\" width=\"1024\" height=\"681\" src=\"https:\/\/folhapopular.info\/wp-content\/uploads\/2024\/03\/1-Municipio-de-Poco-das-Antas-realiza-evento-em-homenagem-ao-Dia-da-Mulher-1024x681.jpg\" alt=\"\" class=\"wp-image-152625\" srcset=\"https:\/\/folhapopular.info\/wp-content\/uploads\/2024\/03\/1-Municipio-de-Poco-das-Antas-realiza-evento-em-homenagem-ao-Dia-da-Mulher-1024x681.jpg 1024w, https:\/\/folhapopular.info\/wp-content\/uploads\/2024\/03\/1-Municipio-de-Poco-das-Antas-realiza-evento-em-homenagem-ao-Dia-da-Mulher-300x199.jpg 300w, https:\/\/folhapopular.info\/wp-content\/uploads\/2024\/03\/1-Municipio-de-Poco-das-Antas-realiza-evento-em-homenagem-ao-Dia-da-Mulher-768x511.jpg 768w, https:\/\/folhapopular.info\/wp-content\/uploads\/2024\/03\/1-Municipio-de-Poco-das-Antas-realiza-evento-em-homenagem-ao-Dia-da-Mulher-1536x1021.jpg 1536w, https:\/\/folhapopular.info\/wp-content\/uploads\/2024\/03\/1-Municipio-de-Poco-das-Antas-realiza-evento-em-homenagem-ao-Dia-da-Mulher-2048x1362.jpg 2048w, https:\/\/folhapopular.info\/wp-content\/uploads\/2024\/03\/1-Municipio-de-Poco-das-Antas-realiza-evento-em-homenagem-ao-Dia-da-Mulher-696x463.jpg 696w, https:\/\/folhapopular.info\/wp-content\/uploads\/2024\/03\/1-Municipio-de-Poco-das-Antas-realiza-evento-em-homenagem-ao-Dia-da-Mulher-1068x710.jpg 1068w, https:\/\/folhapopular.info\/wp-content\/uploads\/2024\/03\/1-Municipio-de-Poco-das-Antas-realiza-evento-em-homenagem-ao-Dia-da-Mulher-1920x1277.jpg 1920w\" sizes=\"auto, (max-width: 1024px) 100vw, 1024px\" \/><\/figure>\n\n\n\n<p>Ap\u00f3s, a segunda palestrante convidada do evento, Leoc\u00e1dia Scheffer, deu in\u00edcio a palestra Florescer com a participa\u00e7\u00e3o da cantora Monica Haas. Leoc\u00e1dia provocou as mulheres po\u00e7oantenses com uma din\u00e2mica, que emocionou e proporcionou momentos de autoconhecimento. E tamb\u00e9m trouxe reflex\u00f5es sobre a vida e o cotidiano, como a finitude da vida, o poder do invis\u00edvel, e num misto de palavras e can\u00e7\u00f5es entoadas por M\u00f4nica, promoveu momentos de entrega e energia.<\/p>\n\n\n\n<figure class=\"wp-block-image size-large\"><img loading=\"lazy\" decoding=\"async\" width=\"1024\" height=\"681\" src=\"https:\/\/folhapopular.info\/wp-content\/uploads\/2024\/03\/2-Municipio-de-Poco-das-Antas-realiza-evento-em-homenagem-ao-Dia-da-Mulher-1024x681.jpg\" alt=\"\" class=\"wp-image-152626\" srcset=\"https:\/\/folhapopular.info\/wp-content\/uploads\/2024\/03\/2-Municipio-de-Poco-das-Antas-realiza-evento-em-homenagem-ao-Dia-da-Mulher-1024x681.jpg 1024w, https:\/\/folhapopular.info\/wp-content\/uploads\/2024\/03\/2-Municipio-de-Poco-das-Antas-realiza-evento-em-homenagem-ao-Dia-da-Mulher-300x199.jpg 300w, https:\/\/folhapopular.info\/wp-content\/uploads\/2024\/03\/2-Municipio-de-Poco-das-Antas-realiza-evento-em-homenagem-ao-Dia-da-Mulher-768x511.jpg 768w, https:\/\/folhapopular.info\/wp-content\/uploads\/2024\/03\/2-Municipio-de-Poco-das-Antas-realiza-evento-em-homenagem-ao-Dia-da-Mulher-1536x1021.jpg 1536w, https:\/\/folhapopular.info\/wp-content\/uploads\/2024\/03\/2-Municipio-de-Poco-das-Antas-realiza-evento-em-homenagem-ao-Dia-da-Mulher-2048x1362.jpg 2048w, https:\/\/folhapopular.info\/wp-content\/uploads\/2024\/03\/2-Municipio-de-Poco-das-Antas-realiza-evento-em-homenagem-ao-Dia-da-Mulher-696x463.jpg 696w, https:\/\/folhapopular.info\/wp-content\/uploads\/2024\/03\/2-Municipio-de-Poco-das-Antas-realiza-evento-em-homenagem-ao-Dia-da-Mulher-1068x710.jpg 1068w, https:\/\/folhapopular.info\/wp-content\/uploads\/2024\/03\/2-Municipio-de-Poco-das-Antas-realiza-evento-em-homenagem-ao-Dia-da-Mulher-1920x1277.jpg 1920w\" sizes=\"auto, (max-width: 1024px) 100vw, 1024px\" \/><\/figure>\n\n\n\n<p>Para encerrar a programa\u00e7\u00e3o, as soberanas do Munic\u00edpio de Po\u00e7o das Antas, rainha Daniele Schirmer, primeira princesa Tatiana Flach e segunda princesa Andressa Forneck, entregaram um mimo como forma de agradecimento pela presen\u00e7a de cada mulher po\u00e7oantense no evento. E, ap\u00f3s, foi servido o tradicional caf\u00e9 num momento de integra\u00e7\u00e3o.<\/p>\n\n\n\n<figure class=\"wp-block-gallery has-nested-images columns-default is-cropped wp-block-gallery-1 is-layout-flex wp-block-gallery-is-layout-flex\">\n<figure class=\"wp-block-image size-large\"><img loading=\"lazy\" decoding=\"async\" width=\"1024\" height=\"681\" data-id=\"152622\" src=\"https:\/\/folhapopular.info\/wp-content\/uploads\/2024\/03\/3-Municipio-de-Poco-das-Antas-realiza-evento-em-homenagem-ao-Dia-da-Mulher-1024x681.jpg\" alt=\"\" class=\"wp-image-152622\" srcset=\"https:\/\/folhapopular.info\/wp-content\/uploads\/2024\/03\/3-Municipio-de-Poco-das-Antas-realiza-evento-em-homenagem-ao-Dia-da-Mulher-1024x681.jpg 1024w, https:\/\/folhapopular.info\/wp-content\/uploads\/2024\/03\/3-Municipio-de-Poco-das-Antas-realiza-evento-em-homenagem-ao-Dia-da-Mulher-300x199.jpg 300w, https:\/\/folhapopular.info\/wp-content\/uploads\/2024\/03\/3-Municipio-de-Poco-das-Antas-realiza-evento-em-homenagem-ao-Dia-da-Mulher-768x511.jpg 768w, https:\/\/folhapopular.info\/wp-content\/uploads\/2024\/03\/3-Municipio-de-Poco-das-Antas-realiza-evento-em-homenagem-ao-Dia-da-Mulher-1536x1021.jpg 1536w, https:\/\/folhapopular.info\/wp-content\/uploads\/2024\/03\/3-Municipio-de-Poco-das-Antas-realiza-evento-em-homenagem-ao-Dia-da-Mulher-2048x1362.jpg 2048w, https:\/\/folhapopular.info\/wp-content\/uploads\/2024\/03\/3-Municipio-de-Poco-das-Antas-realiza-evento-em-homenagem-ao-Dia-da-Mulher-696x463.jpg 696w, https:\/\/folhapopular.info\/wp-content\/uploads\/2024\/03\/3-Municipio-de-Poco-das-Antas-realiza-evento-em-homenagem-ao-Dia-da-Mulher-1068x710.jpg 1068w, https:\/\/folhapopular.info\/wp-content\/uploads\/2024\/03\/3-Municipio-de-Poco-das-Antas-realiza-evento-em-homenagem-ao-Dia-da-Mulher-1920x1277.jpg 1920w\" sizes=\"auto, (max-width: 1024px) 100vw, 1024px\" \/><\/figure>\n\n\n\n<figure class=\"wp-block-image size-large\"><img loading=\"lazy\" decoding=\"async\" width=\"1024\" height=\"681\" data-id=\"152623\" src=\"https:\/\/folhapopular.info\/wp-content\/uploads\/2024\/03\/5-Municipio-de-Poco-das-Antas-realiza-evento-em-homenagem-ao-Dia-da-Mulher-1024x681.jpg\" alt=\"\" class=\"wp-image-152623\" srcset=\"https:\/\/folhapopular.info\/wp-content\/uploads\/2024\/03\/5-Municipio-de-Poco-das-Antas-realiza-evento-em-homenagem-ao-Dia-da-Mulher-1024x681.jpg 1024w, https:\/\/folhapopular.info\/wp-content\/uploads\/2024\/03\/5-Municipio-de-Poco-das-Antas-realiza-evento-em-homenagem-ao-Dia-da-Mulher-300x199.jpg 300w, https:\/\/folhapopular.info\/wp-content\/uploads\/2024\/03\/5-Municipio-de-Poco-das-Antas-realiza-evento-em-homenagem-ao-Dia-da-Mulher-768x511.jpg 768w, https:\/\/folhapopular.info\/wp-content\/uploads\/2024\/03\/5-Municipio-de-Poco-das-Antas-realiza-evento-em-homenagem-ao-Dia-da-Mulher-1536x1021.jpg 1536w, https:\/\/folhapopular.info\/wp-content\/uploads\/2024\/03\/5-Municipio-de-Poco-das-Antas-realiza-evento-em-homenagem-ao-Dia-da-Mulher-2048x1362.jpg 2048w, https:\/\/folhapopular.info\/wp-content\/uploads\/2024\/03\/5-Municipio-de-Poco-das-Antas-realiza-evento-em-homenagem-ao-Dia-da-Mulher-696x463.jpg 696w, https:\/\/folhapopular.info\/wp-content\/uploads\/2024\/03\/5-Municipio-de-Poco-das-Antas-realiza-evento-em-homenagem-ao-Dia-da-Mulher-1068x710.jpg 1068w, https:\/\/folhapopular.info\/wp-content\/uploads\/2024\/03\/5-Municipio-de-Poco-das-Antas-realiza-evento-em-homenagem-ao-Dia-da-Mulher-1920x1277.jpg 1920w\" sizes=\"auto, (max-width: 1024px) 100vw, 1024px\" \/><\/figure>\n<\/figure>\n","protected":false},"excerpt":{"rendered":"<p>O Munic\u00edpio de Po\u00e7o das Antas, por meio da Secretaria de Assist\u00eancia Social, realizou na tarde da s\u00e1bado (9\/3), a comemora\u00e7\u00e3o ao Dia Internacional da Mulher. O evento contou com palestras que promoveram momentos de autoconhecimento e reflex\u00e3o, numa tarde marcada por alegria e descontra\u00e7\u00e3o entre as mulheres po\u00e7oantenses. Na abertura, a prefeita de Po\u00e7o [&hellip;]<\/p>\n","protected":false},"author":8,"featured_media":152624,"comment_status":"open","ping_status":"open","sticky":false,"template":"","format":"standard","meta":{"pmpro_default_level":"","_jetpack_memberships_contains_paid_content":false,"footnotes":""},"categories":[2,12602,6],"tags":[40],"class_list":{"0":"post-152621","1":"post","2":"type-post","3":"status-publish","4":"format-standard","5":"has-post-thumbnail","7":"category-featured","8":"category-diversidade","9":"category-inclusive","10":"tag-poco-das-antas","11":"pmpro-has-access"},"yoast_head":"<!-- This site is optimized with the Yoast SEO plugin v27.5 - https:\/\/yoast.com\/product\/yoast-seo-wordpress\/ -->\n<title>Po\u00e7o das Antas realiza evento em homenagem ao Dia da Mulher - Folha Popular<\/title>\n<meta name=\"robots\" content=\"index, follow, max-snippet:-1, max-image-preview:large, max-video-preview:-1\" \/>\n<link rel=\"canonical\" href=\"https:\/\/folhapopular.info\/index.php\/2024\/03\/11\/poco-das-antas-realiza-evento-em-homenagem-ao-dia-da-mulher\/\" \/>\n<meta property=\"og:locale\" content=\"pt_BR\" \/>\n<meta property=\"og:type\" content=\"article\" \/>\n<meta property=\"og:title\" content=\"Po\u00e7o das Antas realiza evento em homenagem ao Dia da Mulher - Folha Popular\" \/>\n<meta property=\"og:description\" content=\"O Munic\u00edpio de Po\u00e7o das Antas, por meio da Secretaria de Assist\u00eancia Social, realizou na tarde da s\u00e1bado (9\/3), a comemora\u00e7\u00e3o ao Dia Internacional da Mulher. O evento contou com palestras que promoveram momentos de autoconhecimento e reflex\u00e3o, numa tarde marcada por alegria e descontra\u00e7\u00e3o entre as mulheres po\u00e7oantenses. Na abertura, a prefeita de Po\u00e7o [&hellip;]\" \/>\n<meta property=\"og:url\" content=\"https:\/\/folhapopular.info\/index.php\/2024\/03\/11\/poco-das-antas-realiza-evento-em-homenagem-ao-dia-da-mulher\/\" \/>\n<meta property=\"og:site_name\" content=\"Folha Popular\" \/>\n<meta property=\"article:published_time\" content=\"2024-03-11T19:29:17+00:00\" \/>\n<meta property=\"article:modified_time\" content=\"2024-03-11T19:29:21+00:00\" \/>\n<meta property=\"og:image\" content=\"http:\/\/folhapopular.info\/wp-content\/uploads\/2024\/03\/6-Municipio-de-Poco-das-Antas-realiza-evento-em-homenagem-ao-Dia-da-Mulher-scaled.jpg\" \/>\n\t<meta property=\"og:image:width\" content=\"2560\" \/>\n\t<meta property=\"og:image:height\" content=\"1702\" \/>\n\t<meta property=\"og:image:type\" content=\"image\/jpeg\" \/>\n<meta name=\"author\" content=\"Reda\u00e7\u00e3o Folha Popular\" \/>\n<meta name=\"twitter:card\" content=\"summary_large_image\" \/>\n<meta name=\"twitter:label1\" content=\"Escrito por\" \/>\n\t<meta name=\"twitter:data1\" content=\"Reda\u00e7\u00e3o Folha Popular\" \/>\n\t<meta name=\"twitter:label2\" content=\"Est. tempo de leitura\" \/>\n\t<meta name=\"twitter:data2\" content=\"3 minutos\" \/>\n<script type=\"application\/ld+json\" class=\"yoast-schema-graph\">{\"@context\":\"https:\\\/\\\/schema.org\",\"@graph\":[{\"@type\":\"Article\",\"@id\":\"https:\\\/\\\/folhapopular.info\\\/index.php\\\/2024\\\/03\\\/11\\\/poco-das-antas-realiza-evento-em-homenagem-ao-dia-da-mulher\\\/#article\",\"isPartOf\":{\"@id\":\"https:\\\/\\\/folhapopular.info\\\/index.php\\\/2024\\\/03\\\/11\\\/poco-das-antas-realiza-evento-em-homenagem-ao-dia-da-mulher\\\/\"},\"author\":{\"name\":\"Reda\u00e7\u00e3o Folha Popular\",\"@id\":\"https:\\\/\\\/folhapopular.info\\\/#\\\/schema\\\/person\\\/2814e8a0df7643585a9ca38bc6eb9d4b\"},\"headline\":\"Po\u00e7o das Antas realiza evento em homenagem ao Dia da Mulher\",\"datePublished\":\"2024-03-11T19:29:17+00:00\",\"dateModified\":\"2024-03-11T19:29:21+00:00\",\"mainEntityOfPage\":{\"@id\":\"https:\\\/\\\/folhapopular.info\\\/index.php\\\/2024\\\/03\\\/11\\\/poco-das-antas-realiza-evento-em-homenagem-ao-dia-da-mulher\\\/\"},\"wordCount\":310,\"commentCount\":0,\"image\":{\"@id\":\"https:\\\/\\\/folhapopular.info\\\/index.php\\\/2024\\\/03\\\/11\\\/poco-das-antas-realiza-evento-em-homenagem-ao-dia-da-mulher\\\/#primaryimage\"},\"thumbnailUrl\":\"https:\\\/\\\/folhapopular.info\\\/wp-content\\\/uploads\\\/2024\\\/03\\\/6-Municipio-de-Poco-das-Antas-realiza-evento-em-homenagem-ao-Dia-da-Mulher-scaled.jpg\",\"keywords\":[\"Po\u00e7o das Antas\"],\"articleSection\":[\"Destaques\",\"Diversidade\",\"Inclusive\"],\"inLanguage\":\"pt-BR\",\"potentialAction\":[{\"@type\":\"CommentAction\",\"name\":\"Comment\",\"target\":[\"https:\\\/\\\/folhapopular.info\\\/index.php\\\/2024\\\/03\\\/11\\\/poco-das-antas-realiza-evento-em-homenagem-ao-dia-da-mulher\\\/#respond\"]}]},{\"@type\":\"WebPage\",\"@id\":\"https:\\\/\\\/folhapopular.info\\\/index.php\\\/2024\\\/03\\\/11\\\/poco-das-antas-realiza-evento-em-homenagem-ao-dia-da-mulher\\\/\",\"url\":\"https:\\\/\\\/folhapopular.info\\\/index.php\\\/2024\\\/03\\\/11\\\/poco-das-antas-realiza-evento-em-homenagem-ao-dia-da-mulher\\\/\",\"name\":\"Po\u00e7o das Antas realiza evento em homenagem ao Dia da Mulher - Folha Popular\",\"isPartOf\":{\"@id\":\"https:\\\/\\\/folhapopular.info\\\/#website\"},\"primaryImageOfPage\":{\"@id\":\"https:\\\/\\\/folhapopular.info\\\/index.php\\\/2024\\\/03\\\/11\\\/poco-das-antas-realiza-evento-em-homenagem-ao-dia-da-mulher\\\/#primaryimage\"},\"image\":{\"@id\":\"https:\\\/\\\/folhapopular.info\\\/index.php\\\/2024\\\/03\\\/11\\\/poco-das-antas-realiza-evento-em-homenagem-ao-dia-da-mulher\\\/#primaryimage\"},\"thumbnailUrl\":\"https:\\\/\\\/folhapopular.info\\\/wp-content\\\/uploads\\\/2024\\\/03\\\/6-Municipio-de-Poco-das-Antas-realiza-evento-em-homenagem-ao-Dia-da-Mulher-scaled.jpg\",\"datePublished\":\"2024-03-11T19:29:17+00:00\",\"dateModified\":\"2024-03-11T19:29:21+00:00\",\"author\":{\"@id\":\"https:\\\/\\\/folhapopular.info\\\/#\\\/schema\\\/person\\\/2814e8a0df7643585a9ca38bc6eb9d4b\"},\"breadcrumb\":{\"@id\":\"https:\\\/\\\/folhapopular.info\\\/index.php\\\/2024\\\/03\\\/11\\\/poco-das-antas-realiza-evento-em-homenagem-ao-dia-da-mulher\\\/#breadcrumb\"},\"inLanguage\":\"pt-BR\",\"potentialAction\":[{\"@type\":\"ReadAction\",\"target\":[\"https:\\\/\\\/folhapopular.info\\\/index.php\\\/2024\\\/03\\\/11\\\/poco-das-antas-realiza-evento-em-homenagem-ao-dia-da-mulher\\\/\"]}]},{\"@type\":\"ImageObject\",\"inLanguage\":\"pt-BR\",\"@id\":\"https:\\\/\\\/folhapopular.info\\\/index.php\\\/2024\\\/03\\\/11\\\/poco-das-antas-realiza-evento-em-homenagem-ao-dia-da-mulher\\\/#primaryimage\",\"url\":\"https:\\\/\\\/folhapopular.info\\\/wp-content\\\/uploads\\\/2024\\\/03\\\/6-Municipio-de-Poco-das-Antas-realiza-evento-em-homenagem-ao-Dia-da-Mulher-scaled.jpg\",\"contentUrl\":\"https:\\\/\\\/folhapopular.info\\\/wp-content\\\/uploads\\\/2024\\\/03\\\/6-Municipio-de-Poco-das-Antas-realiza-evento-em-homenagem-ao-Dia-da-Mulher-scaled.jpg\",\"width\":2560,\"height\":1702,\"caption\":\"Cr\u00e9dito: Divulga\u00e7\u00e3o\\\/AI Po\u00e7o das Antas\"},{\"@type\":\"BreadcrumbList\",\"@id\":\"https:\\\/\\\/folhapopular.info\\\/index.php\\\/2024\\\/03\\\/11\\\/poco-das-antas-realiza-evento-em-homenagem-ao-dia-da-mulher\\\/#breadcrumb\",\"itemListElement\":[{\"@type\":\"ListItem\",\"position\":1,\"name\":\"In\u00edcio\",\"item\":\"https:\\\/\\\/folhapopular.info\\\/\"},{\"@type\":\"ListItem\",\"position\":2,\"name\":\"Po\u00e7o das Antas realiza evento em homenagem ao Dia da Mulher\"}]},{\"@type\":\"WebSite\",\"@id\":\"https:\\\/\\\/folhapopular.info\\\/#website\",\"url\":\"https:\\\/\\\/folhapopular.info\\\/\",\"name\":\"Folha Popular\",\"description\":\"Onde voc\u00ea tem vez e voz\",\"potentialAction\":[{\"@type\":\"SearchAction\",\"target\":{\"@type\":\"EntryPoint\",\"urlTemplate\":\"https:\\\/\\\/folhapopular.info\\\/?s={search_term_string}\"},\"query-input\":{\"@type\":\"PropertyValueSpecification\",\"valueRequired\":true,\"valueName\":\"search_term_string\"}}],\"inLanguage\":\"pt-BR\"},{\"@type\":\"Person\",\"@id\":\"https:\\\/\\\/folhapopular.info\\\/#\\\/schema\\\/person\\\/2814e8a0df7643585a9ca38bc6eb9d4b\",\"name\":\"Reda\u00e7\u00e3o Folha Popular\",\"image\":{\"@type\":\"ImageObject\",\"inLanguage\":\"pt-BR\",\"@id\":\"https:\\\/\\\/folhapopular.info\\\/wp-content\\\/uploads\\\/2026\\\/04\\\/Folha-1.webp\",\"url\":\"https:\\\/\\\/folhapopular.info\\\/wp-content\\\/uploads\\\/2026\\\/04\\\/Folha-1.webp\",\"contentUrl\":\"https:\\\/\\\/folhapopular.info\\\/wp-content\\\/uploads\\\/2026\\\/04\\\/Folha-1.webp\",\"caption\":\"Reda\u00e7\u00e3o Folha Popular\"},\"url\":\"https:\\\/\\\/folhapopular.info\\\/index.php\\\/author\\\/redacao\\\/\"}]}<\/script>\n<!-- \/ Yoast SEO plugin. -->","yoast_head_json":{"title":"Po\u00e7o das Antas realiza evento em homenagem ao Dia da Mulher - Folha Popular","robots":{"index":"index","follow":"follow","max-snippet":"max-snippet:-1","max-image-preview":"max-image-preview:large","max-video-preview":"max-video-preview:-1"},"canonical":"https:\/\/folhapopular.info\/index.php\/2024\/03\/11\/poco-das-antas-realiza-evento-em-homenagem-ao-dia-da-mulher\/","og_locale":"pt_BR","og_type":"article","og_title":"Po\u00e7o das Antas realiza evento em homenagem ao Dia da Mulher - Folha Popular","og_description":"O Munic\u00edpio de Po\u00e7o das Antas, por meio da Secretaria de Assist\u00eancia Social, realizou na tarde da s\u00e1bado (9\/3), a comemora\u00e7\u00e3o ao Dia Internacional da Mulher. O evento contou com palestras que promoveram momentos de autoconhecimento e reflex\u00e3o, numa tarde marcada por alegria e descontra\u00e7\u00e3o entre as mulheres po\u00e7oantenses. Na abertura, a prefeita de Po\u00e7o [&hellip;]","og_url":"https:\/\/folhapopular.info\/index.php\/2024\/03\/11\/poco-das-antas-realiza-evento-em-homenagem-ao-dia-da-mulher\/","og_site_name":"Folha Popular","article_published_time":"2024-03-11T19:29:17+00:00","article_modified_time":"2024-03-11T19:29:21+00:00","og_image":[{"width":2560,"height":1702,"url":"http:\/\/folhapopular.info\/wp-content\/uploads\/2024\/03\/6-Municipio-de-Poco-das-Antas-realiza-evento-em-homenagem-ao-Dia-da-Mulher-scaled.jpg","type":"image\/jpeg"}],"author":"Reda\u00e7\u00e3o Folha Popular","twitter_card":"summary_large_image","twitter_misc":{"Escrito por":"Reda\u00e7\u00e3o Folha Popular","Est. tempo de leitura":"3 minutos"},"schema":{"@context":"https:\/\/schema.org","@graph":[{"@type":"Article","@id":"https:\/\/folhapopular.info\/index.php\/2024\/03\/11\/poco-das-antas-realiza-evento-em-homenagem-ao-dia-da-mulher\/#article","isPartOf":{"@id":"https:\/\/folhapopular.info\/index.php\/2024\/03\/11\/poco-das-antas-realiza-evento-em-homenagem-ao-dia-da-mulher\/"},"author":{"name":"Reda\u00e7\u00e3o Folha Popular","@id":"https:\/\/folhapopular.info\/#\/schema\/person\/2814e8a0df7643585a9ca38bc6eb9d4b"},"headline":"Po\u00e7o das Antas realiza evento em homenagem ao Dia da Mulher","datePublished":"2024-03-11T19:29:17+00:00","dateModified":"2024-03-11T19:29:21+00:00","mainEntityOfPage":{"@id":"https:\/\/folhapopular.info\/index.php\/2024\/03\/11\/poco-das-antas-realiza-evento-em-homenagem-ao-dia-da-mulher\/"},"wordCount":310,"commentCount":0,"image":{"@id":"https:\/\/folhapopular.info\/index.php\/2024\/03\/11\/poco-das-antas-realiza-evento-em-homenagem-ao-dia-da-mulher\/#primaryimage"},"thumbnailUrl":"https:\/\/folhapopular.info\/wp-content\/uploads\/2024\/03\/6-Municipio-de-Poco-das-Antas-realiza-evento-em-homenagem-ao-Dia-da-Mulher-scaled.jpg","keywords":["Po\u00e7o das Antas"],"articleSection":["Destaques","Diversidade","Inclusive"],"inLanguage":"pt-BR","potentialAction":[{"@type":"CommentAction","name":"Comment","target":["https:\/\/folhapopular.info\/index.php\/2024\/03\/11\/poco-das-antas-realiza-evento-em-homenagem-ao-dia-da-mulher\/#respond"]}]},{"@type":"WebPage","@id":"https:\/\/folhapopular.info\/index.php\/2024\/03\/11\/poco-das-antas-realiza-evento-em-homenagem-ao-dia-da-mulher\/","url":"https:\/\/folhapopular.info\/index.php\/2024\/03\/11\/poco-das-antas-realiza-evento-em-homenagem-ao-dia-da-mulher\/","name":"Po\u00e7o das Antas realiza evento em homenagem ao Dia da Mulher - Folha Popular","isPartOf":{"@id":"https:\/\/folhapopular.info\/#website"},"primaryImageOfPage":{"@id":"https:\/\/folhapopular.info\/index.php\/2024\/03\/11\/poco-das-antas-realiza-evento-em-homenagem-ao-dia-da-mulher\/#primaryimage"},"image":{"@id":"https:\/\/folhapopular.info\/index.php\/2024\/03\/11\/poco-das-antas-realiza-evento-em-homenagem-ao-dia-da-mulher\/#primaryimage"},"thumbnailUrl":"https:\/\/folhapopular.info\/wp-content\/uploads\/2024\/03\/6-Municipio-de-Poco-das-Antas-realiza-evento-em-homenagem-ao-Dia-da-Mulher-scaled.jpg","datePublished":"2024-03-11T19:29:17+00:00","dateModified":"2024-03-11T19:29:21+00:00","author":{"@id":"https:\/\/folhapopular.info\/#\/schema\/person\/2814e8a0df7643585a9ca38bc6eb9d4b"},"breadcrumb":{"@id":"https:\/\/folhapopular.info\/index.php\/2024\/03\/11\/poco-das-antas-realiza-evento-em-homenagem-ao-dia-da-mulher\/#breadcrumb"},"inLanguage":"pt-BR","potentialAction":[{"@type":"ReadAction","target":["https:\/\/folhapopular.info\/index.php\/2024\/03\/11\/poco-das-antas-realiza-evento-em-homenagem-ao-dia-da-mulher\/"]}]},{"@type":"ImageObject","inLanguage":"pt-BR","@id":"https:\/\/folhapopular.info\/index.php\/2024\/03\/11\/poco-das-antas-realiza-evento-em-homenagem-ao-dia-da-mulher\/#primaryimage","url":"https:\/\/folhapopular.info\/wp-content\/uploads\/2024\/03\/6-Municipio-de-Poco-das-Antas-realiza-evento-em-homenagem-ao-Dia-da-Mulher-scaled.jpg","contentUrl":"https:\/\/folhapopular.info\/wp-content\/uploads\/2024\/03\/6-Municipio-de-Poco-das-Antas-realiza-evento-em-homenagem-ao-Dia-da-Mulher-scaled.jpg","width":2560,"height":1702,"caption":"Cr\u00e9dito: Divulga\u00e7\u00e3o\/AI Po\u00e7o das Antas"},{"@type":"BreadcrumbList","@id":"https:\/\/folhapopular.info\/index.php\/2024\/03\/11\/poco-das-antas-realiza-evento-em-homenagem-ao-dia-da-mulher\/#breadcrumb","itemListElement":[{"@type":"ListItem","position":1,"name":"In\u00edcio","item":"https:\/\/folhapopular.info\/"},{"@type":"ListItem","position":2,"name":"Po\u00e7o das Antas realiza evento em homenagem ao Dia da Mulher"}]},{"@type":"WebSite","@id":"https:\/\/folhapopular.info\/#website","url":"https:\/\/folhapopular.info\/","name":"Folha Popular","description":"Onde voc\u00ea tem vez e voz","potentialAction":[{"@type":"SearchAction","target":{"@type":"EntryPoint","urlTemplate":"https:\/\/folhapopular.info\/?s={search_term_string}"},"query-input":{"@type":"PropertyValueSpecification","valueRequired":true,"valueName":"search_term_string"}}],"inLanguage":"pt-BR"},{"@type":"Person","@id":"https:\/\/folhapopular.info\/#\/schema\/person\/2814e8a0df7643585a9ca38bc6eb9d4b","name":"Reda\u00e7\u00e3o Folha Popular","image":{"@type":"ImageObject","inLanguage":"pt-BR","@id":"https:\/\/folhapopular.info\/wp-content\/uploads\/2026\/04\/Folha-1.webp","url":"https:\/\/folhapopular.info\/wp-content\/uploads\/2026\/04\/Folha-1.webp","contentUrl":"https:\/\/folhapopular.info\/wp-content\/uploads\/2026\/04\/Folha-1.webp","caption":"Reda\u00e7\u00e3o Folha Popular"},"url":"https:\/\/folhapopular.info\/index.php\/author\/redacao\/"}]}},"jetpack_featured_media_url":"https:\/\/folhapopular.info\/wp-content\/uploads\/2024\/03\/6-Municipio-de-Poco-das-Antas-realiza-evento-em-homenagem-ao-Dia-da-Mulher-scaled.jpg","jetpack_sharing_enabled":true,"amp_enabled":true,"_links":{"self":[{"href":"https:\/\/folhapopular.info\/index.php\/wp-json\/wp\/v2\/posts\/152621","targetHints":{"allow":["GET"]}}],"collection":[{"href":"https:\/\/folhapopular.info\/index.php\/wp-json\/wp\/v2\/posts"}],"about":[{"href":"https:\/\/folhapopular.info\/index.php\/wp-json\/wp\/v2\/types\/post"}],"author":[{"embeddable":true,"href":"https:\/\/folhapopular.info\/index.php\/wp-json\/wp\/v2\/users\/8"}],"replies":[{"embeddable":true,"href":"https:\/\/folhapopular.info\/index.php\/wp-json\/wp\/v2\/comments?post=152621"}],"version-history":[{"count":0,"href":"https:\/\/folhapopular.info\/index.php\/wp-json\/wp\/v2\/posts\/152621\/revisions"}],"wp:featuredmedia":[{"embeddable":true,"href":"https:\/\/folhapopular.info\/index.php\/wp-json\/wp\/v2\/media\/152624"}],"wp:attachment":[{"href":"https:\/\/folhapopular.info\/index.php\/wp-json\/wp\/v2\/media?parent=152621"}],"wp:term":[{"taxonomy":"category","embeddable":true,"href":"https:\/\/folhapopular.info\/index.php\/wp-json\/wp\/v2\/categories?post=152621"},{"taxonomy":"post_tag","embeddable":true,"href":"https:\/\/folhapopular.info\/index.php\/wp-json\/wp\/v2\/tags?post=152621"}],"curies":[{"name":"wp","href":"https:\/\/api.w.org\/{rel}","templated":true}]}}