{"id":152806,"date":"2024-03-13T09:00:00","date_gmt":"2024-03-13T12:00:00","guid":{"rendered":"https:\/\/folhapopular.info\/?p=152806"},"modified":"2024-03-13T08:39:55","modified_gmt":"2024-03-13T11:39:55","slug":"paverama-adere-ao-programa-mae-gaucha","status":"publish","type":"post","link":"https:\/\/folhapopular.info\/index.php\/2024\/03\/13\/paverama-adere-ao-programa-mae-gaucha\/","title":{"rendered":"Paverama adere ao Programa M\u00e3e Ga\u00facha"},"content":{"rendered":"\n<p>O munic\u00edpio de Paverama aderiu ao Programa M\u00e3e Ga\u00facha, do Governo do Estado do Rio Grande do Sul, que busca atender gestantes em situa\u00e7\u00e3o de vulnerabilidade social, pobreza ou extrema pobreza. O objetivo do programa \u00e9 fortalecer v\u00ednculos entre a m\u00e3e e o beb\u00ea por meio da entrega de itens essenciais para os primeiros dias de vida. Dessa forma, promove o acolhimento e bem-estar, trazendo mais conforto para os beb\u00eas e tranquilidade para as m\u00e3es.<\/p>\n\n\n\n<p>O M\u00e3e Ga\u00facha contemplar\u00e1 gestantes, a partir da 28\u00aa semana de gravidez, que residam nos munic\u00edpios que aderirem ao edital. As benefici\u00e1rias devem estar com o pr\u00e9-natal em dia, ser inscritas no Cadastro \u00danico, receber o benef\u00edcio do Bolsa Fam\u00edlia ou estar aguardando o deferimento da inscri\u00e7\u00e3o no programa.<\/p>\n\n\n\n<p>Cada kit do enxoval \u00e9 composto por um cobertor, toalha de banho com capuz, casaquinho de moletom, macac\u00f5es longos e curtos, bodies, culotes, meias, al\u00e9m de uma bolsa maternidade.<\/p>\n\n\n\n<p>O munic\u00edpio aguarda o contato do Governo do Estado para iniciar o recebimento dos kits e serem distribu\u00eddos \u00e0s m\u00e3es inscritas no programa.<\/p>\n","protected":false},"excerpt":{"rendered":"<p>O munic\u00edpio de Paverama aderiu ao Programa M\u00e3e Ga\u00facha, do Governo do Estado do Rio Grande do Sul, que busca atender gestantes em situa\u00e7\u00e3o de vulnerabilidade social, pobreza ou extrema pobreza. O objetivo do programa \u00e9 fortalecer v\u00ednculos entre a m\u00e3e e o beb\u00ea por meio da entrega de itens essenciais para os primeiros dias [&hellip;]<\/p>\n","protected":false},"author":8,"featured_media":152807,"comment_status":"open","ping_status":"open","sticky":false,"template":"","format":"standard","meta":{"pmpro_default_level":"","_jetpack_memberships_contains_paid_content":false,"footnotes":""},"categories":[2,3,10986],"tags":[14189,46],"class_list":{"0":"post-152806","1":"post","2":"type-post","3":"status-publish","4":"format-standard","5":"has-post-thumbnail","7":"category-featured","8":"category-geral","9":"category-saude","10":"tag-mae-gaucha","11":"tag-paverama","12":"pmpro-has-access"},"yoast_head":"<!-- This site is optimized with the Yoast SEO plugin v27.5 - https:\/\/yoast.com\/product\/yoast-seo-wordpress\/ -->\n<title>Paverama adere ao Programa M\u00e3e Ga\u00facha - Folha Popular<\/title>\n<meta name=\"robots\" content=\"index, follow, max-snippet:-1, max-image-preview:large, max-video-preview:-1\" \/>\n<link rel=\"canonical\" href=\"https:\/\/folhapopular.info\/index.php\/2024\/03\/13\/paverama-adere-ao-programa-mae-gaucha\/\" \/>\n<meta property=\"og:locale\" content=\"pt_BR\" \/>\n<meta property=\"og:type\" content=\"article\" \/>\n<meta property=\"og:title\" content=\"Paverama adere ao Programa M\u00e3e Ga\u00facha - Folha Popular\" \/>\n<meta property=\"og:description\" content=\"O munic\u00edpio de Paverama aderiu ao Programa M\u00e3e Ga\u00facha, do Governo do Estado do Rio Grande do Sul, que busca atender gestantes em situa\u00e7\u00e3o de vulnerabilidade social, pobreza ou extrema pobreza. O objetivo do programa \u00e9 fortalecer v\u00ednculos entre a m\u00e3e e o beb\u00ea por meio da entrega de itens essenciais para os primeiros dias [&hellip;]\" \/>\n<meta property=\"og:url\" content=\"https:\/\/folhapopular.info\/index.php\/2024\/03\/13\/paverama-adere-ao-programa-mae-gaucha\/\" \/>\n<meta property=\"og:site_name\" content=\"Folha Popular\" \/>\n<meta property=\"article:published_time\" content=\"2024-03-13T12:00:00+00:00\" \/>\n<meta property=\"og:image\" content=\"https:\/\/folhapopular.info\/wp-content\/uploads\/2024\/03\/26162509_112637_GD.png\" \/>\n\t<meta property=\"og:image:width\" content=\"945\" \/>\n\t<meta property=\"og:image:height\" content=\"532\" \/>\n\t<meta property=\"og:image:type\" content=\"image\/png\" \/>\n<meta name=\"author\" content=\"Reda\u00e7\u00e3o Folha Popular\" \/>\n<meta name=\"twitter:card\" content=\"summary_large_image\" \/>\n<meta name=\"twitter:label1\" content=\"Escrito por\" \/>\n\t<meta name=\"twitter:data1\" content=\"Reda\u00e7\u00e3o Folha Popular\" \/>\n\t<meta name=\"twitter:label2\" content=\"Est. tempo de leitura\" \/>\n\t<meta name=\"twitter:data2\" content=\"2 minutos\" \/>\n<script type=\"application\/ld+json\" class=\"yoast-schema-graph\">{\"@context\":\"https:\\\/\\\/schema.org\",\"@graph\":[{\"@type\":\"Article\",\"@id\":\"https:\\\/\\\/folhapopular.info\\\/index.php\\\/2024\\\/03\\\/13\\\/paverama-adere-ao-programa-mae-gaucha\\\/#article\",\"isPartOf\":{\"@id\":\"https:\\\/\\\/folhapopular.info\\\/index.php\\\/2024\\\/03\\\/13\\\/paverama-adere-ao-programa-mae-gaucha\\\/\"},\"author\":{\"name\":\"Reda\u00e7\u00e3o Folha Popular\",\"@id\":\"https:\\\/\\\/folhapopular.info\\\/#\\\/schema\\\/person\\\/2814e8a0df7643585a9ca38bc6eb9d4b\"},\"headline\":\"Paverama adere ao Programa M\u00e3e Ga\u00facha\",\"datePublished\":\"2024-03-13T12:00:00+00:00\",\"mainEntityOfPage\":{\"@id\":\"https:\\\/\\\/folhapopular.info\\\/index.php\\\/2024\\\/03\\\/13\\\/paverama-adere-ao-programa-mae-gaucha\\\/\"},\"wordCount\":202,\"commentCount\":0,\"image\":{\"@id\":\"https:\\\/\\\/folhapopular.info\\\/index.php\\\/2024\\\/03\\\/13\\\/paverama-adere-ao-programa-mae-gaucha\\\/#primaryimage\"},\"thumbnailUrl\":\"https:\\\/\\\/folhapopular.info\\\/wp-content\\\/uploads\\\/2024\\\/03\\\/26162509_112637_GD.png\",\"keywords\":[\"M\u00e3e Ga\u00facha\",\"Paverama\"],\"articleSection\":[\"Destaques\",\"Geral\",\"Sa\u00fade\"],\"inLanguage\":\"pt-BR\",\"potentialAction\":[{\"@type\":\"CommentAction\",\"name\":\"Comment\",\"target\":[\"https:\\\/\\\/folhapopular.info\\\/index.php\\\/2024\\\/03\\\/13\\\/paverama-adere-ao-programa-mae-gaucha\\\/#respond\"]}]},{\"@type\":\"WebPage\",\"@id\":\"https:\\\/\\\/folhapopular.info\\\/index.php\\\/2024\\\/03\\\/13\\\/paverama-adere-ao-programa-mae-gaucha\\\/\",\"url\":\"https:\\\/\\\/folhapopular.info\\\/index.php\\\/2024\\\/03\\\/13\\\/paverama-adere-ao-programa-mae-gaucha\\\/\",\"name\":\"Paverama adere ao Programa M\u00e3e Ga\u00facha - Folha Popular\",\"isPartOf\":{\"@id\":\"https:\\\/\\\/folhapopular.info\\\/#website\"},\"primaryImageOfPage\":{\"@id\":\"https:\\\/\\\/folhapopular.info\\\/index.php\\\/2024\\\/03\\\/13\\\/paverama-adere-ao-programa-mae-gaucha\\\/#primaryimage\"},\"image\":{\"@id\":\"https:\\\/\\\/folhapopular.info\\\/index.php\\\/2024\\\/03\\\/13\\\/paverama-adere-ao-programa-mae-gaucha\\\/#primaryimage\"},\"thumbnailUrl\":\"https:\\\/\\\/folhapopular.info\\\/wp-content\\\/uploads\\\/2024\\\/03\\\/26162509_112637_GD.png\",\"datePublished\":\"2024-03-13T12:00:00+00:00\",\"author\":{\"@id\":\"https:\\\/\\\/folhapopular.info\\\/#\\\/schema\\\/person\\\/2814e8a0df7643585a9ca38bc6eb9d4b\"},\"breadcrumb\":{\"@id\":\"https:\\\/\\\/folhapopular.info\\\/index.php\\\/2024\\\/03\\\/13\\\/paverama-adere-ao-programa-mae-gaucha\\\/#breadcrumb\"},\"inLanguage\":\"pt-BR\",\"potentialAction\":[{\"@type\":\"ReadAction\",\"target\":[\"https:\\\/\\\/folhapopular.info\\\/index.php\\\/2024\\\/03\\\/13\\\/paverama-adere-ao-programa-mae-gaucha\\\/\"]}]},{\"@type\":\"ImageObject\",\"inLanguage\":\"pt-BR\",\"@id\":\"https:\\\/\\\/folhapopular.info\\\/index.php\\\/2024\\\/03\\\/13\\\/paverama-adere-ao-programa-mae-gaucha\\\/#primaryimage\",\"url\":\"https:\\\/\\\/folhapopular.info\\\/wp-content\\\/uploads\\\/2024\\\/03\\\/26162509_112637_GD.png\",\"contentUrl\":\"https:\\\/\\\/folhapopular.info\\\/wp-content\\\/uploads\\\/2024\\\/03\\\/26162509_112637_GD.png\",\"width\":945,\"height\":532,\"caption\":\"Cr\u00e9dito: Divulga\u00e7\u00e3o\"},{\"@type\":\"BreadcrumbList\",\"@id\":\"https:\\\/\\\/folhapopular.info\\\/index.php\\\/2024\\\/03\\\/13\\\/paverama-adere-ao-programa-mae-gaucha\\\/#breadcrumb\",\"itemListElement\":[{\"@type\":\"ListItem\",\"position\":1,\"name\":\"In\u00edcio\",\"item\":\"https:\\\/\\\/folhapopular.info\\\/\"},{\"@type\":\"ListItem\",\"position\":2,\"name\":\"Paverama adere ao Programa M\u00e3e Ga\u00facha\"}]},{\"@type\":\"WebSite\",\"@id\":\"https:\\\/\\\/folhapopular.info\\\/#website\",\"url\":\"https:\\\/\\\/folhapopular.info\\\/\",\"name\":\"Folha Popular\",\"description\":\"Onde voc\u00ea tem vez e voz\",\"potentialAction\":[{\"@type\":\"SearchAction\",\"target\":{\"@type\":\"EntryPoint\",\"urlTemplate\":\"https:\\\/\\\/folhapopular.info\\\/?s={search_term_string}\"},\"query-input\":{\"@type\":\"PropertyValueSpecification\",\"valueRequired\":true,\"valueName\":\"search_term_string\"}}],\"inLanguage\":\"pt-BR\"},{\"@type\":\"Person\",\"@id\":\"https:\\\/\\\/folhapopular.info\\\/#\\\/schema\\\/person\\\/2814e8a0df7643585a9ca38bc6eb9d4b\",\"name\":\"Reda\u00e7\u00e3o Folha Popular\",\"image\":{\"@type\":\"ImageObject\",\"inLanguage\":\"pt-BR\",\"@id\":\"https:\\\/\\\/folhapopular.info\\\/wp-content\\\/uploads\\\/2026\\\/04\\\/Folha-1.webp\",\"url\":\"https:\\\/\\\/folhapopular.info\\\/wp-content\\\/uploads\\\/2026\\\/04\\\/Folha-1.webp\",\"contentUrl\":\"https:\\\/\\\/folhapopular.info\\\/wp-content\\\/uploads\\\/2026\\\/04\\\/Folha-1.webp\",\"caption\":\"Reda\u00e7\u00e3o Folha Popular\"},\"url\":\"https:\\\/\\\/folhapopular.info\\\/index.php\\\/author\\\/redacao\\\/\"}]}<\/script>\n<!-- \/ Yoast SEO plugin. -->","yoast_head_json":{"title":"Paverama adere ao Programa M\u00e3e Ga\u00facha - Folha Popular","robots":{"index":"index","follow":"follow","max-snippet":"max-snippet:-1","max-image-preview":"max-image-preview:large","max-video-preview":"max-video-preview:-1"},"canonical":"https:\/\/folhapopular.info\/index.php\/2024\/03\/13\/paverama-adere-ao-programa-mae-gaucha\/","og_locale":"pt_BR","og_type":"article","og_title":"Paverama adere ao Programa M\u00e3e Ga\u00facha - Folha Popular","og_description":"O munic\u00edpio de Paverama aderiu ao Programa M\u00e3e Ga\u00facha, do Governo do Estado do Rio Grande do Sul, que busca atender gestantes em situa\u00e7\u00e3o de vulnerabilidade social, pobreza ou extrema pobreza. O objetivo do programa \u00e9 fortalecer v\u00ednculos entre a m\u00e3e e o beb\u00ea por meio da entrega de itens essenciais para os primeiros dias [&hellip;]","og_url":"https:\/\/folhapopular.info\/index.php\/2024\/03\/13\/paverama-adere-ao-programa-mae-gaucha\/","og_site_name":"Folha Popular","article_published_time":"2024-03-13T12:00:00+00:00","og_image":[{"width":945,"height":532,"url":"https:\/\/folhapopular.info\/wp-content\/uploads\/2024\/03\/26162509_112637_GD.png","type":"image\/png"}],"author":"Reda\u00e7\u00e3o Folha Popular","twitter_card":"summary_large_image","twitter_misc":{"Escrito por":"Reda\u00e7\u00e3o Folha Popular","Est. tempo de leitura":"2 minutos"},"schema":{"@context":"https:\/\/schema.org","@graph":[{"@type":"Article","@id":"https:\/\/folhapopular.info\/index.php\/2024\/03\/13\/paverama-adere-ao-programa-mae-gaucha\/#article","isPartOf":{"@id":"https:\/\/folhapopular.info\/index.php\/2024\/03\/13\/paverama-adere-ao-programa-mae-gaucha\/"},"author":{"name":"Reda\u00e7\u00e3o Folha Popular","@id":"https:\/\/folhapopular.info\/#\/schema\/person\/2814e8a0df7643585a9ca38bc6eb9d4b"},"headline":"Paverama adere ao Programa M\u00e3e Ga\u00facha","datePublished":"2024-03-13T12:00:00+00:00","mainEntityOfPage":{"@id":"https:\/\/folhapopular.info\/index.php\/2024\/03\/13\/paverama-adere-ao-programa-mae-gaucha\/"},"wordCount":202,"commentCount":0,"image":{"@id":"https:\/\/folhapopular.info\/index.php\/2024\/03\/13\/paverama-adere-ao-programa-mae-gaucha\/#primaryimage"},"thumbnailUrl":"https:\/\/folhapopular.info\/wp-content\/uploads\/2024\/03\/26162509_112637_GD.png","keywords":["M\u00e3e Ga\u00facha","Paverama"],"articleSection":["Destaques","Geral","Sa\u00fade"],"inLanguage":"pt-BR","potentialAction":[{"@type":"CommentAction","name":"Comment","target":["https:\/\/folhapopular.info\/index.php\/2024\/03\/13\/paverama-adere-ao-programa-mae-gaucha\/#respond"]}]},{"@type":"WebPage","@id":"https:\/\/folhapopular.info\/index.php\/2024\/03\/13\/paverama-adere-ao-programa-mae-gaucha\/","url":"https:\/\/folhapopular.info\/index.php\/2024\/03\/13\/paverama-adere-ao-programa-mae-gaucha\/","name":"Paverama adere ao Programa M\u00e3e Ga\u00facha - Folha Popular","isPartOf":{"@id":"https:\/\/folhapopular.info\/#website"},"primaryImageOfPage":{"@id":"https:\/\/folhapopular.info\/index.php\/2024\/03\/13\/paverama-adere-ao-programa-mae-gaucha\/#primaryimage"},"image":{"@id":"https:\/\/folhapopular.info\/index.php\/2024\/03\/13\/paverama-adere-ao-programa-mae-gaucha\/#primaryimage"},"thumbnailUrl":"https:\/\/folhapopular.info\/wp-content\/uploads\/2024\/03\/26162509_112637_GD.png","datePublished":"2024-03-13T12:00:00+00:00","author":{"@id":"https:\/\/folhapopular.info\/#\/schema\/person\/2814e8a0df7643585a9ca38bc6eb9d4b"},"breadcrumb":{"@id":"https:\/\/folhapopular.info\/index.php\/2024\/03\/13\/paverama-adere-ao-programa-mae-gaucha\/#breadcrumb"},"inLanguage":"pt-BR","potentialAction":[{"@type":"ReadAction","target":["https:\/\/folhapopular.info\/index.php\/2024\/03\/13\/paverama-adere-ao-programa-mae-gaucha\/"]}]},{"@type":"ImageObject","inLanguage":"pt-BR","@id":"https:\/\/folhapopular.info\/index.php\/2024\/03\/13\/paverama-adere-ao-programa-mae-gaucha\/#primaryimage","url":"https:\/\/folhapopular.info\/wp-content\/uploads\/2024\/03\/26162509_112637_GD.png","contentUrl":"https:\/\/folhapopular.info\/wp-content\/uploads\/2024\/03\/26162509_112637_GD.png","width":945,"height":532,"caption":"Cr\u00e9dito: Divulga\u00e7\u00e3o"},{"@type":"BreadcrumbList","@id":"https:\/\/folhapopular.info\/index.php\/2024\/03\/13\/paverama-adere-ao-programa-mae-gaucha\/#breadcrumb","itemListElement":[{"@type":"ListItem","position":1,"name":"In\u00edcio","item":"https:\/\/folhapopular.info\/"},{"@type":"ListItem","position":2,"name":"Paverama adere ao Programa M\u00e3e Ga\u00facha"}]},{"@type":"WebSite","@id":"https:\/\/folhapopular.info\/#website","url":"https:\/\/folhapopular.info\/","name":"Folha Popular","description":"Onde voc\u00ea tem vez e voz","potentialAction":[{"@type":"SearchAction","target":{"@type":"EntryPoint","urlTemplate":"https:\/\/folhapopular.info\/?s={search_term_string}"},"query-input":{"@type":"PropertyValueSpecification","valueRequired":true,"valueName":"search_term_string"}}],"inLanguage":"pt-BR"},{"@type":"Person","@id":"https:\/\/folhapopular.info\/#\/schema\/person\/2814e8a0df7643585a9ca38bc6eb9d4b","name":"Reda\u00e7\u00e3o Folha Popular","image":{"@type":"ImageObject","inLanguage":"pt-BR","@id":"https:\/\/folhapopular.info\/wp-content\/uploads\/2026\/04\/Folha-1.webp","url":"https:\/\/folhapopular.info\/wp-content\/uploads\/2026\/04\/Folha-1.webp","contentUrl":"https:\/\/folhapopular.info\/wp-content\/uploads\/2026\/04\/Folha-1.webp","caption":"Reda\u00e7\u00e3o Folha Popular"},"url":"https:\/\/folhapopular.info\/index.php\/author\/redacao\/"}]}},"jetpack_featured_media_url":"https:\/\/folhapopular.info\/wp-content\/uploads\/2024\/03\/26162509_112637_GD.png","jetpack_sharing_enabled":true,"amp_enabled":true,"_links":{"self":[{"href":"https:\/\/folhapopular.info\/index.php\/wp-json\/wp\/v2\/posts\/152806","targetHints":{"allow":["GET"]}}],"collection":[{"href":"https:\/\/folhapopular.info\/index.php\/wp-json\/wp\/v2\/posts"}],"about":[{"href":"https:\/\/folhapopular.info\/index.php\/wp-json\/wp\/v2\/types\/post"}],"author":[{"embeddable":true,"href":"https:\/\/folhapopular.info\/index.php\/wp-json\/wp\/v2\/users\/8"}],"replies":[{"embeddable":true,"href":"https:\/\/folhapopular.info\/index.php\/wp-json\/wp\/v2\/comments?post=152806"}],"version-history":[{"count":0,"href":"https:\/\/folhapopular.info\/index.php\/wp-json\/wp\/v2\/posts\/152806\/revisions"}],"wp:featuredmedia":[{"embeddable":true,"href":"https:\/\/folhapopular.info\/index.php\/wp-json\/wp\/v2\/media\/152807"}],"wp:attachment":[{"href":"https:\/\/folhapopular.info\/index.php\/wp-json\/wp\/v2\/media?parent=152806"}],"wp:term":[{"taxonomy":"category","embeddable":true,"href":"https:\/\/folhapopular.info\/index.php\/wp-json\/wp\/v2\/categories?post=152806"},{"taxonomy":"post_tag","embeddable":true,"href":"https:\/\/folhapopular.info\/index.php\/wp-json\/wp\/v2\/tags?post=152806"}],"curies":[{"name":"wp","href":"https:\/\/api.w.org\/{rel}","templated":true}]}}