{"id":152879,"date":"2024-03-13T16:30:00","date_gmt":"2024-03-13T19:30:00","guid":{"rendered":"https:\/\/folhapopular.info\/?p=152879"},"modified":"2024-03-13T16:12:15","modified_gmt":"2024-03-13T19:12:15","slug":"bolsistas-do-programa-professor-do-amanha-iniciam-atividades","status":"publish","type":"post","link":"https:\/\/folhapopular.info\/index.php\/2024\/03\/13\/bolsistas-do-programa-professor-do-amanha-iniciam-atividades\/","title":{"rendered":"Bolsistas do programa Professor do Amanh\u00e3 iniciam atividades"},"content":{"rendered":"\n<p>Na noite de 11 de mar\u00e7o, a\u00a0<a href=\"http:\/\/www.univates.br\/\" target=\"_blank\" rel=\"noreferrer noopener\">Universidade do Vale do Taquari &#8211; Univates<\/a>\u00a0deu in\u00edcio \u00e0s atividades do grupo de estudantes selecionados para cursar Letras &#8211; Portugu\u00eas\/Ingl\u00eas por meio do Edital Professor do Amanh\u00e3, uma iniciativa do Governo do Estado articulada pela Secretaria de Inova\u00e7\u00e3o, Ci\u00eancia e Tecnologia (Sict). As 46 pessoas aprovadas ganharam uma bolsa de estudos integral para o curso presencial de licenciatura ofertado pela Univates e uma bolsa perman\u00eancia no valor de R$ 800,00 mensais.<\/p>\n\n\n\n<p>O in\u00edcio das atividades do Programa voltado \u00e0 forma\u00e7\u00e3o de professores coincide com a&nbsp;<a href=\"https:\/\/www.univates.br\/noticia\/34898-primeiro-curso-da-univates-graduacao-em-letras-completa-55-anos\" target=\"_blank\" rel=\"noreferrer noopener\">comemora\u00e7\u00e3o dos 55 anos do curso de Letras da Universidade<\/a>, celebrado no domingo, dia 10 de mar\u00e7o. Na noite de 11 de mar\u00e7o, o grupo de calouros que iniciou o curso \u00e9 composto por cerca de 30 estudantes. Outro grupo, com cerca de 15 pessoas, iniciou as atividades em 12 de mar\u00e7o.&nbsp;<\/p>\n\n\n\n<p>A recep\u00e7\u00e3o dos novos estudantes foi realizada pela professora Fernanda Storck Pinheiro, vice-reitora e pr\u00f3-reitora de Ensino da Univates, pela professora Fabiane Oleg\u00e1rio, coordenadora dos cursos de Letras (Portugu\u00eas e Portugu\u00eas\/Ingl\u00eas), e pela professora Grasiela Kieling Bublitz, coordenadora institucional do Programa Professor do Amanh\u00e3.&nbsp;<\/p>\n\n\n\n<p>\u201cNa recep\u00e7\u00e3o do grupo, percebemos alunos motivados. A express\u00e3o de alegria e a perspectiva nos semblantes deles foram contagiantes, o que reflete em um futuro promissor nos estudos. Essa turma ter\u00e1 uma jornada compartilhada ao longo dos quatro anos do curso, o que vai proporcionar para eles uma experi\u00eancia de conv\u00edvio e aprendizado conjunto\u201d, detalha a professora Grasiela.&nbsp;<\/p>\n\n\n\n<p>A vice-reitora, professora Fernanda, destacou que esta turma \u00e9 particularmente especial, pois faz parte do Programa Professor do Amanh\u00e3, \u201cuma iniciativa aguardada e valorizada n\u00e3o apenas pelo Governo Estadual, mas tamb\u00e9m pelo esfor\u00e7o conjunto dos reitores e reitoras das 15 universidades comunit\u00e1rias do Cons\u00f3rcio das Universidades Comunit\u00e1rias Ga\u00fachas &#8211; Comung. Esse&nbsp; programa nasceu de intensas articula\u00e7\u00f5es e di\u00e1logos com diversos setores, incluindo parlamentares e o pr\u00f3prio governo, demonstrando o compromisso com a forma\u00e7\u00e3o de professores\u201d.<\/p>\n\n\n\n<p>Fernanda tamb\u00e9m ressaltou o papel da Univates e seu compromisso regional. \u201cA Univates \u00e9 uma universidade comunit\u00e1ria e, desde o seu in\u00edcio, h\u00e1 cinco d\u00e9cadas e meia, tem dedicado seu esfor\u00e7o para formar educadores, demonstrando seu comprometimento com a educa\u00e7\u00e3o na regi\u00e3o do Vale do Taquari\u201d.<\/p>\n\n\n\n<p>A vice-reitora tamb\u00e9m apontou que os novos estudantes est\u00e3o prestes a iniciar o melhor curso de Letras do Brasil, de acordo com as avalia\u00e7\u00f5es do Minist\u00e9rio da Educa\u00e7\u00e3o, reconhecimento que reflete o comprometimento e a excel\u00eancia que caracterizam a Institui\u00e7\u00e3o. Fernanda encorajou os estudantes a valorizarem o espa\u00e7o acad\u00eamico e a contribu\u00edrem ativamente para a sua comunidade universit\u00e1ria. \u201cDesejo que aproveitem ao m\u00e1ximo sua vida universit\u00e1ria, participando tanto das atividades dentro quanto fora da sala de aula, e que esses anos sejam repletos de aprendizado e crescimento pessoal\u201d, finalizou ela.&nbsp;<\/p>\n\n\n\n<p>Ap\u00f3s as boas-vindas, as primeiras aulas do grupo foram ministradas pelas professoras Kari Forneck e Rosiene Haetinger.&nbsp;<\/p>\n\n\n\n<p>Natural de Doutor Maur\u00edcio Cardoso, munic\u00edpio na Fronteira Noroeste do RS, e atualmente residente em Lajeado, o estudante J\u00fanior Silveira foi um dos que iniciou a gradua\u00e7\u00e3o na Univates ontem. O jovem de 27 anos aproveitou a oportunidade do Edital Professor do Amanh\u00e3 para se qualificar ainda mais, pois j\u00e1 \u00e9 formado em Pedagogia e possui especializa\u00e7\u00f5es na \u00e1rea da Alfabetiza\u00e7\u00e3o e Psicopedagogia.&nbsp;&nbsp;<\/p>\n\n\n\n<p>\u201cMe sinto muito feliz com essa oportunidade. Esse programa representa para mim a realiza\u00e7\u00e3o de uma conquista. Quero aprender muito sobre essa nova \u00e1rea. Minhas motiva\u00e7\u00f5es s\u00e3o estudar, acreditar na Educa\u00e7\u00e3o e, assim, poder ajudar as pessoas para, juntos, construirmos um mundo melhor\u201d, explica o jovem.&nbsp;<\/p>\n","protected":false},"excerpt":{"rendered":"<p>Na noite de 11 de mar\u00e7o, a\u00a0Universidade do Vale do Taquari &#8211; Univates\u00a0deu in\u00edcio \u00e0s atividades do grupo de estudantes selecionados para cursar Letras &#8211; Portugu\u00eas\/Ingl\u00eas por meio do Edital Professor do Amanh\u00e3, uma iniciativa do Governo do Estado articulada pela Secretaria de Inova\u00e7\u00e3o, Ci\u00eancia e Tecnologia (Sict). As 46 pessoas aprovadas ganharam uma bolsa [&hellip;]<\/p>\n","protected":false},"author":8,"featured_media":152880,"comment_status":"open","ping_status":"open","sticky":false,"template":"","format":"standard","meta":{"pmpro_default_level":"","_jetpack_memberships_contains_paid_content":false,"footnotes":""},"categories":[2,10988,3],"tags":[1895,898,14374,83],"class_list":{"0":"post-152879","1":"post","2":"type-post","3":"status-publish","4":"format-standard","5":"has-post-thumbnail","7":"category-featured","8":"category-educacao","9":"category-geral","10":"tag-bolsas","11":"tag-letras","12":"tag-professor-do-amanha","13":"tag-univates","14":"pmpro-has-access"},"yoast_head":"<!-- This site is optimized with the Yoast SEO plugin v27.5 - https:\/\/yoast.com\/product\/yoast-seo-wordpress\/ -->\n<title>Bolsistas do programa Professor do Amanh\u00e3 iniciam atividades - Folha Popular<\/title>\n<meta name=\"robots\" content=\"index, follow, max-snippet:-1, max-image-preview:large, max-video-preview:-1\" \/>\n<link rel=\"canonical\" href=\"https:\/\/folhapopular.info\/index.php\/2024\/03\/13\/bolsistas-do-programa-professor-do-amanha-iniciam-atividades\/\" \/>\n<meta property=\"og:locale\" content=\"pt_BR\" \/>\n<meta property=\"og:type\" content=\"article\" \/>\n<meta property=\"og:title\" content=\"Bolsistas do programa Professor do Amanh\u00e3 iniciam atividades - Folha Popular\" \/>\n<meta property=\"og:description\" content=\"Na noite de 11 de mar\u00e7o, a\u00a0Universidade do Vale do Taquari &#8211; Univates\u00a0deu in\u00edcio \u00e0s atividades do grupo de estudantes selecionados para cursar Letras &#8211; Portugu\u00eas\/Ingl\u00eas por meio do Edital Professor do Amanh\u00e3, uma iniciativa do Governo do Estado articulada pela Secretaria de Inova\u00e7\u00e3o, Ci\u00eancia e Tecnologia (Sict). As 46 pessoas aprovadas ganharam uma bolsa [&hellip;]\" \/>\n<meta property=\"og:url\" content=\"https:\/\/folhapopular.info\/index.php\/2024\/03\/13\/bolsistas-do-programa-professor-do-amanha-iniciam-atividades\/\" \/>\n<meta property=\"og:site_name\" content=\"Folha Popular\" \/>\n<meta property=\"article:published_time\" content=\"2024-03-13T19:30:00+00:00\" \/>\n<meta property=\"og:image\" content=\"https:\/\/folhapopular.info\/wp-content\/uploads\/2024\/03\/1-Inicio-das-atividades-do-Professor-do-Amanha-Credito-Divulgacao.jpg\" \/>\n\t<meta property=\"og:image:width\" content=\"1501\" \/>\n\t<meta property=\"og:image:height\" content=\"1001\" \/>\n\t<meta property=\"og:image:type\" content=\"image\/jpeg\" \/>\n<meta name=\"author\" content=\"Reda\u00e7\u00e3o Folha Popular\" \/>\n<meta name=\"twitter:card\" content=\"summary_large_image\" \/>\n<meta name=\"twitter:label1\" content=\"Escrito por\" \/>\n\t<meta name=\"twitter:data1\" content=\"Reda\u00e7\u00e3o Folha Popular\" \/>\n\t<meta name=\"twitter:label2\" content=\"Est. tempo de leitura\" \/>\n\t<meta name=\"twitter:data2\" content=\"4 minutos\" \/>\n<script type=\"application\/ld+json\" class=\"yoast-schema-graph\">{\"@context\":\"https:\\\/\\\/schema.org\",\"@graph\":[{\"@type\":\"Article\",\"@id\":\"https:\\\/\\\/folhapopular.info\\\/index.php\\\/2024\\\/03\\\/13\\\/bolsistas-do-programa-professor-do-amanha-iniciam-atividades\\\/#article\",\"isPartOf\":{\"@id\":\"https:\\\/\\\/folhapopular.info\\\/index.php\\\/2024\\\/03\\\/13\\\/bolsistas-do-programa-professor-do-amanha-iniciam-atividades\\\/\"},\"author\":{\"name\":\"Reda\u00e7\u00e3o Folha Popular\",\"@id\":\"https:\\\/\\\/folhapopular.info\\\/#\\\/schema\\\/person\\\/2814e8a0df7643585a9ca38bc6eb9d4b\"},\"headline\":\"Bolsistas do programa Professor do Amanh\u00e3 iniciam atividades\",\"datePublished\":\"2024-03-13T19:30:00+00:00\",\"mainEntityOfPage\":{\"@id\":\"https:\\\/\\\/folhapopular.info\\\/index.php\\\/2024\\\/03\\\/13\\\/bolsistas-do-programa-professor-do-amanha-iniciam-atividades\\\/\"},\"wordCount\":653,\"commentCount\":0,\"image\":{\"@id\":\"https:\\\/\\\/folhapopular.info\\\/index.php\\\/2024\\\/03\\\/13\\\/bolsistas-do-programa-professor-do-amanha-iniciam-atividades\\\/#primaryimage\"},\"thumbnailUrl\":\"https:\\\/\\\/folhapopular.info\\\/wp-content\\\/uploads\\\/2024\\\/03\\\/1-Inicio-das-atividades-do-Professor-do-Amanha-Credito-Divulgacao.jpg\",\"keywords\":[\"Bolsas\",\"Letras\",\"Professor do Amanh\u00e3\",\"Univates\"],\"articleSection\":[\"Destaques\",\"Educa\u00e7\u00e3o\",\"Geral\"],\"inLanguage\":\"pt-BR\",\"potentialAction\":[{\"@type\":\"CommentAction\",\"name\":\"Comment\",\"target\":[\"https:\\\/\\\/folhapopular.info\\\/index.php\\\/2024\\\/03\\\/13\\\/bolsistas-do-programa-professor-do-amanha-iniciam-atividades\\\/#respond\"]}]},{\"@type\":\"WebPage\",\"@id\":\"https:\\\/\\\/folhapopular.info\\\/index.php\\\/2024\\\/03\\\/13\\\/bolsistas-do-programa-professor-do-amanha-iniciam-atividades\\\/\",\"url\":\"https:\\\/\\\/folhapopular.info\\\/index.php\\\/2024\\\/03\\\/13\\\/bolsistas-do-programa-professor-do-amanha-iniciam-atividades\\\/\",\"name\":\"Bolsistas do programa Professor do Amanh\u00e3 iniciam atividades - Folha Popular\",\"isPartOf\":{\"@id\":\"https:\\\/\\\/folhapopular.info\\\/#website\"},\"primaryImageOfPage\":{\"@id\":\"https:\\\/\\\/folhapopular.info\\\/index.php\\\/2024\\\/03\\\/13\\\/bolsistas-do-programa-professor-do-amanha-iniciam-atividades\\\/#primaryimage\"},\"image\":{\"@id\":\"https:\\\/\\\/folhapopular.info\\\/index.php\\\/2024\\\/03\\\/13\\\/bolsistas-do-programa-professor-do-amanha-iniciam-atividades\\\/#primaryimage\"},\"thumbnailUrl\":\"https:\\\/\\\/folhapopular.info\\\/wp-content\\\/uploads\\\/2024\\\/03\\\/1-Inicio-das-atividades-do-Professor-do-Amanha-Credito-Divulgacao.jpg\",\"datePublished\":\"2024-03-13T19:30:00+00:00\",\"author\":{\"@id\":\"https:\\\/\\\/folhapopular.info\\\/#\\\/schema\\\/person\\\/2814e8a0df7643585a9ca38bc6eb9d4b\"},\"breadcrumb\":{\"@id\":\"https:\\\/\\\/folhapopular.info\\\/index.php\\\/2024\\\/03\\\/13\\\/bolsistas-do-programa-professor-do-amanha-iniciam-atividades\\\/#breadcrumb\"},\"inLanguage\":\"pt-BR\",\"potentialAction\":[{\"@type\":\"ReadAction\",\"target\":[\"https:\\\/\\\/folhapopular.info\\\/index.php\\\/2024\\\/03\\\/13\\\/bolsistas-do-programa-professor-do-amanha-iniciam-atividades\\\/\"]}]},{\"@type\":\"ImageObject\",\"inLanguage\":\"pt-BR\",\"@id\":\"https:\\\/\\\/folhapopular.info\\\/index.php\\\/2024\\\/03\\\/13\\\/bolsistas-do-programa-professor-do-amanha-iniciam-atividades\\\/#primaryimage\",\"url\":\"https:\\\/\\\/folhapopular.info\\\/wp-content\\\/uploads\\\/2024\\\/03\\\/1-Inicio-das-atividades-do-Professor-do-Amanha-Credito-Divulgacao.jpg\",\"contentUrl\":\"https:\\\/\\\/folhapopular.info\\\/wp-content\\\/uploads\\\/2024\\\/03\\\/1-Inicio-das-atividades-do-Professor-do-Amanha-Credito-Divulgacao.jpg\",\"width\":1501,\"height\":1001,\"caption\":\"Cr\u00e9dito: Divulga\u00e7\u00e3o\\\/AI Univates\"},{\"@type\":\"BreadcrumbList\",\"@id\":\"https:\\\/\\\/folhapopular.info\\\/index.php\\\/2024\\\/03\\\/13\\\/bolsistas-do-programa-professor-do-amanha-iniciam-atividades\\\/#breadcrumb\",\"itemListElement\":[{\"@type\":\"ListItem\",\"position\":1,\"name\":\"In\u00edcio\",\"item\":\"https:\\\/\\\/folhapopular.info\\\/\"},{\"@type\":\"ListItem\",\"position\":2,\"name\":\"Bolsistas do programa Professor do Amanh\u00e3 iniciam atividades\"}]},{\"@type\":\"WebSite\",\"@id\":\"https:\\\/\\\/folhapopular.info\\\/#website\",\"url\":\"https:\\\/\\\/folhapopular.info\\\/\",\"name\":\"Folha Popular\",\"description\":\"Onde voc\u00ea tem vez e voz\",\"potentialAction\":[{\"@type\":\"SearchAction\",\"target\":{\"@type\":\"EntryPoint\",\"urlTemplate\":\"https:\\\/\\\/folhapopular.info\\\/?s={search_term_string}\"},\"query-input\":{\"@type\":\"PropertyValueSpecification\",\"valueRequired\":true,\"valueName\":\"search_term_string\"}}],\"inLanguage\":\"pt-BR\"},{\"@type\":\"Person\",\"@id\":\"https:\\\/\\\/folhapopular.info\\\/#\\\/schema\\\/person\\\/2814e8a0df7643585a9ca38bc6eb9d4b\",\"name\":\"Reda\u00e7\u00e3o Folha Popular\",\"image\":{\"@type\":\"ImageObject\",\"inLanguage\":\"pt-BR\",\"@id\":\"https:\\\/\\\/folhapopular.info\\\/wp-content\\\/uploads\\\/2026\\\/04\\\/Folha-1.webp\",\"url\":\"https:\\\/\\\/folhapopular.info\\\/wp-content\\\/uploads\\\/2026\\\/04\\\/Folha-1.webp\",\"contentUrl\":\"https:\\\/\\\/folhapopular.info\\\/wp-content\\\/uploads\\\/2026\\\/04\\\/Folha-1.webp\",\"caption\":\"Reda\u00e7\u00e3o Folha Popular\"},\"url\":\"https:\\\/\\\/folhapopular.info\\\/index.php\\\/author\\\/redacao\\\/\"}]}<\/script>\n<!-- \/ Yoast SEO plugin. -->","yoast_head_json":{"title":"Bolsistas do programa Professor do Amanh\u00e3 iniciam atividades - Folha Popular","robots":{"index":"index","follow":"follow","max-snippet":"max-snippet:-1","max-image-preview":"max-image-preview:large","max-video-preview":"max-video-preview:-1"},"canonical":"https:\/\/folhapopular.info\/index.php\/2024\/03\/13\/bolsistas-do-programa-professor-do-amanha-iniciam-atividades\/","og_locale":"pt_BR","og_type":"article","og_title":"Bolsistas do programa Professor do Amanh\u00e3 iniciam atividades - Folha Popular","og_description":"Na noite de 11 de mar\u00e7o, a\u00a0Universidade do Vale do Taquari &#8211; Univates\u00a0deu in\u00edcio \u00e0s atividades do grupo de estudantes selecionados para cursar Letras &#8211; Portugu\u00eas\/Ingl\u00eas por meio do Edital Professor do Amanh\u00e3, uma iniciativa do Governo do Estado articulada pela Secretaria de Inova\u00e7\u00e3o, Ci\u00eancia e Tecnologia (Sict). As 46 pessoas aprovadas ganharam uma bolsa [&hellip;]","og_url":"https:\/\/folhapopular.info\/index.php\/2024\/03\/13\/bolsistas-do-programa-professor-do-amanha-iniciam-atividades\/","og_site_name":"Folha Popular","article_published_time":"2024-03-13T19:30:00+00:00","og_image":[{"width":1501,"height":1001,"url":"https:\/\/folhapopular.info\/wp-content\/uploads\/2024\/03\/1-Inicio-das-atividades-do-Professor-do-Amanha-Credito-Divulgacao.jpg","type":"image\/jpeg"}],"author":"Reda\u00e7\u00e3o Folha Popular","twitter_card":"summary_large_image","twitter_misc":{"Escrito por":"Reda\u00e7\u00e3o Folha Popular","Est. tempo de leitura":"4 minutos"},"schema":{"@context":"https:\/\/schema.org","@graph":[{"@type":"Article","@id":"https:\/\/folhapopular.info\/index.php\/2024\/03\/13\/bolsistas-do-programa-professor-do-amanha-iniciam-atividades\/#article","isPartOf":{"@id":"https:\/\/folhapopular.info\/index.php\/2024\/03\/13\/bolsistas-do-programa-professor-do-amanha-iniciam-atividades\/"},"author":{"name":"Reda\u00e7\u00e3o Folha Popular","@id":"https:\/\/folhapopular.info\/#\/schema\/person\/2814e8a0df7643585a9ca38bc6eb9d4b"},"headline":"Bolsistas do programa Professor do Amanh\u00e3 iniciam atividades","datePublished":"2024-03-13T19:30:00+00:00","mainEntityOfPage":{"@id":"https:\/\/folhapopular.info\/index.php\/2024\/03\/13\/bolsistas-do-programa-professor-do-amanha-iniciam-atividades\/"},"wordCount":653,"commentCount":0,"image":{"@id":"https:\/\/folhapopular.info\/index.php\/2024\/03\/13\/bolsistas-do-programa-professor-do-amanha-iniciam-atividades\/#primaryimage"},"thumbnailUrl":"https:\/\/folhapopular.info\/wp-content\/uploads\/2024\/03\/1-Inicio-das-atividades-do-Professor-do-Amanha-Credito-Divulgacao.jpg","keywords":["Bolsas","Letras","Professor do Amanh\u00e3","Univates"],"articleSection":["Destaques","Educa\u00e7\u00e3o","Geral"],"inLanguage":"pt-BR","potentialAction":[{"@type":"CommentAction","name":"Comment","target":["https:\/\/folhapopular.info\/index.php\/2024\/03\/13\/bolsistas-do-programa-professor-do-amanha-iniciam-atividades\/#respond"]}]},{"@type":"WebPage","@id":"https:\/\/folhapopular.info\/index.php\/2024\/03\/13\/bolsistas-do-programa-professor-do-amanha-iniciam-atividades\/","url":"https:\/\/folhapopular.info\/index.php\/2024\/03\/13\/bolsistas-do-programa-professor-do-amanha-iniciam-atividades\/","name":"Bolsistas do programa Professor do Amanh\u00e3 iniciam atividades - Folha Popular","isPartOf":{"@id":"https:\/\/folhapopular.info\/#website"},"primaryImageOfPage":{"@id":"https:\/\/folhapopular.info\/index.php\/2024\/03\/13\/bolsistas-do-programa-professor-do-amanha-iniciam-atividades\/#primaryimage"},"image":{"@id":"https:\/\/folhapopular.info\/index.php\/2024\/03\/13\/bolsistas-do-programa-professor-do-amanha-iniciam-atividades\/#primaryimage"},"thumbnailUrl":"https:\/\/folhapopular.info\/wp-content\/uploads\/2024\/03\/1-Inicio-das-atividades-do-Professor-do-Amanha-Credito-Divulgacao.jpg","datePublished":"2024-03-13T19:30:00+00:00","author":{"@id":"https:\/\/folhapopular.info\/#\/schema\/person\/2814e8a0df7643585a9ca38bc6eb9d4b"},"breadcrumb":{"@id":"https:\/\/folhapopular.info\/index.php\/2024\/03\/13\/bolsistas-do-programa-professor-do-amanha-iniciam-atividades\/#breadcrumb"},"inLanguage":"pt-BR","potentialAction":[{"@type":"ReadAction","target":["https:\/\/folhapopular.info\/index.php\/2024\/03\/13\/bolsistas-do-programa-professor-do-amanha-iniciam-atividades\/"]}]},{"@type":"ImageObject","inLanguage":"pt-BR","@id":"https:\/\/folhapopular.info\/index.php\/2024\/03\/13\/bolsistas-do-programa-professor-do-amanha-iniciam-atividades\/#primaryimage","url":"https:\/\/folhapopular.info\/wp-content\/uploads\/2024\/03\/1-Inicio-das-atividades-do-Professor-do-Amanha-Credito-Divulgacao.jpg","contentUrl":"https:\/\/folhapopular.info\/wp-content\/uploads\/2024\/03\/1-Inicio-das-atividades-do-Professor-do-Amanha-Credito-Divulgacao.jpg","width":1501,"height":1001,"caption":"Cr\u00e9dito: Divulga\u00e7\u00e3o\/AI Univates"},{"@type":"BreadcrumbList","@id":"https:\/\/folhapopular.info\/index.php\/2024\/03\/13\/bolsistas-do-programa-professor-do-amanha-iniciam-atividades\/#breadcrumb","itemListElement":[{"@type":"ListItem","position":1,"name":"In\u00edcio","item":"https:\/\/folhapopular.info\/"},{"@type":"ListItem","position":2,"name":"Bolsistas do programa Professor do Amanh\u00e3 iniciam atividades"}]},{"@type":"WebSite","@id":"https:\/\/folhapopular.info\/#website","url":"https:\/\/folhapopular.info\/","name":"Folha Popular","description":"Onde voc\u00ea tem vez e voz","potentialAction":[{"@type":"SearchAction","target":{"@type":"EntryPoint","urlTemplate":"https:\/\/folhapopular.info\/?s={search_term_string}"},"query-input":{"@type":"PropertyValueSpecification","valueRequired":true,"valueName":"search_term_string"}}],"inLanguage":"pt-BR"},{"@type":"Person","@id":"https:\/\/folhapopular.info\/#\/schema\/person\/2814e8a0df7643585a9ca38bc6eb9d4b","name":"Reda\u00e7\u00e3o Folha Popular","image":{"@type":"ImageObject","inLanguage":"pt-BR","@id":"https:\/\/folhapopular.info\/wp-content\/uploads\/2026\/04\/Folha-1.webp","url":"https:\/\/folhapopular.info\/wp-content\/uploads\/2026\/04\/Folha-1.webp","contentUrl":"https:\/\/folhapopular.info\/wp-content\/uploads\/2026\/04\/Folha-1.webp","caption":"Reda\u00e7\u00e3o Folha Popular"},"url":"https:\/\/folhapopular.info\/index.php\/author\/redacao\/"}]}},"jetpack_featured_media_url":"https:\/\/folhapopular.info\/wp-content\/uploads\/2024\/03\/1-Inicio-das-atividades-do-Professor-do-Amanha-Credito-Divulgacao.jpg","jetpack_sharing_enabled":true,"amp_enabled":true,"_links":{"self":[{"href":"https:\/\/folhapopular.info\/index.php\/wp-json\/wp\/v2\/posts\/152879","targetHints":{"allow":["GET"]}}],"collection":[{"href":"https:\/\/folhapopular.info\/index.php\/wp-json\/wp\/v2\/posts"}],"about":[{"href":"https:\/\/folhapopular.info\/index.php\/wp-json\/wp\/v2\/types\/post"}],"author":[{"embeddable":true,"href":"https:\/\/folhapopular.info\/index.php\/wp-json\/wp\/v2\/users\/8"}],"replies":[{"embeddable":true,"href":"https:\/\/folhapopular.info\/index.php\/wp-json\/wp\/v2\/comments?post=152879"}],"version-history":[{"count":0,"href":"https:\/\/folhapopular.info\/index.php\/wp-json\/wp\/v2\/posts\/152879\/revisions"}],"wp:featuredmedia":[{"embeddable":true,"href":"https:\/\/folhapopular.info\/index.php\/wp-json\/wp\/v2\/media\/152880"}],"wp:attachment":[{"href":"https:\/\/folhapopular.info\/index.php\/wp-json\/wp\/v2\/media?parent=152879"}],"wp:term":[{"taxonomy":"category","embeddable":true,"href":"https:\/\/folhapopular.info\/index.php\/wp-json\/wp\/v2\/categories?post=152879"},{"taxonomy":"post_tag","embeddable":true,"href":"https:\/\/folhapopular.info\/index.php\/wp-json\/wp\/v2\/tags?post=152879"}],"curies":[{"name":"wp","href":"https:\/\/api.w.org\/{rel}","templated":true}]}}