{"id":152982,"date":"2024-03-15T18:04:10","date_gmt":"2024-03-15T21:04:10","guid":{"rendered":"https:\/\/folhapopular.info\/?p=152982"},"modified":"2024-03-15T19:35:39","modified_gmt":"2024-03-15T22:35:39","slug":"governo-federal-anuncia-r-134-milhoes-para-reconstrucao-do-vale-do-taquari","status":"publish","type":"post","link":"https:\/\/folhapopular.info\/index.php\/2024\/03\/15\/governo-federal-anuncia-r-134-milhoes-para-reconstrucao-do-vale-do-taquari\/","title":{"rendered":"Governo Federal anuncia R$ 134 milh\u00f5es para reconstru\u00e7\u00e3o do Vale do Taquari"},"content":{"rendered":"\n<p>O presidente da Rep\u00fablica, Luiz In\u00e1cio Lula da Silva, cumpriu a agenda em Lajeado nesta sexta-feira (15\/3). A visita do Chefe do Executivo foi aguardada sobretudo pelas lideran\u00e7as pol\u00edticas e empres\u00e1rios locais. Al\u00e9m disso, representantes de diferentes movimentos realizaram manifesta\u00e7\u00f5es pac\u00edficas na fila de entrada do Teatro Univates.<\/p>\n\n\n\n<p>Essa \u00e9 a segunda vez que o presidente vem ao Rio Grande do Sul neste terceiro mandato. E a segunda vez que Lula vem a Lajeado. Com forte esquema de seguran\u00e7a, a comitiva presidencial chegou a Lajeado por volta das 16 h ap\u00f3s os compromissos na capital dos ga\u00fachos.<\/p>\n\n\n\n<p>Compuseram a cerim\u00f4nia o Presidente da Rep\u00fablica, Luiz In\u00e1cio Lula da Silva, vice-presidente, Geraldo Alckmin, governador Eduardo Leite, o vive-governador, Gabriel Souza, os deputados federais, Bohn Gass e Heitor Schuch, deputada federal, Reginete Bispo, Pompeu de Matos, Prefeito de Lajeado, Marcelo Caumo, Prefeito de Ven\u00e2ncio Aires e presidente da Amvat, Jarbas da Rosa e a Reitora da Univates, Ev\u00e2nia Schneider e Raquel Vargas Schmitt, moradora de Roca Sales e representante do Movimento dos Atingidos por Barragens (MAB) e da comitiva de ministros. As autoridades pol\u00edticas do Vale do Taquari, a classe empres\u00e1ria e o p\u00fablico de diferentes cidades lotaram o Teatro Univates para conferir a presta\u00e7\u00e3o de contas e os novos an\u00fancios de investimentos por parte do governo federal.<\/p>\n\n\n\n<p>Na ocasi\u00e3o, ap\u00f3s os protocolos cerimoniais e das manifesta\u00e7\u00f5es do p\u00fablico, Raquel, em nome do MAB, fez uso da palavra em um manifesto de agradecimento e esperan\u00e7a, enfatizando o trabalho do Governo Federal, das For\u00e7as Armadas e equipes de sa\u00fade e seguran\u00e7a no aux\u00edlio imediato \u00e0 popula\u00e7\u00e3o. Sobretudo, homenagear as v\u00edtimas da trag\u00e9dia que atingiu o Vale do Taquari. Jarbas da Rosa, reconhece o apoio financeiro dado \u00e0 recupera\u00e7\u00e3o das regi\u00f5es, prosperando o desenvimento.<\/p>\n\n\n\n<p>O ministro-chefe da Secretaria de Comunica\u00e7\u00e3o Social, Paulo Pimenta relembra a noite de 4 de setembro 2023, quando foram acionados para atender a urg\u00eancia decorrente da trag\u00e9dia. Pimenta enfatiza o trabalho coletivo e faz as devidas homenagens \u00e0s fam\u00edlias que perderam familiares e bens materiais. \u201cEu vi solidariedade! Nunca vi tanta gende de forma volunt\u00e1ria ajudando no resgate e na limpeza, eu vi pessoas emocionadas, procurando gente desaparecida e sem saber o que tinha acontecido\u201d, destaca.<\/p>\n\n\n\n<p>No momento, o ministro das Cidades, Jader Filho assina a Portaria que formaliza o enquadramento de propostas com vistas a contrata\u00e7\u00e3o de 857 moradias do Programa Minha Casa,Minha Vida \u2013 Calamidades, Eldorado do Sul, Montenegro, Novo Hamburgo, Pelotas, Rio Grande, Santa Tereza, Ven\u00e2ncio Aires, Arroio do Meio, Colinas, Cruzeiro do Sul, Estrela, Mu\u00e7um e Roca Sales.<\/p>\n\n\n\n<p>O ministro da Integra\u00e7\u00e3o e Desenvolvimento Regional, Waldez G\u00f3es, trouxe o panorama brasileiro, sobretudo para salientar que os eventos clim\u00e1ticos exigem preparo e medidas de preven\u00e7\u00e3o. No Brasil, 10 milh\u00f5es de pessoas vivem em constante situa\u00e7\u00e3o de alto e alt\u00edssimo risco, 1038 munic\u00edpios em crises clim\u00e1ticas persistentes nos \u00faltimos 10 anos, 2.128 munic\u00edpios com reconhecimento pela Defesa Civil, 1.174 por seca\/estiagem, 925 por desastres relacionados a eventos hidrol\u00f3gicos.<\/p>\n\n\n\n<p>O governado Eduardo Leite manifesta diretamente que o momento \u00e9 de converg\u00eancia de a\u00e7\u00f5es voltadas a restrutura\u00e7\u00e3o das cidades, em comunh\u00e3o de esfor\u00e7os, sem divi\u00f5es pol\u00edtico-partid\u00e1rias. Leite anuncia Uma pre-ata de c de ata de registro de pre\u00e7os para contru\u00e7\u00e3o de moradias, sem necessitar do processo burocr\u00e1tico de licita\u00e7\u00f5es<\/p>\n\n\n\n<p>Neste sentido, a promessa \u00e9 lan\u00e7ar no fim do m\u00eas de mar\u00e7o a opera\u00e7\u00e3o de um sistema de alerta \u00e0s regi\u00f5es nacionais. Na agenda, est\u00e1 a politica de prote\u00e7\u00e3o e preven\u00e7\u00e3o aos eventos extremos.<\/p>\n\n\n\n<p>Waldez anuncia a libera\u00e7\u00e3o de R$134 milh\u00f5es para a reconstru\u00e7\u00e3o e restabelecimento para Lajeado, Arroio do Meio, Mu\u00e7um Cara\u00e1, Taquari, Colinas, S\u00e3o Valentim do Sul, Encantado, Feliz, Santa Tereza e C\u00e2ndido God\u00f3i e Riozinho.<\/p>\n\n\n\n<p>\u201cO Vale do Taquari ser\u00e1 reconstru\u00eddo\u201d, diz Waldez e a meta \u00e9 chegar a R$481 milh\u00f5es de reais em reconstru\u00e7\u00f5es.<\/p>\n\n\n\n<p><strong>Recursos anunciados hoje para o Rio Grande do Sul somam R$ 344,6 milh\u00f5es<\/strong><\/p>\n\n\n\n<p>Dentre as cidades do Vale do Taquari, anunciados nesta sexta-feira (15\/3):<\/p>\n\n\n\n<p><strong>Arroio do Meio<\/strong>&nbsp;\u2013 R$ 55,3 milh\u00f5es para reconstru\u00e7\u00e3o de 135 casas e R$ 27 milh\u00f5es a 212 unidades habitacionais.<\/p>\n\n\n\n<p><strong>Cara\u00e1:<\/strong>&nbsp;R$ 5,9 milh\u00f5es para reconstru\u00e7\u00e3o de 10 casas e R$ 557 mil contru\u00e7\u00e3o de pontes<\/p>\n\n\n\n<p><strong>Colinas<\/strong>&nbsp;R$2,2 milh\u00f5es para 17 unidades habitacionais do residencial Por-do-sol e R$ 1,1 milh\u00e3o para restabelecimento vi\u00e1rio.<\/p>\n\n\n\n<p><strong>Cruzeiro do Sul<\/strong>: R$ 6,5 milhoes para 50 unidades habitacionais;<\/p>\n\n\n\n<p><strong>Eldorado do Sul:<\/strong>&nbsp;R$ 8,6 milh\u00f5es para contru\u00e7\u00e3o de 64 unidades habitacionais;<\/p>\n\n\n\n<p><strong>Encantado:<\/strong>&nbsp;al\u00e9m dos R$23 milh\u00f5es destinados a 180 unidades habitacionais, receber\u00e1 R$1 milh\u00e3o para restabelecimento de passarelas e recupera\u00e7\u00e3o de estradas.<\/p>\n\n\n\n<p><strong>Estrela:<\/strong>&nbsp;13 milh\u00f5es para 100 unidades habitacionais;<\/p>\n\n\n\n<p><strong>Lajeado:<\/strong>&nbsp;al\u00e9m dos R$ 19 milh\u00f5es j\u00e1 destinados para 150 unidades habitacionais, receber\u00e1 mais R$8,8 milh\u00f5es para contru\u00e7\u00e3o de 59 novas casas;<\/p>\n\n\n\n<p><strong>Mu\u00e7um:<\/strong>&nbsp;Mais de R$ 29 milh\u00f5es para contru\u00e7\u00e3o de 185 casas e 6,6 milh\u00f5es para contru\u00e7\u00e3o de unidades habitacionais.<\/p>\n\n\n\n<p><strong>Roca Sales:<\/strong>&nbsp;R$ 6 milhoes para 50 unidades habitacionais;<\/p>\n\n\n\n<p><strong>Santa Tereza:<\/strong>&nbsp;R$ 1,6 milh\u00e3o para restabelecimento vi\u00e1rio e de conten\u00e7\u00f5es, R$ 260 mil para unidades habitacionais;<\/p>\n\n\n\n<p><strong>S\u00e3o Valentim do Sul<\/strong>: R$24,5 milh\u00f5es para a reconstru\u00e7\u00e3o de pontes;<\/p>\n\n\n\n<p><strong>Taquari<\/strong>: R$2,6 milh\u00f5es para recupera\u00e7\u00e3o de margens;<\/p>\n\n\n\n<p><strong>Ven\u00e2ncio Aires<\/strong>: R$ 3,9 milh\u00f5es para 30 unidades habitacionais.<\/p>\n\n\n\n<p>Em pronunciamento breve, o presidente Lula cumprimenta o governador e prefeitos, reconhecendo o esfor\u00e7o coletivo. E diz: \u201cA gente ve a beleza e a capacidade produtiva da regi\u00e3o e como uma enchente levou tanta gente e destruiu tanta coisa. Tudo que \u00e9 \u00e9 material a gente reconstr\u00f3i, dos empres\u00e1rios e produtores a gente reconstr\u00f3i, a gente s\u00f3 n\u00e3o reconstr\u00f3i a vida das pessoas.\u201d<\/p>\n\n\n\n<p>No Rio Grande do Sul, Lula cumpriu o primeiro compromisso no Teatro do Sesi, na Fiergs, em Porto Alegre, logo pela manh\u00e3 para encontro com empres\u00e1rios e autoridades. O encontro, que teve a presen\u00e7a do governador Eduardo Leite e do prefeito de Porto Alegre, Sebasti\u00e3o Melo, os ministros parte da comitiva apresentaram as a\u00e7\u00f5es executadas e as planejadas para o estado.<\/p>\n\n\n\n<p>Em Porto Alegre, Luna ainda prometeu renegociar as d\u00edvidas do Rio Grande do Sul com a Uni\u00e3o.<\/p>\n\n\n\n<p>Mais de R$29 bilh\u00f5es ser\u00e3o destinados para a\u00e7\u00f5es no Rio Grande do Sul. Destes, R$21 bilh\u00f5es exclusivos ao RS aplicados em sa\u00fade, infraestrutura social e inclusiva, educa\u00e7\u00e3o, ci\u00eancia e tecnologia. J\u00e1 os R$8,5 bilh\u00f5es envolvem outras regi\u00f5es e s\u00e3o voltados \u00e0 retomada de obras em rodovias em todo RS e renova\u00e7\u00e3o\/licita\u00e7\u00e3o da malha da Sul, Ferrovia Norte Sul (SC-RS) e Trem de Passageiros entre Pelotas e Rio Grande.<\/p>\n\n\n\n<p>Acompanharam a agenda presidencial os ministros Rui Costa (Casa Civil), Waldez G\u00f3es (Integra\u00e7\u00e3o e Desenvolvimento Regional), Paulo Teixeira (Desenvolvimento Agr\u00e1rio e Agricultura Familiar), Geraldo Alckmin (Desenvolvimento, Ind\u00fastria, Com\u00e9rcio e Servi\u00e7os), Carlos F\u00e1varo (Agricultura e Pecu\u00e1ria), Camilo Santana (Educa\u00e7\u00e3o) e N\u00edsia Trindade (Sa\u00fade), diretor de Infraestrutura do DNIT, F\u00e1bio Nunes, representa o ministro dos Transportes.<\/p>\n","protected":false},"excerpt":{"rendered":"<p>O presidente da Rep\u00fablica, Luiz In\u00e1cio Lula da Silva, cumpriu a agenda em Lajeado nesta sexta-feira (15\/3). A visita do Chefe do Executivo foi aguardada sobretudo pelas lideran\u00e7as pol\u00edticas e empres\u00e1rios locais. Al\u00e9m disso, representantes de diferentes movimentos realizaram manifesta\u00e7\u00f5es pac\u00edficas na fila de entrada do Teatro Univates. Essa \u00e9 a segunda vez que o [&hellip;]<\/p>\n","protected":false},"author":707,"featured_media":153073,"comment_status":"open","ping_status":"open","sticky":false,"template":"","format":"standard","meta":{"pmpro_default_level":"","_jetpack_memberships_contains_paid_content":false,"footnotes":""},"categories":[2,3],"tags":[183,1989,8,5613,10075,156,14530],"class_list":{"0":"post-152982","1":"post","2":"type-post","3":"status-publish","4":"format-standard","5":"has-post-thumbnail","7":"category-featured","8":"category-geral","9":"tag-colinas","10":"tag-cruzeiro-do-sul","11":"tag-estrela","12":"tag-investimento","13":"tag-lula","14":"tag-vale-do-taquari","15":"tag-visita-a-lajeado","16":"pmpro-has-access"},"yoast_head":"<!-- This site is optimized with the Yoast SEO plugin v27.5 - https:\/\/yoast.com\/product\/yoast-seo-wordpress\/ -->\n<title>Governo Federal anuncia R$ 134 milh\u00f5es para reconstru\u00e7\u00e3o do Vale do Taquari - Folha Popular<\/title>\n<meta name=\"robots\" content=\"index, follow, max-snippet:-1, max-image-preview:large, max-video-preview:-1\" \/>\n<link rel=\"canonical\" href=\"https:\/\/folhapopular.info\/index.php\/2024\/03\/15\/governo-federal-anuncia-r-134-milhoes-para-reconstrucao-do-vale-do-taquari\/\" \/>\n<meta property=\"og:locale\" content=\"pt_BR\" \/>\n<meta property=\"og:type\" content=\"article\" \/>\n<meta property=\"og:title\" content=\"Governo Federal anuncia R$ 134 milh\u00f5es para reconstru\u00e7\u00e3o do Vale do Taquari - Folha Popular\" \/>\n<meta property=\"og:description\" content=\"O presidente da Rep\u00fablica, Luiz In\u00e1cio Lula da Silva, cumpriu a agenda em Lajeado nesta sexta-feira (15\/3). A visita do Chefe do Executivo foi aguardada sobretudo pelas lideran\u00e7as pol\u00edticas e empres\u00e1rios locais. Al\u00e9m disso, representantes de diferentes movimentos realizaram manifesta\u00e7\u00f5es pac\u00edficas na fila de entrada do Teatro Univates. Essa \u00e9 a segunda vez que o [&hellip;]\" \/>\n<meta property=\"og:url\" content=\"https:\/\/folhapopular.info\/index.php\/2024\/03\/15\/governo-federal-anuncia-r-134-milhoes-para-reconstrucao-do-vale-do-taquari\/\" \/>\n<meta property=\"og:site_name\" content=\"Folha Popular\" \/>\n<meta property=\"article:published_time\" content=\"2024-03-15T21:04:10+00:00\" \/>\n<meta property=\"article:modified_time\" content=\"2024-03-15T22:35:39+00:00\" \/>\n<meta property=\"og:image\" content=\"http:\/\/folhapopular.info\/wp-content\/uploads\/2024\/03\/IMG_6121-scaled.jpg\" \/>\n\t<meta property=\"og:image:width\" content=\"2560\" \/>\n\t<meta property=\"og:image:height\" content=\"2103\" \/>\n\t<meta property=\"og:image:type\" content=\"image\/jpeg\" \/>\n<meta name=\"author\" content=\"Ariana de Oliveira\" \/>\n<meta name=\"twitter:card\" content=\"summary_large_image\" \/>\n<meta name=\"twitter:label1\" content=\"Escrito por\" \/>\n\t<meta name=\"twitter:data1\" content=\"Ariana de Oliveira\" \/>\n\t<meta name=\"twitter:label2\" content=\"Est. tempo de leitura\" \/>\n\t<meta name=\"twitter:data2\" content=\"7 minutos\" \/>\n<script type=\"application\/ld+json\" class=\"yoast-schema-graph\">{\"@context\":\"https:\\\/\\\/schema.org\",\"@graph\":[{\"@type\":\"Article\",\"@id\":\"https:\\\/\\\/folhapopular.info\\\/index.php\\\/2024\\\/03\\\/15\\\/governo-federal-anuncia-r-134-milhoes-para-reconstrucao-do-vale-do-taquari\\\/#article\",\"isPartOf\":{\"@id\":\"https:\\\/\\\/folhapopular.info\\\/index.php\\\/2024\\\/03\\\/15\\\/governo-federal-anuncia-r-134-milhoes-para-reconstrucao-do-vale-do-taquari\\\/\"},\"author\":{\"name\":\"Ariana de Oliveira\",\"@id\":\"https:\\\/\\\/folhapopular.info\\\/#\\\/schema\\\/person\\\/e80d332e33633a6164933af03d7ee1b2\"},\"headline\":\"Governo Federal anuncia R$ 134 milh\u00f5es para reconstru\u00e7\u00e3o do Vale do Taquari\",\"datePublished\":\"2024-03-15T21:04:10+00:00\",\"dateModified\":\"2024-03-15T22:35:39+00:00\",\"mainEntityOfPage\":{\"@id\":\"https:\\\/\\\/folhapopular.info\\\/index.php\\\/2024\\\/03\\\/15\\\/governo-federal-anuncia-r-134-milhoes-para-reconstrucao-do-vale-do-taquari\\\/\"},\"wordCount\":1241,\"commentCount\":0,\"image\":{\"@id\":\"https:\\\/\\\/folhapopular.info\\\/index.php\\\/2024\\\/03\\\/15\\\/governo-federal-anuncia-r-134-milhoes-para-reconstrucao-do-vale-do-taquari\\\/#primaryimage\"},\"thumbnailUrl\":\"https:\\\/\\\/folhapopular.info\\\/wp-content\\\/uploads\\\/2024\\\/03\\\/IMG_6121-scaled.jpg\",\"keywords\":[\"Colinas\",\"Cruzeiro do Sul\",\"Estrela\",\"investimento\",\"Lula\",\"Vale do Taquari\",\"Visita a Lajeado\"],\"articleSection\":[\"Destaques\",\"Geral\"],\"inLanguage\":\"pt-BR\",\"potentialAction\":[{\"@type\":\"CommentAction\",\"name\":\"Comment\",\"target\":[\"https:\\\/\\\/folhapopular.info\\\/index.php\\\/2024\\\/03\\\/15\\\/governo-federal-anuncia-r-134-milhoes-para-reconstrucao-do-vale-do-taquari\\\/#respond\"]}]},{\"@type\":\"WebPage\",\"@id\":\"https:\\\/\\\/folhapopular.info\\\/index.php\\\/2024\\\/03\\\/15\\\/governo-federal-anuncia-r-134-milhoes-para-reconstrucao-do-vale-do-taquari\\\/\",\"url\":\"https:\\\/\\\/folhapopular.info\\\/index.php\\\/2024\\\/03\\\/15\\\/governo-federal-anuncia-r-134-milhoes-para-reconstrucao-do-vale-do-taquari\\\/\",\"name\":\"Governo Federal anuncia R$ 134 milh\u00f5es para reconstru\u00e7\u00e3o do Vale do Taquari - Folha Popular\",\"isPartOf\":{\"@id\":\"https:\\\/\\\/folhapopular.info\\\/#website\"},\"primaryImageOfPage\":{\"@id\":\"https:\\\/\\\/folhapopular.info\\\/index.php\\\/2024\\\/03\\\/15\\\/governo-federal-anuncia-r-134-milhoes-para-reconstrucao-do-vale-do-taquari\\\/#primaryimage\"},\"image\":{\"@id\":\"https:\\\/\\\/folhapopular.info\\\/index.php\\\/2024\\\/03\\\/15\\\/governo-federal-anuncia-r-134-milhoes-para-reconstrucao-do-vale-do-taquari\\\/#primaryimage\"},\"thumbnailUrl\":\"https:\\\/\\\/folhapopular.info\\\/wp-content\\\/uploads\\\/2024\\\/03\\\/IMG_6121-scaled.jpg\",\"datePublished\":\"2024-03-15T21:04:10+00:00\",\"dateModified\":\"2024-03-15T22:35:39+00:00\",\"author\":{\"@id\":\"https:\\\/\\\/folhapopular.info\\\/#\\\/schema\\\/person\\\/e80d332e33633a6164933af03d7ee1b2\"},\"breadcrumb\":{\"@id\":\"https:\\\/\\\/folhapopular.info\\\/index.php\\\/2024\\\/03\\\/15\\\/governo-federal-anuncia-r-134-milhoes-para-reconstrucao-do-vale-do-taquari\\\/#breadcrumb\"},\"inLanguage\":\"pt-BR\",\"potentialAction\":[{\"@type\":\"ReadAction\",\"target\":[\"https:\\\/\\\/folhapopular.info\\\/index.php\\\/2024\\\/03\\\/15\\\/governo-federal-anuncia-r-134-milhoes-para-reconstrucao-do-vale-do-taquari\\\/\"]}]},{\"@type\":\"ImageObject\",\"inLanguage\":\"pt-BR\",\"@id\":\"https:\\\/\\\/folhapopular.info\\\/index.php\\\/2024\\\/03\\\/15\\\/governo-federal-anuncia-r-134-milhoes-para-reconstrucao-do-vale-do-taquari\\\/#primaryimage\",\"url\":\"https:\\\/\\\/folhapopular.info\\\/wp-content\\\/uploads\\\/2024\\\/03\\\/IMG_6121-scaled.jpg\",\"contentUrl\":\"https:\\\/\\\/folhapopular.info\\\/wp-content\\\/uploads\\\/2024\\\/03\\\/IMG_6121-scaled.jpg\",\"width\":2560,\"height\":2103,\"caption\":\"Cr\u00e9dito: Ariana de Oliveira\"},{\"@type\":\"BreadcrumbList\",\"@id\":\"https:\\\/\\\/folhapopular.info\\\/index.php\\\/2024\\\/03\\\/15\\\/governo-federal-anuncia-r-134-milhoes-para-reconstrucao-do-vale-do-taquari\\\/#breadcrumb\",\"itemListElement\":[{\"@type\":\"ListItem\",\"position\":1,\"name\":\"In\u00edcio\",\"item\":\"https:\\\/\\\/folhapopular.info\\\/\"},{\"@type\":\"ListItem\",\"position\":2,\"name\":\"Governo Federal anuncia R$ 134 milh\u00f5es para reconstru\u00e7\u00e3o do Vale do Taquari\"}]},{\"@type\":\"WebSite\",\"@id\":\"https:\\\/\\\/folhapopular.info\\\/#website\",\"url\":\"https:\\\/\\\/folhapopular.info\\\/\",\"name\":\"Folha Popular\",\"description\":\"Onde voc\u00ea tem vez e voz\",\"potentialAction\":[{\"@type\":\"SearchAction\",\"target\":{\"@type\":\"EntryPoint\",\"urlTemplate\":\"https:\\\/\\\/folhapopular.info\\\/?s={search_term_string}\"},\"query-input\":{\"@type\":\"PropertyValueSpecification\",\"valueRequired\":true,\"valueName\":\"search_term_string\"}}],\"inLanguage\":\"pt-BR\"},{\"@type\":\"Person\",\"@id\":\"https:\\\/\\\/folhapopular.info\\\/#\\\/schema\\\/person\\\/e80d332e33633a6164933af03d7ee1b2\",\"name\":\"Ariana de Oliveira\",\"image\":{\"@type\":\"ImageObject\",\"inLanguage\":\"pt-BR\",\"@id\":\"https:\\\/\\\/secure.gravatar.com\\\/avatar\\\/f41f85ba276460e0a04f6d5aca07e53f273efeee7e662d9ef431432a18216f59?s=96&d=mm&r=g\",\"url\":\"https:\\\/\\\/secure.gravatar.com\\\/avatar\\\/f41f85ba276460e0a04f6d5aca07e53f273efeee7e662d9ef431432a18216f59?s=96&d=mm&r=g\",\"contentUrl\":\"https:\\\/\\\/secure.gravatar.com\\\/avatar\\\/f41f85ba276460e0a04f6d5aca07e53f273efeee7e662d9ef431432a18216f59?s=96&d=mm&r=g\",\"caption\":\"Ariana de Oliveira\"},\"url\":\"https:\\\/\\\/folhapopular.info\\\/index.php\\\/author\\\/ariana-deoliveiragmail-com\\\/\"}]}<\/script>\n<!-- \/ Yoast SEO plugin. -->","yoast_head_json":{"title":"Governo Federal anuncia R$ 134 milh\u00f5es para reconstru\u00e7\u00e3o do Vale do Taquari - Folha Popular","robots":{"index":"index","follow":"follow","max-snippet":"max-snippet:-1","max-image-preview":"max-image-preview:large","max-video-preview":"max-video-preview:-1"},"canonical":"https:\/\/folhapopular.info\/index.php\/2024\/03\/15\/governo-federal-anuncia-r-134-milhoes-para-reconstrucao-do-vale-do-taquari\/","og_locale":"pt_BR","og_type":"article","og_title":"Governo Federal anuncia R$ 134 milh\u00f5es para reconstru\u00e7\u00e3o do Vale do Taquari - Folha Popular","og_description":"O presidente da Rep\u00fablica, Luiz In\u00e1cio Lula da Silva, cumpriu a agenda em Lajeado nesta sexta-feira (15\/3). A visita do Chefe do Executivo foi aguardada sobretudo pelas lideran\u00e7as pol\u00edticas e empres\u00e1rios locais. Al\u00e9m disso, representantes de diferentes movimentos realizaram manifesta\u00e7\u00f5es pac\u00edficas na fila de entrada do Teatro Univates. Essa \u00e9 a segunda vez que o [&hellip;]","og_url":"https:\/\/folhapopular.info\/index.php\/2024\/03\/15\/governo-federal-anuncia-r-134-milhoes-para-reconstrucao-do-vale-do-taquari\/","og_site_name":"Folha Popular","article_published_time":"2024-03-15T21:04:10+00:00","article_modified_time":"2024-03-15T22:35:39+00:00","og_image":[{"width":2560,"height":2103,"url":"http:\/\/folhapopular.info\/wp-content\/uploads\/2024\/03\/IMG_6121-scaled.jpg","type":"image\/jpeg"}],"author":"Ariana de Oliveira","twitter_card":"summary_large_image","twitter_misc":{"Escrito por":"Ariana de Oliveira","Est. tempo de leitura":"7 minutos"},"schema":{"@context":"https:\/\/schema.org","@graph":[{"@type":"Article","@id":"https:\/\/folhapopular.info\/index.php\/2024\/03\/15\/governo-federal-anuncia-r-134-milhoes-para-reconstrucao-do-vale-do-taquari\/#article","isPartOf":{"@id":"https:\/\/folhapopular.info\/index.php\/2024\/03\/15\/governo-federal-anuncia-r-134-milhoes-para-reconstrucao-do-vale-do-taquari\/"},"author":{"name":"Ariana de Oliveira","@id":"https:\/\/folhapopular.info\/#\/schema\/person\/e80d332e33633a6164933af03d7ee1b2"},"headline":"Governo Federal anuncia R$ 134 milh\u00f5es para reconstru\u00e7\u00e3o do Vale do Taquari","datePublished":"2024-03-15T21:04:10+00:00","dateModified":"2024-03-15T22:35:39+00:00","mainEntityOfPage":{"@id":"https:\/\/folhapopular.info\/index.php\/2024\/03\/15\/governo-federal-anuncia-r-134-milhoes-para-reconstrucao-do-vale-do-taquari\/"},"wordCount":1241,"commentCount":0,"image":{"@id":"https:\/\/folhapopular.info\/index.php\/2024\/03\/15\/governo-federal-anuncia-r-134-milhoes-para-reconstrucao-do-vale-do-taquari\/#primaryimage"},"thumbnailUrl":"https:\/\/folhapopular.info\/wp-content\/uploads\/2024\/03\/IMG_6121-scaled.jpg","keywords":["Colinas","Cruzeiro do Sul","Estrela","investimento","Lula","Vale do Taquari","Visita a Lajeado"],"articleSection":["Destaques","Geral"],"inLanguage":"pt-BR","potentialAction":[{"@type":"CommentAction","name":"Comment","target":["https:\/\/folhapopular.info\/index.php\/2024\/03\/15\/governo-federal-anuncia-r-134-milhoes-para-reconstrucao-do-vale-do-taquari\/#respond"]}]},{"@type":"WebPage","@id":"https:\/\/folhapopular.info\/index.php\/2024\/03\/15\/governo-federal-anuncia-r-134-milhoes-para-reconstrucao-do-vale-do-taquari\/","url":"https:\/\/folhapopular.info\/index.php\/2024\/03\/15\/governo-federal-anuncia-r-134-milhoes-para-reconstrucao-do-vale-do-taquari\/","name":"Governo Federal anuncia R$ 134 milh\u00f5es para reconstru\u00e7\u00e3o do Vale do Taquari - Folha Popular","isPartOf":{"@id":"https:\/\/folhapopular.info\/#website"},"primaryImageOfPage":{"@id":"https:\/\/folhapopular.info\/index.php\/2024\/03\/15\/governo-federal-anuncia-r-134-milhoes-para-reconstrucao-do-vale-do-taquari\/#primaryimage"},"image":{"@id":"https:\/\/folhapopular.info\/index.php\/2024\/03\/15\/governo-federal-anuncia-r-134-milhoes-para-reconstrucao-do-vale-do-taquari\/#primaryimage"},"thumbnailUrl":"https:\/\/folhapopular.info\/wp-content\/uploads\/2024\/03\/IMG_6121-scaled.jpg","datePublished":"2024-03-15T21:04:10+00:00","dateModified":"2024-03-15T22:35:39+00:00","author":{"@id":"https:\/\/folhapopular.info\/#\/schema\/person\/e80d332e33633a6164933af03d7ee1b2"},"breadcrumb":{"@id":"https:\/\/folhapopular.info\/index.php\/2024\/03\/15\/governo-federal-anuncia-r-134-milhoes-para-reconstrucao-do-vale-do-taquari\/#breadcrumb"},"inLanguage":"pt-BR","potentialAction":[{"@type":"ReadAction","target":["https:\/\/folhapopular.info\/index.php\/2024\/03\/15\/governo-federal-anuncia-r-134-milhoes-para-reconstrucao-do-vale-do-taquari\/"]}]},{"@type":"ImageObject","inLanguage":"pt-BR","@id":"https:\/\/folhapopular.info\/index.php\/2024\/03\/15\/governo-federal-anuncia-r-134-milhoes-para-reconstrucao-do-vale-do-taquari\/#primaryimage","url":"https:\/\/folhapopular.info\/wp-content\/uploads\/2024\/03\/IMG_6121-scaled.jpg","contentUrl":"https:\/\/folhapopular.info\/wp-content\/uploads\/2024\/03\/IMG_6121-scaled.jpg","width":2560,"height":2103,"caption":"Cr\u00e9dito: Ariana de Oliveira"},{"@type":"BreadcrumbList","@id":"https:\/\/folhapopular.info\/index.php\/2024\/03\/15\/governo-federal-anuncia-r-134-milhoes-para-reconstrucao-do-vale-do-taquari\/#breadcrumb","itemListElement":[{"@type":"ListItem","position":1,"name":"In\u00edcio","item":"https:\/\/folhapopular.info\/"},{"@type":"ListItem","position":2,"name":"Governo Federal anuncia R$ 134 milh\u00f5es para reconstru\u00e7\u00e3o do Vale do Taquari"}]},{"@type":"WebSite","@id":"https:\/\/folhapopular.info\/#website","url":"https:\/\/folhapopular.info\/","name":"Folha Popular","description":"Onde voc\u00ea tem vez e voz","potentialAction":[{"@type":"SearchAction","target":{"@type":"EntryPoint","urlTemplate":"https:\/\/folhapopular.info\/?s={search_term_string}"},"query-input":{"@type":"PropertyValueSpecification","valueRequired":true,"valueName":"search_term_string"}}],"inLanguage":"pt-BR"},{"@type":"Person","@id":"https:\/\/folhapopular.info\/#\/schema\/person\/e80d332e33633a6164933af03d7ee1b2","name":"Ariana de Oliveira","image":{"@type":"ImageObject","inLanguage":"pt-BR","@id":"https:\/\/secure.gravatar.com\/avatar\/f41f85ba276460e0a04f6d5aca07e53f273efeee7e662d9ef431432a18216f59?s=96&d=mm&r=g","url":"https:\/\/secure.gravatar.com\/avatar\/f41f85ba276460e0a04f6d5aca07e53f273efeee7e662d9ef431432a18216f59?s=96&d=mm&r=g","contentUrl":"https:\/\/secure.gravatar.com\/avatar\/f41f85ba276460e0a04f6d5aca07e53f273efeee7e662d9ef431432a18216f59?s=96&d=mm&r=g","caption":"Ariana de Oliveira"},"url":"https:\/\/folhapopular.info\/index.php\/author\/ariana-deoliveiragmail-com\/"}]}},"jetpack_featured_media_url":"https:\/\/folhapopular.info\/wp-content\/uploads\/2024\/03\/IMG_6121-scaled.jpg","jetpack_sharing_enabled":true,"amp_enabled":true,"_links":{"self":[{"href":"https:\/\/folhapopular.info\/index.php\/wp-json\/wp\/v2\/posts\/152982","targetHints":{"allow":["GET"]}}],"collection":[{"href":"https:\/\/folhapopular.info\/index.php\/wp-json\/wp\/v2\/posts"}],"about":[{"href":"https:\/\/folhapopular.info\/index.php\/wp-json\/wp\/v2\/types\/post"}],"author":[{"embeddable":true,"href":"https:\/\/folhapopular.info\/index.php\/wp-json\/wp\/v2\/users\/707"}],"replies":[{"embeddable":true,"href":"https:\/\/folhapopular.info\/index.php\/wp-json\/wp\/v2\/comments?post=152982"}],"version-history":[{"count":0,"href":"https:\/\/folhapopular.info\/index.php\/wp-json\/wp\/v2\/posts\/152982\/revisions"}],"wp:featuredmedia":[{"embeddable":true,"href":"https:\/\/folhapopular.info\/index.php\/wp-json\/wp\/v2\/media\/153073"}],"wp:attachment":[{"href":"https:\/\/folhapopular.info\/index.php\/wp-json\/wp\/v2\/media?parent=152982"}],"wp:term":[{"taxonomy":"category","embeddable":true,"href":"https:\/\/folhapopular.info\/index.php\/wp-json\/wp\/v2\/categories?post=152982"},{"taxonomy":"post_tag","embeddable":true,"href":"https:\/\/folhapopular.info\/index.php\/wp-json\/wp\/v2\/tags?post=152982"}],"curies":[{"name":"wp","href":"https:\/\/api.w.org\/{rel}","templated":true}]}}