{"id":152993,"date":"2024-03-14T15:37:32","date_gmt":"2024-03-14T18:37:32","guid":{"rendered":"https:\/\/folhapopular.info\/?p=152993"},"modified":"2024-03-14T20:24:35","modified_gmt":"2024-03-14T23:24:35","slug":"westfalia-promove-a-14a-westfalischer-tanzabend","status":"publish","type":"post","link":"https:\/\/folhapopular.info\/index.php\/2024\/03\/14\/westfalia-promove-a-14a-westfalischer-tanzabend\/","title":{"rendered":"Westf\u00e1lia promove a 14\u00aa Westf\u00e4lischer Tanzabend"},"content":{"rendered":"\n<p>O munic\u00edpio de Westf\u00e1lia, em comemora\u00e7\u00e3o aos 28 anos de emancipa\u00e7\u00e3o pol\u00edtica da cidade, promove no dia 23 de mar\u00e7o ocorre o XIV Westf\u00e4lischer Tanzabend, uma noite de cultura, integra\u00e7\u00e3o, festa e divers\u00e3o. A programa\u00e7\u00e3o iniciar\u00e1 \u00e0s 19h30min no Flamengo Futebol Clube.<\/p>\n\n\n\n<p>O evento contar\u00e1 com janta, apresenta\u00e7\u00e3o dos grupos convidados e do Grupo de Dan\u00e7as Folcl\u00f3ricas Alem\u00e3s Westf\u00e4lische Tanzgruppe e baile animado pela Orquestra La Montanara. Ainda haver\u00e1 um momento especial em alus\u00e3o aos 200 anos da Imigra\u00e7\u00e3o Alem\u00e3. <\/p>\n\n\n\n<p>Os cart\u00f5es para a programa\u00e7\u00e3o est\u00e3o dispon\u00edveis com integrantes da Categoria Adulto do Westf\u00e4lische Tanzgruppe, ao valor de R$ 60 por pessoa. N\u00e3o deixe de prestigiar esta noite especial!<\/p>\n\n\n\n<p>Realiza\u00e7\u00e3o: Westf\u00e4lische Tanzgruppe<br>Parceria: Munic\u00edpio de Westf\u00e1lia<br>Patroc\u00ednio: Sicredi e Landmeier &#8211; Materiais de Constru\u00e7\u00e3o<\/p>\n","protected":false},"excerpt":{"rendered":"<p>O munic\u00edpio de Westf\u00e1lia, em comemora\u00e7\u00e3o aos 28 anos de emancipa\u00e7\u00e3o pol\u00edtica da cidade, promove no dia 23 de mar\u00e7o ocorre o XIV Westf\u00e4lischer Tanzabend, uma noite de cultura, integra\u00e7\u00e3o, festa e divers\u00e3o. A programa\u00e7\u00e3o iniciar\u00e1 \u00e0s 19h30min no Flamengo Futebol Clube. O evento contar\u00e1 com janta, apresenta\u00e7\u00e3o dos grupos convidados e do Grupo de [&hellip;]<\/p>\n","protected":false},"author":8,"featured_media":152994,"comment_status":"open","ping_status":"open","sticky":false,"template":"","format":"standard","meta":{"pmpro_default_level":"","_jetpack_memberships_contains_paid_content":false,"footnotes":""},"categories":[10996,2,6],"tags":[14230,14518,25],"class_list":{"0":"post-152993","1":"post","2":"type-post","3":"status-publish","4":"format-standard","5":"has-post-thumbnail","7":"category-cultura","8":"category-featured","9":"category-inclusive","10":"tag-bicentenario-da-cultura-alema","11":"tag-dancas-tradicionais","12":"tag-westfalia","13":"pmpro-has-access"},"yoast_head":"<!-- This site is optimized with the Yoast SEO plugin v27.5 - https:\/\/yoast.com\/product\/yoast-seo-wordpress\/ -->\n<title>Westf\u00e1lia promove a 14\u00aa Westf\u00e4lischer Tanzabend - Folha Popular<\/title>\n<meta name=\"robots\" content=\"index, follow, max-snippet:-1, max-image-preview:large, max-video-preview:-1\" \/>\n<link rel=\"canonical\" href=\"https:\/\/folhapopular.info\/index.php\/2024\/03\/14\/westfalia-promove-a-14a-westfalischer-tanzabend\/\" \/>\n<meta property=\"og:locale\" content=\"pt_BR\" \/>\n<meta property=\"og:type\" content=\"article\" \/>\n<meta property=\"og:title\" content=\"Westf\u00e1lia promove a 14\u00aa Westf\u00e4lischer Tanzabend - Folha Popular\" \/>\n<meta property=\"og:description\" content=\"O munic\u00edpio de Westf\u00e1lia, em comemora\u00e7\u00e3o aos 28 anos de emancipa\u00e7\u00e3o pol\u00edtica da cidade, promove no dia 23 de mar\u00e7o ocorre o XIV Westf\u00e4lischer Tanzabend, uma noite de cultura, integra\u00e7\u00e3o, festa e divers\u00e3o. A programa\u00e7\u00e3o iniciar\u00e1 \u00e0s 19h30min no Flamengo Futebol Clube. O evento contar\u00e1 com janta, apresenta\u00e7\u00e3o dos grupos convidados e do Grupo de [&hellip;]\" \/>\n<meta property=\"og:url\" content=\"https:\/\/folhapopular.info\/index.php\/2024\/03\/14\/westfalia-promove-a-14a-westfalischer-tanzabend\/\" \/>\n<meta property=\"og:site_name\" content=\"Folha Popular\" \/>\n<meta property=\"article:published_time\" content=\"2024-03-14T18:37:32+00:00\" \/>\n<meta property=\"article:modified_time\" content=\"2024-03-14T23:24:35+00:00\" \/>\n<meta property=\"og:image\" content=\"http:\/\/folhapopular.info\/wp-content\/uploads\/2024\/03\/westfalischer-Tanzabend.jpg\" \/>\n\t<meta property=\"og:image:width\" content=\"1024\" \/>\n\t<meta property=\"og:image:height\" content=\"683\" \/>\n\t<meta property=\"og:image:type\" content=\"image\/jpeg\" \/>\n<meta name=\"author\" content=\"Reda\u00e7\u00e3o Folha Popular\" \/>\n<meta name=\"twitter:card\" content=\"summary_large_image\" \/>\n<meta name=\"twitter:label1\" content=\"Escrito por\" \/>\n\t<meta name=\"twitter:data1\" content=\"Reda\u00e7\u00e3o Folha Popular\" \/>\n\t<meta name=\"twitter:label2\" content=\"Est. tempo de leitura\" \/>\n\t<meta name=\"twitter:data2\" content=\"1 minuto\" \/>\n<script type=\"application\/ld+json\" class=\"yoast-schema-graph\">{\"@context\":\"https:\\\/\\\/schema.org\",\"@graph\":[{\"@type\":\"Article\",\"@id\":\"https:\\\/\\\/folhapopular.info\\\/index.php\\\/2024\\\/03\\\/14\\\/westfalia-promove-a-14a-westfalischer-tanzabend\\\/#article\",\"isPartOf\":{\"@id\":\"https:\\\/\\\/folhapopular.info\\\/index.php\\\/2024\\\/03\\\/14\\\/westfalia-promove-a-14a-westfalischer-tanzabend\\\/\"},\"author\":{\"name\":\"Reda\u00e7\u00e3o Folha Popular\",\"@id\":\"https:\\\/\\\/folhapopular.info\\\/#\\\/schema\\\/person\\\/2814e8a0df7643585a9ca38bc6eb9d4b\"},\"headline\":\"Westf\u00e1lia promove a 14\u00aa Westf\u00e4lischer Tanzabend\",\"datePublished\":\"2024-03-14T18:37:32+00:00\",\"dateModified\":\"2024-03-14T23:24:35+00:00\",\"mainEntityOfPage\":{\"@id\":\"https:\\\/\\\/folhapopular.info\\\/index.php\\\/2024\\\/03\\\/14\\\/westfalia-promove-a-14a-westfalischer-tanzabend\\\/\"},\"wordCount\":155,\"commentCount\":0,\"image\":{\"@id\":\"https:\\\/\\\/folhapopular.info\\\/index.php\\\/2024\\\/03\\\/14\\\/westfalia-promove-a-14a-westfalischer-tanzabend\\\/#primaryimage\"},\"thumbnailUrl\":\"https:\\\/\\\/folhapopular.info\\\/wp-content\\\/uploads\\\/2024\\\/03\\\/westfalischer-Tanzabend.jpg\",\"keywords\":[\"Bicenten\u00e1rio da Cultura Alem\u00e3\",\"Dan\u00e7as tradicionais\",\"Westf\u00e1lia\"],\"articleSection\":[\"Cultura\",\"Destaques\",\"Inclusive\"],\"inLanguage\":\"pt-BR\",\"potentialAction\":[{\"@type\":\"CommentAction\",\"name\":\"Comment\",\"target\":[\"https:\\\/\\\/folhapopular.info\\\/index.php\\\/2024\\\/03\\\/14\\\/westfalia-promove-a-14a-westfalischer-tanzabend\\\/#respond\"]}]},{\"@type\":\"WebPage\",\"@id\":\"https:\\\/\\\/folhapopular.info\\\/index.php\\\/2024\\\/03\\\/14\\\/westfalia-promove-a-14a-westfalischer-tanzabend\\\/\",\"url\":\"https:\\\/\\\/folhapopular.info\\\/index.php\\\/2024\\\/03\\\/14\\\/westfalia-promove-a-14a-westfalischer-tanzabend\\\/\",\"name\":\"Westf\u00e1lia promove a 14\u00aa Westf\u00e4lischer Tanzabend - Folha Popular\",\"isPartOf\":{\"@id\":\"https:\\\/\\\/folhapopular.info\\\/#website\"},\"primaryImageOfPage\":{\"@id\":\"https:\\\/\\\/folhapopular.info\\\/index.php\\\/2024\\\/03\\\/14\\\/westfalia-promove-a-14a-westfalischer-tanzabend\\\/#primaryimage\"},\"image\":{\"@id\":\"https:\\\/\\\/folhapopular.info\\\/index.php\\\/2024\\\/03\\\/14\\\/westfalia-promove-a-14a-westfalischer-tanzabend\\\/#primaryimage\"},\"thumbnailUrl\":\"https:\\\/\\\/folhapopular.info\\\/wp-content\\\/uploads\\\/2024\\\/03\\\/westfalischer-Tanzabend.jpg\",\"datePublished\":\"2024-03-14T18:37:32+00:00\",\"dateModified\":\"2024-03-14T23:24:35+00:00\",\"author\":{\"@id\":\"https:\\\/\\\/folhapopular.info\\\/#\\\/schema\\\/person\\\/2814e8a0df7643585a9ca38bc6eb9d4b\"},\"breadcrumb\":{\"@id\":\"https:\\\/\\\/folhapopular.info\\\/index.php\\\/2024\\\/03\\\/14\\\/westfalia-promove-a-14a-westfalischer-tanzabend\\\/#breadcrumb\"},\"inLanguage\":\"pt-BR\",\"potentialAction\":[{\"@type\":\"ReadAction\",\"target\":[\"https:\\\/\\\/folhapopular.info\\\/index.php\\\/2024\\\/03\\\/14\\\/westfalia-promove-a-14a-westfalischer-tanzabend\\\/\"]}]},{\"@type\":\"ImageObject\",\"inLanguage\":\"pt-BR\",\"@id\":\"https:\\\/\\\/folhapopular.info\\\/index.php\\\/2024\\\/03\\\/14\\\/westfalia-promove-a-14a-westfalischer-tanzabend\\\/#primaryimage\",\"url\":\"https:\\\/\\\/folhapopular.info\\\/wp-content\\\/uploads\\\/2024\\\/03\\\/westfalischer-Tanzabend.jpg\",\"contentUrl\":\"https:\\\/\\\/folhapopular.info\\\/wp-content\\\/uploads\\\/2024\\\/03\\\/westfalischer-Tanzabend.jpg\",\"width\":1024,\"height\":683,\"caption\":\"Cr\u00e9dito: Arquivo GP\"},{\"@type\":\"BreadcrumbList\",\"@id\":\"https:\\\/\\\/folhapopular.info\\\/index.php\\\/2024\\\/03\\\/14\\\/westfalia-promove-a-14a-westfalischer-tanzabend\\\/#breadcrumb\",\"itemListElement\":[{\"@type\":\"ListItem\",\"position\":1,\"name\":\"In\u00edcio\",\"item\":\"https:\\\/\\\/folhapopular.info\\\/\"},{\"@type\":\"ListItem\",\"position\":2,\"name\":\"Westf\u00e1lia promove a 14\u00aa Westf\u00e4lischer Tanzabend\"}]},{\"@type\":\"WebSite\",\"@id\":\"https:\\\/\\\/folhapopular.info\\\/#website\",\"url\":\"https:\\\/\\\/folhapopular.info\\\/\",\"name\":\"Folha Popular\",\"description\":\"Onde voc\u00ea tem vez e voz\",\"potentialAction\":[{\"@type\":\"SearchAction\",\"target\":{\"@type\":\"EntryPoint\",\"urlTemplate\":\"https:\\\/\\\/folhapopular.info\\\/?s={search_term_string}\"},\"query-input\":{\"@type\":\"PropertyValueSpecification\",\"valueRequired\":true,\"valueName\":\"search_term_string\"}}],\"inLanguage\":\"pt-BR\"},{\"@type\":\"Person\",\"@id\":\"https:\\\/\\\/folhapopular.info\\\/#\\\/schema\\\/person\\\/2814e8a0df7643585a9ca38bc6eb9d4b\",\"name\":\"Reda\u00e7\u00e3o Folha Popular\",\"image\":{\"@type\":\"ImageObject\",\"inLanguage\":\"pt-BR\",\"@id\":\"https:\\\/\\\/folhapopular.info\\\/wp-content\\\/uploads\\\/2026\\\/04\\\/Folha-1.webp\",\"url\":\"https:\\\/\\\/folhapopular.info\\\/wp-content\\\/uploads\\\/2026\\\/04\\\/Folha-1.webp\",\"contentUrl\":\"https:\\\/\\\/folhapopular.info\\\/wp-content\\\/uploads\\\/2026\\\/04\\\/Folha-1.webp\",\"caption\":\"Reda\u00e7\u00e3o Folha Popular\"},\"url\":\"https:\\\/\\\/folhapopular.info\\\/index.php\\\/author\\\/redacao\\\/\"}]}<\/script>\n<!-- \/ Yoast SEO plugin. -->","yoast_head_json":{"title":"Westf\u00e1lia promove a 14\u00aa Westf\u00e4lischer Tanzabend - Folha Popular","robots":{"index":"index","follow":"follow","max-snippet":"max-snippet:-1","max-image-preview":"max-image-preview:large","max-video-preview":"max-video-preview:-1"},"canonical":"https:\/\/folhapopular.info\/index.php\/2024\/03\/14\/westfalia-promove-a-14a-westfalischer-tanzabend\/","og_locale":"pt_BR","og_type":"article","og_title":"Westf\u00e1lia promove a 14\u00aa Westf\u00e4lischer Tanzabend - Folha Popular","og_description":"O munic\u00edpio de Westf\u00e1lia, em comemora\u00e7\u00e3o aos 28 anos de emancipa\u00e7\u00e3o pol\u00edtica da cidade, promove no dia 23 de mar\u00e7o ocorre o XIV Westf\u00e4lischer Tanzabend, uma noite de cultura, integra\u00e7\u00e3o, festa e divers\u00e3o. A programa\u00e7\u00e3o iniciar\u00e1 \u00e0s 19h30min no Flamengo Futebol Clube. O evento contar\u00e1 com janta, apresenta\u00e7\u00e3o dos grupos convidados e do Grupo de [&hellip;]","og_url":"https:\/\/folhapopular.info\/index.php\/2024\/03\/14\/westfalia-promove-a-14a-westfalischer-tanzabend\/","og_site_name":"Folha Popular","article_published_time":"2024-03-14T18:37:32+00:00","article_modified_time":"2024-03-14T23:24:35+00:00","og_image":[{"width":1024,"height":683,"url":"http:\/\/folhapopular.info\/wp-content\/uploads\/2024\/03\/westfalischer-Tanzabend.jpg","type":"image\/jpeg"}],"author":"Reda\u00e7\u00e3o Folha Popular","twitter_card":"summary_large_image","twitter_misc":{"Escrito por":"Reda\u00e7\u00e3o Folha Popular","Est. tempo de leitura":"1 minuto"},"schema":{"@context":"https:\/\/schema.org","@graph":[{"@type":"Article","@id":"https:\/\/folhapopular.info\/index.php\/2024\/03\/14\/westfalia-promove-a-14a-westfalischer-tanzabend\/#article","isPartOf":{"@id":"https:\/\/folhapopular.info\/index.php\/2024\/03\/14\/westfalia-promove-a-14a-westfalischer-tanzabend\/"},"author":{"name":"Reda\u00e7\u00e3o Folha Popular","@id":"https:\/\/folhapopular.info\/#\/schema\/person\/2814e8a0df7643585a9ca38bc6eb9d4b"},"headline":"Westf\u00e1lia promove a 14\u00aa Westf\u00e4lischer Tanzabend","datePublished":"2024-03-14T18:37:32+00:00","dateModified":"2024-03-14T23:24:35+00:00","mainEntityOfPage":{"@id":"https:\/\/folhapopular.info\/index.php\/2024\/03\/14\/westfalia-promove-a-14a-westfalischer-tanzabend\/"},"wordCount":155,"commentCount":0,"image":{"@id":"https:\/\/folhapopular.info\/index.php\/2024\/03\/14\/westfalia-promove-a-14a-westfalischer-tanzabend\/#primaryimage"},"thumbnailUrl":"https:\/\/folhapopular.info\/wp-content\/uploads\/2024\/03\/westfalischer-Tanzabend.jpg","keywords":["Bicenten\u00e1rio da Cultura Alem\u00e3","Dan\u00e7as tradicionais","Westf\u00e1lia"],"articleSection":["Cultura","Destaques","Inclusive"],"inLanguage":"pt-BR","potentialAction":[{"@type":"CommentAction","name":"Comment","target":["https:\/\/folhapopular.info\/index.php\/2024\/03\/14\/westfalia-promove-a-14a-westfalischer-tanzabend\/#respond"]}]},{"@type":"WebPage","@id":"https:\/\/folhapopular.info\/index.php\/2024\/03\/14\/westfalia-promove-a-14a-westfalischer-tanzabend\/","url":"https:\/\/folhapopular.info\/index.php\/2024\/03\/14\/westfalia-promove-a-14a-westfalischer-tanzabend\/","name":"Westf\u00e1lia promove a 14\u00aa Westf\u00e4lischer Tanzabend - Folha Popular","isPartOf":{"@id":"https:\/\/folhapopular.info\/#website"},"primaryImageOfPage":{"@id":"https:\/\/folhapopular.info\/index.php\/2024\/03\/14\/westfalia-promove-a-14a-westfalischer-tanzabend\/#primaryimage"},"image":{"@id":"https:\/\/folhapopular.info\/index.php\/2024\/03\/14\/westfalia-promove-a-14a-westfalischer-tanzabend\/#primaryimage"},"thumbnailUrl":"https:\/\/folhapopular.info\/wp-content\/uploads\/2024\/03\/westfalischer-Tanzabend.jpg","datePublished":"2024-03-14T18:37:32+00:00","dateModified":"2024-03-14T23:24:35+00:00","author":{"@id":"https:\/\/folhapopular.info\/#\/schema\/person\/2814e8a0df7643585a9ca38bc6eb9d4b"},"breadcrumb":{"@id":"https:\/\/folhapopular.info\/index.php\/2024\/03\/14\/westfalia-promove-a-14a-westfalischer-tanzabend\/#breadcrumb"},"inLanguage":"pt-BR","potentialAction":[{"@type":"ReadAction","target":["https:\/\/folhapopular.info\/index.php\/2024\/03\/14\/westfalia-promove-a-14a-westfalischer-tanzabend\/"]}]},{"@type":"ImageObject","inLanguage":"pt-BR","@id":"https:\/\/folhapopular.info\/index.php\/2024\/03\/14\/westfalia-promove-a-14a-westfalischer-tanzabend\/#primaryimage","url":"https:\/\/folhapopular.info\/wp-content\/uploads\/2024\/03\/westfalischer-Tanzabend.jpg","contentUrl":"https:\/\/folhapopular.info\/wp-content\/uploads\/2024\/03\/westfalischer-Tanzabend.jpg","width":1024,"height":683,"caption":"Cr\u00e9dito: Arquivo GP"},{"@type":"BreadcrumbList","@id":"https:\/\/folhapopular.info\/index.php\/2024\/03\/14\/westfalia-promove-a-14a-westfalischer-tanzabend\/#breadcrumb","itemListElement":[{"@type":"ListItem","position":1,"name":"In\u00edcio","item":"https:\/\/folhapopular.info\/"},{"@type":"ListItem","position":2,"name":"Westf\u00e1lia promove a 14\u00aa Westf\u00e4lischer Tanzabend"}]},{"@type":"WebSite","@id":"https:\/\/folhapopular.info\/#website","url":"https:\/\/folhapopular.info\/","name":"Folha Popular","description":"Onde voc\u00ea tem vez e voz","potentialAction":[{"@type":"SearchAction","target":{"@type":"EntryPoint","urlTemplate":"https:\/\/folhapopular.info\/?s={search_term_string}"},"query-input":{"@type":"PropertyValueSpecification","valueRequired":true,"valueName":"search_term_string"}}],"inLanguage":"pt-BR"},{"@type":"Person","@id":"https:\/\/folhapopular.info\/#\/schema\/person\/2814e8a0df7643585a9ca38bc6eb9d4b","name":"Reda\u00e7\u00e3o Folha Popular","image":{"@type":"ImageObject","inLanguage":"pt-BR","@id":"https:\/\/folhapopular.info\/wp-content\/uploads\/2026\/04\/Folha-1.webp","url":"https:\/\/folhapopular.info\/wp-content\/uploads\/2026\/04\/Folha-1.webp","contentUrl":"https:\/\/folhapopular.info\/wp-content\/uploads\/2026\/04\/Folha-1.webp","caption":"Reda\u00e7\u00e3o Folha Popular"},"url":"https:\/\/folhapopular.info\/index.php\/author\/redacao\/"}]}},"jetpack_featured_media_url":"https:\/\/folhapopular.info\/wp-content\/uploads\/2024\/03\/westfalischer-Tanzabend.jpg","jetpack_sharing_enabled":true,"amp_enabled":true,"_links":{"self":[{"href":"https:\/\/folhapopular.info\/index.php\/wp-json\/wp\/v2\/posts\/152993","targetHints":{"allow":["GET"]}}],"collection":[{"href":"https:\/\/folhapopular.info\/index.php\/wp-json\/wp\/v2\/posts"}],"about":[{"href":"https:\/\/folhapopular.info\/index.php\/wp-json\/wp\/v2\/types\/post"}],"author":[{"embeddable":true,"href":"https:\/\/folhapopular.info\/index.php\/wp-json\/wp\/v2\/users\/8"}],"replies":[{"embeddable":true,"href":"https:\/\/folhapopular.info\/index.php\/wp-json\/wp\/v2\/comments?post=152993"}],"version-history":[{"count":0,"href":"https:\/\/folhapopular.info\/index.php\/wp-json\/wp\/v2\/posts\/152993\/revisions"}],"wp:featuredmedia":[{"embeddable":true,"href":"https:\/\/folhapopular.info\/index.php\/wp-json\/wp\/v2\/media\/152994"}],"wp:attachment":[{"href":"https:\/\/folhapopular.info\/index.php\/wp-json\/wp\/v2\/media?parent=152993"}],"wp:term":[{"taxonomy":"category","embeddable":true,"href":"https:\/\/folhapopular.info\/index.php\/wp-json\/wp\/v2\/categories?post=152993"},{"taxonomy":"post_tag","embeddable":true,"href":"https:\/\/folhapopular.info\/index.php\/wp-json\/wp\/v2\/tags?post=152993"}],"curies":[{"name":"wp","href":"https:\/\/api.w.org\/{rel}","templated":true}]}}