{"id":153298,"date":"2024-03-19T11:45:00","date_gmt":"2024-03-19T14:45:00","guid":{"rendered":"https:\/\/folhapopular.info\/?p=153298"},"modified":"2024-03-19T11:15:35","modified_gmt":"2024-03-19T14:15:35","slug":"sincovat-e-sescon-vt-elaboram-documento-com-demandas-para-lula","status":"publish","type":"post","link":"https:\/\/folhapopular.info\/index.php\/2024\/03\/19\/sincovat-e-sescon-vt-elaboram-documento-com-demandas-para-lula\/","title":{"rendered":"Sincovat e Sescon VT elaboram documento com demandas para Lula"},"content":{"rendered":"\n<p>A presen\u00e7a do Presidente da Rep\u00fablica Luiz In\u00e1cio Lula da Silva sexta-feira (15\/3) em Lajeado tamb\u00e9m foi aproveitada para refor\u00e7ar reivindica\u00e7\u00f5es e demandas da classe cont\u00e1bil. Ap\u00f3s acompanhar a cerim\u00f4nia no Teatro da Univates, o associado e contador Adroaldo Luis Dacroce fez a entrega do documento, o qual apresenta os pedidos elaborados em conjunto pelo Sindicato dos Contadores e T\u00e9cnicos em Contabilidade do Vale do Taquari (Sincovat) e Sindicato das Empresas de Servi\u00e7os Cont\u00e1beis da Regi\u00e3o do Vale do Taquari (Sescon VT). O material foi recebido pela assessoria do presidente para posterior protocolo e encaminhamento junto aos respons\u00e1veis nos respectivos minist\u00e9rios.\u00a0<\/p>\n\n\n\n<p>Os pedidos t\u00eam rela\u00e7\u00e3o direta com a \u00e1rea cont\u00e1bil e as micro e pequenas empresas brasileiras. Na sequ\u00eancia, os quatro assuntos relacionados para o governo federal:&nbsp;<\/p>\n\n\n\n<p>&#8211; Aumentar o limite do Simples Nacional, hoje estabelecido em R$ 4.800.000,00 (Quatro milh\u00f5es, e oitocentos mil reais) de faturamento anual, levando em considera\u00e7\u00e3o que este valor n\u00e3o \u00e9 reajustado a um tempo consider\u00e1vel, n\u00e3o estando adequado \u00e0 realidade das micro e pequenas empresas.&nbsp;<\/p>\n\n\n\n<p>&#8211; Possibilidade de parcelamento de d\u00edvidas em aberto junto \u00e0 Receita Federal do Brasil, de empresas optantes pelo Simples Nacional, com a diminui\u00e7\u00e3o ou isen\u00e7\u00e3o de multa e juros. A op\u00e7\u00e3o existente contemplou apenas empresas optantes pelo Lucro Presumido, Lucro Real e Pessoas F\u00edsicas.&nbsp;<\/p>\n\n\n\n<p>&#8211; Possibilidade de flexibiliza\u00e7\u00e3o na quantidade de parcelas no momento da ades\u00e3o. Atualmente, os parcelamentos de valor em aberto do Simples Nacional apenas s\u00e3o poss\u00edveis em 60 vezes, e em muitas situa\u00e7\u00f5es o contribuinte gostaria de optar por menos parcelas.&nbsp;<\/p>\n\n\n\n<p>&#8211; Abertura de linhas de cr\u00e9dito facilitada para empresas optantes pelo Simples Nacional. Os micros e pequenos empres\u00e1rios s\u00e3o parte indispens\u00e1vel da economia do Pa\u00eds, geram emprego e renda de forma significativa e precisam ser vistos com a devida import\u00e2ncia que o grupo econ\u00f4mico merece.<\/p>\n","protected":false},"excerpt":{"rendered":"<p>A presen\u00e7a do Presidente da Rep\u00fablica Luiz In\u00e1cio Lula da Silva sexta-feira (15\/3) em Lajeado tamb\u00e9m foi aproveitada para refor\u00e7ar reivindica\u00e7\u00f5es e demandas da classe cont\u00e1bil. Ap\u00f3s acompanhar a cerim\u00f4nia no Teatro da Univates, o associado e contador Adroaldo Luis Dacroce fez a entrega do documento, o qual apresenta os pedidos elaborados em conjunto pelo [&hellip;]<\/p>\n","protected":false},"author":8,"featured_media":153299,"comment_status":"open","ping_status":"open","sticky":false,"template":"","format":"standard","meta":{"pmpro_default_level":"","_jetpack_memberships_contains_paid_content":false,"footnotes":""},"categories":[2,10991],"tags":[6075,6710,750],"class_list":{"0":"post-153298","1":"post","2":"type-post","3":"status-publish","4":"format-standard","5":"has-post-thumbnail","7":"category-featured","8":"category-economia","9":"tag-demandas","10":"tag-sescon","11":"tag-sincovat","12":"pmpro-has-access"},"yoast_head":"<!-- This site is optimized with the Yoast SEO plugin v27.5 - https:\/\/yoast.com\/product\/yoast-seo-wordpress\/ -->\n<title>Sincovat e Sescon VT elaboram documento com demandas para Lula - Folha Popular<\/title>\n<meta name=\"robots\" content=\"index, follow, max-snippet:-1, max-image-preview:large, max-video-preview:-1\" \/>\n<link rel=\"canonical\" href=\"https:\/\/folhapopular.info\/index.php\/2024\/03\/19\/sincovat-e-sescon-vt-elaboram-documento-com-demandas-para-lula\/\" \/>\n<meta property=\"og:locale\" content=\"pt_BR\" \/>\n<meta property=\"og:type\" content=\"article\" \/>\n<meta property=\"og:title\" content=\"Sincovat e Sescon VT elaboram documento com demandas para Lula - Folha Popular\" \/>\n<meta property=\"og:description\" content=\"A presen\u00e7a do Presidente da Rep\u00fablica Luiz In\u00e1cio Lula da Silva sexta-feira (15\/3) em Lajeado tamb\u00e9m foi aproveitada para refor\u00e7ar reivindica\u00e7\u00f5es e demandas da classe cont\u00e1bil. Ap\u00f3s acompanhar a cerim\u00f4nia no Teatro da Univates, o associado e contador Adroaldo Luis Dacroce fez a entrega do documento, o qual apresenta os pedidos elaborados em conjunto pelo [&hellip;]\" \/>\n<meta property=\"og:url\" content=\"https:\/\/folhapopular.info\/index.php\/2024\/03\/19\/sincovat-e-sescon-vt-elaboram-documento-com-demandas-para-lula\/\" \/>\n<meta property=\"og:site_name\" content=\"Folha Popular\" \/>\n<meta property=\"article:published_time\" content=\"2024-03-19T14:45:00+00:00\" \/>\n<meta property=\"og:image\" content=\"https:\/\/folhapopular.info\/wp-content\/uploads\/2024\/03\/435651_1100093_documento_lula-1024x768.png\" \/>\n\t<meta property=\"og:image:width\" content=\"1024\" \/>\n\t<meta property=\"og:image:height\" content=\"768\" \/>\n\t<meta property=\"og:image:type\" content=\"image\/png\" \/>\n<meta name=\"author\" content=\"Reda\u00e7\u00e3o Folha Popular\" \/>\n<meta name=\"twitter:card\" content=\"summary_large_image\" \/>\n<meta name=\"twitter:label1\" content=\"Escrito por\" \/>\n\t<meta name=\"twitter:data1\" content=\"Reda\u00e7\u00e3o Folha Popular\" \/>\n\t<meta name=\"twitter:label2\" content=\"Est. tempo de leitura\" \/>\n\t<meta name=\"twitter:data2\" content=\"2 minutos\" \/>\n<script type=\"application\/ld+json\" class=\"yoast-schema-graph\">{\"@context\":\"https:\\\/\\\/schema.org\",\"@graph\":[{\"@type\":\"Article\",\"@id\":\"https:\\\/\\\/folhapopular.info\\\/index.php\\\/2024\\\/03\\\/19\\\/sincovat-e-sescon-vt-elaboram-documento-com-demandas-para-lula\\\/#article\",\"isPartOf\":{\"@id\":\"https:\\\/\\\/folhapopular.info\\\/index.php\\\/2024\\\/03\\\/19\\\/sincovat-e-sescon-vt-elaboram-documento-com-demandas-para-lula\\\/\"},\"author\":{\"name\":\"Reda\u00e7\u00e3o Folha Popular\",\"@id\":\"https:\\\/\\\/folhapopular.info\\\/#\\\/schema\\\/person\\\/2814e8a0df7643585a9ca38bc6eb9d4b\"},\"headline\":\"Sincovat e Sescon VT elaboram documento com demandas para Lula\",\"datePublished\":\"2024-03-19T14:45:00+00:00\",\"mainEntityOfPage\":{\"@id\":\"https:\\\/\\\/folhapopular.info\\\/index.php\\\/2024\\\/03\\\/19\\\/sincovat-e-sescon-vt-elaboram-documento-com-demandas-para-lula\\\/\"},\"wordCount\":349,\"commentCount\":0,\"image\":{\"@id\":\"https:\\\/\\\/folhapopular.info\\\/index.php\\\/2024\\\/03\\\/19\\\/sincovat-e-sescon-vt-elaboram-documento-com-demandas-para-lula\\\/#primaryimage\"},\"thumbnailUrl\":\"https:\\\/\\\/folhapopular.info\\\/wp-content\\\/uploads\\\/2024\\\/03\\\/435651_1100093_documento_lula.png\",\"keywords\":[\"Demandas\",\"Sescon\",\"Sincovat\"],\"articleSection\":[\"Destaques\",\"Economia\"],\"inLanguage\":\"pt-BR\",\"potentialAction\":[{\"@type\":\"CommentAction\",\"name\":\"Comment\",\"target\":[\"https:\\\/\\\/folhapopular.info\\\/index.php\\\/2024\\\/03\\\/19\\\/sincovat-e-sescon-vt-elaboram-documento-com-demandas-para-lula\\\/#respond\"]}]},{\"@type\":\"WebPage\",\"@id\":\"https:\\\/\\\/folhapopular.info\\\/index.php\\\/2024\\\/03\\\/19\\\/sincovat-e-sescon-vt-elaboram-documento-com-demandas-para-lula\\\/\",\"url\":\"https:\\\/\\\/folhapopular.info\\\/index.php\\\/2024\\\/03\\\/19\\\/sincovat-e-sescon-vt-elaboram-documento-com-demandas-para-lula\\\/\",\"name\":\"Sincovat e Sescon VT elaboram documento com demandas para Lula - Folha Popular\",\"isPartOf\":{\"@id\":\"https:\\\/\\\/folhapopular.info\\\/#website\"},\"primaryImageOfPage\":{\"@id\":\"https:\\\/\\\/folhapopular.info\\\/index.php\\\/2024\\\/03\\\/19\\\/sincovat-e-sescon-vt-elaboram-documento-com-demandas-para-lula\\\/#primaryimage\"},\"image\":{\"@id\":\"https:\\\/\\\/folhapopular.info\\\/index.php\\\/2024\\\/03\\\/19\\\/sincovat-e-sescon-vt-elaboram-documento-com-demandas-para-lula\\\/#primaryimage\"},\"thumbnailUrl\":\"https:\\\/\\\/folhapopular.info\\\/wp-content\\\/uploads\\\/2024\\\/03\\\/435651_1100093_documento_lula.png\",\"datePublished\":\"2024-03-19T14:45:00+00:00\",\"author\":{\"@id\":\"https:\\\/\\\/folhapopular.info\\\/#\\\/schema\\\/person\\\/2814e8a0df7643585a9ca38bc6eb9d4b\"},\"breadcrumb\":{\"@id\":\"https:\\\/\\\/folhapopular.info\\\/index.php\\\/2024\\\/03\\\/19\\\/sincovat-e-sescon-vt-elaboram-documento-com-demandas-para-lula\\\/#breadcrumb\"},\"inLanguage\":\"pt-BR\",\"potentialAction\":[{\"@type\":\"ReadAction\",\"target\":[\"https:\\\/\\\/folhapopular.info\\\/index.php\\\/2024\\\/03\\\/19\\\/sincovat-e-sescon-vt-elaboram-documento-com-demandas-para-lula\\\/\"]}]},{\"@type\":\"ImageObject\",\"inLanguage\":\"pt-BR\",\"@id\":\"https:\\\/\\\/folhapopular.info\\\/index.php\\\/2024\\\/03\\\/19\\\/sincovat-e-sescon-vt-elaboram-documento-com-demandas-para-lula\\\/#primaryimage\",\"url\":\"https:\\\/\\\/folhapopular.info\\\/wp-content\\\/uploads\\\/2024\\\/03\\\/435651_1100093_documento_lula.png\",\"contentUrl\":\"https:\\\/\\\/folhapopular.info\\\/wp-content\\\/uploads\\\/2024\\\/03\\\/435651_1100093_documento_lula.png\",\"width\":2500,\"height\":1875,\"caption\":\"Cr\u00e9dito: Divulga\u00e7\u00e3o\"},{\"@type\":\"BreadcrumbList\",\"@id\":\"https:\\\/\\\/folhapopular.info\\\/index.php\\\/2024\\\/03\\\/19\\\/sincovat-e-sescon-vt-elaboram-documento-com-demandas-para-lula\\\/#breadcrumb\",\"itemListElement\":[{\"@type\":\"ListItem\",\"position\":1,\"name\":\"In\u00edcio\",\"item\":\"https:\\\/\\\/folhapopular.info\\\/\"},{\"@type\":\"ListItem\",\"position\":2,\"name\":\"Sincovat e Sescon VT elaboram documento com demandas para Lula\"}]},{\"@type\":\"WebSite\",\"@id\":\"https:\\\/\\\/folhapopular.info\\\/#website\",\"url\":\"https:\\\/\\\/folhapopular.info\\\/\",\"name\":\"Folha Popular\",\"description\":\"Onde voc\u00ea tem vez e voz\",\"potentialAction\":[{\"@type\":\"SearchAction\",\"target\":{\"@type\":\"EntryPoint\",\"urlTemplate\":\"https:\\\/\\\/folhapopular.info\\\/?s={search_term_string}\"},\"query-input\":{\"@type\":\"PropertyValueSpecification\",\"valueRequired\":true,\"valueName\":\"search_term_string\"}}],\"inLanguage\":\"pt-BR\"},{\"@type\":\"Person\",\"@id\":\"https:\\\/\\\/folhapopular.info\\\/#\\\/schema\\\/person\\\/2814e8a0df7643585a9ca38bc6eb9d4b\",\"name\":\"Reda\u00e7\u00e3o Folha Popular\",\"image\":{\"@type\":\"ImageObject\",\"inLanguage\":\"pt-BR\",\"@id\":\"https:\\\/\\\/folhapopular.info\\\/wp-content\\\/uploads\\\/2026\\\/04\\\/Folha-1.webp\",\"url\":\"https:\\\/\\\/folhapopular.info\\\/wp-content\\\/uploads\\\/2026\\\/04\\\/Folha-1.webp\",\"contentUrl\":\"https:\\\/\\\/folhapopular.info\\\/wp-content\\\/uploads\\\/2026\\\/04\\\/Folha-1.webp\",\"caption\":\"Reda\u00e7\u00e3o Folha Popular\"},\"url\":\"https:\\\/\\\/folhapopular.info\\\/index.php\\\/author\\\/redacao\\\/\"}]}<\/script>\n<!-- \/ Yoast SEO plugin. -->","yoast_head_json":{"title":"Sincovat e Sescon VT elaboram documento com demandas para Lula - Folha Popular","robots":{"index":"index","follow":"follow","max-snippet":"max-snippet:-1","max-image-preview":"max-image-preview:large","max-video-preview":"max-video-preview:-1"},"canonical":"https:\/\/folhapopular.info\/index.php\/2024\/03\/19\/sincovat-e-sescon-vt-elaboram-documento-com-demandas-para-lula\/","og_locale":"pt_BR","og_type":"article","og_title":"Sincovat e Sescon VT elaboram documento com demandas para Lula - Folha Popular","og_description":"A presen\u00e7a do Presidente da Rep\u00fablica Luiz In\u00e1cio Lula da Silva sexta-feira (15\/3) em Lajeado tamb\u00e9m foi aproveitada para refor\u00e7ar reivindica\u00e7\u00f5es e demandas da classe cont\u00e1bil. Ap\u00f3s acompanhar a cerim\u00f4nia no Teatro da Univates, o associado e contador Adroaldo Luis Dacroce fez a entrega do documento, o qual apresenta os pedidos elaborados em conjunto pelo [&hellip;]","og_url":"https:\/\/folhapopular.info\/index.php\/2024\/03\/19\/sincovat-e-sescon-vt-elaboram-documento-com-demandas-para-lula\/","og_site_name":"Folha Popular","article_published_time":"2024-03-19T14:45:00+00:00","og_image":[{"width":1024,"height":768,"url":"https:\/\/folhapopular.info\/wp-content\/uploads\/2024\/03\/435651_1100093_documento_lula-1024x768.png","type":"image\/png"}],"author":"Reda\u00e7\u00e3o Folha Popular","twitter_card":"summary_large_image","twitter_misc":{"Escrito por":"Reda\u00e7\u00e3o Folha Popular","Est. tempo de leitura":"2 minutos"},"schema":{"@context":"https:\/\/schema.org","@graph":[{"@type":"Article","@id":"https:\/\/folhapopular.info\/index.php\/2024\/03\/19\/sincovat-e-sescon-vt-elaboram-documento-com-demandas-para-lula\/#article","isPartOf":{"@id":"https:\/\/folhapopular.info\/index.php\/2024\/03\/19\/sincovat-e-sescon-vt-elaboram-documento-com-demandas-para-lula\/"},"author":{"name":"Reda\u00e7\u00e3o Folha Popular","@id":"https:\/\/folhapopular.info\/#\/schema\/person\/2814e8a0df7643585a9ca38bc6eb9d4b"},"headline":"Sincovat e Sescon VT elaboram documento com demandas para Lula","datePublished":"2024-03-19T14:45:00+00:00","mainEntityOfPage":{"@id":"https:\/\/folhapopular.info\/index.php\/2024\/03\/19\/sincovat-e-sescon-vt-elaboram-documento-com-demandas-para-lula\/"},"wordCount":349,"commentCount":0,"image":{"@id":"https:\/\/folhapopular.info\/index.php\/2024\/03\/19\/sincovat-e-sescon-vt-elaboram-documento-com-demandas-para-lula\/#primaryimage"},"thumbnailUrl":"https:\/\/folhapopular.info\/wp-content\/uploads\/2024\/03\/435651_1100093_documento_lula.png","keywords":["Demandas","Sescon","Sincovat"],"articleSection":["Destaques","Economia"],"inLanguage":"pt-BR","potentialAction":[{"@type":"CommentAction","name":"Comment","target":["https:\/\/folhapopular.info\/index.php\/2024\/03\/19\/sincovat-e-sescon-vt-elaboram-documento-com-demandas-para-lula\/#respond"]}]},{"@type":"WebPage","@id":"https:\/\/folhapopular.info\/index.php\/2024\/03\/19\/sincovat-e-sescon-vt-elaboram-documento-com-demandas-para-lula\/","url":"https:\/\/folhapopular.info\/index.php\/2024\/03\/19\/sincovat-e-sescon-vt-elaboram-documento-com-demandas-para-lula\/","name":"Sincovat e Sescon VT elaboram documento com demandas para Lula - Folha Popular","isPartOf":{"@id":"https:\/\/folhapopular.info\/#website"},"primaryImageOfPage":{"@id":"https:\/\/folhapopular.info\/index.php\/2024\/03\/19\/sincovat-e-sescon-vt-elaboram-documento-com-demandas-para-lula\/#primaryimage"},"image":{"@id":"https:\/\/folhapopular.info\/index.php\/2024\/03\/19\/sincovat-e-sescon-vt-elaboram-documento-com-demandas-para-lula\/#primaryimage"},"thumbnailUrl":"https:\/\/folhapopular.info\/wp-content\/uploads\/2024\/03\/435651_1100093_documento_lula.png","datePublished":"2024-03-19T14:45:00+00:00","author":{"@id":"https:\/\/folhapopular.info\/#\/schema\/person\/2814e8a0df7643585a9ca38bc6eb9d4b"},"breadcrumb":{"@id":"https:\/\/folhapopular.info\/index.php\/2024\/03\/19\/sincovat-e-sescon-vt-elaboram-documento-com-demandas-para-lula\/#breadcrumb"},"inLanguage":"pt-BR","potentialAction":[{"@type":"ReadAction","target":["https:\/\/folhapopular.info\/index.php\/2024\/03\/19\/sincovat-e-sescon-vt-elaboram-documento-com-demandas-para-lula\/"]}]},{"@type":"ImageObject","inLanguage":"pt-BR","@id":"https:\/\/folhapopular.info\/index.php\/2024\/03\/19\/sincovat-e-sescon-vt-elaboram-documento-com-demandas-para-lula\/#primaryimage","url":"https:\/\/folhapopular.info\/wp-content\/uploads\/2024\/03\/435651_1100093_documento_lula.png","contentUrl":"https:\/\/folhapopular.info\/wp-content\/uploads\/2024\/03\/435651_1100093_documento_lula.png","width":2500,"height":1875,"caption":"Cr\u00e9dito: Divulga\u00e7\u00e3o"},{"@type":"BreadcrumbList","@id":"https:\/\/folhapopular.info\/index.php\/2024\/03\/19\/sincovat-e-sescon-vt-elaboram-documento-com-demandas-para-lula\/#breadcrumb","itemListElement":[{"@type":"ListItem","position":1,"name":"In\u00edcio","item":"https:\/\/folhapopular.info\/"},{"@type":"ListItem","position":2,"name":"Sincovat e Sescon VT elaboram documento com demandas para Lula"}]},{"@type":"WebSite","@id":"https:\/\/folhapopular.info\/#website","url":"https:\/\/folhapopular.info\/","name":"Folha Popular","description":"Onde voc\u00ea tem vez e voz","potentialAction":[{"@type":"SearchAction","target":{"@type":"EntryPoint","urlTemplate":"https:\/\/folhapopular.info\/?s={search_term_string}"},"query-input":{"@type":"PropertyValueSpecification","valueRequired":true,"valueName":"search_term_string"}}],"inLanguage":"pt-BR"},{"@type":"Person","@id":"https:\/\/folhapopular.info\/#\/schema\/person\/2814e8a0df7643585a9ca38bc6eb9d4b","name":"Reda\u00e7\u00e3o Folha Popular","image":{"@type":"ImageObject","inLanguage":"pt-BR","@id":"https:\/\/folhapopular.info\/wp-content\/uploads\/2026\/04\/Folha-1.webp","url":"https:\/\/folhapopular.info\/wp-content\/uploads\/2026\/04\/Folha-1.webp","contentUrl":"https:\/\/folhapopular.info\/wp-content\/uploads\/2026\/04\/Folha-1.webp","caption":"Reda\u00e7\u00e3o Folha Popular"},"url":"https:\/\/folhapopular.info\/index.php\/author\/redacao\/"}]}},"jetpack_featured_media_url":"https:\/\/folhapopular.info\/wp-content\/uploads\/2024\/03\/435651_1100093_documento_lula.png","jetpack_sharing_enabled":true,"amp_enabled":true,"_links":{"self":[{"href":"https:\/\/folhapopular.info\/index.php\/wp-json\/wp\/v2\/posts\/153298","targetHints":{"allow":["GET"]}}],"collection":[{"href":"https:\/\/folhapopular.info\/index.php\/wp-json\/wp\/v2\/posts"}],"about":[{"href":"https:\/\/folhapopular.info\/index.php\/wp-json\/wp\/v2\/types\/post"}],"author":[{"embeddable":true,"href":"https:\/\/folhapopular.info\/index.php\/wp-json\/wp\/v2\/users\/8"}],"replies":[{"embeddable":true,"href":"https:\/\/folhapopular.info\/index.php\/wp-json\/wp\/v2\/comments?post=153298"}],"version-history":[{"count":0,"href":"https:\/\/folhapopular.info\/index.php\/wp-json\/wp\/v2\/posts\/153298\/revisions"}],"wp:featuredmedia":[{"embeddable":true,"href":"https:\/\/folhapopular.info\/index.php\/wp-json\/wp\/v2\/media\/153299"}],"wp:attachment":[{"href":"https:\/\/folhapopular.info\/index.php\/wp-json\/wp\/v2\/media?parent=153298"}],"wp:term":[{"taxonomy":"category","embeddable":true,"href":"https:\/\/folhapopular.info\/index.php\/wp-json\/wp\/v2\/categories?post=153298"},{"taxonomy":"post_tag","embeddable":true,"href":"https:\/\/folhapopular.info\/index.php\/wp-json\/wp\/v2\/tags?post=153298"}],"curies":[{"name":"wp","href":"https:\/\/api.w.org\/{rel}","templated":true}]}}