{"id":153598,"date":"2024-03-21T16:30:00","date_gmt":"2024-03-21T19:30:00","guid":{"rendered":"https:\/\/folhapopular.info\/?p=153598"},"modified":"2024-03-21T15:00:32","modified_gmt":"2024-03-21T18:00:32","slug":"ifsul-promove-curso-de-extensao-para-empreendedores-da-regiao-do-vale-do-taquari","status":"publish","type":"post","link":"https:\/\/folhapopular.info\/index.php\/2024\/03\/21\/ifsul-promove-curso-de-extensao-para-empreendedores-da-regiao-do-vale-do-taquari\/","title":{"rendered":"IFSul promove curso de extens\u00e3o para empreendedores da Regi\u00e3o do Vale do Taquari"},"content":{"rendered":"\n<p>O c\u00e2mpus Lajeado est\u00e1 promovendo um curso de extens\u00e3o denominado:\u00a0&#8220;Desenvolvimento de Novos Neg\u00f3cios\u201d,\u00a0ele \u00e9 direcionado\u00a0a empreendedores da Regi\u00e3o do Vale do Taquari, visando oferecer orienta\u00e7\u00f5es b\u00e1sicas de gest\u00e3o para micro e pequenas empresas, auxiliando-as a se estruturarem e superarem os desafios iniciais de implanta\u00e7\u00e3o. As inscri\u00e7\u00f5es podem ser feitas at\u00e9 27 de mar\u00e7o por meio de um formul\u00e1rio eletr\u00f4nico, com os encontros presenciais ocorrendo nas depend\u00eancias do c\u00e2mpus Lajeado.<\/p>\n\n\n\n<p><a href=\"https:\/\/docs.google.com\/forms\/d\/e\/1FAIpQLSd3IOrbbMAXfoNDRKVYDbweQMieihk3MJ97WAIhn72dqhGMYw\/viewform\" target=\"_blank\" rel=\"noreferrer noopener\">Fa\u00e7a aqui sua inscri\u00e7\u00e3o<\/a><\/p>\n\n\n\n<p>O projeto, liderado pelo professor de administra\u00e7\u00e3o e doutor em desenvolvimento regional, P\u00e9ricles Thiele, destina-se a pessoas que possuam empreendimentos registrados, com pelo menos dois anos de exist\u00eancia, ou que tenham ideias de projetos em est\u00e1gio inicial. O objetivo \u00e9 apoiar o desenvolvimento de novos neg\u00f3cios por meio de orienta\u00e7\u00e3o em aspectos b\u00e1sicos de gest\u00e3o de micro e pequenas empresas.<\/p>\n\n\n\n<p>Ap\u00f3s o preenchimento de um formul\u00e1rio espec\u00edfico, ser\u00e3o selecionados at\u00e9 20 empreendimentos com perfil preferencialmente tecnol\u00f3gico. As vagas restantes ser\u00e3o destinadas a empreendimentos com perfil tradicional.<\/p>\n\n\n\n<p>O projeto ser\u00e1 dividido em duas fases: na primeira, os empreendedores receber\u00e3o orienta\u00e7\u00f5es b\u00e1sicas de gest\u00e3o por meio de encontros presenciais de 2 horas e 30 minutos. Posteriormente, eles apresentar\u00e3o seus pitches para avalia\u00e7\u00e3o dos projetos.<\/p>\n\n\n\n<p>Confira abaixo o cronograma do curso:<\/p>\n\n\n\n<p>Dia 2 de abril, das 19h30 \u00e0s 22h: Gest\u00e3o de micro e pequenas empresas;<\/p>\n\n\n\n<p>Dia 8 de abril, das 19h30 \u00e0s 22h: Fundamentos de marketing e Pesquisa de Mercado;<\/p>\n\n\n\n<p>Dia 9 de abril, das 19h30 \u00e0s 22h: Gest\u00e3o de Custos;<\/p>\n\n\n\n<p>Dia 15 de abril, das 19h30 \u00e0s 22h: Fluxo de Caixa;<\/p>\n\n\n\n<p>Dia 16 de abril, das 19h30 \u00e0s 22h: O que \u00e9 um Business Model Canvas;<\/p>\n\n\n\n<p>Dia 23 de abril, das 19h30 \u00e0s 22h: Prepara\u00e7\u00e3o de um Pitch.<\/p>\n\n\n\n<p>No dia 30 de abril, das 19h \u00e0s 22h, os participantes apresentar\u00e3o seus pitches para uma banca de avaliadores, com a participa\u00e7\u00e3o de convidados externos.<\/p>\n\n\n\n<p>Quaisquer d\u00favidas podem ser esclarecidas atrav\u00e9s do e-mail&nbsp;<a href=\"mailto:lajeado@ifsul.edu.br\" target=\"_blank\" rel=\"noreferrer noopener\">lajeado@ifsul.edu.br<\/a>.<\/p>\n","protected":false},"excerpt":{"rendered":"<p>O c\u00e2mpus Lajeado est\u00e1 promovendo um curso de extens\u00e3o denominado:\u00a0&#8220;Desenvolvimento de Novos Neg\u00f3cios\u201d,\u00a0ele \u00e9 direcionado\u00a0a empreendedores da Regi\u00e3o do Vale do Taquari, visando oferecer orienta\u00e7\u00f5es b\u00e1sicas de gest\u00e3o para micro e pequenas empresas, auxiliando-as a se estruturarem e superarem os desafios iniciais de implanta\u00e7\u00e3o. As inscri\u00e7\u00f5es podem ser feitas at\u00e9 27 de mar\u00e7o por meio [&hellip;]<\/p>\n","protected":false},"author":8,"featured_media":142392,"comment_status":"open","ping_status":"open","sticky":false,"template":"","format":"standard","meta":{"pmpro_default_level":"","_jetpack_memberships_contains_paid_content":false,"footnotes":""},"categories":[2,10991,10993],"tags":[364,102,3882],"class_list":{"0":"post-153598","1":"post","2":"type-post","3":"status-publish","4":"format-standard","5":"has-post-thumbnail","7":"category-featured","8":"category-economia","9":"category-empreender","10":"tag-curso","11":"tag-empreendedorismo","12":"tag-ifsul","13":"pmpro-has-access"},"yoast_head":"<!-- This site is optimized with the Yoast SEO plugin v27.4 - https:\/\/yoast.com\/product\/yoast-seo-wordpress\/ -->\n<title>IFSul promove curso de extens\u00e3o para empreendedores da Regi\u00e3o do Vale do Taquari - Folha Popular<\/title>\n<meta name=\"robots\" content=\"index, follow, max-snippet:-1, max-image-preview:large, max-video-preview:-1\" \/>\n<link rel=\"canonical\" href=\"https:\/\/folhapopular.info\/index.php\/2024\/03\/21\/ifsul-promove-curso-de-extensao-para-empreendedores-da-regiao-do-vale-do-taquari\/\" \/>\n<meta property=\"og:locale\" content=\"pt_BR\" \/>\n<meta property=\"og:type\" content=\"article\" \/>\n<meta property=\"og:title\" content=\"IFSul promove curso de extens\u00e3o para empreendedores da Regi\u00e3o do Vale do Taquari - Folha Popular\" \/>\n<meta property=\"og:description\" content=\"O c\u00e2mpus Lajeado est\u00e1 promovendo um curso de extens\u00e3o denominado:\u00a0&#8220;Desenvolvimento de Novos Neg\u00f3cios\u201d,\u00a0ele \u00e9 direcionado\u00a0a empreendedores da Regi\u00e3o do Vale do Taquari, visando oferecer orienta\u00e7\u00f5es b\u00e1sicas de gest\u00e3o para micro e pequenas empresas, auxiliando-as a se estruturarem e superarem os desafios iniciais de implanta\u00e7\u00e3o. As inscri\u00e7\u00f5es podem ser feitas at\u00e9 27 de mar\u00e7o por meio [&hellip;]\" \/>\n<meta property=\"og:url\" content=\"https:\/\/folhapopular.info\/index.php\/2024\/03\/21\/ifsul-promove-curso-de-extensao-para-empreendedores-da-regiao-do-vale-do-taquari\/\" \/>\n<meta property=\"og:site_name\" content=\"Folha Popular\" \/>\n<meta property=\"article:published_time\" content=\"2024-03-21T19:30:00+00:00\" \/>\n<meta property=\"og:image\" content=\"https:\/\/folhapopular.info\/wp-content\/uploads\/2023\/10\/Campus-2018-2.jpg\" \/>\n\t<meta property=\"og:image:width\" content=\"2048\" \/>\n\t<meta property=\"og:image:height\" content=\"1153\" \/>\n\t<meta property=\"og:image:type\" content=\"image\/jpeg\" \/>\n<meta name=\"author\" content=\"Reda\u00e7\u00e3o Folha Popular\" \/>\n<meta name=\"twitter:card\" content=\"summary_large_image\" \/>\n<meta name=\"twitter:label1\" content=\"Escrito por\" \/>\n\t<meta name=\"twitter:data1\" content=\"Reda\u00e7\u00e3o Folha Popular\" \/>\n\t<meta name=\"twitter:label2\" content=\"Est. tempo de leitura\" \/>\n\t<meta name=\"twitter:data2\" content=\"2 minutos\" \/>\n<script type=\"application\/ld+json\" class=\"yoast-schema-graph\">{\"@context\":\"https:\\\/\\\/schema.org\",\"@graph\":[{\"@type\":\"Article\",\"@id\":\"https:\\\/\\\/folhapopular.info\\\/index.php\\\/2024\\\/03\\\/21\\\/ifsul-promove-curso-de-extensao-para-empreendedores-da-regiao-do-vale-do-taquari\\\/#article\",\"isPartOf\":{\"@id\":\"https:\\\/\\\/folhapopular.info\\\/index.php\\\/2024\\\/03\\\/21\\\/ifsul-promove-curso-de-extensao-para-empreendedores-da-regiao-do-vale-do-taquari\\\/\"},\"author\":{\"name\":\"Reda\u00e7\u00e3o Folha Popular\",\"@id\":\"https:\\\/\\\/folhapopular.info\\\/#\\\/schema\\\/person\\\/2814e8a0df7643585a9ca38bc6eb9d4b\"},\"headline\":\"IFSul promove curso de extens\u00e3o para empreendedores da Regi\u00e3o do Vale do Taquari\",\"datePublished\":\"2024-03-21T19:30:00+00:00\",\"mainEntityOfPage\":{\"@id\":\"https:\\\/\\\/folhapopular.info\\\/index.php\\\/2024\\\/03\\\/21\\\/ifsul-promove-curso-de-extensao-para-empreendedores-da-regiao-do-vale-do-taquari\\\/\"},\"wordCount\":364,\"commentCount\":0,\"image\":{\"@id\":\"https:\\\/\\\/folhapopular.info\\\/index.php\\\/2024\\\/03\\\/21\\\/ifsul-promove-curso-de-extensao-para-empreendedores-da-regiao-do-vale-do-taquari\\\/#primaryimage\"},\"thumbnailUrl\":\"https:\\\/\\\/folhapopular.info\\\/wp-content\\\/uploads\\\/2023\\\/10\\\/Campus-2018-2.jpg\",\"keywords\":[\"Curso\",\"Empreendedorismo\",\"IFSUL\"],\"articleSection\":[\"Destaques\",\"Economia\",\"Empreender\"],\"inLanguage\":\"pt-BR\",\"potentialAction\":[{\"@type\":\"CommentAction\",\"name\":\"Comment\",\"target\":[\"https:\\\/\\\/folhapopular.info\\\/index.php\\\/2024\\\/03\\\/21\\\/ifsul-promove-curso-de-extensao-para-empreendedores-da-regiao-do-vale-do-taquari\\\/#respond\"]}]},{\"@type\":\"WebPage\",\"@id\":\"https:\\\/\\\/folhapopular.info\\\/index.php\\\/2024\\\/03\\\/21\\\/ifsul-promove-curso-de-extensao-para-empreendedores-da-regiao-do-vale-do-taquari\\\/\",\"url\":\"https:\\\/\\\/folhapopular.info\\\/index.php\\\/2024\\\/03\\\/21\\\/ifsul-promove-curso-de-extensao-para-empreendedores-da-regiao-do-vale-do-taquari\\\/\",\"name\":\"IFSul promove curso de extens\u00e3o para empreendedores da Regi\u00e3o do Vale do Taquari - Folha Popular\",\"isPartOf\":{\"@id\":\"https:\\\/\\\/folhapopular.info\\\/#website\"},\"primaryImageOfPage\":{\"@id\":\"https:\\\/\\\/folhapopular.info\\\/index.php\\\/2024\\\/03\\\/21\\\/ifsul-promove-curso-de-extensao-para-empreendedores-da-regiao-do-vale-do-taquari\\\/#primaryimage\"},\"image\":{\"@id\":\"https:\\\/\\\/folhapopular.info\\\/index.php\\\/2024\\\/03\\\/21\\\/ifsul-promove-curso-de-extensao-para-empreendedores-da-regiao-do-vale-do-taquari\\\/#primaryimage\"},\"thumbnailUrl\":\"https:\\\/\\\/folhapopular.info\\\/wp-content\\\/uploads\\\/2023\\\/10\\\/Campus-2018-2.jpg\",\"datePublished\":\"2024-03-21T19:30:00+00:00\",\"author\":{\"@id\":\"https:\\\/\\\/folhapopular.info\\\/#\\\/schema\\\/person\\\/2814e8a0df7643585a9ca38bc6eb9d4b\"},\"breadcrumb\":{\"@id\":\"https:\\\/\\\/folhapopular.info\\\/index.php\\\/2024\\\/03\\\/21\\\/ifsul-promove-curso-de-extensao-para-empreendedores-da-regiao-do-vale-do-taquari\\\/#breadcrumb\"},\"inLanguage\":\"pt-BR\",\"potentialAction\":[{\"@type\":\"ReadAction\",\"target\":[\"https:\\\/\\\/folhapopular.info\\\/index.php\\\/2024\\\/03\\\/21\\\/ifsul-promove-curso-de-extensao-para-empreendedores-da-regiao-do-vale-do-taquari\\\/\"]}]},{\"@type\":\"ImageObject\",\"inLanguage\":\"pt-BR\",\"@id\":\"https:\\\/\\\/folhapopular.info\\\/index.php\\\/2024\\\/03\\\/21\\\/ifsul-promove-curso-de-extensao-para-empreendedores-da-regiao-do-vale-do-taquari\\\/#primaryimage\",\"url\":\"https:\\\/\\\/folhapopular.info\\\/wp-content\\\/uploads\\\/2023\\\/10\\\/Campus-2018-2.jpg\",\"contentUrl\":\"https:\\\/\\\/folhapopular.info\\\/wp-content\\\/uploads\\\/2023\\\/10\\\/Campus-2018-2.jpg\",\"width\":2048,\"height\":1153,\"caption\":\"Cr\u00e9dito: Divulga\u00e7\u00e3o\"},{\"@type\":\"BreadcrumbList\",\"@id\":\"https:\\\/\\\/folhapopular.info\\\/index.php\\\/2024\\\/03\\\/21\\\/ifsul-promove-curso-de-extensao-para-empreendedores-da-regiao-do-vale-do-taquari\\\/#breadcrumb\",\"itemListElement\":[{\"@type\":\"ListItem\",\"position\":1,\"name\":\"In\u00edcio\",\"item\":\"https:\\\/\\\/folhapopular.info\\\/\"},{\"@type\":\"ListItem\",\"position\":2,\"name\":\"IFSul promove curso de extens\u00e3o para empreendedores da Regi\u00e3o do Vale do Taquari\"}]},{\"@type\":\"WebSite\",\"@id\":\"https:\\\/\\\/folhapopular.info\\\/#website\",\"url\":\"https:\\\/\\\/folhapopular.info\\\/\",\"name\":\"Folha Popular\",\"description\":\"Onde voc\u00ea tem vez e voz\",\"potentialAction\":[{\"@type\":\"SearchAction\",\"target\":{\"@type\":\"EntryPoint\",\"urlTemplate\":\"https:\\\/\\\/folhapopular.info\\\/?s={search_term_string}\"},\"query-input\":{\"@type\":\"PropertyValueSpecification\",\"valueRequired\":true,\"valueName\":\"search_term_string\"}}],\"inLanguage\":\"pt-BR\"},{\"@type\":\"Person\",\"@id\":\"https:\\\/\\\/folhapopular.info\\\/#\\\/schema\\\/person\\\/2814e8a0df7643585a9ca38bc6eb9d4b\",\"name\":\"Reda\u00e7\u00e3o Folha Popular\",\"image\":{\"@type\":\"ImageObject\",\"inLanguage\":\"pt-BR\",\"@id\":\"https:\\\/\\\/folhapopular.info\\\/wp-content\\\/uploads\\\/2026\\\/04\\\/Folha-1.webp\",\"url\":\"https:\\\/\\\/folhapopular.info\\\/wp-content\\\/uploads\\\/2026\\\/04\\\/Folha-1.webp\",\"contentUrl\":\"https:\\\/\\\/folhapopular.info\\\/wp-content\\\/uploads\\\/2026\\\/04\\\/Folha-1.webp\",\"caption\":\"Reda\u00e7\u00e3o Folha Popular\"},\"url\":\"https:\\\/\\\/folhapopular.info\\\/index.php\\\/author\\\/redacao\\\/\"}]}<\/script>\n<!-- \/ Yoast SEO plugin. -->","yoast_head_json":{"title":"IFSul promove curso de extens\u00e3o para empreendedores da Regi\u00e3o do Vale do Taquari - Folha Popular","robots":{"index":"index","follow":"follow","max-snippet":"max-snippet:-1","max-image-preview":"max-image-preview:large","max-video-preview":"max-video-preview:-1"},"canonical":"https:\/\/folhapopular.info\/index.php\/2024\/03\/21\/ifsul-promove-curso-de-extensao-para-empreendedores-da-regiao-do-vale-do-taquari\/","og_locale":"pt_BR","og_type":"article","og_title":"IFSul promove curso de extens\u00e3o para empreendedores da Regi\u00e3o do Vale do Taquari - Folha Popular","og_description":"O c\u00e2mpus Lajeado est\u00e1 promovendo um curso de extens\u00e3o denominado:\u00a0&#8220;Desenvolvimento de Novos Neg\u00f3cios\u201d,\u00a0ele \u00e9 direcionado\u00a0a empreendedores da Regi\u00e3o do Vale do Taquari, visando oferecer orienta\u00e7\u00f5es b\u00e1sicas de gest\u00e3o para micro e pequenas empresas, auxiliando-as a se estruturarem e superarem os desafios iniciais de implanta\u00e7\u00e3o. As inscri\u00e7\u00f5es podem ser feitas at\u00e9 27 de mar\u00e7o por meio [&hellip;]","og_url":"https:\/\/folhapopular.info\/index.php\/2024\/03\/21\/ifsul-promove-curso-de-extensao-para-empreendedores-da-regiao-do-vale-do-taquari\/","og_site_name":"Folha Popular","article_published_time":"2024-03-21T19:30:00+00:00","og_image":[{"width":2048,"height":1153,"url":"https:\/\/folhapopular.info\/wp-content\/uploads\/2023\/10\/Campus-2018-2.jpg","type":"image\/jpeg"}],"author":"Reda\u00e7\u00e3o Folha Popular","twitter_card":"summary_large_image","twitter_misc":{"Escrito por":"Reda\u00e7\u00e3o Folha Popular","Est. tempo de leitura":"2 minutos"},"schema":{"@context":"https:\/\/schema.org","@graph":[{"@type":"Article","@id":"https:\/\/folhapopular.info\/index.php\/2024\/03\/21\/ifsul-promove-curso-de-extensao-para-empreendedores-da-regiao-do-vale-do-taquari\/#article","isPartOf":{"@id":"https:\/\/folhapopular.info\/index.php\/2024\/03\/21\/ifsul-promove-curso-de-extensao-para-empreendedores-da-regiao-do-vale-do-taquari\/"},"author":{"name":"Reda\u00e7\u00e3o Folha Popular","@id":"https:\/\/folhapopular.info\/#\/schema\/person\/2814e8a0df7643585a9ca38bc6eb9d4b"},"headline":"IFSul promove curso de extens\u00e3o para empreendedores da Regi\u00e3o do Vale do Taquari","datePublished":"2024-03-21T19:30:00+00:00","mainEntityOfPage":{"@id":"https:\/\/folhapopular.info\/index.php\/2024\/03\/21\/ifsul-promove-curso-de-extensao-para-empreendedores-da-regiao-do-vale-do-taquari\/"},"wordCount":364,"commentCount":0,"image":{"@id":"https:\/\/folhapopular.info\/index.php\/2024\/03\/21\/ifsul-promove-curso-de-extensao-para-empreendedores-da-regiao-do-vale-do-taquari\/#primaryimage"},"thumbnailUrl":"https:\/\/folhapopular.info\/wp-content\/uploads\/2023\/10\/Campus-2018-2.jpg","keywords":["Curso","Empreendedorismo","IFSUL"],"articleSection":["Destaques","Economia","Empreender"],"inLanguage":"pt-BR","potentialAction":[{"@type":"CommentAction","name":"Comment","target":["https:\/\/folhapopular.info\/index.php\/2024\/03\/21\/ifsul-promove-curso-de-extensao-para-empreendedores-da-regiao-do-vale-do-taquari\/#respond"]}]},{"@type":"WebPage","@id":"https:\/\/folhapopular.info\/index.php\/2024\/03\/21\/ifsul-promove-curso-de-extensao-para-empreendedores-da-regiao-do-vale-do-taquari\/","url":"https:\/\/folhapopular.info\/index.php\/2024\/03\/21\/ifsul-promove-curso-de-extensao-para-empreendedores-da-regiao-do-vale-do-taquari\/","name":"IFSul promove curso de extens\u00e3o para empreendedores da Regi\u00e3o do Vale do Taquari - Folha Popular","isPartOf":{"@id":"https:\/\/folhapopular.info\/#website"},"primaryImageOfPage":{"@id":"https:\/\/folhapopular.info\/index.php\/2024\/03\/21\/ifsul-promove-curso-de-extensao-para-empreendedores-da-regiao-do-vale-do-taquari\/#primaryimage"},"image":{"@id":"https:\/\/folhapopular.info\/index.php\/2024\/03\/21\/ifsul-promove-curso-de-extensao-para-empreendedores-da-regiao-do-vale-do-taquari\/#primaryimage"},"thumbnailUrl":"https:\/\/folhapopular.info\/wp-content\/uploads\/2023\/10\/Campus-2018-2.jpg","datePublished":"2024-03-21T19:30:00+00:00","author":{"@id":"https:\/\/folhapopular.info\/#\/schema\/person\/2814e8a0df7643585a9ca38bc6eb9d4b"},"breadcrumb":{"@id":"https:\/\/folhapopular.info\/index.php\/2024\/03\/21\/ifsul-promove-curso-de-extensao-para-empreendedores-da-regiao-do-vale-do-taquari\/#breadcrumb"},"inLanguage":"pt-BR","potentialAction":[{"@type":"ReadAction","target":["https:\/\/folhapopular.info\/index.php\/2024\/03\/21\/ifsul-promove-curso-de-extensao-para-empreendedores-da-regiao-do-vale-do-taquari\/"]}]},{"@type":"ImageObject","inLanguage":"pt-BR","@id":"https:\/\/folhapopular.info\/index.php\/2024\/03\/21\/ifsul-promove-curso-de-extensao-para-empreendedores-da-regiao-do-vale-do-taquari\/#primaryimage","url":"https:\/\/folhapopular.info\/wp-content\/uploads\/2023\/10\/Campus-2018-2.jpg","contentUrl":"https:\/\/folhapopular.info\/wp-content\/uploads\/2023\/10\/Campus-2018-2.jpg","width":2048,"height":1153,"caption":"Cr\u00e9dito: Divulga\u00e7\u00e3o"},{"@type":"BreadcrumbList","@id":"https:\/\/folhapopular.info\/index.php\/2024\/03\/21\/ifsul-promove-curso-de-extensao-para-empreendedores-da-regiao-do-vale-do-taquari\/#breadcrumb","itemListElement":[{"@type":"ListItem","position":1,"name":"In\u00edcio","item":"https:\/\/folhapopular.info\/"},{"@type":"ListItem","position":2,"name":"IFSul promove curso de extens\u00e3o para empreendedores da Regi\u00e3o do Vale do Taquari"}]},{"@type":"WebSite","@id":"https:\/\/folhapopular.info\/#website","url":"https:\/\/folhapopular.info\/","name":"Folha Popular","description":"Onde voc\u00ea tem vez e voz","potentialAction":[{"@type":"SearchAction","target":{"@type":"EntryPoint","urlTemplate":"https:\/\/folhapopular.info\/?s={search_term_string}"},"query-input":{"@type":"PropertyValueSpecification","valueRequired":true,"valueName":"search_term_string"}}],"inLanguage":"pt-BR"},{"@type":"Person","@id":"https:\/\/folhapopular.info\/#\/schema\/person\/2814e8a0df7643585a9ca38bc6eb9d4b","name":"Reda\u00e7\u00e3o Folha Popular","image":{"@type":"ImageObject","inLanguage":"pt-BR","@id":"https:\/\/folhapopular.info\/wp-content\/uploads\/2026\/04\/Folha-1.webp","url":"https:\/\/folhapopular.info\/wp-content\/uploads\/2026\/04\/Folha-1.webp","contentUrl":"https:\/\/folhapopular.info\/wp-content\/uploads\/2026\/04\/Folha-1.webp","caption":"Reda\u00e7\u00e3o Folha Popular"},"url":"https:\/\/folhapopular.info\/index.php\/author\/redacao\/"}]}},"jetpack_featured_media_url":"https:\/\/folhapopular.info\/wp-content\/uploads\/2023\/10\/Campus-2018-2.jpg","jetpack_sharing_enabled":true,"amp_enabled":true,"_links":{"self":[{"href":"https:\/\/folhapopular.info\/index.php\/wp-json\/wp\/v2\/posts\/153598","targetHints":{"allow":["GET"]}}],"collection":[{"href":"https:\/\/folhapopular.info\/index.php\/wp-json\/wp\/v2\/posts"}],"about":[{"href":"https:\/\/folhapopular.info\/index.php\/wp-json\/wp\/v2\/types\/post"}],"author":[{"embeddable":true,"href":"https:\/\/folhapopular.info\/index.php\/wp-json\/wp\/v2\/users\/8"}],"replies":[{"embeddable":true,"href":"https:\/\/folhapopular.info\/index.php\/wp-json\/wp\/v2\/comments?post=153598"}],"version-history":[{"count":0,"href":"https:\/\/folhapopular.info\/index.php\/wp-json\/wp\/v2\/posts\/153598\/revisions"}],"wp:featuredmedia":[{"embeddable":true,"href":"https:\/\/folhapopular.info\/index.php\/wp-json\/wp\/v2\/media\/142392"}],"wp:attachment":[{"href":"https:\/\/folhapopular.info\/index.php\/wp-json\/wp\/v2\/media?parent=153598"}],"wp:term":[{"taxonomy":"category","embeddable":true,"href":"https:\/\/folhapopular.info\/index.php\/wp-json\/wp\/v2\/categories?post=153598"},{"taxonomy":"post_tag","embeddable":true,"href":"https:\/\/folhapopular.info\/index.php\/wp-json\/wp\/v2\/tags?post=153598"}],"curies":[{"name":"wp","href":"https:\/\/api.w.org\/{rel}","templated":true}]}}