{"id":153836,"date":"2024-03-24T12:20:00","date_gmt":"2024-03-24T15:20:00","guid":{"rendered":"https:\/\/folhapopular.info\/?p=153836"},"modified":"2024-03-24T12:20:25","modified_gmt":"2024-03-24T15:20:25","slug":"casa-abandonada-sofre-principio-de-incendio-em-lajeado","status":"publish","type":"post","link":"https:\/\/folhapopular.info\/index.php\/2024\/03\/24\/casa-abandonada-sofre-principio-de-incendio-em-lajeado\/","title":{"rendered":"Casa abandonada sofre princ\u00edpio de inc\u00eandio em Lajeado"},"content":{"rendered":"\n<p>Por volta das 22h deste s\u00e1bado (23\/3), o Corpo de Bombeiros Militar de Lajeado atendeu uma ocorr\u00eancia de inc\u00eandio em uma resid\u00eancia abandonada, na Rua Alfredo Germano Baum, no Bairro Montanha, em Lajeado.<\/p>\n\n\n\n<p>As chamas estavam na parte inferior da resid\u00eancia de, aproximadamente, 180 m\u00b2. O fogo consumiu sacolas de roupas que estavam depositadas na sala, queimou a porta e resultou na queda do reboco devido ao calor. Segundo relato da vizinha que tamb\u00e9m \u00e9 neta da antiga propriet\u00e1ria, o im\u00f3vel sofre constantes arrombamentos e furto de objetos.<\/p>\n\n\n\n<p>Foram utilizados cerca de mil litros de \u00e1gua para o rescaldo. A resid\u00eancia n\u00e3o possui seguro e n\u00e3o houve feridos.<\/p>\n","protected":false},"excerpt":{"rendered":"<p>Por volta das 22h deste s\u00e1bado (23\/3), o Corpo de Bombeiros Militar de Lajeado atendeu uma ocorr\u00eancia de inc\u00eandio em uma resid\u00eancia abandonada, na Rua Alfredo Germano Baum, no Bairro Montanha, em Lajeado. As chamas estavam na parte inferior da resid\u00eancia de, aproximadamente, 180 m\u00b2. O fogo consumiu sacolas de roupas que estavam depositadas na [&hellip;]<\/p>\n","protected":false},"author":8,"featured_media":153837,"comment_status":"open","ping_status":"open","sticky":false,"template":"","format":"standard","meta":{"pmpro_default_level":"","_jetpack_memberships_contains_paid_content":false,"footnotes":""},"categories":[10984,7],"tags":[14593,4357,42],"class_list":{"0":"post-153836","1":"post","2":"type-post","3":"status-publish","4":"format-standard","5":"has-post-thumbnail","7":"category-bombeiros","8":"category-seguranca","9":"tag-abandonada","10":"tag-casa","11":"tag-incendio","12":"pmpro-has-access"},"yoast_head":"<!-- This site is optimized with the Yoast SEO plugin v27.5 - https:\/\/yoast.com\/product\/yoast-seo-wordpress\/ -->\n<title>Casa abandonada sofre princ\u00edpio de inc\u00eandio em Lajeado - Folha Popular<\/title>\n<meta name=\"robots\" content=\"index, follow, max-snippet:-1, max-image-preview:large, max-video-preview:-1\" \/>\n<link rel=\"canonical\" href=\"https:\/\/folhapopular.info\/index.php\/2024\/03\/24\/casa-abandonada-sofre-principio-de-incendio-em-lajeado\/\" \/>\n<meta property=\"og:locale\" content=\"pt_BR\" \/>\n<meta property=\"og:type\" content=\"article\" \/>\n<meta property=\"og:title\" content=\"Casa abandonada sofre princ\u00edpio de inc\u00eandio em Lajeado - Folha Popular\" \/>\n<meta property=\"og:description\" content=\"Por volta das 22h deste s\u00e1bado (23\/3), o Corpo de Bombeiros Militar de Lajeado atendeu uma ocorr\u00eancia de inc\u00eandio em uma resid\u00eancia abandonada, na Rua Alfredo Germano Baum, no Bairro Montanha, em Lajeado. As chamas estavam na parte inferior da resid\u00eancia de, aproximadamente, 180 m\u00b2. O fogo consumiu sacolas de roupas que estavam depositadas na [&hellip;]\" \/>\n<meta property=\"og:url\" content=\"https:\/\/folhapopular.info\/index.php\/2024\/03\/24\/casa-abandonada-sofre-principio-de-incendio-em-lajeado\/\" \/>\n<meta property=\"og:site_name\" content=\"Folha Popular\" \/>\n<meta property=\"article:published_time\" content=\"2024-03-24T15:20:00+00:00\" \/>\n<meta property=\"article:modified_time\" content=\"2024-03-24T15:20:25+00:00\" \/>\n<meta property=\"og:image\" content=\"http:\/\/folhapopular.info\/wp-content\/uploads\/2024\/03\/WhatsApp-Image-2024-03-24-at-06.09.30.jpeg\" \/>\n\t<meta property=\"og:image:width\" content=\"1200\" \/>\n\t<meta property=\"og:image:height\" content=\"1600\" \/>\n\t<meta property=\"og:image:type\" content=\"image\/jpeg\" \/>\n<meta name=\"author\" content=\"Reda\u00e7\u00e3o Folha Popular\" \/>\n<meta name=\"twitter:card\" content=\"summary_large_image\" \/>\n<meta name=\"twitter:label1\" content=\"Escrito por\" \/>\n\t<meta name=\"twitter:data1\" content=\"Reda\u00e7\u00e3o Folha Popular\" \/>\n\t<meta name=\"twitter:label2\" content=\"Est. tempo de leitura\" \/>\n\t<meta name=\"twitter:data2\" content=\"1 minuto\" \/>\n<script type=\"application\/ld+json\" class=\"yoast-schema-graph\">{\"@context\":\"https:\\\/\\\/schema.org\",\"@graph\":[{\"@type\":\"Article\",\"@id\":\"https:\\\/\\\/folhapopular.info\\\/index.php\\\/2024\\\/03\\\/24\\\/casa-abandonada-sofre-principio-de-incendio-em-lajeado\\\/#article\",\"isPartOf\":{\"@id\":\"https:\\\/\\\/folhapopular.info\\\/index.php\\\/2024\\\/03\\\/24\\\/casa-abandonada-sofre-principio-de-incendio-em-lajeado\\\/\"},\"author\":{\"name\":\"Reda\u00e7\u00e3o Folha Popular\",\"@id\":\"https:\\\/\\\/folhapopular.info\\\/#\\\/schema\\\/person\\\/2814e8a0df7643585a9ca38bc6eb9d4b\"},\"headline\":\"Casa abandonada sofre princ\u00edpio de inc\u00eandio em Lajeado\",\"datePublished\":\"2024-03-24T15:20:00+00:00\",\"dateModified\":\"2024-03-24T15:20:25+00:00\",\"mainEntityOfPage\":{\"@id\":\"https:\\\/\\\/folhapopular.info\\\/index.php\\\/2024\\\/03\\\/24\\\/casa-abandonada-sofre-principio-de-incendio-em-lajeado\\\/\"},\"wordCount\":126,\"commentCount\":0,\"image\":{\"@id\":\"https:\\\/\\\/folhapopular.info\\\/index.php\\\/2024\\\/03\\\/24\\\/casa-abandonada-sofre-principio-de-incendio-em-lajeado\\\/#primaryimage\"},\"thumbnailUrl\":\"https:\\\/\\\/folhapopular.info\\\/wp-content\\\/uploads\\\/2024\\\/03\\\/WhatsApp-Image-2024-03-24-at-06.09.30.jpeg\",\"keywords\":[\"Abandonada\",\"Casa\",\"Inc\u00eandio\"],\"articleSection\":[\"Bombeiros\",\"Seguran\u00e7a\"],\"inLanguage\":\"pt-BR\",\"potentialAction\":[{\"@type\":\"CommentAction\",\"name\":\"Comment\",\"target\":[\"https:\\\/\\\/folhapopular.info\\\/index.php\\\/2024\\\/03\\\/24\\\/casa-abandonada-sofre-principio-de-incendio-em-lajeado\\\/#respond\"]}]},{\"@type\":\"WebPage\",\"@id\":\"https:\\\/\\\/folhapopular.info\\\/index.php\\\/2024\\\/03\\\/24\\\/casa-abandonada-sofre-principio-de-incendio-em-lajeado\\\/\",\"url\":\"https:\\\/\\\/folhapopular.info\\\/index.php\\\/2024\\\/03\\\/24\\\/casa-abandonada-sofre-principio-de-incendio-em-lajeado\\\/\",\"name\":\"Casa abandonada sofre princ\u00edpio de inc\u00eandio em Lajeado - Folha Popular\",\"isPartOf\":{\"@id\":\"https:\\\/\\\/folhapopular.info\\\/#website\"},\"primaryImageOfPage\":{\"@id\":\"https:\\\/\\\/folhapopular.info\\\/index.php\\\/2024\\\/03\\\/24\\\/casa-abandonada-sofre-principio-de-incendio-em-lajeado\\\/#primaryimage\"},\"image\":{\"@id\":\"https:\\\/\\\/folhapopular.info\\\/index.php\\\/2024\\\/03\\\/24\\\/casa-abandonada-sofre-principio-de-incendio-em-lajeado\\\/#primaryimage\"},\"thumbnailUrl\":\"https:\\\/\\\/folhapopular.info\\\/wp-content\\\/uploads\\\/2024\\\/03\\\/WhatsApp-Image-2024-03-24-at-06.09.30.jpeg\",\"datePublished\":\"2024-03-24T15:20:00+00:00\",\"dateModified\":\"2024-03-24T15:20:25+00:00\",\"author\":{\"@id\":\"https:\\\/\\\/folhapopular.info\\\/#\\\/schema\\\/person\\\/2814e8a0df7643585a9ca38bc6eb9d4b\"},\"breadcrumb\":{\"@id\":\"https:\\\/\\\/folhapopular.info\\\/index.php\\\/2024\\\/03\\\/24\\\/casa-abandonada-sofre-principio-de-incendio-em-lajeado\\\/#breadcrumb\"},\"inLanguage\":\"pt-BR\",\"potentialAction\":[{\"@type\":\"ReadAction\",\"target\":[\"https:\\\/\\\/folhapopular.info\\\/index.php\\\/2024\\\/03\\\/24\\\/casa-abandonada-sofre-principio-de-incendio-em-lajeado\\\/\"]}]},{\"@type\":\"ImageObject\",\"inLanguage\":\"pt-BR\",\"@id\":\"https:\\\/\\\/folhapopular.info\\\/index.php\\\/2024\\\/03\\\/24\\\/casa-abandonada-sofre-principio-de-incendio-em-lajeado\\\/#primaryimage\",\"url\":\"https:\\\/\\\/folhapopular.info\\\/wp-content\\\/uploads\\\/2024\\\/03\\\/WhatsApp-Image-2024-03-24-at-06.09.30.jpeg\",\"contentUrl\":\"https:\\\/\\\/folhapopular.info\\\/wp-content\\\/uploads\\\/2024\\\/03\\\/WhatsApp-Image-2024-03-24-at-06.09.30.jpeg\",\"width\":1200,\"height\":1600,\"caption\":\"Cr\u00e9dito: Bombeiros Militares \\\/ Divulga\u00e7\u00e3o\"},{\"@type\":\"BreadcrumbList\",\"@id\":\"https:\\\/\\\/folhapopular.info\\\/index.php\\\/2024\\\/03\\\/24\\\/casa-abandonada-sofre-principio-de-incendio-em-lajeado\\\/#breadcrumb\",\"itemListElement\":[{\"@type\":\"ListItem\",\"position\":1,\"name\":\"In\u00edcio\",\"item\":\"https:\\\/\\\/folhapopular.info\\\/\"},{\"@type\":\"ListItem\",\"position\":2,\"name\":\"Casa abandonada sofre princ\u00edpio de inc\u00eandio em Lajeado\"}]},{\"@type\":\"WebSite\",\"@id\":\"https:\\\/\\\/folhapopular.info\\\/#website\",\"url\":\"https:\\\/\\\/folhapopular.info\\\/\",\"name\":\"Folha Popular\",\"description\":\"Onde voc\u00ea tem vez e voz\",\"potentialAction\":[{\"@type\":\"SearchAction\",\"target\":{\"@type\":\"EntryPoint\",\"urlTemplate\":\"https:\\\/\\\/folhapopular.info\\\/?s={search_term_string}\"},\"query-input\":{\"@type\":\"PropertyValueSpecification\",\"valueRequired\":true,\"valueName\":\"search_term_string\"}}],\"inLanguage\":\"pt-BR\"},{\"@type\":\"Person\",\"@id\":\"https:\\\/\\\/folhapopular.info\\\/#\\\/schema\\\/person\\\/2814e8a0df7643585a9ca38bc6eb9d4b\",\"name\":\"Reda\u00e7\u00e3o Folha Popular\",\"image\":{\"@type\":\"ImageObject\",\"inLanguage\":\"pt-BR\",\"@id\":\"https:\\\/\\\/folhapopular.info\\\/wp-content\\\/uploads\\\/2026\\\/04\\\/Folha-1.webp\",\"url\":\"https:\\\/\\\/folhapopular.info\\\/wp-content\\\/uploads\\\/2026\\\/04\\\/Folha-1.webp\",\"contentUrl\":\"https:\\\/\\\/folhapopular.info\\\/wp-content\\\/uploads\\\/2026\\\/04\\\/Folha-1.webp\",\"caption\":\"Reda\u00e7\u00e3o Folha Popular\"},\"url\":\"https:\\\/\\\/folhapopular.info\\\/index.php\\\/author\\\/redacao\\\/\"}]}<\/script>\n<!-- \/ Yoast SEO plugin. -->","yoast_head_json":{"title":"Casa abandonada sofre princ\u00edpio de inc\u00eandio em Lajeado - Folha Popular","robots":{"index":"index","follow":"follow","max-snippet":"max-snippet:-1","max-image-preview":"max-image-preview:large","max-video-preview":"max-video-preview:-1"},"canonical":"https:\/\/folhapopular.info\/index.php\/2024\/03\/24\/casa-abandonada-sofre-principio-de-incendio-em-lajeado\/","og_locale":"pt_BR","og_type":"article","og_title":"Casa abandonada sofre princ\u00edpio de inc\u00eandio em Lajeado - Folha Popular","og_description":"Por volta das 22h deste s\u00e1bado (23\/3), o Corpo de Bombeiros Militar de Lajeado atendeu uma ocorr\u00eancia de inc\u00eandio em uma resid\u00eancia abandonada, na Rua Alfredo Germano Baum, no Bairro Montanha, em Lajeado. As chamas estavam na parte inferior da resid\u00eancia de, aproximadamente, 180 m\u00b2. O fogo consumiu sacolas de roupas que estavam depositadas na [&hellip;]","og_url":"https:\/\/folhapopular.info\/index.php\/2024\/03\/24\/casa-abandonada-sofre-principio-de-incendio-em-lajeado\/","og_site_name":"Folha Popular","article_published_time":"2024-03-24T15:20:00+00:00","article_modified_time":"2024-03-24T15:20:25+00:00","og_image":[{"width":1200,"height":1600,"url":"http:\/\/folhapopular.info\/wp-content\/uploads\/2024\/03\/WhatsApp-Image-2024-03-24-at-06.09.30.jpeg","type":"image\/jpeg"}],"author":"Reda\u00e7\u00e3o Folha Popular","twitter_card":"summary_large_image","twitter_misc":{"Escrito por":"Reda\u00e7\u00e3o Folha Popular","Est. tempo de leitura":"1 minuto"},"schema":{"@context":"https:\/\/schema.org","@graph":[{"@type":"Article","@id":"https:\/\/folhapopular.info\/index.php\/2024\/03\/24\/casa-abandonada-sofre-principio-de-incendio-em-lajeado\/#article","isPartOf":{"@id":"https:\/\/folhapopular.info\/index.php\/2024\/03\/24\/casa-abandonada-sofre-principio-de-incendio-em-lajeado\/"},"author":{"name":"Reda\u00e7\u00e3o Folha Popular","@id":"https:\/\/folhapopular.info\/#\/schema\/person\/2814e8a0df7643585a9ca38bc6eb9d4b"},"headline":"Casa abandonada sofre princ\u00edpio de inc\u00eandio em Lajeado","datePublished":"2024-03-24T15:20:00+00:00","dateModified":"2024-03-24T15:20:25+00:00","mainEntityOfPage":{"@id":"https:\/\/folhapopular.info\/index.php\/2024\/03\/24\/casa-abandonada-sofre-principio-de-incendio-em-lajeado\/"},"wordCount":126,"commentCount":0,"image":{"@id":"https:\/\/folhapopular.info\/index.php\/2024\/03\/24\/casa-abandonada-sofre-principio-de-incendio-em-lajeado\/#primaryimage"},"thumbnailUrl":"https:\/\/folhapopular.info\/wp-content\/uploads\/2024\/03\/WhatsApp-Image-2024-03-24-at-06.09.30.jpeg","keywords":["Abandonada","Casa","Inc\u00eandio"],"articleSection":["Bombeiros","Seguran\u00e7a"],"inLanguage":"pt-BR","potentialAction":[{"@type":"CommentAction","name":"Comment","target":["https:\/\/folhapopular.info\/index.php\/2024\/03\/24\/casa-abandonada-sofre-principio-de-incendio-em-lajeado\/#respond"]}]},{"@type":"WebPage","@id":"https:\/\/folhapopular.info\/index.php\/2024\/03\/24\/casa-abandonada-sofre-principio-de-incendio-em-lajeado\/","url":"https:\/\/folhapopular.info\/index.php\/2024\/03\/24\/casa-abandonada-sofre-principio-de-incendio-em-lajeado\/","name":"Casa abandonada sofre princ\u00edpio de inc\u00eandio em Lajeado - Folha Popular","isPartOf":{"@id":"https:\/\/folhapopular.info\/#website"},"primaryImageOfPage":{"@id":"https:\/\/folhapopular.info\/index.php\/2024\/03\/24\/casa-abandonada-sofre-principio-de-incendio-em-lajeado\/#primaryimage"},"image":{"@id":"https:\/\/folhapopular.info\/index.php\/2024\/03\/24\/casa-abandonada-sofre-principio-de-incendio-em-lajeado\/#primaryimage"},"thumbnailUrl":"https:\/\/folhapopular.info\/wp-content\/uploads\/2024\/03\/WhatsApp-Image-2024-03-24-at-06.09.30.jpeg","datePublished":"2024-03-24T15:20:00+00:00","dateModified":"2024-03-24T15:20:25+00:00","author":{"@id":"https:\/\/folhapopular.info\/#\/schema\/person\/2814e8a0df7643585a9ca38bc6eb9d4b"},"breadcrumb":{"@id":"https:\/\/folhapopular.info\/index.php\/2024\/03\/24\/casa-abandonada-sofre-principio-de-incendio-em-lajeado\/#breadcrumb"},"inLanguage":"pt-BR","potentialAction":[{"@type":"ReadAction","target":["https:\/\/folhapopular.info\/index.php\/2024\/03\/24\/casa-abandonada-sofre-principio-de-incendio-em-lajeado\/"]}]},{"@type":"ImageObject","inLanguage":"pt-BR","@id":"https:\/\/folhapopular.info\/index.php\/2024\/03\/24\/casa-abandonada-sofre-principio-de-incendio-em-lajeado\/#primaryimage","url":"https:\/\/folhapopular.info\/wp-content\/uploads\/2024\/03\/WhatsApp-Image-2024-03-24-at-06.09.30.jpeg","contentUrl":"https:\/\/folhapopular.info\/wp-content\/uploads\/2024\/03\/WhatsApp-Image-2024-03-24-at-06.09.30.jpeg","width":1200,"height":1600,"caption":"Cr\u00e9dito: Bombeiros Militares \/ Divulga\u00e7\u00e3o"},{"@type":"BreadcrumbList","@id":"https:\/\/folhapopular.info\/index.php\/2024\/03\/24\/casa-abandonada-sofre-principio-de-incendio-em-lajeado\/#breadcrumb","itemListElement":[{"@type":"ListItem","position":1,"name":"In\u00edcio","item":"https:\/\/folhapopular.info\/"},{"@type":"ListItem","position":2,"name":"Casa abandonada sofre princ\u00edpio de inc\u00eandio em Lajeado"}]},{"@type":"WebSite","@id":"https:\/\/folhapopular.info\/#website","url":"https:\/\/folhapopular.info\/","name":"Folha Popular","description":"Onde voc\u00ea tem vez e voz","potentialAction":[{"@type":"SearchAction","target":{"@type":"EntryPoint","urlTemplate":"https:\/\/folhapopular.info\/?s={search_term_string}"},"query-input":{"@type":"PropertyValueSpecification","valueRequired":true,"valueName":"search_term_string"}}],"inLanguage":"pt-BR"},{"@type":"Person","@id":"https:\/\/folhapopular.info\/#\/schema\/person\/2814e8a0df7643585a9ca38bc6eb9d4b","name":"Reda\u00e7\u00e3o Folha Popular","image":{"@type":"ImageObject","inLanguage":"pt-BR","@id":"https:\/\/folhapopular.info\/wp-content\/uploads\/2026\/04\/Folha-1.webp","url":"https:\/\/folhapopular.info\/wp-content\/uploads\/2026\/04\/Folha-1.webp","contentUrl":"https:\/\/folhapopular.info\/wp-content\/uploads\/2026\/04\/Folha-1.webp","caption":"Reda\u00e7\u00e3o Folha Popular"},"url":"https:\/\/folhapopular.info\/index.php\/author\/redacao\/"}]}},"jetpack_featured_media_url":"https:\/\/folhapopular.info\/wp-content\/uploads\/2024\/03\/WhatsApp-Image-2024-03-24-at-06.09.30.jpeg","jetpack_sharing_enabled":true,"amp_enabled":true,"_links":{"self":[{"href":"https:\/\/folhapopular.info\/index.php\/wp-json\/wp\/v2\/posts\/153836","targetHints":{"allow":["GET"]}}],"collection":[{"href":"https:\/\/folhapopular.info\/index.php\/wp-json\/wp\/v2\/posts"}],"about":[{"href":"https:\/\/folhapopular.info\/index.php\/wp-json\/wp\/v2\/types\/post"}],"author":[{"embeddable":true,"href":"https:\/\/folhapopular.info\/index.php\/wp-json\/wp\/v2\/users\/8"}],"replies":[{"embeddable":true,"href":"https:\/\/folhapopular.info\/index.php\/wp-json\/wp\/v2\/comments?post=153836"}],"version-history":[{"count":0,"href":"https:\/\/folhapopular.info\/index.php\/wp-json\/wp\/v2\/posts\/153836\/revisions"}],"wp:featuredmedia":[{"embeddable":true,"href":"https:\/\/folhapopular.info\/index.php\/wp-json\/wp\/v2\/media\/153837"}],"wp:attachment":[{"href":"https:\/\/folhapopular.info\/index.php\/wp-json\/wp\/v2\/media?parent=153836"}],"wp:term":[{"taxonomy":"category","embeddable":true,"href":"https:\/\/folhapopular.info\/index.php\/wp-json\/wp\/v2\/categories?post=153836"},{"taxonomy":"post_tag","embeddable":true,"href":"https:\/\/folhapopular.info\/index.php\/wp-json\/wp\/v2\/tags?post=153836"}],"curies":[{"name":"wp","href":"https:\/\/api.w.org\/{rel}","templated":true}]}}