{"id":153961,"date":"2024-03-25T17:00:00","date_gmt":"2024-03-25T20:00:00","guid":{"rendered":"https:\/\/folhapopular.info\/?p=153961"},"modified":"2024-03-26T06:18:22","modified_gmt":"2024-03-26T09:18:22","slug":"gauchos-pagarao-mais-pelos-alimento-em-abril","status":"publish","type":"post","link":"https:\/\/folhapopular.info\/index.php\/2024\/03\/25\/gauchos-pagarao-mais-pelos-alimento-em-abril\/","title":{"rendered":"Ga\u00fachos pagar\u00e3o mais pelos alimentos em abril"},"content":{"rendered":"\n<p>A partir do pr\u00f3ximo m\u00eas, alimentos como carne, peixes, erva mate, p\u00e3es e feij\u00e3o ficar\u00e3o mais caros para os ga\u00fachos. Antes isentos de impostos ou com concess\u00f5es de redu\u00e7\u00e3o do Imposto sobre Circula\u00e7\u00e3o de Mercadorias e Servi\u00e7os (ICMS), esses itens comuns nas mesas do brasileiro passar\u00e3o a uma al\u00edquota de at\u00e9 12%.<\/p>\n\n\n\n<p>O aumento no pre\u00e7o tem a ver com o decreto n\u00ba 57.366\/2023 publicado pelo governador Eduardo Leite em 16 de dezembro de 2023, em que corta concess\u00f5es e benef\u00edcios a produtos da cesta b\u00e1sica a partir de acr\u00e9scimo na al\u00edquota do ICMS. O objetivo \u00e9 manter as contas do governo em dia a partir de um ajuste no ICMS que n\u00e3o afete combust\u00edveis, g\u00e1s de cozinha e cesta b\u00e1sica.&nbsp;<\/p>\n\n\n\n<p>Na pr\u00e1tica, produtos que hoje s\u00e3o isentos de tributa\u00e7\u00e3o, como ovos, leite, p\u00e3o franc\u00eas, frutas, verduras e hortali\u00e7as, ter\u00e3o acr\u00e9scimo de 12% no valor a partir de 1\u00ba de abril por causa da cobran\u00e7a do ICMS. Carnes, arroz, feij\u00e3o, massas, caf\u00e9 e sal, que hoje t\u00eam 7% de ICMS sobre os produtos, ter\u00e3o acr\u00e9scimo de 12%.&nbsp;<\/p>\n\n\n\n<p>No decreto, o governo do RS afirma que parte da popula\u00e7\u00e3o poder\u00e1 ter ressarcimento do imposto pago nesses produtos atrav\u00e9s do programa Devolve ICMS. Essa iniciativa, por\u00e9m, afeta apenas as fam\u00edlias com renda mensal de at\u00e9 tr\u00eas sal\u00e1rios m\u00ednimos ou renda per capita inferior a meio sal\u00e1rio m\u00ednimo, conforme o Cad\u00danico.<\/p>\n","protected":false},"excerpt":{"rendered":"<p>A partir do pr\u00f3ximo m\u00eas, alimentos como carne, peixes, erva mate, p\u00e3es e feij\u00e3o ficar\u00e3o mais caros para os ga\u00fachos. Antes isentos de impostos ou com concess\u00f5es de redu\u00e7\u00e3o do Imposto sobre Circula\u00e7\u00e3o de Mercadorias e Servi\u00e7os (ICMS), esses itens comuns nas mesas do brasileiro passar\u00e3o a uma al\u00edquota de at\u00e9 12%. O aumento no [&hellip;]<\/p>\n","protected":false},"author":8,"featured_media":119129,"comment_status":"open","ping_status":"open","sticky":false,"template":"","format":"standard","meta":{"pmpro_default_level":"","_jetpack_memberships_contains_paid_content":false,"footnotes":""},"categories":[2,10991],"tags":[14604,14605,1794],"class_list":{"0":"post-153961","1":"post","2":"type-post","3":"status-publish","4":"format-standard","5":"has-post-thumbnail","7":"category-featured","8":"category-economia","9":"tag-alta-dos-alimentos","10":"tag-decreto-estadual","11":"tag-rio-grande-do-sul","12":"pmpro-has-access"},"yoast_head":"<!-- This site is optimized with the Yoast SEO plugin v27.5 - https:\/\/yoast.com\/product\/yoast-seo-wordpress\/ -->\n<title>Ga\u00fachos pagar\u00e3o mais pelos alimentos em abril - Folha Popular<\/title>\n<meta name=\"robots\" content=\"index, follow, max-snippet:-1, max-image-preview:large, max-video-preview:-1\" \/>\n<link rel=\"canonical\" href=\"https:\/\/folhapopular.info\/index.php\/2024\/03\/25\/gauchos-pagarao-mais-pelos-alimento-em-abril\/\" \/>\n<meta property=\"og:locale\" content=\"pt_BR\" \/>\n<meta property=\"og:type\" content=\"article\" \/>\n<meta property=\"og:title\" content=\"Ga\u00fachos pagar\u00e3o mais pelos alimentos em abril - Folha Popular\" \/>\n<meta property=\"og:description\" content=\"A partir do pr\u00f3ximo m\u00eas, alimentos como carne, peixes, erva mate, p\u00e3es e feij\u00e3o ficar\u00e3o mais caros para os ga\u00fachos. Antes isentos de impostos ou com concess\u00f5es de redu\u00e7\u00e3o do Imposto sobre Circula\u00e7\u00e3o de Mercadorias e Servi\u00e7os (ICMS), esses itens comuns nas mesas do brasileiro passar\u00e3o a uma al\u00edquota de at\u00e9 12%. O aumento no [&hellip;]\" \/>\n<meta property=\"og:url\" content=\"https:\/\/folhapopular.info\/index.php\/2024\/03\/25\/gauchos-pagarao-mais-pelos-alimento-em-abril\/\" \/>\n<meta property=\"og:site_name\" content=\"Folha Popular\" \/>\n<meta property=\"article:published_time\" content=\"2024-03-25T20:00:00+00:00\" \/>\n<meta property=\"article:modified_time\" content=\"2024-03-26T09:18:22+00:00\" \/>\n<meta property=\"og:image\" content=\"http:\/\/folhapopular.info\/wp-content\/uploads\/2023\/01\/pexels-photomix-company-868110-scaled.jpg\" \/>\n\t<meta property=\"og:image:width\" content=\"2560\" \/>\n\t<meta property=\"og:image:height\" content=\"1709\" \/>\n\t<meta property=\"og:image:type\" content=\"image\/jpeg\" \/>\n<meta name=\"author\" content=\"Reda\u00e7\u00e3o Folha Popular\" \/>\n<meta name=\"twitter:card\" content=\"summary_large_image\" \/>\n<meta name=\"twitter:label1\" content=\"Escrito por\" \/>\n\t<meta name=\"twitter:data1\" content=\"Reda\u00e7\u00e3o Folha Popular\" \/>\n\t<meta name=\"twitter:label2\" content=\"Est. tempo de leitura\" \/>\n\t<meta name=\"twitter:data2\" content=\"2 minutos\" \/>\n<script type=\"application\/ld+json\" class=\"yoast-schema-graph\">{\"@context\":\"https:\\\/\\\/schema.org\",\"@graph\":[{\"@type\":\"Article\",\"@id\":\"https:\\\/\\\/folhapopular.info\\\/index.php\\\/2024\\\/03\\\/25\\\/gauchos-pagarao-mais-pelos-alimento-em-abril\\\/#article\",\"isPartOf\":{\"@id\":\"https:\\\/\\\/folhapopular.info\\\/index.php\\\/2024\\\/03\\\/25\\\/gauchos-pagarao-mais-pelos-alimento-em-abril\\\/\"},\"author\":{\"name\":\"Reda\u00e7\u00e3o Folha Popular\",\"@id\":\"https:\\\/\\\/folhapopular.info\\\/#\\\/schema\\\/person\\\/2814e8a0df7643585a9ca38bc6eb9d4b\"},\"headline\":\"Ga\u00fachos pagar\u00e3o mais pelos alimentos em abril\",\"datePublished\":\"2024-03-25T20:00:00+00:00\",\"dateModified\":\"2024-03-26T09:18:22+00:00\",\"mainEntityOfPage\":{\"@id\":\"https:\\\/\\\/folhapopular.info\\\/index.php\\\/2024\\\/03\\\/25\\\/gauchos-pagarao-mais-pelos-alimento-em-abril\\\/\"},\"wordCount\":275,\"commentCount\":0,\"image\":{\"@id\":\"https:\\\/\\\/folhapopular.info\\\/index.php\\\/2024\\\/03\\\/25\\\/gauchos-pagarao-mais-pelos-alimento-em-abril\\\/#primaryimage\"},\"thumbnailUrl\":\"https:\\\/\\\/folhapopular.info\\\/wp-content\\\/uploads\\\/2023\\\/01\\\/pexels-photomix-company-868110-scaled.jpg\",\"keywords\":[\"Alta dos Alimentos\",\"Decreto Estadual\",\"Rio Grande do Sul\"],\"articleSection\":[\"Destaques\",\"Economia\"],\"inLanguage\":\"pt-BR\",\"potentialAction\":[{\"@type\":\"CommentAction\",\"name\":\"Comment\",\"target\":[\"https:\\\/\\\/folhapopular.info\\\/index.php\\\/2024\\\/03\\\/25\\\/gauchos-pagarao-mais-pelos-alimento-em-abril\\\/#respond\"]}]},{\"@type\":\"WebPage\",\"@id\":\"https:\\\/\\\/folhapopular.info\\\/index.php\\\/2024\\\/03\\\/25\\\/gauchos-pagarao-mais-pelos-alimento-em-abril\\\/\",\"url\":\"https:\\\/\\\/folhapopular.info\\\/index.php\\\/2024\\\/03\\\/25\\\/gauchos-pagarao-mais-pelos-alimento-em-abril\\\/\",\"name\":\"Ga\u00fachos pagar\u00e3o mais pelos alimentos em abril - Folha Popular\",\"isPartOf\":{\"@id\":\"https:\\\/\\\/folhapopular.info\\\/#website\"},\"primaryImageOfPage\":{\"@id\":\"https:\\\/\\\/folhapopular.info\\\/index.php\\\/2024\\\/03\\\/25\\\/gauchos-pagarao-mais-pelos-alimento-em-abril\\\/#primaryimage\"},\"image\":{\"@id\":\"https:\\\/\\\/folhapopular.info\\\/index.php\\\/2024\\\/03\\\/25\\\/gauchos-pagarao-mais-pelos-alimento-em-abril\\\/#primaryimage\"},\"thumbnailUrl\":\"https:\\\/\\\/folhapopular.info\\\/wp-content\\\/uploads\\\/2023\\\/01\\\/pexels-photomix-company-868110-scaled.jpg\",\"datePublished\":\"2024-03-25T20:00:00+00:00\",\"dateModified\":\"2024-03-26T09:18:22+00:00\",\"author\":{\"@id\":\"https:\\\/\\\/folhapopular.info\\\/#\\\/schema\\\/person\\\/2814e8a0df7643585a9ca38bc6eb9d4b\"},\"breadcrumb\":{\"@id\":\"https:\\\/\\\/folhapopular.info\\\/index.php\\\/2024\\\/03\\\/25\\\/gauchos-pagarao-mais-pelos-alimento-em-abril\\\/#breadcrumb\"},\"inLanguage\":\"pt-BR\",\"potentialAction\":[{\"@type\":\"ReadAction\",\"target\":[\"https:\\\/\\\/folhapopular.info\\\/index.php\\\/2024\\\/03\\\/25\\\/gauchos-pagarao-mais-pelos-alimento-em-abril\\\/\"]}]},{\"@type\":\"ImageObject\",\"inLanguage\":\"pt-BR\",\"@id\":\"https:\\\/\\\/folhapopular.info\\\/index.php\\\/2024\\\/03\\\/25\\\/gauchos-pagarao-mais-pelos-alimento-em-abril\\\/#primaryimage\",\"url\":\"https:\\\/\\\/folhapopular.info\\\/wp-content\\\/uploads\\\/2023\\\/01\\\/pexels-photomix-company-868110-scaled.jpg\",\"contentUrl\":\"https:\\\/\\\/folhapopular.info\\\/wp-content\\\/uploads\\\/2023\\\/01\\\/pexels-photomix-company-868110-scaled.jpg\",\"width\":2560,\"height\":1709,\"caption\":\"Cr\u00e9dito: Pexels\"},{\"@type\":\"BreadcrumbList\",\"@id\":\"https:\\\/\\\/folhapopular.info\\\/index.php\\\/2024\\\/03\\\/25\\\/gauchos-pagarao-mais-pelos-alimento-em-abril\\\/#breadcrumb\",\"itemListElement\":[{\"@type\":\"ListItem\",\"position\":1,\"name\":\"In\u00edcio\",\"item\":\"https:\\\/\\\/folhapopular.info\\\/\"},{\"@type\":\"ListItem\",\"position\":2,\"name\":\"Ga\u00fachos pagar\u00e3o mais pelos alimentos em abril\"}]},{\"@type\":\"WebSite\",\"@id\":\"https:\\\/\\\/folhapopular.info\\\/#website\",\"url\":\"https:\\\/\\\/folhapopular.info\\\/\",\"name\":\"Folha Popular\",\"description\":\"Onde voc\u00ea tem vez e voz\",\"potentialAction\":[{\"@type\":\"SearchAction\",\"target\":{\"@type\":\"EntryPoint\",\"urlTemplate\":\"https:\\\/\\\/folhapopular.info\\\/?s={search_term_string}\"},\"query-input\":{\"@type\":\"PropertyValueSpecification\",\"valueRequired\":true,\"valueName\":\"search_term_string\"}}],\"inLanguage\":\"pt-BR\"},{\"@type\":\"Person\",\"@id\":\"https:\\\/\\\/folhapopular.info\\\/#\\\/schema\\\/person\\\/2814e8a0df7643585a9ca38bc6eb9d4b\",\"name\":\"Reda\u00e7\u00e3o Folha Popular\",\"image\":{\"@type\":\"ImageObject\",\"inLanguage\":\"pt-BR\",\"@id\":\"https:\\\/\\\/folhapopular.info\\\/wp-content\\\/uploads\\\/2026\\\/04\\\/Folha-1.webp\",\"url\":\"https:\\\/\\\/folhapopular.info\\\/wp-content\\\/uploads\\\/2026\\\/04\\\/Folha-1.webp\",\"contentUrl\":\"https:\\\/\\\/folhapopular.info\\\/wp-content\\\/uploads\\\/2026\\\/04\\\/Folha-1.webp\",\"caption\":\"Reda\u00e7\u00e3o Folha Popular\"},\"url\":\"https:\\\/\\\/folhapopular.info\\\/index.php\\\/author\\\/redacao\\\/\"}]}<\/script>\n<!-- \/ Yoast SEO plugin. -->","yoast_head_json":{"title":"Ga\u00fachos pagar\u00e3o mais pelos alimentos em abril - Folha Popular","robots":{"index":"index","follow":"follow","max-snippet":"max-snippet:-1","max-image-preview":"max-image-preview:large","max-video-preview":"max-video-preview:-1"},"canonical":"https:\/\/folhapopular.info\/index.php\/2024\/03\/25\/gauchos-pagarao-mais-pelos-alimento-em-abril\/","og_locale":"pt_BR","og_type":"article","og_title":"Ga\u00fachos pagar\u00e3o mais pelos alimentos em abril - Folha Popular","og_description":"A partir do pr\u00f3ximo m\u00eas, alimentos como carne, peixes, erva mate, p\u00e3es e feij\u00e3o ficar\u00e3o mais caros para os ga\u00fachos. Antes isentos de impostos ou com concess\u00f5es de redu\u00e7\u00e3o do Imposto sobre Circula\u00e7\u00e3o de Mercadorias e Servi\u00e7os (ICMS), esses itens comuns nas mesas do brasileiro passar\u00e3o a uma al\u00edquota de at\u00e9 12%. O aumento no [&hellip;]","og_url":"https:\/\/folhapopular.info\/index.php\/2024\/03\/25\/gauchos-pagarao-mais-pelos-alimento-em-abril\/","og_site_name":"Folha Popular","article_published_time":"2024-03-25T20:00:00+00:00","article_modified_time":"2024-03-26T09:18:22+00:00","og_image":[{"width":2560,"height":1709,"url":"http:\/\/folhapopular.info\/wp-content\/uploads\/2023\/01\/pexels-photomix-company-868110-scaled.jpg","type":"image\/jpeg"}],"author":"Reda\u00e7\u00e3o Folha Popular","twitter_card":"summary_large_image","twitter_misc":{"Escrito por":"Reda\u00e7\u00e3o Folha Popular","Est. tempo de leitura":"2 minutos"},"schema":{"@context":"https:\/\/schema.org","@graph":[{"@type":"Article","@id":"https:\/\/folhapopular.info\/index.php\/2024\/03\/25\/gauchos-pagarao-mais-pelos-alimento-em-abril\/#article","isPartOf":{"@id":"https:\/\/folhapopular.info\/index.php\/2024\/03\/25\/gauchos-pagarao-mais-pelos-alimento-em-abril\/"},"author":{"name":"Reda\u00e7\u00e3o Folha Popular","@id":"https:\/\/folhapopular.info\/#\/schema\/person\/2814e8a0df7643585a9ca38bc6eb9d4b"},"headline":"Ga\u00fachos pagar\u00e3o mais pelos alimentos em abril","datePublished":"2024-03-25T20:00:00+00:00","dateModified":"2024-03-26T09:18:22+00:00","mainEntityOfPage":{"@id":"https:\/\/folhapopular.info\/index.php\/2024\/03\/25\/gauchos-pagarao-mais-pelos-alimento-em-abril\/"},"wordCount":275,"commentCount":0,"image":{"@id":"https:\/\/folhapopular.info\/index.php\/2024\/03\/25\/gauchos-pagarao-mais-pelos-alimento-em-abril\/#primaryimage"},"thumbnailUrl":"https:\/\/folhapopular.info\/wp-content\/uploads\/2023\/01\/pexels-photomix-company-868110-scaled.jpg","keywords":["Alta dos Alimentos","Decreto Estadual","Rio Grande do Sul"],"articleSection":["Destaques","Economia"],"inLanguage":"pt-BR","potentialAction":[{"@type":"CommentAction","name":"Comment","target":["https:\/\/folhapopular.info\/index.php\/2024\/03\/25\/gauchos-pagarao-mais-pelos-alimento-em-abril\/#respond"]}]},{"@type":"WebPage","@id":"https:\/\/folhapopular.info\/index.php\/2024\/03\/25\/gauchos-pagarao-mais-pelos-alimento-em-abril\/","url":"https:\/\/folhapopular.info\/index.php\/2024\/03\/25\/gauchos-pagarao-mais-pelos-alimento-em-abril\/","name":"Ga\u00fachos pagar\u00e3o mais pelos alimentos em abril - Folha Popular","isPartOf":{"@id":"https:\/\/folhapopular.info\/#website"},"primaryImageOfPage":{"@id":"https:\/\/folhapopular.info\/index.php\/2024\/03\/25\/gauchos-pagarao-mais-pelos-alimento-em-abril\/#primaryimage"},"image":{"@id":"https:\/\/folhapopular.info\/index.php\/2024\/03\/25\/gauchos-pagarao-mais-pelos-alimento-em-abril\/#primaryimage"},"thumbnailUrl":"https:\/\/folhapopular.info\/wp-content\/uploads\/2023\/01\/pexels-photomix-company-868110-scaled.jpg","datePublished":"2024-03-25T20:00:00+00:00","dateModified":"2024-03-26T09:18:22+00:00","author":{"@id":"https:\/\/folhapopular.info\/#\/schema\/person\/2814e8a0df7643585a9ca38bc6eb9d4b"},"breadcrumb":{"@id":"https:\/\/folhapopular.info\/index.php\/2024\/03\/25\/gauchos-pagarao-mais-pelos-alimento-em-abril\/#breadcrumb"},"inLanguage":"pt-BR","potentialAction":[{"@type":"ReadAction","target":["https:\/\/folhapopular.info\/index.php\/2024\/03\/25\/gauchos-pagarao-mais-pelos-alimento-em-abril\/"]}]},{"@type":"ImageObject","inLanguage":"pt-BR","@id":"https:\/\/folhapopular.info\/index.php\/2024\/03\/25\/gauchos-pagarao-mais-pelos-alimento-em-abril\/#primaryimage","url":"https:\/\/folhapopular.info\/wp-content\/uploads\/2023\/01\/pexels-photomix-company-868110-scaled.jpg","contentUrl":"https:\/\/folhapopular.info\/wp-content\/uploads\/2023\/01\/pexels-photomix-company-868110-scaled.jpg","width":2560,"height":1709,"caption":"Cr\u00e9dito: Pexels"},{"@type":"BreadcrumbList","@id":"https:\/\/folhapopular.info\/index.php\/2024\/03\/25\/gauchos-pagarao-mais-pelos-alimento-em-abril\/#breadcrumb","itemListElement":[{"@type":"ListItem","position":1,"name":"In\u00edcio","item":"https:\/\/folhapopular.info\/"},{"@type":"ListItem","position":2,"name":"Ga\u00fachos pagar\u00e3o mais pelos alimentos em abril"}]},{"@type":"WebSite","@id":"https:\/\/folhapopular.info\/#website","url":"https:\/\/folhapopular.info\/","name":"Folha Popular","description":"Onde voc\u00ea tem vez e voz","potentialAction":[{"@type":"SearchAction","target":{"@type":"EntryPoint","urlTemplate":"https:\/\/folhapopular.info\/?s={search_term_string}"},"query-input":{"@type":"PropertyValueSpecification","valueRequired":true,"valueName":"search_term_string"}}],"inLanguage":"pt-BR"},{"@type":"Person","@id":"https:\/\/folhapopular.info\/#\/schema\/person\/2814e8a0df7643585a9ca38bc6eb9d4b","name":"Reda\u00e7\u00e3o Folha Popular","image":{"@type":"ImageObject","inLanguage":"pt-BR","@id":"https:\/\/folhapopular.info\/wp-content\/uploads\/2026\/04\/Folha-1.webp","url":"https:\/\/folhapopular.info\/wp-content\/uploads\/2026\/04\/Folha-1.webp","contentUrl":"https:\/\/folhapopular.info\/wp-content\/uploads\/2026\/04\/Folha-1.webp","caption":"Reda\u00e7\u00e3o Folha Popular"},"url":"https:\/\/folhapopular.info\/index.php\/author\/redacao\/"}]}},"jetpack_featured_media_url":"https:\/\/folhapopular.info\/wp-content\/uploads\/2023\/01\/pexels-photomix-company-868110-scaled.jpg","jetpack_sharing_enabled":true,"amp_enabled":true,"_links":{"self":[{"href":"https:\/\/folhapopular.info\/index.php\/wp-json\/wp\/v2\/posts\/153961","targetHints":{"allow":["GET"]}}],"collection":[{"href":"https:\/\/folhapopular.info\/index.php\/wp-json\/wp\/v2\/posts"}],"about":[{"href":"https:\/\/folhapopular.info\/index.php\/wp-json\/wp\/v2\/types\/post"}],"author":[{"embeddable":true,"href":"https:\/\/folhapopular.info\/index.php\/wp-json\/wp\/v2\/users\/8"}],"replies":[{"embeddable":true,"href":"https:\/\/folhapopular.info\/index.php\/wp-json\/wp\/v2\/comments?post=153961"}],"version-history":[{"count":0,"href":"https:\/\/folhapopular.info\/index.php\/wp-json\/wp\/v2\/posts\/153961\/revisions"}],"wp:featuredmedia":[{"embeddable":true,"href":"https:\/\/folhapopular.info\/index.php\/wp-json\/wp\/v2\/media\/119129"}],"wp:attachment":[{"href":"https:\/\/folhapopular.info\/index.php\/wp-json\/wp\/v2\/media?parent=153961"}],"wp:term":[{"taxonomy":"category","embeddable":true,"href":"https:\/\/folhapopular.info\/index.php\/wp-json\/wp\/v2\/categories?post=153961"},{"taxonomy":"post_tag","embeddable":true,"href":"https:\/\/folhapopular.info\/index.php\/wp-json\/wp\/v2\/tags?post=153961"}],"curies":[{"name":"wp","href":"https:\/\/api.w.org\/{rel}","templated":true}]}}