{"id":154035,"date":"2024-03-26T16:57:00","date_gmt":"2024-03-26T19:57:00","guid":{"rendered":"https:\/\/folhapopular.info\/?p=154035"},"modified":"2024-03-26T12:00:51","modified_gmt":"2024-03-26T15:00:51","slug":"lajeado-e-finalista-do-premio-sebrae-prefeitura-empreendedora","status":"publish","type":"post","link":"https:\/\/folhapopular.info\/index.php\/2024\/03\/26\/lajeado-e-finalista-do-premio-sebrae-prefeitura-empreendedora\/","title":{"rendered":"Lajeado \u00e9 finalista do Pr\u00eamio Sebrae Prefeitura Empreendedora"},"content":{"rendered":"\n<p>A Prefeitura de Lajeado \u00e9 finalista da etapa estadual do Pr\u00eamio Sebrae Prefeitura Empreendedora, realizado pelo Servi\u00e7o Brasileiro de Apoio \u00e0s Micro e Pequenas Empresas (Sebrae) dos melhores projetos municipais de fomento ao empreendedorismo e ao desenvolvimento regional a partir de pol\u00edticas p\u00fablicas voltadas \u00e0s micro e pequenas empresas. O reconhecimento ser\u00e1 anunciado em evento na quarta-feira, 27\/03, em Porto Alegre.<\/p>\n\n\n\n<p>Nesta edi\u00e7\u00e3o, s\u00e3o 41 munic\u00edpios finalistas, inscritos em 10 categorias. Os vencedores das categorias ser\u00e3o anunciados durante a cerim\u00f4nia e v\u00e3o representar o Rio Grande do Sul na etapa nacional que ocorre em junho, em Bras\u00edlia.<\/p>\n\n\n\n<p>Lajeado \u00e9 finalista na categoria Cidade Empreendedora com o projeto Trilhas da Inova\u00e7\u00e3o, que \u00e9 coordenado pela Secretaria Desenvolvimento Econ\u00f4mico, Turismo e Agricultura (Sedetag). Pelo projeto, cerca de 330 alunos de escolas municipais de Lajeado participaram de tr\u00eas turmas j\u00e1 formadas pelo Trilhas, que \u00e9 um projeto da \u00e1rea de inova\u00e7\u00e3o do Pro_Move Lajeado na \u00e1rea da educa\u00e7\u00e3o.<\/p>\n\n\n\n<p>&#8211; O Trilhas \u00e9 um projeto que une inova\u00e7\u00e3o, educa\u00e7\u00e3o e o mercado de trabalho. \u00c9 uma oportunidade de despertar o conhecimento em \u00e1reas de atividade profissional. O projeto conta com aulas no contraturno escolar com viv\u00eancias e pr\u00e1ticas em um curso com metodologia inovadora e com conte\u00fados diferenciados, como eletr\u00f4nica, rob\u00f3tica, programa\u00e7\u00e3o de software&nbsp;e tecnologias da ind\u00fastria 4.0. O projeto nasce vinculado \u00e0s demandas decorrentes do Pro_Move, fortalecendo e validando o ecossistema de inova\u00e7\u00e3o da cidade \u2013 explica Andr\u00e9 B\u00fccker, secret\u00e1rio da Sedetag.<\/p>\n\n\n\n<p><strong>Reconhecimento<\/strong><\/p>\n\n\n\n<p>O pr\u00eamio \u00e9 um instrumento de reconhecimento, valoriza\u00e7\u00e3o e difus\u00e3o de iniciativas inovadoras, protagonizadas por governos municipais. Os 41 munic\u00edpios finalistas passaram por avalia\u00e7\u00f5es t\u00e9cnicas de comiss\u00f5es formadas por especialistas de entidades representativas, universidades e institui\u00e7\u00f5es de pesquisa.<\/p>\n\n\n\n<p><strong>Saiba mais sobre o projeto Trilhas da Inova\u00e7\u00e3o<\/strong><\/p>\n\n\n\n<p>&#8211; O projeto Trilhas da Inova\u00e7\u00e3o foi o primeiro projeto da \u00e1rea de inova\u00e7\u00e3o a ser colocado em pr\u00e1tica na \u00e1rea educacional no munic\u00edpio em 2021, por meio do Pro_Move Lajeado. O investimento \u00e9 feito pelo munic\u00edpio para custear as aulas dos alunos, que s\u00e3o realizadas no Senai.<\/p>\n\n\n\n<p>&#8211; Durante cerca de seis meses, os alunos selecionados do 9\u00ba ano do Ensino Fundamental participam, no contraturno das aulas regulares, de viv\u00eancias e pr\u00e1ticas em um curso diferenciado voltado \u00e0s \u00e1reas da inova\u00e7\u00e3o, engenharia e ci\u00eancias exatas.<\/p>\n\n\n\n<p>&#8211; O curso \u00e9 dividido em quatro trilhas independentes: eletr\u00f4nica, rob\u00f3tica, fundamentos para programa\u00e7\u00e3o de software e tecnologias da ind\u00fastria 4.0.<\/p>\n\n\n\n<p>&#8211; S\u00e3o seis turmas que ter\u00e3o aulas de 4 horas de dura\u00e7\u00e3o, totalizando 192 horas de aula no semestre. A Prefeitura de Lajeado oferece lanche e transporte gratuito aos alunos para se deslocarem ao Senai.<\/p>\n\n\n\n<p>&#8211; O Senai fornece o material did\u00e1tico, camiseta de uniforme e caderno aos alunos, bem como os materiais, espa\u00e7os e m\u00e1quinas necess\u00e1rios para a realiza\u00e7\u00e3o do curso.&nbsp;<\/p>\n\n\n\n<p>&#8211; Ao final da capacita\u00e7\u00e3o, os alunos precisam ter frequ\u00eancia m\u00ednima de 75% da carga hor\u00e1ria para receber os certificados.<\/p>\n","protected":false},"excerpt":{"rendered":"<p>A Prefeitura de Lajeado \u00e9 finalista da etapa estadual do Pr\u00eamio Sebrae Prefeitura Empreendedora, realizado pelo Servi\u00e7o Brasileiro de Apoio \u00e0s Micro e Pequenas Empresas (Sebrae) dos melhores projetos municipais de fomento ao empreendedorismo e ao desenvolvimento regional a partir de pol\u00edticas p\u00fablicas voltadas \u00e0s micro e pequenas empresas. O reconhecimento ser\u00e1 anunciado em evento [&hellip;]<\/p>\n","protected":false},"author":8,"featured_media":154036,"comment_status":"open","ping_status":"open","sticky":false,"template":"","format":"standard","meta":{"pmpro_default_level":"","_jetpack_memberships_contains_paid_content":false,"footnotes":""},"categories":[2,3],"tags":[27,14619,3123],"class_list":{"0":"post-154035","1":"post","2":"type-post","3":"status-publish","4":"format-standard","5":"has-post-thumbnail","7":"category-featured","8":"category-geral","9":"tag-lajeado","10":"tag-prefeitura-empreendedora","11":"tag-sebrae","12":"pmpro-has-access"},"yoast_head":"<!-- This site is optimized with the Yoast SEO plugin v27.5 - https:\/\/yoast.com\/product\/yoast-seo-wordpress\/ -->\n<title>Lajeado \u00e9 finalista do Pr\u00eamio Sebrae Prefeitura Empreendedora - Folha Popular<\/title>\n<meta name=\"robots\" content=\"index, follow, max-snippet:-1, max-image-preview:large, max-video-preview:-1\" \/>\n<link rel=\"canonical\" href=\"https:\/\/folhapopular.info\/index.php\/2024\/03\/26\/lajeado-e-finalista-do-premio-sebrae-prefeitura-empreendedora\/\" \/>\n<meta property=\"og:locale\" content=\"pt_BR\" \/>\n<meta property=\"og:type\" content=\"article\" \/>\n<meta property=\"og:title\" content=\"Lajeado \u00e9 finalista do Pr\u00eamio Sebrae Prefeitura Empreendedora - Folha Popular\" \/>\n<meta property=\"og:description\" content=\"A Prefeitura de Lajeado \u00e9 finalista da etapa estadual do Pr\u00eamio Sebrae Prefeitura Empreendedora, realizado pelo Servi\u00e7o Brasileiro de Apoio \u00e0s Micro e Pequenas Empresas (Sebrae) dos melhores projetos municipais de fomento ao empreendedorismo e ao desenvolvimento regional a partir de pol\u00edticas p\u00fablicas voltadas \u00e0s micro e pequenas empresas. O reconhecimento ser\u00e1 anunciado em evento [&hellip;]\" \/>\n<meta property=\"og:url\" content=\"https:\/\/folhapopular.info\/index.php\/2024\/03\/26\/lajeado-e-finalista-do-premio-sebrae-prefeitura-empreendedora\/\" \/>\n<meta property=\"og:site_name\" content=\"Folha Popular\" \/>\n<meta property=\"article:published_time\" content=\"2024-03-26T19:57:00+00:00\" \/>\n<meta property=\"og:image\" content=\"https:\/\/folhapopular.info\/wp-content\/uploads\/2024\/03\/Equipamentos-que-alunos-trabalham-no-Trilhas-Arquivo-scaled.jpg\" \/>\n\t<meta property=\"og:image:width\" content=\"2560\" \/>\n\t<meta property=\"og:image:height\" content=\"1707\" \/>\n\t<meta property=\"og:image:type\" content=\"image\/jpeg\" \/>\n<meta name=\"author\" content=\"Reda\u00e7\u00e3o Folha Popular\" \/>\n<meta name=\"twitter:card\" content=\"summary_large_image\" \/>\n<meta name=\"twitter:label1\" content=\"Escrito por\" \/>\n\t<meta name=\"twitter:data1\" content=\"Reda\u00e7\u00e3o Folha Popular\" \/>\n\t<meta name=\"twitter:label2\" content=\"Est. tempo de leitura\" \/>\n\t<meta name=\"twitter:data2\" content=\"3 minutos\" \/>\n<script type=\"application\/ld+json\" class=\"yoast-schema-graph\">{\"@context\":\"https:\\\/\\\/schema.org\",\"@graph\":[{\"@type\":\"Article\",\"@id\":\"https:\\\/\\\/folhapopular.info\\\/index.php\\\/2024\\\/03\\\/26\\\/lajeado-e-finalista-do-premio-sebrae-prefeitura-empreendedora\\\/#article\",\"isPartOf\":{\"@id\":\"https:\\\/\\\/folhapopular.info\\\/index.php\\\/2024\\\/03\\\/26\\\/lajeado-e-finalista-do-premio-sebrae-prefeitura-empreendedora\\\/\"},\"author\":{\"name\":\"Reda\u00e7\u00e3o Folha Popular\",\"@id\":\"https:\\\/\\\/folhapopular.info\\\/#\\\/schema\\\/person\\\/2814e8a0df7643585a9ca38bc6eb9d4b\"},\"headline\":\"Lajeado \u00e9 finalista do Pr\u00eamio Sebrae Prefeitura Empreendedora\",\"datePublished\":\"2024-03-26T19:57:00+00:00\",\"mainEntityOfPage\":{\"@id\":\"https:\\\/\\\/folhapopular.info\\\/index.php\\\/2024\\\/03\\\/26\\\/lajeado-e-finalista-do-premio-sebrae-prefeitura-empreendedora\\\/\"},\"wordCount\":530,\"commentCount\":0,\"image\":{\"@id\":\"https:\\\/\\\/folhapopular.info\\\/index.php\\\/2024\\\/03\\\/26\\\/lajeado-e-finalista-do-premio-sebrae-prefeitura-empreendedora\\\/#primaryimage\"},\"thumbnailUrl\":\"https:\\\/\\\/folhapopular.info\\\/wp-content\\\/uploads\\\/2024\\\/03\\\/Equipamentos-que-alunos-trabalham-no-Trilhas-Arquivo-scaled.jpg\",\"keywords\":[\"Lajeado\",\"Prefeitura empreendedora\",\"Sebrae\"],\"articleSection\":[\"Destaques\",\"Geral\"],\"inLanguage\":\"pt-BR\",\"potentialAction\":[{\"@type\":\"CommentAction\",\"name\":\"Comment\",\"target\":[\"https:\\\/\\\/folhapopular.info\\\/index.php\\\/2024\\\/03\\\/26\\\/lajeado-e-finalista-do-premio-sebrae-prefeitura-empreendedora\\\/#respond\"]}]},{\"@type\":\"WebPage\",\"@id\":\"https:\\\/\\\/folhapopular.info\\\/index.php\\\/2024\\\/03\\\/26\\\/lajeado-e-finalista-do-premio-sebrae-prefeitura-empreendedora\\\/\",\"url\":\"https:\\\/\\\/folhapopular.info\\\/index.php\\\/2024\\\/03\\\/26\\\/lajeado-e-finalista-do-premio-sebrae-prefeitura-empreendedora\\\/\",\"name\":\"Lajeado \u00e9 finalista do Pr\u00eamio Sebrae Prefeitura Empreendedora - Folha Popular\",\"isPartOf\":{\"@id\":\"https:\\\/\\\/folhapopular.info\\\/#website\"},\"primaryImageOfPage\":{\"@id\":\"https:\\\/\\\/folhapopular.info\\\/index.php\\\/2024\\\/03\\\/26\\\/lajeado-e-finalista-do-premio-sebrae-prefeitura-empreendedora\\\/#primaryimage\"},\"image\":{\"@id\":\"https:\\\/\\\/folhapopular.info\\\/index.php\\\/2024\\\/03\\\/26\\\/lajeado-e-finalista-do-premio-sebrae-prefeitura-empreendedora\\\/#primaryimage\"},\"thumbnailUrl\":\"https:\\\/\\\/folhapopular.info\\\/wp-content\\\/uploads\\\/2024\\\/03\\\/Equipamentos-que-alunos-trabalham-no-Trilhas-Arquivo-scaled.jpg\",\"datePublished\":\"2024-03-26T19:57:00+00:00\",\"author\":{\"@id\":\"https:\\\/\\\/folhapopular.info\\\/#\\\/schema\\\/person\\\/2814e8a0df7643585a9ca38bc6eb9d4b\"},\"breadcrumb\":{\"@id\":\"https:\\\/\\\/folhapopular.info\\\/index.php\\\/2024\\\/03\\\/26\\\/lajeado-e-finalista-do-premio-sebrae-prefeitura-empreendedora\\\/#breadcrumb\"},\"inLanguage\":\"pt-BR\",\"potentialAction\":[{\"@type\":\"ReadAction\",\"target\":[\"https:\\\/\\\/folhapopular.info\\\/index.php\\\/2024\\\/03\\\/26\\\/lajeado-e-finalista-do-premio-sebrae-prefeitura-empreendedora\\\/\"]}]},{\"@type\":\"ImageObject\",\"inLanguage\":\"pt-BR\",\"@id\":\"https:\\\/\\\/folhapopular.info\\\/index.php\\\/2024\\\/03\\\/26\\\/lajeado-e-finalista-do-premio-sebrae-prefeitura-empreendedora\\\/#primaryimage\",\"url\":\"https:\\\/\\\/folhapopular.info\\\/wp-content\\\/uploads\\\/2024\\\/03\\\/Equipamentos-que-alunos-trabalham-no-Trilhas-Arquivo-scaled.jpg\",\"contentUrl\":\"https:\\\/\\\/folhapopular.info\\\/wp-content\\\/uploads\\\/2024\\\/03\\\/Equipamentos-que-alunos-trabalham-no-Trilhas-Arquivo-scaled.jpg\",\"width\":2560,\"height\":1707},{\"@type\":\"BreadcrumbList\",\"@id\":\"https:\\\/\\\/folhapopular.info\\\/index.php\\\/2024\\\/03\\\/26\\\/lajeado-e-finalista-do-premio-sebrae-prefeitura-empreendedora\\\/#breadcrumb\",\"itemListElement\":[{\"@type\":\"ListItem\",\"position\":1,\"name\":\"In\u00edcio\",\"item\":\"https:\\\/\\\/folhapopular.info\\\/\"},{\"@type\":\"ListItem\",\"position\":2,\"name\":\"Lajeado \u00e9 finalista do Pr\u00eamio Sebrae Prefeitura Empreendedora\"}]},{\"@type\":\"WebSite\",\"@id\":\"https:\\\/\\\/folhapopular.info\\\/#website\",\"url\":\"https:\\\/\\\/folhapopular.info\\\/\",\"name\":\"Folha Popular\",\"description\":\"Onde voc\u00ea tem vez e voz\",\"potentialAction\":[{\"@type\":\"SearchAction\",\"target\":{\"@type\":\"EntryPoint\",\"urlTemplate\":\"https:\\\/\\\/folhapopular.info\\\/?s={search_term_string}\"},\"query-input\":{\"@type\":\"PropertyValueSpecification\",\"valueRequired\":true,\"valueName\":\"search_term_string\"}}],\"inLanguage\":\"pt-BR\"},{\"@type\":\"Person\",\"@id\":\"https:\\\/\\\/folhapopular.info\\\/#\\\/schema\\\/person\\\/2814e8a0df7643585a9ca38bc6eb9d4b\",\"name\":\"Reda\u00e7\u00e3o Folha Popular\",\"image\":{\"@type\":\"ImageObject\",\"inLanguage\":\"pt-BR\",\"@id\":\"https:\\\/\\\/folhapopular.info\\\/wp-content\\\/uploads\\\/2026\\\/04\\\/Folha-1.webp\",\"url\":\"https:\\\/\\\/folhapopular.info\\\/wp-content\\\/uploads\\\/2026\\\/04\\\/Folha-1.webp\",\"contentUrl\":\"https:\\\/\\\/folhapopular.info\\\/wp-content\\\/uploads\\\/2026\\\/04\\\/Folha-1.webp\",\"caption\":\"Reda\u00e7\u00e3o Folha Popular\"},\"url\":\"https:\\\/\\\/folhapopular.info\\\/index.php\\\/author\\\/redacao\\\/\"}]}<\/script>\n<!-- \/ Yoast SEO plugin. -->","yoast_head_json":{"title":"Lajeado \u00e9 finalista do Pr\u00eamio Sebrae Prefeitura Empreendedora - Folha Popular","robots":{"index":"index","follow":"follow","max-snippet":"max-snippet:-1","max-image-preview":"max-image-preview:large","max-video-preview":"max-video-preview:-1"},"canonical":"https:\/\/folhapopular.info\/index.php\/2024\/03\/26\/lajeado-e-finalista-do-premio-sebrae-prefeitura-empreendedora\/","og_locale":"pt_BR","og_type":"article","og_title":"Lajeado \u00e9 finalista do Pr\u00eamio Sebrae Prefeitura Empreendedora - Folha Popular","og_description":"A Prefeitura de Lajeado \u00e9 finalista da etapa estadual do Pr\u00eamio Sebrae Prefeitura Empreendedora, realizado pelo Servi\u00e7o Brasileiro de Apoio \u00e0s Micro e Pequenas Empresas (Sebrae) dos melhores projetos municipais de fomento ao empreendedorismo e ao desenvolvimento regional a partir de pol\u00edticas p\u00fablicas voltadas \u00e0s micro e pequenas empresas. O reconhecimento ser\u00e1 anunciado em evento [&hellip;]","og_url":"https:\/\/folhapopular.info\/index.php\/2024\/03\/26\/lajeado-e-finalista-do-premio-sebrae-prefeitura-empreendedora\/","og_site_name":"Folha Popular","article_published_time":"2024-03-26T19:57:00+00:00","og_image":[{"width":2560,"height":1707,"url":"https:\/\/folhapopular.info\/wp-content\/uploads\/2024\/03\/Equipamentos-que-alunos-trabalham-no-Trilhas-Arquivo-scaled.jpg","type":"image\/jpeg"}],"author":"Reda\u00e7\u00e3o Folha Popular","twitter_card":"summary_large_image","twitter_misc":{"Escrito por":"Reda\u00e7\u00e3o Folha Popular","Est. tempo de leitura":"3 minutos"},"schema":{"@context":"https:\/\/schema.org","@graph":[{"@type":"Article","@id":"https:\/\/folhapopular.info\/index.php\/2024\/03\/26\/lajeado-e-finalista-do-premio-sebrae-prefeitura-empreendedora\/#article","isPartOf":{"@id":"https:\/\/folhapopular.info\/index.php\/2024\/03\/26\/lajeado-e-finalista-do-premio-sebrae-prefeitura-empreendedora\/"},"author":{"name":"Reda\u00e7\u00e3o Folha Popular","@id":"https:\/\/folhapopular.info\/#\/schema\/person\/2814e8a0df7643585a9ca38bc6eb9d4b"},"headline":"Lajeado \u00e9 finalista do Pr\u00eamio Sebrae Prefeitura Empreendedora","datePublished":"2024-03-26T19:57:00+00:00","mainEntityOfPage":{"@id":"https:\/\/folhapopular.info\/index.php\/2024\/03\/26\/lajeado-e-finalista-do-premio-sebrae-prefeitura-empreendedora\/"},"wordCount":530,"commentCount":0,"image":{"@id":"https:\/\/folhapopular.info\/index.php\/2024\/03\/26\/lajeado-e-finalista-do-premio-sebrae-prefeitura-empreendedora\/#primaryimage"},"thumbnailUrl":"https:\/\/folhapopular.info\/wp-content\/uploads\/2024\/03\/Equipamentos-que-alunos-trabalham-no-Trilhas-Arquivo-scaled.jpg","keywords":["Lajeado","Prefeitura empreendedora","Sebrae"],"articleSection":["Destaques","Geral"],"inLanguage":"pt-BR","potentialAction":[{"@type":"CommentAction","name":"Comment","target":["https:\/\/folhapopular.info\/index.php\/2024\/03\/26\/lajeado-e-finalista-do-premio-sebrae-prefeitura-empreendedora\/#respond"]}]},{"@type":"WebPage","@id":"https:\/\/folhapopular.info\/index.php\/2024\/03\/26\/lajeado-e-finalista-do-premio-sebrae-prefeitura-empreendedora\/","url":"https:\/\/folhapopular.info\/index.php\/2024\/03\/26\/lajeado-e-finalista-do-premio-sebrae-prefeitura-empreendedora\/","name":"Lajeado \u00e9 finalista do Pr\u00eamio Sebrae Prefeitura Empreendedora - Folha Popular","isPartOf":{"@id":"https:\/\/folhapopular.info\/#website"},"primaryImageOfPage":{"@id":"https:\/\/folhapopular.info\/index.php\/2024\/03\/26\/lajeado-e-finalista-do-premio-sebrae-prefeitura-empreendedora\/#primaryimage"},"image":{"@id":"https:\/\/folhapopular.info\/index.php\/2024\/03\/26\/lajeado-e-finalista-do-premio-sebrae-prefeitura-empreendedora\/#primaryimage"},"thumbnailUrl":"https:\/\/folhapopular.info\/wp-content\/uploads\/2024\/03\/Equipamentos-que-alunos-trabalham-no-Trilhas-Arquivo-scaled.jpg","datePublished":"2024-03-26T19:57:00+00:00","author":{"@id":"https:\/\/folhapopular.info\/#\/schema\/person\/2814e8a0df7643585a9ca38bc6eb9d4b"},"breadcrumb":{"@id":"https:\/\/folhapopular.info\/index.php\/2024\/03\/26\/lajeado-e-finalista-do-premio-sebrae-prefeitura-empreendedora\/#breadcrumb"},"inLanguage":"pt-BR","potentialAction":[{"@type":"ReadAction","target":["https:\/\/folhapopular.info\/index.php\/2024\/03\/26\/lajeado-e-finalista-do-premio-sebrae-prefeitura-empreendedora\/"]}]},{"@type":"ImageObject","inLanguage":"pt-BR","@id":"https:\/\/folhapopular.info\/index.php\/2024\/03\/26\/lajeado-e-finalista-do-premio-sebrae-prefeitura-empreendedora\/#primaryimage","url":"https:\/\/folhapopular.info\/wp-content\/uploads\/2024\/03\/Equipamentos-que-alunos-trabalham-no-Trilhas-Arquivo-scaled.jpg","contentUrl":"https:\/\/folhapopular.info\/wp-content\/uploads\/2024\/03\/Equipamentos-que-alunos-trabalham-no-Trilhas-Arquivo-scaled.jpg","width":2560,"height":1707},{"@type":"BreadcrumbList","@id":"https:\/\/folhapopular.info\/index.php\/2024\/03\/26\/lajeado-e-finalista-do-premio-sebrae-prefeitura-empreendedora\/#breadcrumb","itemListElement":[{"@type":"ListItem","position":1,"name":"In\u00edcio","item":"https:\/\/folhapopular.info\/"},{"@type":"ListItem","position":2,"name":"Lajeado \u00e9 finalista do Pr\u00eamio Sebrae Prefeitura Empreendedora"}]},{"@type":"WebSite","@id":"https:\/\/folhapopular.info\/#website","url":"https:\/\/folhapopular.info\/","name":"Folha Popular","description":"Onde voc\u00ea tem vez e voz","potentialAction":[{"@type":"SearchAction","target":{"@type":"EntryPoint","urlTemplate":"https:\/\/folhapopular.info\/?s={search_term_string}"},"query-input":{"@type":"PropertyValueSpecification","valueRequired":true,"valueName":"search_term_string"}}],"inLanguage":"pt-BR"},{"@type":"Person","@id":"https:\/\/folhapopular.info\/#\/schema\/person\/2814e8a0df7643585a9ca38bc6eb9d4b","name":"Reda\u00e7\u00e3o Folha Popular","image":{"@type":"ImageObject","inLanguage":"pt-BR","@id":"https:\/\/folhapopular.info\/wp-content\/uploads\/2026\/04\/Folha-1.webp","url":"https:\/\/folhapopular.info\/wp-content\/uploads\/2026\/04\/Folha-1.webp","contentUrl":"https:\/\/folhapopular.info\/wp-content\/uploads\/2026\/04\/Folha-1.webp","caption":"Reda\u00e7\u00e3o Folha Popular"},"url":"https:\/\/folhapopular.info\/index.php\/author\/redacao\/"}]}},"jetpack_featured_media_url":"https:\/\/folhapopular.info\/wp-content\/uploads\/2024\/03\/Equipamentos-que-alunos-trabalham-no-Trilhas-Arquivo-scaled.jpg","jetpack_sharing_enabled":true,"amp_enabled":true,"_links":{"self":[{"href":"https:\/\/folhapopular.info\/index.php\/wp-json\/wp\/v2\/posts\/154035","targetHints":{"allow":["GET"]}}],"collection":[{"href":"https:\/\/folhapopular.info\/index.php\/wp-json\/wp\/v2\/posts"}],"about":[{"href":"https:\/\/folhapopular.info\/index.php\/wp-json\/wp\/v2\/types\/post"}],"author":[{"embeddable":true,"href":"https:\/\/folhapopular.info\/index.php\/wp-json\/wp\/v2\/users\/8"}],"replies":[{"embeddable":true,"href":"https:\/\/folhapopular.info\/index.php\/wp-json\/wp\/v2\/comments?post=154035"}],"version-history":[{"count":0,"href":"https:\/\/folhapopular.info\/index.php\/wp-json\/wp\/v2\/posts\/154035\/revisions"}],"wp:featuredmedia":[{"embeddable":true,"href":"https:\/\/folhapopular.info\/index.php\/wp-json\/wp\/v2\/media\/154036"}],"wp:attachment":[{"href":"https:\/\/folhapopular.info\/index.php\/wp-json\/wp\/v2\/media?parent=154035"}],"wp:term":[{"taxonomy":"category","embeddable":true,"href":"https:\/\/folhapopular.info\/index.php\/wp-json\/wp\/v2\/categories?post=154035"},{"taxonomy":"post_tag","embeddable":true,"href":"https:\/\/folhapopular.info\/index.php\/wp-json\/wp\/v2\/tags?post=154035"}],"curies":[{"name":"wp","href":"https:\/\/api.w.org\/{rel}","templated":true}]}}