{"id":154285,"date":"2024-03-28T12:00:00","date_gmt":"2024-03-28T15:00:00","guid":{"rendered":"https:\/\/folhapopular.info\/?p=154285"},"modified":"2024-03-28T06:52:12","modified_gmt":"2024-03-28T09:52:12","slug":"combinacao-de-calor-e-umidade-afetam-a-producao-de-leite-no-estado","status":"publish","type":"post","link":"https:\/\/folhapopular.info\/index.php\/2024\/03\/28\/combinacao-de-calor-e-umidade-afetam-a-producao-de-leite-no-estado\/","title":{"rendered":"Combina\u00e7\u00e3o de calor e umidade  afetam a produ\u00e7\u00e3o de leite no Estado"},"content":{"rendered":"\n<p>A queda da produ\u00e7\u00e3o leiteira no Rio Grande do Sul, registrada entre dezembro de 2023 e fevereiro deste ano, decorre tamb\u00e9m das condi\u00e7\u00f5es clim\u00e1ticas.\u00a0Essa \u00e9 a conclus\u00e3o da an\u00e1lise do Departamento de Diagn\u00f3stico e Pesquisa Agropecu\u00e1ria da Secretaria da Agricultura, Pecu\u00e1ria, Produ\u00e7\u00e3o Sustent\u00e1vel e Irriga\u00e7\u00e3o (DDPA\/Seapi), divulgado nesta quarta-feira (27\/3).<\/p>\n\n\n\n<p>Segundo o departamento, as situa\u00e7\u00f5es adversas do clima provocam desconforto t\u00e9rmico. Os animais, de origem europeia, enfrentaram a combina\u00e7\u00e3o de calor e alta umidade com dificuldade.&nbsp;<\/p>\n\n\n\n<p>Dos 29 munic\u00edpios monitorados em dez regi\u00f5es ecoclim\u00e1ticas, 13 registraram a queda estimada de produ\u00e7\u00e3o di\u00e1ria de leite superior a quatro quilos.<\/p>\n\n\n\n<p>Lideram as potenciais perdas as propriedades de Ma\u00e7ambar\u00e1 (5,1 kg), Itaqui (4,8 kg) e Uruguaiana (4,7 kg), todas localizadas na Fronteira-Oeste do Estado em fevereiro. Os impactos foram mais acentuados em vacas de maior produtividade.<\/p>\n","protected":false},"excerpt":{"rendered":"<p>A queda da produ\u00e7\u00e3o leiteira no Rio Grande do Sul, registrada entre dezembro de 2023 e fevereiro deste ano, decorre tamb\u00e9m das condi\u00e7\u00f5es clim\u00e1ticas.\u00a0Essa \u00e9 a conclus\u00e3o da an\u00e1lise do Departamento de Diagn\u00f3stico e Pesquisa Agropecu\u00e1ria da Secretaria da Agricultura, Pecu\u00e1ria, Produ\u00e7\u00e3o Sustent\u00e1vel e Irriga\u00e7\u00e3o (DDPA\/Seapi), divulgado nesta quarta-feira (27\/3). Segundo o departamento, as situa\u00e7\u00f5es [&hellip;]<\/p>\n","protected":false},"author":707,"featured_media":150273,"comment_status":"open","ping_status":"open","sticky":false,"template":"","format":"standard","meta":{"pmpro_default_level":"","_jetpack_memberships_contains_paid_content":false,"footnotes":""},"categories":[2,10991,10994],"tags":[14184,10101,1794],"class_list":{"0":"post-154285","1":"post","2":"type-post","3":"status-publish","4":"format-standard","5":"has-post-thumbnail","7":"category-featured","8":"category-economia","9":"category-rural","10":"tag-cadeira-leiteira","11":"tag-produtividade","12":"tag-rio-grande-do-sul","13":"pmpro-has-access"},"yoast_head":"<!-- This site is optimized with the Yoast SEO plugin v27.5 - https:\/\/yoast.com\/product\/yoast-seo-wordpress\/ -->\n<title>Combina\u00e7\u00e3o de calor e umidade afetam a produ\u00e7\u00e3o de leite no Estado - Folha Popular<\/title>\n<meta name=\"robots\" content=\"index, follow, max-snippet:-1, max-image-preview:large, max-video-preview:-1\" \/>\n<link rel=\"canonical\" href=\"https:\/\/folhapopular.info\/index.php\/2024\/03\/28\/combinacao-de-calor-e-umidade-afetam-a-producao-de-leite-no-estado\/\" \/>\n<meta property=\"og:locale\" content=\"pt_BR\" \/>\n<meta property=\"og:type\" content=\"article\" \/>\n<meta property=\"og:title\" content=\"Combina\u00e7\u00e3o de calor e umidade afetam a produ\u00e7\u00e3o de leite no Estado - Folha Popular\" \/>\n<meta property=\"og:description\" content=\"A queda da produ\u00e7\u00e3o leiteira no Rio Grande do Sul, registrada entre dezembro de 2023 e fevereiro deste ano, decorre tamb\u00e9m das condi\u00e7\u00f5es clim\u00e1ticas.\u00a0Essa \u00e9 a conclus\u00e3o da an\u00e1lise do Departamento de Diagn\u00f3stico e Pesquisa Agropecu\u00e1ria da Secretaria da Agricultura, Pecu\u00e1ria, Produ\u00e7\u00e3o Sustent\u00e1vel e Irriga\u00e7\u00e3o (DDPA\/Seapi), divulgado nesta quarta-feira (27\/3). Segundo o departamento, as situa\u00e7\u00f5es [&hellip;]\" \/>\n<meta property=\"og:url\" content=\"https:\/\/folhapopular.info\/index.php\/2024\/03\/28\/combinacao-de-calor-e-umidade-afetam-a-producao-de-leite-no-estado\/\" \/>\n<meta property=\"og:site_name\" content=\"Folha Popular\" \/>\n<meta property=\"article:published_time\" content=\"2024-03-28T15:00:00+00:00\" \/>\n<meta property=\"og:image\" content=\"https:\/\/folhapopular.info\/wp-content\/uploads\/2024\/02\/producao-gado-de-leite.jpg\" \/>\n\t<meta property=\"og:image:width\" content=\"1024\" \/>\n\t<meta property=\"og:image:height\" content=\"680\" \/>\n\t<meta property=\"og:image:type\" content=\"image\/jpeg\" \/>\n<meta name=\"author\" content=\"Ariana de Oliveira\" \/>\n<meta name=\"twitter:card\" content=\"summary_large_image\" \/>\n<meta name=\"twitter:label1\" content=\"Escrito por\" \/>\n\t<meta name=\"twitter:data1\" content=\"Ariana de Oliveira\" \/>\n\t<meta name=\"twitter:label2\" content=\"Est. tempo de leitura\" \/>\n\t<meta name=\"twitter:data2\" content=\"1 minuto\" \/>\n<script type=\"application\/ld+json\" class=\"yoast-schema-graph\">{\"@context\":\"https:\\\/\\\/schema.org\",\"@graph\":[{\"@type\":\"Article\",\"@id\":\"https:\\\/\\\/folhapopular.info\\\/index.php\\\/2024\\\/03\\\/28\\\/combinacao-de-calor-e-umidade-afetam-a-producao-de-leite-no-estado\\\/#article\",\"isPartOf\":{\"@id\":\"https:\\\/\\\/folhapopular.info\\\/index.php\\\/2024\\\/03\\\/28\\\/combinacao-de-calor-e-umidade-afetam-a-producao-de-leite-no-estado\\\/\"},\"author\":{\"name\":\"Ariana de Oliveira\",\"@id\":\"https:\\\/\\\/folhapopular.info\\\/#\\\/schema\\\/person\\\/e80d332e33633a6164933af03d7ee1b2\"},\"headline\":\"Combina\u00e7\u00e3o de calor e umidade afetam a produ\u00e7\u00e3o de leite no Estado\",\"datePublished\":\"2024-03-28T15:00:00+00:00\",\"mainEntityOfPage\":{\"@id\":\"https:\\\/\\\/folhapopular.info\\\/index.php\\\/2024\\\/03\\\/28\\\/combinacao-de-calor-e-umidade-afetam-a-producao-de-leite-no-estado\\\/\"},\"wordCount\":163,\"commentCount\":0,\"image\":{\"@id\":\"https:\\\/\\\/folhapopular.info\\\/index.php\\\/2024\\\/03\\\/28\\\/combinacao-de-calor-e-umidade-afetam-a-producao-de-leite-no-estado\\\/#primaryimage\"},\"thumbnailUrl\":\"https:\\\/\\\/folhapopular.info\\\/wp-content\\\/uploads\\\/2024\\\/02\\\/producao-gado-de-leite.jpg\",\"keywords\":[\"Cadeira Leiteira\",\"Produtividade\",\"Rio Grande do Sul\"],\"articleSection\":[\"Destaques\",\"Economia\",\"Rural\"],\"inLanguage\":\"pt-BR\",\"potentialAction\":[{\"@type\":\"CommentAction\",\"name\":\"Comment\",\"target\":[\"https:\\\/\\\/folhapopular.info\\\/index.php\\\/2024\\\/03\\\/28\\\/combinacao-de-calor-e-umidade-afetam-a-producao-de-leite-no-estado\\\/#respond\"]}]},{\"@type\":\"WebPage\",\"@id\":\"https:\\\/\\\/folhapopular.info\\\/index.php\\\/2024\\\/03\\\/28\\\/combinacao-de-calor-e-umidade-afetam-a-producao-de-leite-no-estado\\\/\",\"url\":\"https:\\\/\\\/folhapopular.info\\\/index.php\\\/2024\\\/03\\\/28\\\/combinacao-de-calor-e-umidade-afetam-a-producao-de-leite-no-estado\\\/\",\"name\":\"Combina\u00e7\u00e3o de calor e umidade afetam a produ\u00e7\u00e3o de leite no Estado - Folha Popular\",\"isPartOf\":{\"@id\":\"https:\\\/\\\/folhapopular.info\\\/#website\"},\"primaryImageOfPage\":{\"@id\":\"https:\\\/\\\/folhapopular.info\\\/index.php\\\/2024\\\/03\\\/28\\\/combinacao-de-calor-e-umidade-afetam-a-producao-de-leite-no-estado\\\/#primaryimage\"},\"image\":{\"@id\":\"https:\\\/\\\/folhapopular.info\\\/index.php\\\/2024\\\/03\\\/28\\\/combinacao-de-calor-e-umidade-afetam-a-producao-de-leite-no-estado\\\/#primaryimage\"},\"thumbnailUrl\":\"https:\\\/\\\/folhapopular.info\\\/wp-content\\\/uploads\\\/2024\\\/02\\\/producao-gado-de-leite.jpg\",\"datePublished\":\"2024-03-28T15:00:00+00:00\",\"author\":{\"@id\":\"https:\\\/\\\/folhapopular.info\\\/#\\\/schema\\\/person\\\/e80d332e33633a6164933af03d7ee1b2\"},\"breadcrumb\":{\"@id\":\"https:\\\/\\\/folhapopular.info\\\/index.php\\\/2024\\\/03\\\/28\\\/combinacao-de-calor-e-umidade-afetam-a-producao-de-leite-no-estado\\\/#breadcrumb\"},\"inLanguage\":\"pt-BR\",\"potentialAction\":[{\"@type\":\"ReadAction\",\"target\":[\"https:\\\/\\\/folhapopular.info\\\/index.php\\\/2024\\\/03\\\/28\\\/combinacao-de-calor-e-umidade-afetam-a-producao-de-leite-no-estado\\\/\"]}]},{\"@type\":\"ImageObject\",\"inLanguage\":\"pt-BR\",\"@id\":\"https:\\\/\\\/folhapopular.info\\\/index.php\\\/2024\\\/03\\\/28\\\/combinacao-de-calor-e-umidade-afetam-a-producao-de-leite-no-estado\\\/#primaryimage\",\"url\":\"https:\\\/\\\/folhapopular.info\\\/wp-content\\\/uploads\\\/2024\\\/02\\\/producao-gado-de-leite.jpg\",\"contentUrl\":\"https:\\\/\\\/folhapopular.info\\\/wp-content\\\/uploads\\\/2024\\\/02\\\/producao-gado-de-leite.jpg\",\"width\":1024,\"height\":680,\"caption\":\"Cr\u00e9dito: Divulga\u00e7\u00e3o\"},{\"@type\":\"BreadcrumbList\",\"@id\":\"https:\\\/\\\/folhapopular.info\\\/index.php\\\/2024\\\/03\\\/28\\\/combinacao-de-calor-e-umidade-afetam-a-producao-de-leite-no-estado\\\/#breadcrumb\",\"itemListElement\":[{\"@type\":\"ListItem\",\"position\":1,\"name\":\"In\u00edcio\",\"item\":\"https:\\\/\\\/folhapopular.info\\\/\"},{\"@type\":\"ListItem\",\"position\":2,\"name\":\"Combina\u00e7\u00e3o de calor e umidade afetam a produ\u00e7\u00e3o de leite no Estado\"}]},{\"@type\":\"WebSite\",\"@id\":\"https:\\\/\\\/folhapopular.info\\\/#website\",\"url\":\"https:\\\/\\\/folhapopular.info\\\/\",\"name\":\"Folha Popular\",\"description\":\"Onde voc\u00ea tem vez e voz\",\"potentialAction\":[{\"@type\":\"SearchAction\",\"target\":{\"@type\":\"EntryPoint\",\"urlTemplate\":\"https:\\\/\\\/folhapopular.info\\\/?s={search_term_string}\"},\"query-input\":{\"@type\":\"PropertyValueSpecification\",\"valueRequired\":true,\"valueName\":\"search_term_string\"}}],\"inLanguage\":\"pt-BR\"},{\"@type\":\"Person\",\"@id\":\"https:\\\/\\\/folhapopular.info\\\/#\\\/schema\\\/person\\\/e80d332e33633a6164933af03d7ee1b2\",\"name\":\"Ariana de Oliveira\",\"image\":{\"@type\":\"ImageObject\",\"inLanguage\":\"pt-BR\",\"@id\":\"https:\\\/\\\/secure.gravatar.com\\\/avatar\\\/f41f85ba276460e0a04f6d5aca07e53f273efeee7e662d9ef431432a18216f59?s=96&d=mm&r=g\",\"url\":\"https:\\\/\\\/secure.gravatar.com\\\/avatar\\\/f41f85ba276460e0a04f6d5aca07e53f273efeee7e662d9ef431432a18216f59?s=96&d=mm&r=g\",\"contentUrl\":\"https:\\\/\\\/secure.gravatar.com\\\/avatar\\\/f41f85ba276460e0a04f6d5aca07e53f273efeee7e662d9ef431432a18216f59?s=96&d=mm&r=g\",\"caption\":\"Ariana de Oliveira\"},\"url\":\"https:\\\/\\\/folhapopular.info\\\/index.php\\\/author\\\/ariana-deoliveiragmail-com\\\/\"}]}<\/script>\n<!-- \/ Yoast SEO plugin. -->","yoast_head_json":{"title":"Combina\u00e7\u00e3o de calor e umidade afetam a produ\u00e7\u00e3o de leite no Estado - Folha Popular","robots":{"index":"index","follow":"follow","max-snippet":"max-snippet:-1","max-image-preview":"max-image-preview:large","max-video-preview":"max-video-preview:-1"},"canonical":"https:\/\/folhapopular.info\/index.php\/2024\/03\/28\/combinacao-de-calor-e-umidade-afetam-a-producao-de-leite-no-estado\/","og_locale":"pt_BR","og_type":"article","og_title":"Combina\u00e7\u00e3o de calor e umidade afetam a produ\u00e7\u00e3o de leite no Estado - Folha Popular","og_description":"A queda da produ\u00e7\u00e3o leiteira no Rio Grande do Sul, registrada entre dezembro de 2023 e fevereiro deste ano, decorre tamb\u00e9m das condi\u00e7\u00f5es clim\u00e1ticas.\u00a0Essa \u00e9 a conclus\u00e3o da an\u00e1lise do Departamento de Diagn\u00f3stico e Pesquisa Agropecu\u00e1ria da Secretaria da Agricultura, Pecu\u00e1ria, Produ\u00e7\u00e3o Sustent\u00e1vel e Irriga\u00e7\u00e3o (DDPA\/Seapi), divulgado nesta quarta-feira (27\/3). Segundo o departamento, as situa\u00e7\u00f5es [&hellip;]","og_url":"https:\/\/folhapopular.info\/index.php\/2024\/03\/28\/combinacao-de-calor-e-umidade-afetam-a-producao-de-leite-no-estado\/","og_site_name":"Folha Popular","article_published_time":"2024-03-28T15:00:00+00:00","og_image":[{"width":1024,"height":680,"url":"https:\/\/folhapopular.info\/wp-content\/uploads\/2024\/02\/producao-gado-de-leite.jpg","type":"image\/jpeg"}],"author":"Ariana de Oliveira","twitter_card":"summary_large_image","twitter_misc":{"Escrito por":"Ariana de Oliveira","Est. tempo de leitura":"1 minuto"},"schema":{"@context":"https:\/\/schema.org","@graph":[{"@type":"Article","@id":"https:\/\/folhapopular.info\/index.php\/2024\/03\/28\/combinacao-de-calor-e-umidade-afetam-a-producao-de-leite-no-estado\/#article","isPartOf":{"@id":"https:\/\/folhapopular.info\/index.php\/2024\/03\/28\/combinacao-de-calor-e-umidade-afetam-a-producao-de-leite-no-estado\/"},"author":{"name":"Ariana de Oliveira","@id":"https:\/\/folhapopular.info\/#\/schema\/person\/e80d332e33633a6164933af03d7ee1b2"},"headline":"Combina\u00e7\u00e3o de calor e umidade afetam a produ\u00e7\u00e3o de leite no Estado","datePublished":"2024-03-28T15:00:00+00:00","mainEntityOfPage":{"@id":"https:\/\/folhapopular.info\/index.php\/2024\/03\/28\/combinacao-de-calor-e-umidade-afetam-a-producao-de-leite-no-estado\/"},"wordCount":163,"commentCount":0,"image":{"@id":"https:\/\/folhapopular.info\/index.php\/2024\/03\/28\/combinacao-de-calor-e-umidade-afetam-a-producao-de-leite-no-estado\/#primaryimage"},"thumbnailUrl":"https:\/\/folhapopular.info\/wp-content\/uploads\/2024\/02\/producao-gado-de-leite.jpg","keywords":["Cadeira Leiteira","Produtividade","Rio Grande do Sul"],"articleSection":["Destaques","Economia","Rural"],"inLanguage":"pt-BR","potentialAction":[{"@type":"CommentAction","name":"Comment","target":["https:\/\/folhapopular.info\/index.php\/2024\/03\/28\/combinacao-de-calor-e-umidade-afetam-a-producao-de-leite-no-estado\/#respond"]}]},{"@type":"WebPage","@id":"https:\/\/folhapopular.info\/index.php\/2024\/03\/28\/combinacao-de-calor-e-umidade-afetam-a-producao-de-leite-no-estado\/","url":"https:\/\/folhapopular.info\/index.php\/2024\/03\/28\/combinacao-de-calor-e-umidade-afetam-a-producao-de-leite-no-estado\/","name":"Combina\u00e7\u00e3o de calor e umidade afetam a produ\u00e7\u00e3o de leite no Estado - Folha Popular","isPartOf":{"@id":"https:\/\/folhapopular.info\/#website"},"primaryImageOfPage":{"@id":"https:\/\/folhapopular.info\/index.php\/2024\/03\/28\/combinacao-de-calor-e-umidade-afetam-a-producao-de-leite-no-estado\/#primaryimage"},"image":{"@id":"https:\/\/folhapopular.info\/index.php\/2024\/03\/28\/combinacao-de-calor-e-umidade-afetam-a-producao-de-leite-no-estado\/#primaryimage"},"thumbnailUrl":"https:\/\/folhapopular.info\/wp-content\/uploads\/2024\/02\/producao-gado-de-leite.jpg","datePublished":"2024-03-28T15:00:00+00:00","author":{"@id":"https:\/\/folhapopular.info\/#\/schema\/person\/e80d332e33633a6164933af03d7ee1b2"},"breadcrumb":{"@id":"https:\/\/folhapopular.info\/index.php\/2024\/03\/28\/combinacao-de-calor-e-umidade-afetam-a-producao-de-leite-no-estado\/#breadcrumb"},"inLanguage":"pt-BR","potentialAction":[{"@type":"ReadAction","target":["https:\/\/folhapopular.info\/index.php\/2024\/03\/28\/combinacao-de-calor-e-umidade-afetam-a-producao-de-leite-no-estado\/"]}]},{"@type":"ImageObject","inLanguage":"pt-BR","@id":"https:\/\/folhapopular.info\/index.php\/2024\/03\/28\/combinacao-de-calor-e-umidade-afetam-a-producao-de-leite-no-estado\/#primaryimage","url":"https:\/\/folhapopular.info\/wp-content\/uploads\/2024\/02\/producao-gado-de-leite.jpg","contentUrl":"https:\/\/folhapopular.info\/wp-content\/uploads\/2024\/02\/producao-gado-de-leite.jpg","width":1024,"height":680,"caption":"Cr\u00e9dito: Divulga\u00e7\u00e3o"},{"@type":"BreadcrumbList","@id":"https:\/\/folhapopular.info\/index.php\/2024\/03\/28\/combinacao-de-calor-e-umidade-afetam-a-producao-de-leite-no-estado\/#breadcrumb","itemListElement":[{"@type":"ListItem","position":1,"name":"In\u00edcio","item":"https:\/\/folhapopular.info\/"},{"@type":"ListItem","position":2,"name":"Combina\u00e7\u00e3o de calor e umidade afetam a produ\u00e7\u00e3o de leite no Estado"}]},{"@type":"WebSite","@id":"https:\/\/folhapopular.info\/#website","url":"https:\/\/folhapopular.info\/","name":"Folha Popular","description":"Onde voc\u00ea tem vez e voz","potentialAction":[{"@type":"SearchAction","target":{"@type":"EntryPoint","urlTemplate":"https:\/\/folhapopular.info\/?s={search_term_string}"},"query-input":{"@type":"PropertyValueSpecification","valueRequired":true,"valueName":"search_term_string"}}],"inLanguage":"pt-BR"},{"@type":"Person","@id":"https:\/\/folhapopular.info\/#\/schema\/person\/e80d332e33633a6164933af03d7ee1b2","name":"Ariana de Oliveira","image":{"@type":"ImageObject","inLanguage":"pt-BR","@id":"https:\/\/secure.gravatar.com\/avatar\/f41f85ba276460e0a04f6d5aca07e53f273efeee7e662d9ef431432a18216f59?s=96&d=mm&r=g","url":"https:\/\/secure.gravatar.com\/avatar\/f41f85ba276460e0a04f6d5aca07e53f273efeee7e662d9ef431432a18216f59?s=96&d=mm&r=g","contentUrl":"https:\/\/secure.gravatar.com\/avatar\/f41f85ba276460e0a04f6d5aca07e53f273efeee7e662d9ef431432a18216f59?s=96&d=mm&r=g","caption":"Ariana de Oliveira"},"url":"https:\/\/folhapopular.info\/index.php\/author\/ariana-deoliveiragmail-com\/"}]}},"jetpack_featured_media_url":"https:\/\/folhapopular.info\/wp-content\/uploads\/2024\/02\/producao-gado-de-leite.jpg","jetpack_sharing_enabled":true,"amp_enabled":true,"_links":{"self":[{"href":"https:\/\/folhapopular.info\/index.php\/wp-json\/wp\/v2\/posts\/154285","targetHints":{"allow":["GET"]}}],"collection":[{"href":"https:\/\/folhapopular.info\/index.php\/wp-json\/wp\/v2\/posts"}],"about":[{"href":"https:\/\/folhapopular.info\/index.php\/wp-json\/wp\/v2\/types\/post"}],"author":[{"embeddable":true,"href":"https:\/\/folhapopular.info\/index.php\/wp-json\/wp\/v2\/users\/707"}],"replies":[{"embeddable":true,"href":"https:\/\/folhapopular.info\/index.php\/wp-json\/wp\/v2\/comments?post=154285"}],"version-history":[{"count":0,"href":"https:\/\/folhapopular.info\/index.php\/wp-json\/wp\/v2\/posts\/154285\/revisions"}],"wp:featuredmedia":[{"embeddable":true,"href":"https:\/\/folhapopular.info\/index.php\/wp-json\/wp\/v2\/media\/150273"}],"wp:attachment":[{"href":"https:\/\/folhapopular.info\/index.php\/wp-json\/wp\/v2\/media?parent=154285"}],"wp:term":[{"taxonomy":"category","embeddable":true,"href":"https:\/\/folhapopular.info\/index.php\/wp-json\/wp\/v2\/categories?post=154285"},{"taxonomy":"post_tag","embeddable":true,"href":"https:\/\/folhapopular.info\/index.php\/wp-json\/wp\/v2\/tags?post=154285"}],"curies":[{"name":"wp","href":"https:\/\/api.w.org\/{rel}","templated":true}]}}