{"id":154443,"date":"2024-03-30T08:00:00","date_gmt":"2024-03-30T11:00:00","guid":{"rendered":"https:\/\/folhapopular.info\/?p=154443"},"modified":"2024-03-30T07:38:55","modified_gmt":"2024-03-30T10:38:55","slug":"associados-da-sincovat-aprovam-contas-de-2023","status":"publish","type":"post","link":"https:\/\/folhapopular.info\/index.php\/2024\/03\/30\/associados-da-sincovat-aprovam-contas-de-2023\/","title":{"rendered":"Associados da Sincovat aprovam contas de 2023"},"content":{"rendered":"\n<p>A assembleia da entidade ocorreu nesta ter\u00e7a-feira (28\/3), reunidos na sede do Sindicato dos Contadores e T\u00e9cnicos em Contabilidade do Vale do Taquari (Sincovat), os associados aprovaram a presta\u00e7\u00e3o de contas de 2023 da entidade. O evento foi coordenado pelo presidente Luciano M\u00fcller e a presta\u00e7\u00e3o de contas ficou a cargo do contador Dani Jos\u00e9 Petry. Foram destacados o investimento na reforma do sindicato, a qual prossegue neste ano, e o aux\u00edlio financeiro que foi dado para a comunidade regional ap\u00f3s as enchentes de setembro e novembro.<\/p>\n\n\n\n<p>Os associados ainda receberam uma palestra sobre integra\u00e7\u00e3o de NFC-e e meios de pagamento com o auditor-fiscal e delegado da 13\u00aa Delegacia Regional da Receita Estadual (DRE) Lajeado, Marcelo Pozza Schmitz. Ap\u00f3s contextualizar a atua\u00e7\u00e3o e os avan\u00e7os tecnol\u00f3gicos que acompanham as rotinas de trabalho do \u00f3rg\u00e3o p\u00fablico estadual, Pozza explicou que as novas regras da NFC-e est\u00e3o previstas no Decreto 56.670\/2022 e t\u00eam o objetivo de incentivar a simplifica\u00e7\u00e3o das opera\u00e7\u00f5es e a conformidade tribut\u00e1ria.<\/p>\n\n\n\n<p>Quando s\u00e3o utilizados meios de pagamento eletr\u00f4nicos, \u00e9 obrigat\u00f3rio que a NFC-e e o comprovante de pagamento sejam emitidos pelo mesmo equipamento desde 1\u00ba de janeiro deste ano. Pozza observou as opera\u00e7\u00f5es j\u00e1 feitas no varejo para identificar irregularidades e a estrat\u00e9gia de enviar alertas para as empresas que n\u00e3o est\u00e3o em conformidade.<\/p>\n\n\n\n<p><strong>Sincovat 50 anos<\/strong><\/p>\n\n\n\n<p>Em maio o Sincovat completa 50 anos. Entre as a\u00e7\u00f5es que marcam o ano comemorativo, est\u00e1 a nova identidade visual (ID) do sindicato, a qual foi apresentada em primeira m\u00e3o por Gian Bazzo para os associados presentes no evento. Desenvolvido pela ag\u00eancia Dois e Meio, o trabalho levou em conta os conceitos que representam a entidade, que s\u00e3o a uni\u00e3o, for\u00e7a e conex\u00e3o. Em sua vers\u00e3o, a nova ID transmite modernidade, continuidade e proximidade. A ag\u00eancia tamb\u00e9m j\u00e1 lan\u00e7ou o selo dos 50 anos, o qual vai acompanhar todas as publica\u00e7\u00f5es e refer\u00eancias do Sincovat no seu cinquenten\u00e1rio. A celebra\u00e7\u00e3o do anivers\u00e1rio tamb\u00e9m contempla um jantar no dia 4 de maio.<\/p>\n\n\n\n<div class=\"wp-block-jetpack-slideshow aligncenter\" data-effect=\"slide\"><div class=\"wp-block-jetpack-slideshow_container swiper-container\"><ul class=\"wp-block-jetpack-slideshow_swiper-wrapper swiper-wrapper\"><li class=\"wp-block-jetpack-slideshow_slide swiper-slide\"><figure><img loading=\"lazy\" decoding=\"async\" width=\"1024\" height=\"768\" alt=\"\" class=\"wp-block-jetpack-slideshow_image wp-image-154445\" data-id=\"154445\" src=\"https:\/\/folhapopular.info\/wp-content\/uploads\/2024\/03\/436011_1101259_grupo-1024x768.jpeg\" srcset=\"https:\/\/folhapopular.info\/wp-content\/uploads\/2024\/03\/436011_1101259_grupo-1024x768.jpeg 1024w, https:\/\/folhapopular.info\/wp-content\/uploads\/2024\/03\/436011_1101259_grupo-300x225.jpeg 300w, https:\/\/folhapopular.info\/wp-content\/uploads\/2024\/03\/436011_1101259_grupo-768x576.jpeg 768w, https:\/\/folhapopular.info\/wp-content\/uploads\/2024\/03\/436011_1101259_grupo-560x420.jpeg 560w, https:\/\/folhapopular.info\/wp-content\/uploads\/2024\/03\/436011_1101259_grupo-80x60.jpeg 80w, https:\/\/folhapopular.info\/wp-content\/uploads\/2024\/03\/436011_1101259_grupo-696x522.jpeg 696w, https:\/\/folhapopular.info\/wp-content\/uploads\/2024\/03\/436011_1101259_grupo-1068x801.jpeg 1068w, https:\/\/folhapopular.info\/wp-content\/uploads\/2024\/03\/436011_1101259_grupo.jpeg 1500w\" sizes=\"(max-width: 1024px) 100vw, 1024px\" \/><figcaption class=\"wp-block-jetpack-slideshow_caption gallery-caption\">Cr\u00e9dito: Divulga\u00e7\u00e3o<\/figcaption><\/figure><\/li><li class=\"wp-block-jetpack-slideshow_slide swiper-slide\"><figure><img loading=\"lazy\" decoding=\"async\" width=\"1024\" height=\"767\" alt=\"\" class=\"wp-block-jetpack-slideshow_image wp-image-154446\" data-id=\"154446\" src=\"https:\/\/folhapopular.info\/wp-content\/uploads\/2024\/03\/436011_1101260_dani02-1024x767.jpg\" srcset=\"https:\/\/folhapopular.info\/wp-content\/uploads\/2024\/03\/436011_1101260_dani02-1024x767.jpg 1024w, https:\/\/folhapopular.info\/wp-content\/uploads\/2024\/03\/436011_1101260_dani02-300x225.jpg 300w, https:\/\/folhapopular.info\/wp-content\/uploads\/2024\/03\/436011_1101260_dani02-768x575.jpg 768w, https:\/\/folhapopular.info\/wp-content\/uploads\/2024\/03\/436011_1101260_dani02-1536x1151.jpg 1536w, https:\/\/folhapopular.info\/wp-content\/uploads\/2024\/03\/436011_1101260_dani02-2048x1535.jpg 2048w, https:\/\/folhapopular.info\/wp-content\/uploads\/2024\/03\/436011_1101260_dani02-560x420.jpg 560w, https:\/\/folhapopular.info\/wp-content\/uploads\/2024\/03\/436011_1101260_dani02-80x60.jpg 80w, https:\/\/folhapopular.info\/wp-content\/uploads\/2024\/03\/436011_1101260_dani02-696x522.jpg 696w, https:\/\/folhapopular.info\/wp-content\/uploads\/2024\/03\/436011_1101260_dani02-1068x800.jpg 1068w, https:\/\/folhapopular.info\/wp-content\/uploads\/2024\/03\/436011_1101260_dani02-1920x1439.jpg 1920w\" sizes=\"(max-width: 1024px) 100vw, 1024px\" \/><figcaption class=\"wp-block-jetpack-slideshow_caption gallery-caption\">Cr\u00e9dito: Divulga\u00e7\u00e3o<\/figcaption><\/figure><\/li><\/ul><a class=\"wp-block-jetpack-slideshow_button-prev swiper-button-prev swiper-button-white\" role=\"button\"><\/a><a class=\"wp-block-jetpack-slideshow_button-next swiper-button-next swiper-button-white\" role=\"button\"><\/a><a aria-label=\"Pause Slideshow\" class=\"wp-block-jetpack-slideshow_button-pause\" role=\"button\"><\/a><div class=\"wp-block-jetpack-slideshow_pagination swiper-pagination swiper-pagination-white\"><\/div><\/div><\/div>\n","protected":false},"excerpt":{"rendered":"<p>A assembleia da entidade ocorreu nesta ter\u00e7a-feira (28\/3), reunidos na sede do Sindicato dos Contadores e T\u00e9cnicos em Contabilidade do Vale do Taquari (Sincovat), os associados aprovaram a presta\u00e7\u00e3o de contas de 2023 da entidade. O evento foi coordenado pelo presidente Luciano M\u00fcller e a presta\u00e7\u00e3o de contas ficou a cargo do contador Dani Jos\u00e9 [&hellip;]<\/p>\n","protected":false},"author":8,"featured_media":154444,"comment_status":"open","ping_status":"open","sticky":false,"template":"","format":"standard","meta":{"pmpro_default_level":"","_jetpack_memberships_contains_paid_content":false,"footnotes":""},"categories":[2,3],"tags":[982,14661,27,750],"class_list":{"0":"post-154443","1":"post","2":"type-post","3":"status-publish","4":"format-standard","5":"has-post-thumbnail","7":"category-featured","8":"category-geral","9":"tag-assembleia","10":"tag-dre","11":"tag-lajeado","12":"tag-sincovat","13":"pmpro-has-access"},"yoast_head":"<!-- This site is optimized with the Yoast SEO plugin v27.5 - https:\/\/yoast.com\/product\/yoast-seo-wordpress\/ -->\n<title>Associados da Sincovat aprovam contas de 2023 - Folha Popular<\/title>\n<meta name=\"robots\" content=\"index, follow, max-snippet:-1, max-image-preview:large, max-video-preview:-1\" \/>\n<link rel=\"canonical\" href=\"https:\/\/folhapopular.info\/index.php\/2024\/03\/30\/associados-da-sincovat-aprovam-contas-de-2023\/\" \/>\n<meta property=\"og:locale\" content=\"pt_BR\" \/>\n<meta property=\"og:type\" content=\"article\" \/>\n<meta property=\"og:title\" content=\"Associados da Sincovat aprovam contas de 2023 - Folha Popular\" \/>\n<meta property=\"og:description\" content=\"A assembleia da entidade ocorreu nesta ter\u00e7a-feira (28\/3), reunidos na sede do Sindicato dos Contadores e T\u00e9cnicos em Contabilidade do Vale do Taquari (Sincovat), os associados aprovaram a presta\u00e7\u00e3o de contas de 2023 da entidade. O evento foi coordenado pelo presidente Luciano M\u00fcller e a presta\u00e7\u00e3o de contas ficou a cargo do contador Dani Jos\u00e9 [&hellip;]\" \/>\n<meta property=\"og:url\" content=\"https:\/\/folhapopular.info\/index.php\/2024\/03\/30\/associados-da-sincovat-aprovam-contas-de-2023\/\" \/>\n<meta property=\"og:site_name\" content=\"Folha Popular\" \/>\n<meta property=\"article:published_time\" content=\"2024-03-30T11:00:00+00:00\" \/>\n<meta property=\"og:image\" content=\"https:\/\/folhapopular.info\/wp-content\/uploads\/2024\/03\/436011_1101264_palestra02-scaled.jpg\" \/>\n\t<meta property=\"og:image:width\" content=\"2560\" \/>\n\t<meta property=\"og:image:height\" content=\"1920\" \/>\n\t<meta property=\"og:image:type\" content=\"image\/jpeg\" \/>\n<meta name=\"author\" content=\"Reda\u00e7\u00e3o Folha Popular\" \/>\n<meta name=\"twitter:card\" content=\"summary_large_image\" \/>\n<meta name=\"twitter:label1\" content=\"Escrito por\" \/>\n\t<meta name=\"twitter:data1\" content=\"Reda\u00e7\u00e3o Folha Popular\" \/>\n\t<meta name=\"twitter:label2\" content=\"Est. tempo de leitura\" \/>\n\t<meta name=\"twitter:data2\" content=\"3 minutos\" \/>\n<script type=\"application\/ld+json\" class=\"yoast-schema-graph\">{\"@context\":\"https:\\\/\\\/schema.org\",\"@graph\":[{\"@type\":\"Article\",\"@id\":\"https:\\\/\\\/folhapopular.info\\\/index.php\\\/2024\\\/03\\\/30\\\/associados-da-sincovat-aprovam-contas-de-2023\\\/#article\",\"isPartOf\":{\"@id\":\"https:\\\/\\\/folhapopular.info\\\/index.php\\\/2024\\\/03\\\/30\\\/associados-da-sincovat-aprovam-contas-de-2023\\\/\"},\"author\":{\"name\":\"Reda\u00e7\u00e3o Folha Popular\",\"@id\":\"https:\\\/\\\/folhapopular.info\\\/#\\\/schema\\\/person\\\/2814e8a0df7643585a9ca38bc6eb9d4b\"},\"headline\":\"Associados da Sincovat aprovam contas de 2023\",\"datePublished\":\"2024-03-30T11:00:00+00:00\",\"mainEntityOfPage\":{\"@id\":\"https:\\\/\\\/folhapopular.info\\\/index.php\\\/2024\\\/03\\\/30\\\/associados-da-sincovat-aprovam-contas-de-2023\\\/\"},\"wordCount\":377,\"commentCount\":0,\"image\":{\"@id\":\"https:\\\/\\\/folhapopular.info\\\/index.php\\\/2024\\\/03\\\/30\\\/associados-da-sincovat-aprovam-contas-de-2023\\\/#primaryimage\"},\"thumbnailUrl\":\"https:\\\/\\\/folhapopular.info\\\/wp-content\\\/uploads\\\/2024\\\/03\\\/436011_1101264_palestra02-scaled.jpg\",\"keywords\":[\"assembleia\",\"DRE\",\"Lajeado\",\"Sincovat\"],\"articleSection\":[\"Destaques\",\"Geral\"],\"inLanguage\":\"pt-BR\",\"potentialAction\":[{\"@type\":\"CommentAction\",\"name\":\"Comment\",\"target\":[\"https:\\\/\\\/folhapopular.info\\\/index.php\\\/2024\\\/03\\\/30\\\/associados-da-sincovat-aprovam-contas-de-2023\\\/#respond\"]}]},{\"@type\":\"WebPage\",\"@id\":\"https:\\\/\\\/folhapopular.info\\\/index.php\\\/2024\\\/03\\\/30\\\/associados-da-sincovat-aprovam-contas-de-2023\\\/\",\"url\":\"https:\\\/\\\/folhapopular.info\\\/index.php\\\/2024\\\/03\\\/30\\\/associados-da-sincovat-aprovam-contas-de-2023\\\/\",\"name\":\"Associados da Sincovat aprovam contas de 2023 - Folha Popular\",\"isPartOf\":{\"@id\":\"https:\\\/\\\/folhapopular.info\\\/#website\"},\"primaryImageOfPage\":{\"@id\":\"https:\\\/\\\/folhapopular.info\\\/index.php\\\/2024\\\/03\\\/30\\\/associados-da-sincovat-aprovam-contas-de-2023\\\/#primaryimage\"},\"image\":{\"@id\":\"https:\\\/\\\/folhapopular.info\\\/index.php\\\/2024\\\/03\\\/30\\\/associados-da-sincovat-aprovam-contas-de-2023\\\/#primaryimage\"},\"thumbnailUrl\":\"https:\\\/\\\/folhapopular.info\\\/wp-content\\\/uploads\\\/2024\\\/03\\\/436011_1101264_palestra02-scaled.jpg\",\"datePublished\":\"2024-03-30T11:00:00+00:00\",\"author\":{\"@id\":\"https:\\\/\\\/folhapopular.info\\\/#\\\/schema\\\/person\\\/2814e8a0df7643585a9ca38bc6eb9d4b\"},\"breadcrumb\":{\"@id\":\"https:\\\/\\\/folhapopular.info\\\/index.php\\\/2024\\\/03\\\/30\\\/associados-da-sincovat-aprovam-contas-de-2023\\\/#breadcrumb\"},\"inLanguage\":\"pt-BR\",\"potentialAction\":[{\"@type\":\"ReadAction\",\"target\":[\"https:\\\/\\\/folhapopular.info\\\/index.php\\\/2024\\\/03\\\/30\\\/associados-da-sincovat-aprovam-contas-de-2023\\\/\"]}]},{\"@type\":\"ImageObject\",\"inLanguage\":\"pt-BR\",\"@id\":\"https:\\\/\\\/folhapopular.info\\\/index.php\\\/2024\\\/03\\\/30\\\/associados-da-sincovat-aprovam-contas-de-2023\\\/#primaryimage\",\"url\":\"https:\\\/\\\/folhapopular.info\\\/wp-content\\\/uploads\\\/2024\\\/03\\\/436011_1101264_palestra02-scaled.jpg\",\"contentUrl\":\"https:\\\/\\\/folhapopular.info\\\/wp-content\\\/uploads\\\/2024\\\/03\\\/436011_1101264_palestra02-scaled.jpg\",\"width\":2560,\"height\":1920,\"caption\":\"Cr\u00e9dito: Divulga\u00e7\u00e3o\\\/ Sincovat\"},{\"@type\":\"BreadcrumbList\",\"@id\":\"https:\\\/\\\/folhapopular.info\\\/index.php\\\/2024\\\/03\\\/30\\\/associados-da-sincovat-aprovam-contas-de-2023\\\/#breadcrumb\",\"itemListElement\":[{\"@type\":\"ListItem\",\"position\":1,\"name\":\"In\u00edcio\",\"item\":\"https:\\\/\\\/folhapopular.info\\\/\"},{\"@type\":\"ListItem\",\"position\":2,\"name\":\"Associados da Sincovat aprovam contas de 2023\"}]},{\"@type\":\"WebSite\",\"@id\":\"https:\\\/\\\/folhapopular.info\\\/#website\",\"url\":\"https:\\\/\\\/folhapopular.info\\\/\",\"name\":\"Folha Popular\",\"description\":\"Onde voc\u00ea tem vez e voz\",\"potentialAction\":[{\"@type\":\"SearchAction\",\"target\":{\"@type\":\"EntryPoint\",\"urlTemplate\":\"https:\\\/\\\/folhapopular.info\\\/?s={search_term_string}\"},\"query-input\":{\"@type\":\"PropertyValueSpecification\",\"valueRequired\":true,\"valueName\":\"search_term_string\"}}],\"inLanguage\":\"pt-BR\"},{\"@type\":\"Person\",\"@id\":\"https:\\\/\\\/folhapopular.info\\\/#\\\/schema\\\/person\\\/2814e8a0df7643585a9ca38bc6eb9d4b\",\"name\":\"Reda\u00e7\u00e3o Folha Popular\",\"image\":{\"@type\":\"ImageObject\",\"inLanguage\":\"pt-BR\",\"@id\":\"https:\\\/\\\/folhapopular.info\\\/wp-content\\\/uploads\\\/2026\\\/04\\\/Folha-1.webp\",\"url\":\"https:\\\/\\\/folhapopular.info\\\/wp-content\\\/uploads\\\/2026\\\/04\\\/Folha-1.webp\",\"contentUrl\":\"https:\\\/\\\/folhapopular.info\\\/wp-content\\\/uploads\\\/2026\\\/04\\\/Folha-1.webp\",\"caption\":\"Reda\u00e7\u00e3o Folha Popular\"},\"url\":\"https:\\\/\\\/folhapopular.info\\\/index.php\\\/author\\\/redacao\\\/\"}]}<\/script>\n<!-- \/ Yoast SEO plugin. -->","yoast_head_json":{"title":"Associados da Sincovat aprovam contas de 2023 - Folha Popular","robots":{"index":"index","follow":"follow","max-snippet":"max-snippet:-1","max-image-preview":"max-image-preview:large","max-video-preview":"max-video-preview:-1"},"canonical":"https:\/\/folhapopular.info\/index.php\/2024\/03\/30\/associados-da-sincovat-aprovam-contas-de-2023\/","og_locale":"pt_BR","og_type":"article","og_title":"Associados da Sincovat aprovam contas de 2023 - Folha Popular","og_description":"A assembleia da entidade ocorreu nesta ter\u00e7a-feira (28\/3), reunidos na sede do Sindicato dos Contadores e T\u00e9cnicos em Contabilidade do Vale do Taquari (Sincovat), os associados aprovaram a presta\u00e7\u00e3o de contas de 2023 da entidade. O evento foi coordenado pelo presidente Luciano M\u00fcller e a presta\u00e7\u00e3o de contas ficou a cargo do contador Dani Jos\u00e9 [&hellip;]","og_url":"https:\/\/folhapopular.info\/index.php\/2024\/03\/30\/associados-da-sincovat-aprovam-contas-de-2023\/","og_site_name":"Folha Popular","article_published_time":"2024-03-30T11:00:00+00:00","og_image":[{"width":2560,"height":1920,"url":"https:\/\/folhapopular.info\/wp-content\/uploads\/2024\/03\/436011_1101264_palestra02-scaled.jpg","type":"image\/jpeg"}],"author":"Reda\u00e7\u00e3o Folha Popular","twitter_card":"summary_large_image","twitter_misc":{"Escrito por":"Reda\u00e7\u00e3o Folha Popular","Est. tempo de leitura":"3 minutos"},"schema":{"@context":"https:\/\/schema.org","@graph":[{"@type":"Article","@id":"https:\/\/folhapopular.info\/index.php\/2024\/03\/30\/associados-da-sincovat-aprovam-contas-de-2023\/#article","isPartOf":{"@id":"https:\/\/folhapopular.info\/index.php\/2024\/03\/30\/associados-da-sincovat-aprovam-contas-de-2023\/"},"author":{"name":"Reda\u00e7\u00e3o Folha Popular","@id":"https:\/\/folhapopular.info\/#\/schema\/person\/2814e8a0df7643585a9ca38bc6eb9d4b"},"headline":"Associados da Sincovat aprovam contas de 2023","datePublished":"2024-03-30T11:00:00+00:00","mainEntityOfPage":{"@id":"https:\/\/folhapopular.info\/index.php\/2024\/03\/30\/associados-da-sincovat-aprovam-contas-de-2023\/"},"wordCount":377,"commentCount":0,"image":{"@id":"https:\/\/folhapopular.info\/index.php\/2024\/03\/30\/associados-da-sincovat-aprovam-contas-de-2023\/#primaryimage"},"thumbnailUrl":"https:\/\/folhapopular.info\/wp-content\/uploads\/2024\/03\/436011_1101264_palestra02-scaled.jpg","keywords":["assembleia","DRE","Lajeado","Sincovat"],"articleSection":["Destaques","Geral"],"inLanguage":"pt-BR","potentialAction":[{"@type":"CommentAction","name":"Comment","target":["https:\/\/folhapopular.info\/index.php\/2024\/03\/30\/associados-da-sincovat-aprovam-contas-de-2023\/#respond"]}]},{"@type":"WebPage","@id":"https:\/\/folhapopular.info\/index.php\/2024\/03\/30\/associados-da-sincovat-aprovam-contas-de-2023\/","url":"https:\/\/folhapopular.info\/index.php\/2024\/03\/30\/associados-da-sincovat-aprovam-contas-de-2023\/","name":"Associados da Sincovat aprovam contas de 2023 - Folha Popular","isPartOf":{"@id":"https:\/\/folhapopular.info\/#website"},"primaryImageOfPage":{"@id":"https:\/\/folhapopular.info\/index.php\/2024\/03\/30\/associados-da-sincovat-aprovam-contas-de-2023\/#primaryimage"},"image":{"@id":"https:\/\/folhapopular.info\/index.php\/2024\/03\/30\/associados-da-sincovat-aprovam-contas-de-2023\/#primaryimage"},"thumbnailUrl":"https:\/\/folhapopular.info\/wp-content\/uploads\/2024\/03\/436011_1101264_palestra02-scaled.jpg","datePublished":"2024-03-30T11:00:00+00:00","author":{"@id":"https:\/\/folhapopular.info\/#\/schema\/person\/2814e8a0df7643585a9ca38bc6eb9d4b"},"breadcrumb":{"@id":"https:\/\/folhapopular.info\/index.php\/2024\/03\/30\/associados-da-sincovat-aprovam-contas-de-2023\/#breadcrumb"},"inLanguage":"pt-BR","potentialAction":[{"@type":"ReadAction","target":["https:\/\/folhapopular.info\/index.php\/2024\/03\/30\/associados-da-sincovat-aprovam-contas-de-2023\/"]}]},{"@type":"ImageObject","inLanguage":"pt-BR","@id":"https:\/\/folhapopular.info\/index.php\/2024\/03\/30\/associados-da-sincovat-aprovam-contas-de-2023\/#primaryimage","url":"https:\/\/folhapopular.info\/wp-content\/uploads\/2024\/03\/436011_1101264_palestra02-scaled.jpg","contentUrl":"https:\/\/folhapopular.info\/wp-content\/uploads\/2024\/03\/436011_1101264_palestra02-scaled.jpg","width":2560,"height":1920,"caption":"Cr\u00e9dito: Divulga\u00e7\u00e3o\/ Sincovat"},{"@type":"BreadcrumbList","@id":"https:\/\/folhapopular.info\/index.php\/2024\/03\/30\/associados-da-sincovat-aprovam-contas-de-2023\/#breadcrumb","itemListElement":[{"@type":"ListItem","position":1,"name":"In\u00edcio","item":"https:\/\/folhapopular.info\/"},{"@type":"ListItem","position":2,"name":"Associados da Sincovat aprovam contas de 2023"}]},{"@type":"WebSite","@id":"https:\/\/folhapopular.info\/#website","url":"https:\/\/folhapopular.info\/","name":"Folha Popular","description":"Onde voc\u00ea tem vez e voz","potentialAction":[{"@type":"SearchAction","target":{"@type":"EntryPoint","urlTemplate":"https:\/\/folhapopular.info\/?s={search_term_string}"},"query-input":{"@type":"PropertyValueSpecification","valueRequired":true,"valueName":"search_term_string"}}],"inLanguage":"pt-BR"},{"@type":"Person","@id":"https:\/\/folhapopular.info\/#\/schema\/person\/2814e8a0df7643585a9ca38bc6eb9d4b","name":"Reda\u00e7\u00e3o Folha Popular","image":{"@type":"ImageObject","inLanguage":"pt-BR","@id":"https:\/\/folhapopular.info\/wp-content\/uploads\/2026\/04\/Folha-1.webp","url":"https:\/\/folhapopular.info\/wp-content\/uploads\/2026\/04\/Folha-1.webp","contentUrl":"https:\/\/folhapopular.info\/wp-content\/uploads\/2026\/04\/Folha-1.webp","caption":"Reda\u00e7\u00e3o Folha Popular"},"url":"https:\/\/folhapopular.info\/index.php\/author\/redacao\/"}]}},"jetpack_featured_media_url":"https:\/\/folhapopular.info\/wp-content\/uploads\/2024\/03\/436011_1101264_palestra02-scaled.jpg","jetpack_sharing_enabled":true,"amp_enabled":true,"_links":{"self":[{"href":"https:\/\/folhapopular.info\/index.php\/wp-json\/wp\/v2\/posts\/154443","targetHints":{"allow":["GET"]}}],"collection":[{"href":"https:\/\/folhapopular.info\/index.php\/wp-json\/wp\/v2\/posts"}],"about":[{"href":"https:\/\/folhapopular.info\/index.php\/wp-json\/wp\/v2\/types\/post"}],"author":[{"embeddable":true,"href":"https:\/\/folhapopular.info\/index.php\/wp-json\/wp\/v2\/users\/8"}],"replies":[{"embeddable":true,"href":"https:\/\/folhapopular.info\/index.php\/wp-json\/wp\/v2\/comments?post=154443"}],"version-history":[{"count":0,"href":"https:\/\/folhapopular.info\/index.php\/wp-json\/wp\/v2\/posts\/154443\/revisions"}],"wp:featuredmedia":[{"embeddable":true,"href":"https:\/\/folhapopular.info\/index.php\/wp-json\/wp\/v2\/media\/154444"}],"wp:attachment":[{"href":"https:\/\/folhapopular.info\/index.php\/wp-json\/wp\/v2\/media?parent=154443"}],"wp:term":[{"taxonomy":"category","embeddable":true,"href":"https:\/\/folhapopular.info\/index.php\/wp-json\/wp\/v2\/categories?post=154443"},{"taxonomy":"post_tag","embeddable":true,"href":"https:\/\/folhapopular.info\/index.php\/wp-json\/wp\/v2\/tags?post=154443"}],"curies":[{"name":"wp","href":"https:\/\/api.w.org\/{rel}","templated":true}]}}