{"id":154535,"date":"2024-04-01T13:00:00","date_gmt":"2024-04-01T16:00:00","guid":{"rendered":"https:\/\/folhapopular.info\/?p=154535"},"modified":"2024-04-01T13:11:47","modified_gmt":"2024-04-01T16:11:47","slug":"reuniao-almoco-da-acil-vai-abordar-as-armadilhas-da-sucessao-familiar","status":"publish","type":"post","link":"https:\/\/folhapopular.info\/index.php\/2024\/04\/01\/reuniao-almoco-da-acil-vai-abordar-as-armadilhas-da-sucessao-familiar\/","title":{"rendered":"Reuni\u00e3o-almo\u00e7o da Acil vai abordar as armadilhas da sucess\u00e3o familiar"},"content":{"rendered":"\n<p>A Associa\u00e7\u00e3o Comercial e Industrial de Lajeado (Acil) e o F\u00f3rum dos Jovens Empreendedores (FJE) da Acil promovem, na pr\u00f3xima quarta-feira (3\/4), reuni\u00e3o-almo\u00e7o (RA) com o s\u00f3cio da Solved Consultoria, Rafael Homem de Carvalho. Na oportunidade, ele aborda o tema \u201cO amanh\u00e3: as armadilhas da sucess\u00e3o familiar\u201d. A programa\u00e7\u00e3o acontece a partir das 11h30min no sal\u00e3o de eventos da entidade e \u00e9 aberta a todos os interessados.<\/p>\n\n\n\n<p>Em sua fala, ele aborda que a sucess\u00e3o familiar nas empresas \u00e9 um processo que pode ser repleto de armadilhas se n\u00e3o for gerenciado adequadamente. Atrav\u00e9s de exemplos pr\u00e1ticos, Carvalho vai apresentar os caminhos mais adequados para realizar a sucess\u00e3o familiar nas empresas. Ele apresenta algumas situa\u00e7\u00f5es que devem ser evitadas e outras que devem ser implementadas para uma sucess\u00e3o traga resultados positivos para os neg\u00f3cios.<\/p>\n\n\n\n<h4 class=\"wp-block-heading\"><strong>Palestrante<\/strong><\/h4>\n\n\n\n<p>Carvalho \u00e9 psic\u00f3logo, com curso de consultoria e assessoria para empresas familiares na Fundaci\u00f3n Nexia e especialista em din\u00e2mica dos grupos pela Sociedade Brasileira de Din\u00e2mica dos Grupos (SBDG). Tem certifica\u00e7\u00e3o de conselheiro de administra\u00e7\u00e3o pelo Instituto Brasileiro Governan\u00e7a Corporativa (IBGC) e \u00e9 professor de cursos e programas de p\u00f3s-gradua\u00e7\u00e3o como Funda\u00e7\u00e3o Dom Cabral e ESPM. Desde 2005 est\u00e1 \u00e0 frente de projetos de profissionaliza\u00e7\u00e3o, governan\u00e7a e sucess\u00e3o para empresas familiares. \u00c9 representante do Brasil na Fam\u00edlias Empresarias Iberoamericanas (FEI) e s\u00f3cio da Solved Consultoria \u2013 empresa especializada em processos de governan\u00e7a, gest\u00e3o e estrat\u00e9gia.<\/p>\n\n\n\n<h4 class=\"wp-block-heading\"><strong>Inscri\u00e7\u00f5es<\/strong><\/h4>\n\n\n\n<p>A programa\u00e7\u00e3o \u00e9 aberta a todos os interessados e as vagas s\u00e3o limitadas. As inscri\u00e7\u00f5es devem ser feitas at\u00e9 \u00e0s 12h desta ter\u00e7a-feira (02) somente atrav\u00e9s do site \u2013&nbsp;<strong><a href=\"http:\/\/acilajeado.org.br\/\" target=\"_blank\" rel=\"noreferrer noopener\">acilajeado.org.br<\/a><\/strong>. O valor \u00e9 de R$ 85,00 para s\u00f3cios da Acil e R$ 115,00 para os demais interessados.<\/p>\n","protected":false},"excerpt":{"rendered":"<p>A Associa\u00e7\u00e3o Comercial e Industrial de Lajeado (Acil) e o F\u00f3rum dos Jovens Empreendedores (FJE) da Acil promovem, na pr\u00f3xima quarta-feira (3\/4), reuni\u00e3o-almo\u00e7o (RA) com o s\u00f3cio da Solved Consultoria, Rafael Homem de Carvalho. Na oportunidade, ele aborda o tema \u201cO amanh\u00e3: as armadilhas da sucess\u00e3o familiar\u201d. A programa\u00e7\u00e3o acontece a partir das 11h30min no [&hellip;]<\/p>\n","protected":false},"author":8,"featured_media":154536,"comment_status":"open","ping_status":"open","sticky":false,"template":"","format":"standard","meta":{"pmpro_default_level":"","_jetpack_memberships_contains_paid_content":false,"footnotes":""},"categories":[2,10991],"tags":[214,27,326,13769,156],"class_list":{"0":"post-154535","1":"post","2":"type-post","3":"status-publish","4":"format-standard","5":"has-post-thumbnail","7":"category-featured","8":"category-economia","9":"tag-acil","10":"tag-lajeado","11":"tag-negocios","12":"tag-sucessao-familiar","13":"tag-vale-do-taquari","14":"pmpro-has-access"},"yoast_head":"<!-- This site is optimized with the Yoast SEO plugin v27.5 - https:\/\/yoast.com\/product\/yoast-seo-wordpress\/ -->\n<title>Reuni\u00e3o-almo\u00e7o da Acil vai abordar as armadilhas da sucess\u00e3o familiar - Folha Popular<\/title>\n<meta name=\"robots\" content=\"index, follow, max-snippet:-1, max-image-preview:large, max-video-preview:-1\" \/>\n<link rel=\"canonical\" href=\"https:\/\/folhapopular.info\/index.php\/2024\/04\/01\/reuniao-almoco-da-acil-vai-abordar-as-armadilhas-da-sucessao-familiar\/\" \/>\n<meta property=\"og:locale\" content=\"pt_BR\" \/>\n<meta property=\"og:type\" content=\"article\" \/>\n<meta property=\"og:title\" content=\"Reuni\u00e3o-almo\u00e7o da Acil vai abordar as armadilhas da sucess\u00e3o familiar - Folha Popular\" \/>\n<meta property=\"og:description\" content=\"A Associa\u00e7\u00e3o Comercial e Industrial de Lajeado (Acil) e o F\u00f3rum dos Jovens Empreendedores (FJE) da Acil promovem, na pr\u00f3xima quarta-feira (3\/4), reuni\u00e3o-almo\u00e7o (RA) com o s\u00f3cio da Solved Consultoria, Rafael Homem de Carvalho. Na oportunidade, ele aborda o tema \u201cO amanh\u00e3: as armadilhas da sucess\u00e3o familiar\u201d. A programa\u00e7\u00e3o acontece a partir das 11h30min no [&hellip;]\" \/>\n<meta property=\"og:url\" content=\"https:\/\/folhapopular.info\/index.php\/2024\/04\/01\/reuniao-almoco-da-acil-vai-abordar-as-armadilhas-da-sucessao-familiar\/\" \/>\n<meta property=\"og:site_name\" content=\"Folha Popular\" \/>\n<meta property=\"article:published_time\" content=\"2024-04-01T16:00:00+00:00\" \/>\n<meta property=\"article:modified_time\" content=\"2024-04-01T16:11:47+00:00\" \/>\n<meta property=\"og:image\" content=\"http:\/\/folhapopular.info\/wp-content\/uploads\/2024\/04\/435991_1101223_img_3926_3.jpg\" \/>\n\t<meta property=\"og:image:width\" content=\"2539\" \/>\n\t<meta property=\"og:image:height\" content=\"1896\" \/>\n\t<meta property=\"og:image:type\" content=\"image\/jpeg\" \/>\n<meta name=\"author\" content=\"Reda\u00e7\u00e3o Folha Popular\" \/>\n<meta name=\"twitter:card\" content=\"summary_large_image\" \/>\n<meta name=\"twitter:label1\" content=\"Escrito por\" \/>\n\t<meta name=\"twitter:data1\" content=\"Reda\u00e7\u00e3o Folha Popular\" \/>\n\t<meta name=\"twitter:label2\" content=\"Est. tempo de leitura\" \/>\n\t<meta name=\"twitter:data2\" content=\"2 minutos\" \/>\n<script type=\"application\/ld+json\" class=\"yoast-schema-graph\">{\"@context\":\"https:\\\/\\\/schema.org\",\"@graph\":[{\"@type\":\"Article\",\"@id\":\"https:\\\/\\\/folhapopular.info\\\/index.php\\\/2024\\\/04\\\/01\\\/reuniao-almoco-da-acil-vai-abordar-as-armadilhas-da-sucessao-familiar\\\/#article\",\"isPartOf\":{\"@id\":\"https:\\\/\\\/folhapopular.info\\\/index.php\\\/2024\\\/04\\\/01\\\/reuniao-almoco-da-acil-vai-abordar-as-armadilhas-da-sucessao-familiar\\\/\"},\"author\":{\"name\":\"Reda\u00e7\u00e3o Folha Popular\",\"@id\":\"https:\\\/\\\/folhapopular.info\\\/#\\\/schema\\\/person\\\/2814e8a0df7643585a9ca38bc6eb9d4b\"},\"headline\":\"Reuni\u00e3o-almo\u00e7o da Acil vai abordar as armadilhas da sucess\u00e3o familiar\",\"datePublished\":\"2024-04-01T16:00:00+00:00\",\"dateModified\":\"2024-04-01T16:11:47+00:00\",\"mainEntityOfPage\":{\"@id\":\"https:\\\/\\\/folhapopular.info\\\/index.php\\\/2024\\\/04\\\/01\\\/reuniao-almoco-da-acil-vai-abordar-as-armadilhas-da-sucessao-familiar\\\/\"},\"wordCount\":321,\"commentCount\":0,\"image\":{\"@id\":\"https:\\\/\\\/folhapopular.info\\\/index.php\\\/2024\\\/04\\\/01\\\/reuniao-almoco-da-acil-vai-abordar-as-armadilhas-da-sucessao-familiar\\\/#primaryimage\"},\"thumbnailUrl\":\"https:\\\/\\\/folhapopular.info\\\/wp-content\\\/uploads\\\/2024\\\/04\\\/435991_1101223_img_3926_3.jpg\",\"keywords\":[\"Acil\",\"Lajeado\",\"Neg\u00f3cios\",\"sucess\u00e3o familiar\",\"Vale do Taquari\"],\"articleSection\":[\"Destaques\",\"Economia\"],\"inLanguage\":\"pt-BR\",\"potentialAction\":[{\"@type\":\"CommentAction\",\"name\":\"Comment\",\"target\":[\"https:\\\/\\\/folhapopular.info\\\/index.php\\\/2024\\\/04\\\/01\\\/reuniao-almoco-da-acil-vai-abordar-as-armadilhas-da-sucessao-familiar\\\/#respond\"]}]},{\"@type\":\"WebPage\",\"@id\":\"https:\\\/\\\/folhapopular.info\\\/index.php\\\/2024\\\/04\\\/01\\\/reuniao-almoco-da-acil-vai-abordar-as-armadilhas-da-sucessao-familiar\\\/\",\"url\":\"https:\\\/\\\/folhapopular.info\\\/index.php\\\/2024\\\/04\\\/01\\\/reuniao-almoco-da-acil-vai-abordar-as-armadilhas-da-sucessao-familiar\\\/\",\"name\":\"Reuni\u00e3o-almo\u00e7o da Acil vai abordar as armadilhas da sucess\u00e3o familiar - Folha Popular\",\"isPartOf\":{\"@id\":\"https:\\\/\\\/folhapopular.info\\\/#website\"},\"primaryImageOfPage\":{\"@id\":\"https:\\\/\\\/folhapopular.info\\\/index.php\\\/2024\\\/04\\\/01\\\/reuniao-almoco-da-acil-vai-abordar-as-armadilhas-da-sucessao-familiar\\\/#primaryimage\"},\"image\":{\"@id\":\"https:\\\/\\\/folhapopular.info\\\/index.php\\\/2024\\\/04\\\/01\\\/reuniao-almoco-da-acil-vai-abordar-as-armadilhas-da-sucessao-familiar\\\/#primaryimage\"},\"thumbnailUrl\":\"https:\\\/\\\/folhapopular.info\\\/wp-content\\\/uploads\\\/2024\\\/04\\\/435991_1101223_img_3926_3.jpg\",\"datePublished\":\"2024-04-01T16:00:00+00:00\",\"dateModified\":\"2024-04-01T16:11:47+00:00\",\"author\":{\"@id\":\"https:\\\/\\\/folhapopular.info\\\/#\\\/schema\\\/person\\\/2814e8a0df7643585a9ca38bc6eb9d4b\"},\"breadcrumb\":{\"@id\":\"https:\\\/\\\/folhapopular.info\\\/index.php\\\/2024\\\/04\\\/01\\\/reuniao-almoco-da-acil-vai-abordar-as-armadilhas-da-sucessao-familiar\\\/#breadcrumb\"},\"inLanguage\":\"pt-BR\",\"potentialAction\":[{\"@type\":\"ReadAction\",\"target\":[\"https:\\\/\\\/folhapopular.info\\\/index.php\\\/2024\\\/04\\\/01\\\/reuniao-almoco-da-acil-vai-abordar-as-armadilhas-da-sucessao-familiar\\\/\"]}]},{\"@type\":\"ImageObject\",\"inLanguage\":\"pt-BR\",\"@id\":\"https:\\\/\\\/folhapopular.info\\\/index.php\\\/2024\\\/04\\\/01\\\/reuniao-almoco-da-acil-vai-abordar-as-armadilhas-da-sucessao-familiar\\\/#primaryimage\",\"url\":\"https:\\\/\\\/folhapopular.info\\\/wp-content\\\/uploads\\\/2024\\\/04\\\/435991_1101223_img_3926_3.jpg\",\"contentUrl\":\"https:\\\/\\\/folhapopular.info\\\/wp-content\\\/uploads\\\/2024\\\/04\\\/435991_1101223_img_3926_3.jpg\",\"width\":2539,\"height\":1896,\"caption\":\"Cr\u00e9dito: Divulga\u00e7\u00e3o\\\/AI Acil\"},{\"@type\":\"BreadcrumbList\",\"@id\":\"https:\\\/\\\/folhapopular.info\\\/index.php\\\/2024\\\/04\\\/01\\\/reuniao-almoco-da-acil-vai-abordar-as-armadilhas-da-sucessao-familiar\\\/#breadcrumb\",\"itemListElement\":[{\"@type\":\"ListItem\",\"position\":1,\"name\":\"In\u00edcio\",\"item\":\"https:\\\/\\\/folhapopular.info\\\/\"},{\"@type\":\"ListItem\",\"position\":2,\"name\":\"Reuni\u00e3o-almo\u00e7o da Acil vai abordar as armadilhas da sucess\u00e3o familiar\"}]},{\"@type\":\"WebSite\",\"@id\":\"https:\\\/\\\/folhapopular.info\\\/#website\",\"url\":\"https:\\\/\\\/folhapopular.info\\\/\",\"name\":\"Folha Popular\",\"description\":\"Onde voc\u00ea tem vez e voz\",\"potentialAction\":[{\"@type\":\"SearchAction\",\"target\":{\"@type\":\"EntryPoint\",\"urlTemplate\":\"https:\\\/\\\/folhapopular.info\\\/?s={search_term_string}\"},\"query-input\":{\"@type\":\"PropertyValueSpecification\",\"valueRequired\":true,\"valueName\":\"search_term_string\"}}],\"inLanguage\":\"pt-BR\"},{\"@type\":\"Person\",\"@id\":\"https:\\\/\\\/folhapopular.info\\\/#\\\/schema\\\/person\\\/2814e8a0df7643585a9ca38bc6eb9d4b\",\"name\":\"Reda\u00e7\u00e3o Folha Popular\",\"image\":{\"@type\":\"ImageObject\",\"inLanguage\":\"pt-BR\",\"@id\":\"https:\\\/\\\/folhapopular.info\\\/wp-content\\\/uploads\\\/2026\\\/04\\\/Folha-1.webp\",\"url\":\"https:\\\/\\\/folhapopular.info\\\/wp-content\\\/uploads\\\/2026\\\/04\\\/Folha-1.webp\",\"contentUrl\":\"https:\\\/\\\/folhapopular.info\\\/wp-content\\\/uploads\\\/2026\\\/04\\\/Folha-1.webp\",\"caption\":\"Reda\u00e7\u00e3o Folha Popular\"},\"url\":\"https:\\\/\\\/folhapopular.info\\\/index.php\\\/author\\\/redacao\\\/\"}]}<\/script>\n<!-- \/ Yoast SEO plugin. -->","yoast_head_json":{"title":"Reuni\u00e3o-almo\u00e7o da Acil vai abordar as armadilhas da sucess\u00e3o familiar - Folha Popular","robots":{"index":"index","follow":"follow","max-snippet":"max-snippet:-1","max-image-preview":"max-image-preview:large","max-video-preview":"max-video-preview:-1"},"canonical":"https:\/\/folhapopular.info\/index.php\/2024\/04\/01\/reuniao-almoco-da-acil-vai-abordar-as-armadilhas-da-sucessao-familiar\/","og_locale":"pt_BR","og_type":"article","og_title":"Reuni\u00e3o-almo\u00e7o da Acil vai abordar as armadilhas da sucess\u00e3o familiar - Folha Popular","og_description":"A Associa\u00e7\u00e3o Comercial e Industrial de Lajeado (Acil) e o F\u00f3rum dos Jovens Empreendedores (FJE) da Acil promovem, na pr\u00f3xima quarta-feira (3\/4), reuni\u00e3o-almo\u00e7o (RA) com o s\u00f3cio da Solved Consultoria, Rafael Homem de Carvalho. Na oportunidade, ele aborda o tema \u201cO amanh\u00e3: as armadilhas da sucess\u00e3o familiar\u201d. A programa\u00e7\u00e3o acontece a partir das 11h30min no [&hellip;]","og_url":"https:\/\/folhapopular.info\/index.php\/2024\/04\/01\/reuniao-almoco-da-acil-vai-abordar-as-armadilhas-da-sucessao-familiar\/","og_site_name":"Folha Popular","article_published_time":"2024-04-01T16:00:00+00:00","article_modified_time":"2024-04-01T16:11:47+00:00","og_image":[{"width":2539,"height":1896,"url":"http:\/\/folhapopular.info\/wp-content\/uploads\/2024\/04\/435991_1101223_img_3926_3.jpg","type":"image\/jpeg"}],"author":"Reda\u00e7\u00e3o Folha Popular","twitter_card":"summary_large_image","twitter_misc":{"Escrito por":"Reda\u00e7\u00e3o Folha Popular","Est. tempo de leitura":"2 minutos"},"schema":{"@context":"https:\/\/schema.org","@graph":[{"@type":"Article","@id":"https:\/\/folhapopular.info\/index.php\/2024\/04\/01\/reuniao-almoco-da-acil-vai-abordar-as-armadilhas-da-sucessao-familiar\/#article","isPartOf":{"@id":"https:\/\/folhapopular.info\/index.php\/2024\/04\/01\/reuniao-almoco-da-acil-vai-abordar-as-armadilhas-da-sucessao-familiar\/"},"author":{"name":"Reda\u00e7\u00e3o Folha Popular","@id":"https:\/\/folhapopular.info\/#\/schema\/person\/2814e8a0df7643585a9ca38bc6eb9d4b"},"headline":"Reuni\u00e3o-almo\u00e7o da Acil vai abordar as armadilhas da sucess\u00e3o familiar","datePublished":"2024-04-01T16:00:00+00:00","dateModified":"2024-04-01T16:11:47+00:00","mainEntityOfPage":{"@id":"https:\/\/folhapopular.info\/index.php\/2024\/04\/01\/reuniao-almoco-da-acil-vai-abordar-as-armadilhas-da-sucessao-familiar\/"},"wordCount":321,"commentCount":0,"image":{"@id":"https:\/\/folhapopular.info\/index.php\/2024\/04\/01\/reuniao-almoco-da-acil-vai-abordar-as-armadilhas-da-sucessao-familiar\/#primaryimage"},"thumbnailUrl":"https:\/\/folhapopular.info\/wp-content\/uploads\/2024\/04\/435991_1101223_img_3926_3.jpg","keywords":["Acil","Lajeado","Neg\u00f3cios","sucess\u00e3o familiar","Vale do Taquari"],"articleSection":["Destaques","Economia"],"inLanguage":"pt-BR","potentialAction":[{"@type":"CommentAction","name":"Comment","target":["https:\/\/folhapopular.info\/index.php\/2024\/04\/01\/reuniao-almoco-da-acil-vai-abordar-as-armadilhas-da-sucessao-familiar\/#respond"]}]},{"@type":"WebPage","@id":"https:\/\/folhapopular.info\/index.php\/2024\/04\/01\/reuniao-almoco-da-acil-vai-abordar-as-armadilhas-da-sucessao-familiar\/","url":"https:\/\/folhapopular.info\/index.php\/2024\/04\/01\/reuniao-almoco-da-acil-vai-abordar-as-armadilhas-da-sucessao-familiar\/","name":"Reuni\u00e3o-almo\u00e7o da Acil vai abordar as armadilhas da sucess\u00e3o familiar - Folha Popular","isPartOf":{"@id":"https:\/\/folhapopular.info\/#website"},"primaryImageOfPage":{"@id":"https:\/\/folhapopular.info\/index.php\/2024\/04\/01\/reuniao-almoco-da-acil-vai-abordar-as-armadilhas-da-sucessao-familiar\/#primaryimage"},"image":{"@id":"https:\/\/folhapopular.info\/index.php\/2024\/04\/01\/reuniao-almoco-da-acil-vai-abordar-as-armadilhas-da-sucessao-familiar\/#primaryimage"},"thumbnailUrl":"https:\/\/folhapopular.info\/wp-content\/uploads\/2024\/04\/435991_1101223_img_3926_3.jpg","datePublished":"2024-04-01T16:00:00+00:00","dateModified":"2024-04-01T16:11:47+00:00","author":{"@id":"https:\/\/folhapopular.info\/#\/schema\/person\/2814e8a0df7643585a9ca38bc6eb9d4b"},"breadcrumb":{"@id":"https:\/\/folhapopular.info\/index.php\/2024\/04\/01\/reuniao-almoco-da-acil-vai-abordar-as-armadilhas-da-sucessao-familiar\/#breadcrumb"},"inLanguage":"pt-BR","potentialAction":[{"@type":"ReadAction","target":["https:\/\/folhapopular.info\/index.php\/2024\/04\/01\/reuniao-almoco-da-acil-vai-abordar-as-armadilhas-da-sucessao-familiar\/"]}]},{"@type":"ImageObject","inLanguage":"pt-BR","@id":"https:\/\/folhapopular.info\/index.php\/2024\/04\/01\/reuniao-almoco-da-acil-vai-abordar-as-armadilhas-da-sucessao-familiar\/#primaryimage","url":"https:\/\/folhapopular.info\/wp-content\/uploads\/2024\/04\/435991_1101223_img_3926_3.jpg","contentUrl":"https:\/\/folhapopular.info\/wp-content\/uploads\/2024\/04\/435991_1101223_img_3926_3.jpg","width":2539,"height":1896,"caption":"Cr\u00e9dito: Divulga\u00e7\u00e3o\/AI Acil"},{"@type":"BreadcrumbList","@id":"https:\/\/folhapopular.info\/index.php\/2024\/04\/01\/reuniao-almoco-da-acil-vai-abordar-as-armadilhas-da-sucessao-familiar\/#breadcrumb","itemListElement":[{"@type":"ListItem","position":1,"name":"In\u00edcio","item":"https:\/\/folhapopular.info\/"},{"@type":"ListItem","position":2,"name":"Reuni\u00e3o-almo\u00e7o da Acil vai abordar as armadilhas da sucess\u00e3o familiar"}]},{"@type":"WebSite","@id":"https:\/\/folhapopular.info\/#website","url":"https:\/\/folhapopular.info\/","name":"Folha Popular","description":"Onde voc\u00ea tem vez e voz","potentialAction":[{"@type":"SearchAction","target":{"@type":"EntryPoint","urlTemplate":"https:\/\/folhapopular.info\/?s={search_term_string}"},"query-input":{"@type":"PropertyValueSpecification","valueRequired":true,"valueName":"search_term_string"}}],"inLanguage":"pt-BR"},{"@type":"Person","@id":"https:\/\/folhapopular.info\/#\/schema\/person\/2814e8a0df7643585a9ca38bc6eb9d4b","name":"Reda\u00e7\u00e3o Folha Popular","image":{"@type":"ImageObject","inLanguage":"pt-BR","@id":"https:\/\/folhapopular.info\/wp-content\/uploads\/2026\/04\/Folha-1.webp","url":"https:\/\/folhapopular.info\/wp-content\/uploads\/2026\/04\/Folha-1.webp","contentUrl":"https:\/\/folhapopular.info\/wp-content\/uploads\/2026\/04\/Folha-1.webp","caption":"Reda\u00e7\u00e3o Folha Popular"},"url":"https:\/\/folhapopular.info\/index.php\/author\/redacao\/"}]}},"jetpack_featured_media_url":"https:\/\/folhapopular.info\/wp-content\/uploads\/2024\/04\/435991_1101223_img_3926_3.jpg","jetpack_sharing_enabled":true,"amp_enabled":true,"_links":{"self":[{"href":"https:\/\/folhapopular.info\/index.php\/wp-json\/wp\/v2\/posts\/154535","targetHints":{"allow":["GET"]}}],"collection":[{"href":"https:\/\/folhapopular.info\/index.php\/wp-json\/wp\/v2\/posts"}],"about":[{"href":"https:\/\/folhapopular.info\/index.php\/wp-json\/wp\/v2\/types\/post"}],"author":[{"embeddable":true,"href":"https:\/\/folhapopular.info\/index.php\/wp-json\/wp\/v2\/users\/8"}],"replies":[{"embeddable":true,"href":"https:\/\/folhapopular.info\/index.php\/wp-json\/wp\/v2\/comments?post=154535"}],"version-history":[{"count":0,"href":"https:\/\/folhapopular.info\/index.php\/wp-json\/wp\/v2\/posts\/154535\/revisions"}],"wp:featuredmedia":[{"embeddable":true,"href":"https:\/\/folhapopular.info\/index.php\/wp-json\/wp\/v2\/media\/154536"}],"wp:attachment":[{"href":"https:\/\/folhapopular.info\/index.php\/wp-json\/wp\/v2\/media?parent=154535"}],"wp:term":[{"taxonomy":"category","embeddable":true,"href":"https:\/\/folhapopular.info\/index.php\/wp-json\/wp\/v2\/categories?post=154535"},{"taxonomy":"post_tag","embeddable":true,"href":"https:\/\/folhapopular.info\/index.php\/wp-json\/wp\/v2\/tags?post=154535"}],"curies":[{"name":"wp","href":"https:\/\/api.w.org\/{rel}","templated":true}]}}