{"id":154657,"date":"2024-04-03T09:07:00","date_gmt":"2024-04-03T12:07:00","guid":{"rendered":"https:\/\/folhapopular.info\/?p=154657"},"modified":"2024-04-03T09:06:14","modified_gmt":"2024-04-03T12:06:14","slug":"comeca-o-segundo-tempo-de-martius-goleiro-que-sofreu-grave-acidente-em-quadra","status":"publish","type":"post","link":"https:\/\/folhapopular.info\/index.php\/2024\/04\/03\/comeca-o-segundo-tempo-de-martius-goleiro-que-sofreu-grave-acidente-em-quadra\/","title":{"rendered":"Come\u00e7a o segundo tempo de Martius, goleiro que sofreu grave acidente em quadra"},"content":{"rendered":"<p>O dia 24 de fevereiro marca uma grande mudan\u00e7a para o teutoniense Martius Abel W\u00e4chter. Aos 30 anos, o goleiro sofreu uma queda na quadra da Associa\u00e7\u00e3o dos Funcion\u00e1rios da Cooperativa Languiru em meio ao \u00faltimo jogo da fase de grupos do Aberto de Ver\u00e3o. Ele defendia o time APTF contra o Koperu\u2019s Beer. Ap\u00f3s&#8230; <\/p>\n<div class=\"pmpro\">\n<div class=\"pmpro_card pmpro_content_message\">\n<div class=\"pmpro_card_content\">Este conte\u00fado \u00e9 apenas para associados Grupo Popular &#8211; Conte\u00fado Total Anual e Grupo Popular &#8211; Conte\u00fado Total Mensal. <br \/><a href=\"https:\/\/folhapopular.info\/wp-login.php?action=register\">Cadastre-se<\/a><\/div>\n<div class=\"pmpro_card_actions pmpro_font-medium\">J\u00e1 se associou? <a href=\"https:\/\/folhapopular.info\/wp-login.php?redirect_to=https%3A%2F%2Ffolhapopular.info%2Findex.php%2F2024%2F04%2F03%2Fcomeca-o-segundo-tempo-de-martius-goleiro-que-sofreu-grave-acidente-em-quadra%2F\">Acesse aqui<\/a><\/div>\n<\/div>\n<\/div>\n","protected":false},"excerpt":{"rendered":"<p>O dia 24 de fevereiro marca uma grande mudan\u00e7a para o teutoniense Martius Abel W\u00e4chter. Aos 30 anos, o goleiro sofreu uma queda na quadra da Associa\u00e7\u00e3o dos Funcion\u00e1rios da Cooperativa Languiru em meio ao \u00faltimo jogo da fase de grupos do Aberto de Ver\u00e3o. Ele defendia o time APTF contra o Koperu\u2019s Beer. Ap\u00f3s... <\/p>\n<div class=\"pmpro\"><div class=\"pmpro_card pmpro_content_message\"><div class=\"pmpro_card_content\">Este conte\u00fado \u00e9 apenas para associados Grupo Popular - Conte\u00fado Total Anual e Grupo Popular - Conte\u00fado Total Mensal. <br \/><a href=\"https:\/\/folhapopular.info\/wp-login.php?action=register\">Cadastre-se<\/a><\/div><div class=\"pmpro_card_actions pmpro_font-medium\">J\u00e1 se associou? <a href=\"https:\/\/folhapopular.info\/wp-login.php?redirect_to=https%3A%2F%2Ffolhapopular.info%2Findex.php%2F2024%2F04%2F03%2Fcomeca-o-segundo-tempo-de-martius-goleiro-que-sofreu-grave-acidente-em-quadra%2F\">Acesse aqui<\/a><\/div><\/div><\/div>","protected":false},"author":707,"featured_media":154658,"comment_status":"open","ping_status":"open","sticky":false,"template":"","format":"standard","meta":{"pmpro_default_level":"","_jetpack_memberships_contains_paid_content":false,"footnotes":""},"categories":[11078,2,5],"tags":[8160,14680,14679],"class_list":{"0":"post-154657","1":"post","2":"type-post","3":"status-publish","4":"format-standard","5":"has-post-thumbnail","7":"category-assinantes","8":"category-featured","9":"category-esportes","10":"tag-aberto-de-verao","11":"tag-aptf","12":"tag-martius-wachter","13":"pmpro-level-required","14":"pmpro-level-2","15":"pmpro-level-4","16":"pmpro-level-5","17":"pmpro-no-access"},"yoast_head":"<!-- This site is optimized with the Yoast SEO plugin v27.5 - https:\/\/yoast.com\/product\/yoast-seo-wordpress\/ -->\n<title>Come\u00e7a o segundo tempo de Martius, goleiro que sofreu grave acidente em quadra - Folha Popular<\/title>\n<meta name=\"robots\" content=\"index, follow, max-snippet:-1, max-image-preview:large, max-video-preview:-1\" \/>\n<link rel=\"canonical\" href=\"https:\/\/folhapopular.info\/index.php\/2024\/04\/03\/comeca-o-segundo-tempo-de-martius-goleiro-que-sofreu-grave-acidente-em-quadra\/\" \/>\n<meta property=\"og:locale\" content=\"pt_BR\" \/>\n<meta property=\"og:type\" content=\"article\" \/>\n<meta property=\"og:title\" content=\"Come\u00e7a o segundo tempo de Martius, goleiro que sofreu grave acidente em quadra - Folha Popular\" \/>\n<meta property=\"og:description\" content=\"O dia 24 de fevereiro marca uma grande mudan\u00e7a para o teutoniense Martius Abel W\u00e4chter. Aos 30 anos, o goleiro sofreu uma queda na quadra da Associa\u00e7\u00e3o dos Funcion\u00e1rios da Cooperativa Languiru em meio ao \u00faltimo jogo da fase de grupos do Aberto de Ver\u00e3o. Ele defendia o time APTF contra o Koperu\u2019s Beer. Ap\u00f3s [&hellip;]\" \/>\n<meta property=\"og:url\" content=\"https:\/\/folhapopular.info\/index.php\/2024\/04\/03\/comeca-o-segundo-tempo-de-martius-goleiro-que-sofreu-grave-acidente-em-quadra\/\" \/>\n<meta property=\"og:site_name\" content=\"Folha Popular\" \/>\n<meta property=\"article:published_time\" content=\"2024-04-03T12:07:00+00:00\" \/>\n<meta property=\"og:image\" content=\"http:\/\/folhapopular.info\/wp-content\/uploads\/2024\/04\/1-scaled-e1712140936630.jpg\" \/>\n\t<meta property=\"og:image:width\" content=\"2546\" \/>\n\t<meta property=\"og:image:height\" content=\"1237\" \/>\n\t<meta property=\"og:image:type\" content=\"image\/jpeg\" \/>\n<meta name=\"author\" content=\"Ariana de Oliveira\" \/>\n<meta name=\"twitter:card\" content=\"summary_large_image\" \/>\n<meta name=\"twitter:label1\" content=\"Escrito por\" \/>\n\t<meta name=\"twitter:data1\" content=\"Ariana de Oliveira\" \/>\n\t<meta name=\"twitter:label2\" content=\"Est. tempo de leitura\" \/>\n\t<meta name=\"twitter:data2\" content=\"5 minutos\" \/>\n<script type=\"application\/ld+json\" class=\"yoast-schema-graph\">{\"@context\":\"https:\\\/\\\/schema.org\",\"@graph\":[{\"@type\":\"Article\",\"@id\":\"https:\\\/\\\/folhapopular.info\\\/index.php\\\/2024\\\/04\\\/03\\\/comeca-o-segundo-tempo-de-martius-goleiro-que-sofreu-grave-acidente-em-quadra\\\/#article\",\"isPartOf\":{\"@id\":\"https:\\\/\\\/folhapopular.info\\\/index.php\\\/2024\\\/04\\\/03\\\/comeca-o-segundo-tempo-de-martius-goleiro-que-sofreu-grave-acidente-em-quadra\\\/\"},\"author\":{\"name\":\"Ariana de Oliveira\",\"@id\":\"https:\\\/\\\/folhapopular.info\\\/#\\\/schema\\\/person\\\/e80d332e33633a6164933af03d7ee1b2\"},\"headline\":\"Come\u00e7a o segundo tempo de Martius, goleiro que sofreu grave acidente em quadra\",\"datePublished\":\"2024-04-03T12:07:00+00:00\",\"mainEntityOfPage\":{\"@id\":\"https:\\\/\\\/folhapopular.info\\\/index.php\\\/2024\\\/04\\\/03\\\/comeca-o-segundo-tempo-de-martius-goleiro-que-sofreu-grave-acidente-em-quadra\\\/\"},\"wordCount\":809,\"commentCount\":0,\"image\":{\"@id\":\"https:\\\/\\\/folhapopular.info\\\/index.php\\\/2024\\\/04\\\/03\\\/comeca-o-segundo-tempo-de-martius-goleiro-que-sofreu-grave-acidente-em-quadra\\\/#primaryimage\"},\"thumbnailUrl\":\"https:\\\/\\\/folhapopular.info\\\/wp-content\\\/uploads\\\/2024\\\/04\\\/1-scaled-e1712140936630.jpg\",\"keywords\":[\"Aberto de Ver\u00e3o\",\"APTF\",\"Martius W\u00e4chter\"],\"articleSection\":[\"Assinantes\",\"Destaques\",\"Esportes\"],\"inLanguage\":\"pt-BR\",\"potentialAction\":[{\"@type\":\"CommentAction\",\"name\":\"Comment\",\"target\":[\"https:\\\/\\\/folhapopular.info\\\/index.php\\\/2024\\\/04\\\/03\\\/comeca-o-segundo-tempo-de-martius-goleiro-que-sofreu-grave-acidente-em-quadra\\\/#respond\"]}]},{\"@type\":\"WebPage\",\"@id\":\"https:\\\/\\\/folhapopular.info\\\/index.php\\\/2024\\\/04\\\/03\\\/comeca-o-segundo-tempo-de-martius-goleiro-que-sofreu-grave-acidente-em-quadra\\\/\",\"url\":\"https:\\\/\\\/folhapopular.info\\\/index.php\\\/2024\\\/04\\\/03\\\/comeca-o-segundo-tempo-de-martius-goleiro-que-sofreu-grave-acidente-em-quadra\\\/\",\"name\":\"Come\u00e7a o segundo tempo de Martius, goleiro que sofreu grave acidente em quadra - Folha Popular\",\"isPartOf\":{\"@id\":\"https:\\\/\\\/folhapopular.info\\\/#website\"},\"primaryImageOfPage\":{\"@id\":\"https:\\\/\\\/folhapopular.info\\\/index.php\\\/2024\\\/04\\\/03\\\/comeca-o-segundo-tempo-de-martius-goleiro-que-sofreu-grave-acidente-em-quadra\\\/#primaryimage\"},\"image\":{\"@id\":\"https:\\\/\\\/folhapopular.info\\\/index.php\\\/2024\\\/04\\\/03\\\/comeca-o-segundo-tempo-de-martius-goleiro-que-sofreu-grave-acidente-em-quadra\\\/#primaryimage\"},\"thumbnailUrl\":\"https:\\\/\\\/folhapopular.info\\\/wp-content\\\/uploads\\\/2024\\\/04\\\/1-scaled-e1712140936630.jpg\",\"datePublished\":\"2024-04-03T12:07:00+00:00\",\"author\":{\"@id\":\"https:\\\/\\\/folhapopular.info\\\/#\\\/schema\\\/person\\\/e80d332e33633a6164933af03d7ee1b2\"},\"breadcrumb\":{\"@id\":\"https:\\\/\\\/folhapopular.info\\\/index.php\\\/2024\\\/04\\\/03\\\/comeca-o-segundo-tempo-de-martius-goleiro-que-sofreu-grave-acidente-em-quadra\\\/#breadcrumb\"},\"inLanguage\":\"pt-BR\",\"potentialAction\":[{\"@type\":\"ReadAction\",\"target\":[\"https:\\\/\\\/folhapopular.info\\\/index.php\\\/2024\\\/04\\\/03\\\/comeca-o-segundo-tempo-de-martius-goleiro-que-sofreu-grave-acidente-em-quadra\\\/\"]}]},{\"@type\":\"ImageObject\",\"inLanguage\":\"pt-BR\",\"@id\":\"https:\\\/\\\/folhapopular.info\\\/index.php\\\/2024\\\/04\\\/03\\\/comeca-o-segundo-tempo-de-martius-goleiro-que-sofreu-grave-acidente-em-quadra\\\/#primaryimage\",\"url\":\"https:\\\/\\\/folhapopular.info\\\/wp-content\\\/uploads\\\/2024\\\/04\\\/1-scaled-e1712140936630.jpg\",\"contentUrl\":\"https:\\\/\\\/folhapopular.info\\\/wp-content\\\/uploads\\\/2024\\\/04\\\/1-scaled-e1712140936630.jpg\",\"width\":2546,\"height\":1237,\"caption\":\"Cr\u00e9dito: Ariana de Oliveira\"},{\"@type\":\"BreadcrumbList\",\"@id\":\"https:\\\/\\\/folhapopular.info\\\/index.php\\\/2024\\\/04\\\/03\\\/comeca-o-segundo-tempo-de-martius-goleiro-que-sofreu-grave-acidente-em-quadra\\\/#breadcrumb\",\"itemListElement\":[{\"@type\":\"ListItem\",\"position\":1,\"name\":\"In\u00edcio\",\"item\":\"https:\\\/\\\/folhapopular.info\\\/\"},{\"@type\":\"ListItem\",\"position\":2,\"name\":\"Come\u00e7a o segundo tempo de Martius, goleiro que sofreu grave acidente em quadra\"}]},{\"@type\":\"WebSite\",\"@id\":\"https:\\\/\\\/folhapopular.info\\\/#website\",\"url\":\"https:\\\/\\\/folhapopular.info\\\/\",\"name\":\"Folha Popular\",\"description\":\"Onde voc\u00ea tem vez e voz\",\"potentialAction\":[{\"@type\":\"SearchAction\",\"target\":{\"@type\":\"EntryPoint\",\"urlTemplate\":\"https:\\\/\\\/folhapopular.info\\\/?s={search_term_string}\"},\"query-input\":{\"@type\":\"PropertyValueSpecification\",\"valueRequired\":true,\"valueName\":\"search_term_string\"}}],\"inLanguage\":\"pt-BR\"},{\"@type\":\"Person\",\"@id\":\"https:\\\/\\\/folhapopular.info\\\/#\\\/schema\\\/person\\\/e80d332e33633a6164933af03d7ee1b2\",\"name\":\"Ariana de Oliveira\",\"image\":{\"@type\":\"ImageObject\",\"inLanguage\":\"pt-BR\",\"@id\":\"https:\\\/\\\/secure.gravatar.com\\\/avatar\\\/f41f85ba276460e0a04f6d5aca07e53f273efeee7e662d9ef431432a18216f59?s=96&d=mm&r=g\",\"url\":\"https:\\\/\\\/secure.gravatar.com\\\/avatar\\\/f41f85ba276460e0a04f6d5aca07e53f273efeee7e662d9ef431432a18216f59?s=96&d=mm&r=g\",\"contentUrl\":\"https:\\\/\\\/secure.gravatar.com\\\/avatar\\\/f41f85ba276460e0a04f6d5aca07e53f273efeee7e662d9ef431432a18216f59?s=96&d=mm&r=g\",\"caption\":\"Ariana de Oliveira\"},\"url\":\"https:\\\/\\\/folhapopular.info\\\/index.php\\\/author\\\/ariana-deoliveiragmail-com\\\/\"}]}<\/script>\n<!-- \/ Yoast SEO plugin. -->","yoast_head_json":{"title":"Come\u00e7a o segundo tempo de Martius, goleiro que sofreu grave acidente em quadra - Folha Popular","robots":{"index":"index","follow":"follow","max-snippet":"max-snippet:-1","max-image-preview":"max-image-preview:large","max-video-preview":"max-video-preview:-1"},"canonical":"https:\/\/folhapopular.info\/index.php\/2024\/04\/03\/comeca-o-segundo-tempo-de-martius-goleiro-que-sofreu-grave-acidente-em-quadra\/","og_locale":"pt_BR","og_type":"article","og_title":"Come\u00e7a o segundo tempo de Martius, goleiro que sofreu grave acidente em quadra - Folha Popular","og_description":"O dia 24 de fevereiro marca uma grande mudan\u00e7a para o teutoniense Martius Abel W\u00e4chter. Aos 30 anos, o goleiro sofreu uma queda na quadra da Associa\u00e7\u00e3o dos Funcion\u00e1rios da Cooperativa Languiru em meio ao \u00faltimo jogo da fase de grupos do Aberto de Ver\u00e3o. Ele defendia o time APTF contra o Koperu\u2019s Beer. Ap\u00f3s [&hellip;]","og_url":"https:\/\/folhapopular.info\/index.php\/2024\/04\/03\/comeca-o-segundo-tempo-de-martius-goleiro-que-sofreu-grave-acidente-em-quadra\/","og_site_name":"Folha Popular","article_published_time":"2024-04-03T12:07:00+00:00","og_image":[{"width":2546,"height":1237,"url":"http:\/\/folhapopular.info\/wp-content\/uploads\/2024\/04\/1-scaled-e1712140936630.jpg","type":"image\/jpeg"}],"author":"Ariana de Oliveira","twitter_card":"summary_large_image","twitter_misc":{"Escrito por":"Ariana de Oliveira","Est. tempo de leitura":"5 minutos"},"schema":{"@context":"https:\/\/schema.org","@graph":[{"@type":"Article","@id":"https:\/\/folhapopular.info\/index.php\/2024\/04\/03\/comeca-o-segundo-tempo-de-martius-goleiro-que-sofreu-grave-acidente-em-quadra\/#article","isPartOf":{"@id":"https:\/\/folhapopular.info\/index.php\/2024\/04\/03\/comeca-o-segundo-tempo-de-martius-goleiro-que-sofreu-grave-acidente-em-quadra\/"},"author":{"name":"Ariana de Oliveira","@id":"https:\/\/folhapopular.info\/#\/schema\/person\/e80d332e33633a6164933af03d7ee1b2"},"headline":"Come\u00e7a o segundo tempo de Martius, goleiro que sofreu grave acidente em quadra","datePublished":"2024-04-03T12:07:00+00:00","mainEntityOfPage":{"@id":"https:\/\/folhapopular.info\/index.php\/2024\/04\/03\/comeca-o-segundo-tempo-de-martius-goleiro-que-sofreu-grave-acidente-em-quadra\/"},"wordCount":809,"commentCount":0,"image":{"@id":"https:\/\/folhapopular.info\/index.php\/2024\/04\/03\/comeca-o-segundo-tempo-de-martius-goleiro-que-sofreu-grave-acidente-em-quadra\/#primaryimage"},"thumbnailUrl":"https:\/\/folhapopular.info\/wp-content\/uploads\/2024\/04\/1-scaled-e1712140936630.jpg","keywords":["Aberto de Ver\u00e3o","APTF","Martius W\u00e4chter"],"articleSection":["Assinantes","Destaques","Esportes"],"inLanguage":"pt-BR","potentialAction":[{"@type":"CommentAction","name":"Comment","target":["https:\/\/folhapopular.info\/index.php\/2024\/04\/03\/comeca-o-segundo-tempo-de-martius-goleiro-que-sofreu-grave-acidente-em-quadra\/#respond"]}]},{"@type":"WebPage","@id":"https:\/\/folhapopular.info\/index.php\/2024\/04\/03\/comeca-o-segundo-tempo-de-martius-goleiro-que-sofreu-grave-acidente-em-quadra\/","url":"https:\/\/folhapopular.info\/index.php\/2024\/04\/03\/comeca-o-segundo-tempo-de-martius-goleiro-que-sofreu-grave-acidente-em-quadra\/","name":"Come\u00e7a o segundo tempo de Martius, goleiro que sofreu grave acidente em quadra - Folha Popular","isPartOf":{"@id":"https:\/\/folhapopular.info\/#website"},"primaryImageOfPage":{"@id":"https:\/\/folhapopular.info\/index.php\/2024\/04\/03\/comeca-o-segundo-tempo-de-martius-goleiro-que-sofreu-grave-acidente-em-quadra\/#primaryimage"},"image":{"@id":"https:\/\/folhapopular.info\/index.php\/2024\/04\/03\/comeca-o-segundo-tempo-de-martius-goleiro-que-sofreu-grave-acidente-em-quadra\/#primaryimage"},"thumbnailUrl":"https:\/\/folhapopular.info\/wp-content\/uploads\/2024\/04\/1-scaled-e1712140936630.jpg","datePublished":"2024-04-03T12:07:00+00:00","author":{"@id":"https:\/\/folhapopular.info\/#\/schema\/person\/e80d332e33633a6164933af03d7ee1b2"},"breadcrumb":{"@id":"https:\/\/folhapopular.info\/index.php\/2024\/04\/03\/comeca-o-segundo-tempo-de-martius-goleiro-que-sofreu-grave-acidente-em-quadra\/#breadcrumb"},"inLanguage":"pt-BR","potentialAction":[{"@type":"ReadAction","target":["https:\/\/folhapopular.info\/index.php\/2024\/04\/03\/comeca-o-segundo-tempo-de-martius-goleiro-que-sofreu-grave-acidente-em-quadra\/"]}]},{"@type":"ImageObject","inLanguage":"pt-BR","@id":"https:\/\/folhapopular.info\/index.php\/2024\/04\/03\/comeca-o-segundo-tempo-de-martius-goleiro-que-sofreu-grave-acidente-em-quadra\/#primaryimage","url":"https:\/\/folhapopular.info\/wp-content\/uploads\/2024\/04\/1-scaled-e1712140936630.jpg","contentUrl":"https:\/\/folhapopular.info\/wp-content\/uploads\/2024\/04\/1-scaled-e1712140936630.jpg","width":2546,"height":1237,"caption":"Cr\u00e9dito: Ariana de Oliveira"},{"@type":"BreadcrumbList","@id":"https:\/\/folhapopular.info\/index.php\/2024\/04\/03\/comeca-o-segundo-tempo-de-martius-goleiro-que-sofreu-grave-acidente-em-quadra\/#breadcrumb","itemListElement":[{"@type":"ListItem","position":1,"name":"In\u00edcio","item":"https:\/\/folhapopular.info\/"},{"@type":"ListItem","position":2,"name":"Come\u00e7a o segundo tempo de Martius, goleiro que sofreu grave acidente em quadra"}]},{"@type":"WebSite","@id":"https:\/\/folhapopular.info\/#website","url":"https:\/\/folhapopular.info\/","name":"Folha Popular","description":"Onde voc\u00ea tem vez e voz","potentialAction":[{"@type":"SearchAction","target":{"@type":"EntryPoint","urlTemplate":"https:\/\/folhapopular.info\/?s={search_term_string}"},"query-input":{"@type":"PropertyValueSpecification","valueRequired":true,"valueName":"search_term_string"}}],"inLanguage":"pt-BR"},{"@type":"Person","@id":"https:\/\/folhapopular.info\/#\/schema\/person\/e80d332e33633a6164933af03d7ee1b2","name":"Ariana de Oliveira","image":{"@type":"ImageObject","inLanguage":"pt-BR","@id":"https:\/\/secure.gravatar.com\/avatar\/f41f85ba276460e0a04f6d5aca07e53f273efeee7e662d9ef431432a18216f59?s=96&d=mm&r=g","url":"https:\/\/secure.gravatar.com\/avatar\/f41f85ba276460e0a04f6d5aca07e53f273efeee7e662d9ef431432a18216f59?s=96&d=mm&r=g","contentUrl":"https:\/\/secure.gravatar.com\/avatar\/f41f85ba276460e0a04f6d5aca07e53f273efeee7e662d9ef431432a18216f59?s=96&d=mm&r=g","caption":"Ariana de Oliveira"},"url":"https:\/\/folhapopular.info\/index.php\/author\/ariana-deoliveiragmail-com\/"}]}},"jetpack_featured_media_url":"https:\/\/folhapopular.info\/wp-content\/uploads\/2024\/04\/1-scaled-e1712140936630.jpg","jetpack_sharing_enabled":true,"amp_enabled":true,"_links":{"self":[{"href":"https:\/\/folhapopular.info\/index.php\/wp-json\/wp\/v2\/posts\/154657","targetHints":{"allow":["GET"]}}],"collection":[{"href":"https:\/\/folhapopular.info\/index.php\/wp-json\/wp\/v2\/posts"}],"about":[{"href":"https:\/\/folhapopular.info\/index.php\/wp-json\/wp\/v2\/types\/post"}],"author":[{"embeddable":true,"href":"https:\/\/folhapopular.info\/index.php\/wp-json\/wp\/v2\/users\/707"}],"replies":[{"embeddable":true,"href":"https:\/\/folhapopular.info\/index.php\/wp-json\/wp\/v2\/comments?post=154657"}],"version-history":[{"count":0,"href":"https:\/\/folhapopular.info\/index.php\/wp-json\/wp\/v2\/posts\/154657\/revisions"}],"wp:featuredmedia":[{"embeddable":true,"href":"https:\/\/folhapopular.info\/index.php\/wp-json\/wp\/v2\/media\/154658"}],"wp:attachment":[{"href":"https:\/\/folhapopular.info\/index.php\/wp-json\/wp\/v2\/media?parent=154657"}],"wp:term":[{"taxonomy":"category","embeddable":true,"href":"https:\/\/folhapopular.info\/index.php\/wp-json\/wp\/v2\/categories?post=154657"},{"taxonomy":"post_tag","embeddable":true,"href":"https:\/\/folhapopular.info\/index.php\/wp-json\/wp\/v2\/tags?post=154657"}],"curies":[{"name":"wp","href":"https:\/\/api.w.org\/{rel}","templated":true}]}}