{"id":154883,"date":"2024-04-06T10:00:00","date_gmt":"2024-04-06T13:00:00","guid":{"rendered":"https:\/\/folhapopular.info\/?p=154883"},"modified":"2024-04-05T11:26:23","modified_gmt":"2024-04-05T14:26:23","slug":"exportacoes-de-carne-de-frango-alcancam-4181-mil-toneladas-em-marco","status":"publish","type":"post","link":"https:\/\/folhapopular.info\/index.php\/2024\/04\/06\/exportacoes-de-carne-de-frango-alcancam-4181-mil-toneladas-em-marco\/","title":{"rendered":"Exporta\u00e7\u00f5es de carne de frango alcan\u00e7am 418,1 mil toneladas em mar\u00e7o"},"content":{"rendered":"\n<p>Levantamentos da Associa\u00e7\u00e3o Brasileira de Prote\u00edna Animal (ABPA) mostram que as exporta\u00e7\u00f5es brasileiras de carne de frango (considerando todos os produtos, entre&nbsp;<em>in natura<\/em>&nbsp;e processados) totalizaram 418,1 mil toneladas em mar\u00e7o. O volume \u00e9 o maior registrado no ano de 2024, embora seja 18,8% menor que o total embarcado no mesmo per\u00edodo de 2023, com 514,6 mil toneladas (maior volume mensal j\u00e1 embarcado na hist\u00f3ria do setor).&nbsp;&nbsp;<\/p>\n\n\n\n<p>A receita total obtida com as exporta\u00e7\u00f5es de mar\u00e7o chegaram a US$ 751,3 milh\u00f5es, desempenho 23,4% menor que o saldo comparativo do mesmo per\u00edodo do ano passado, com US$ 980,5 milh\u00f5es.<\/p>\n\n\n\n<p>No comparativo trimestral, as exporta\u00e7\u00f5es realizadas entre janeiro e mar\u00e7o deste ano alcan\u00e7aram 1,220 milh\u00e3o de toneladas, volume 7,2% inferior ao saldo acumulado nos tr\u00eas primeiros meses de 2023, com 1,314 milh\u00e3o de toneladas. No mesmo per\u00edodo, a receita acumulada alcan\u00e7ou U$ 2,141 bilh\u00f5es, n\u00famero 16,77% menor que o total registrado no primeiro trimestre de 2023, com US$ 2,573 bilh\u00f5es.<\/p>\n\n\n\n<p>\u201cHouve um comportamento at\u00edpico no m\u00eas de mar\u00e7o do ano passado, \u00fanico momento em que a barreira de 500 mil toneladas foi rompida no hist\u00f3rico das exporta\u00e7\u00f5es de carne de frango. Isto cria uma ideia equivocada em rela\u00e7\u00e3o ao m\u00eas de mar\u00e7o deste ano que, na verdade, seguiu dentro do fluxo esperado pelo setor, mantendo-se na m\u00e9dia acima de 400 mil toneladas mensais\u201d, destaca o presidente da ABPA, Ricardo Santin.&nbsp;<\/p>\n\n\n\n<p>No ranking dos principais destinos do m\u00eas de mar\u00e7o, os Emirados \u00c1rabes Unidos lideram com 40,7 mil toneladas, volume 16,2% superior ao registrado no mesmo per\u00edodo de 2023.&nbsp; Em seguida est\u00e3o China, com 38,9 mil toneladas (-48,9%) e Ar\u00e1bia Saudita, com 35 mil toneladas (+3,9%).<\/p>\n\n\n\n<p>Entre os principais estados exportadores, o Paran\u00e1 segue na lideran\u00e7a com 172,3 mil toneladas embarcadas no m\u00eas de mar\u00e7o, volume 19,6% menor que o total registrado no terceiro m\u00eas de 2023. Em seguida est\u00e3o Santa Catarina, com 94,5 mil toneladas (-9,6%) e Rio Grande do Sul, com 56,8 mil toneladas (-23,4%).<\/p>\n\n\n\n<p>&#8220;Temos acompanhado os pa\u00edses do Oriente M\u00e9dio ganharem ainda mais destaque nos \u00faltimos meses, com compras substanciais de carne de frango, em um contexto de incertezas na regi\u00e3o. De maneira geral, o mercado mundial apresenta neste momento equil\u00edbrio entre oferta e demanda, o que dever\u00e1 favorecer os exportadores brasileiros nos pr\u00f3ximos meses, especialmente em um contexto de recrudescimento da influenza avi\u00e1ria em alguns pa\u00edses concorrentes&#8221; destacou o diretor de mercados da ABPA, Luis Rua.<\/p>\n","protected":false},"excerpt":{"rendered":"<p>Levantamentos da Associa\u00e7\u00e3o Brasileira de Prote\u00edna Animal (ABPA) mostram que as exporta\u00e7\u00f5es brasileiras de carne de frango (considerando todos os produtos, entre&nbsp;in natura&nbsp;e processados) totalizaram 418,1 mil toneladas em mar\u00e7o. O volume \u00e9 o maior registrado no ano de 2024, embora seja 18,8% menor que o total embarcado no mesmo per\u00edodo de 2023, com 514,6 [&hellip;]<\/p>\n","protected":false},"author":8,"featured_media":154884,"comment_status":"open","ping_status":"open","sticky":false,"template":"","format":"standard","meta":{"pmpro_default_level":"","_jetpack_memberships_contains_paid_content":false,"footnotes":""},"categories":[2,10991,10994],"tags":[14302,9196,8194],"class_list":{"0":"post-154883","1":"post","2":"type-post","3":"status-publish","4":"format-standard","5":"has-post-thumbnail","7":"category-featured","8":"category-economia","9":"category-rural","10":"tag-cortes","11":"tag-exportacao","12":"tag-frango","13":"pmpro-has-access"},"yoast_head":"<!-- This site is optimized with the Yoast SEO plugin v27.5 - https:\/\/yoast.com\/product\/yoast-seo-wordpress\/ -->\n<title>Exporta\u00e7\u00f5es de carne de frango alcan\u00e7am 418,1 mil toneladas em mar\u00e7o - Folha Popular<\/title>\n<meta name=\"robots\" content=\"index, follow, max-snippet:-1, max-image-preview:large, max-video-preview:-1\" \/>\n<link rel=\"canonical\" href=\"https:\/\/folhapopular.info\/index.php\/2024\/04\/06\/exportacoes-de-carne-de-frango-alcancam-4181-mil-toneladas-em-marco\/\" \/>\n<meta property=\"og:locale\" content=\"pt_BR\" \/>\n<meta property=\"og:type\" content=\"article\" \/>\n<meta property=\"og:title\" content=\"Exporta\u00e7\u00f5es de carne de frango alcan\u00e7am 418,1 mil toneladas em mar\u00e7o - Folha Popular\" \/>\n<meta property=\"og:description\" content=\"Levantamentos da Associa\u00e7\u00e3o Brasileira de Prote\u00edna Animal (ABPA) mostram que as exporta\u00e7\u00f5es brasileiras de carne de frango (considerando todos os produtos, entre&nbsp;in natura&nbsp;e processados) totalizaram 418,1 mil toneladas em mar\u00e7o. O volume \u00e9 o maior registrado no ano de 2024, embora seja 18,8% menor que o total embarcado no mesmo per\u00edodo de 2023, com 514,6 [&hellip;]\" \/>\n<meta property=\"og:url\" content=\"https:\/\/folhapopular.info\/index.php\/2024\/04\/06\/exportacoes-de-carne-de-frango-alcancam-4181-mil-toneladas-em-marco\/\" \/>\n<meta property=\"og:site_name\" content=\"Folha Popular\" \/>\n<meta property=\"article:published_time\" content=\"2024-04-06T13:00:00+00:00\" \/>\n<meta property=\"og:image\" content=\"https:\/\/folhapopular.info\/wp-content\/uploads\/2024\/04\/Foto-Manoel-Petry-Divulgacao-ABPA-2.jpg\" \/>\n\t<meta property=\"og:image:width\" content=\"1064\" \/>\n\t<meta property=\"og:image:height\" content=\"708\" \/>\n\t<meta property=\"og:image:type\" content=\"image\/jpeg\" \/>\n<meta name=\"author\" content=\"Reda\u00e7\u00e3o Folha Popular\" \/>\n<meta name=\"twitter:card\" content=\"summary_large_image\" \/>\n<meta name=\"twitter:label1\" content=\"Escrito por\" \/>\n\t<meta name=\"twitter:data1\" content=\"Reda\u00e7\u00e3o Folha Popular\" \/>\n\t<meta name=\"twitter:label2\" content=\"Est. tempo de leitura\" \/>\n\t<meta name=\"twitter:data2\" content=\"3 minutos\" \/>\n<script type=\"application\/ld+json\" class=\"yoast-schema-graph\">{\"@context\":\"https:\\\/\\\/schema.org\",\"@graph\":[{\"@type\":\"Article\",\"@id\":\"https:\\\/\\\/folhapopular.info\\\/index.php\\\/2024\\\/04\\\/06\\\/exportacoes-de-carne-de-frango-alcancam-4181-mil-toneladas-em-marco\\\/#article\",\"isPartOf\":{\"@id\":\"https:\\\/\\\/folhapopular.info\\\/index.php\\\/2024\\\/04\\\/06\\\/exportacoes-de-carne-de-frango-alcancam-4181-mil-toneladas-em-marco\\\/\"},\"author\":{\"name\":\"Reda\u00e7\u00e3o Folha Popular\",\"@id\":\"https:\\\/\\\/folhapopular.info\\\/#\\\/schema\\\/person\\\/2814e8a0df7643585a9ca38bc6eb9d4b\"},\"headline\":\"Exporta\u00e7\u00f5es de carne de frango alcan\u00e7am 418,1 mil toneladas em mar\u00e7o\",\"datePublished\":\"2024-04-06T13:00:00+00:00\",\"mainEntityOfPage\":{\"@id\":\"https:\\\/\\\/folhapopular.info\\\/index.php\\\/2024\\\/04\\\/06\\\/exportacoes-de-carne-de-frango-alcancam-4181-mil-toneladas-em-marco\\\/\"},\"wordCount\":436,\"commentCount\":0,\"image\":{\"@id\":\"https:\\\/\\\/folhapopular.info\\\/index.php\\\/2024\\\/04\\\/06\\\/exportacoes-de-carne-de-frango-alcancam-4181-mil-toneladas-em-marco\\\/#primaryimage\"},\"thumbnailUrl\":\"https:\\\/\\\/folhapopular.info\\\/wp-content\\\/uploads\\\/2024\\\/04\\\/Foto-Manoel-Petry-Divulgacao-ABPA-2.jpg\",\"keywords\":[\"Cortes\",\"Exporta\u00e7\u00e3o\",\"frango\"],\"articleSection\":[\"Destaques\",\"Economia\",\"Rural\"],\"inLanguage\":\"pt-BR\",\"potentialAction\":[{\"@type\":\"CommentAction\",\"name\":\"Comment\",\"target\":[\"https:\\\/\\\/folhapopular.info\\\/index.php\\\/2024\\\/04\\\/06\\\/exportacoes-de-carne-de-frango-alcancam-4181-mil-toneladas-em-marco\\\/#respond\"]}]},{\"@type\":\"WebPage\",\"@id\":\"https:\\\/\\\/folhapopular.info\\\/index.php\\\/2024\\\/04\\\/06\\\/exportacoes-de-carne-de-frango-alcancam-4181-mil-toneladas-em-marco\\\/\",\"url\":\"https:\\\/\\\/folhapopular.info\\\/index.php\\\/2024\\\/04\\\/06\\\/exportacoes-de-carne-de-frango-alcancam-4181-mil-toneladas-em-marco\\\/\",\"name\":\"Exporta\u00e7\u00f5es de carne de frango alcan\u00e7am 418,1 mil toneladas em mar\u00e7o - Folha Popular\",\"isPartOf\":{\"@id\":\"https:\\\/\\\/folhapopular.info\\\/#website\"},\"primaryImageOfPage\":{\"@id\":\"https:\\\/\\\/folhapopular.info\\\/index.php\\\/2024\\\/04\\\/06\\\/exportacoes-de-carne-de-frango-alcancam-4181-mil-toneladas-em-marco\\\/#primaryimage\"},\"image\":{\"@id\":\"https:\\\/\\\/folhapopular.info\\\/index.php\\\/2024\\\/04\\\/06\\\/exportacoes-de-carne-de-frango-alcancam-4181-mil-toneladas-em-marco\\\/#primaryimage\"},\"thumbnailUrl\":\"https:\\\/\\\/folhapopular.info\\\/wp-content\\\/uploads\\\/2024\\\/04\\\/Foto-Manoel-Petry-Divulgacao-ABPA-2.jpg\",\"datePublished\":\"2024-04-06T13:00:00+00:00\",\"author\":{\"@id\":\"https:\\\/\\\/folhapopular.info\\\/#\\\/schema\\\/person\\\/2814e8a0df7643585a9ca38bc6eb9d4b\"},\"breadcrumb\":{\"@id\":\"https:\\\/\\\/folhapopular.info\\\/index.php\\\/2024\\\/04\\\/06\\\/exportacoes-de-carne-de-frango-alcancam-4181-mil-toneladas-em-marco\\\/#breadcrumb\"},\"inLanguage\":\"pt-BR\",\"potentialAction\":[{\"@type\":\"ReadAction\",\"target\":[\"https:\\\/\\\/folhapopular.info\\\/index.php\\\/2024\\\/04\\\/06\\\/exportacoes-de-carne-de-frango-alcancam-4181-mil-toneladas-em-marco\\\/\"]}]},{\"@type\":\"ImageObject\",\"inLanguage\":\"pt-BR\",\"@id\":\"https:\\\/\\\/folhapopular.info\\\/index.php\\\/2024\\\/04\\\/06\\\/exportacoes-de-carne-de-frango-alcancam-4181-mil-toneladas-em-marco\\\/#primaryimage\",\"url\":\"https:\\\/\\\/folhapopular.info\\\/wp-content\\\/uploads\\\/2024\\\/04\\\/Foto-Manoel-Petry-Divulgacao-ABPA-2.jpg\",\"contentUrl\":\"https:\\\/\\\/folhapopular.info\\\/wp-content\\\/uploads\\\/2024\\\/04\\\/Foto-Manoel-Petry-Divulgacao-ABPA-2.jpg\",\"width\":1064,\"height\":708,\"caption\":\"Cr\u00e9dito: Divulga\u00e7\u00e3o\"},{\"@type\":\"BreadcrumbList\",\"@id\":\"https:\\\/\\\/folhapopular.info\\\/index.php\\\/2024\\\/04\\\/06\\\/exportacoes-de-carne-de-frango-alcancam-4181-mil-toneladas-em-marco\\\/#breadcrumb\",\"itemListElement\":[{\"@type\":\"ListItem\",\"position\":1,\"name\":\"In\u00edcio\",\"item\":\"https:\\\/\\\/folhapopular.info\\\/\"},{\"@type\":\"ListItem\",\"position\":2,\"name\":\"Exporta\u00e7\u00f5es de carne de frango alcan\u00e7am 418,1 mil toneladas em mar\u00e7o\"}]},{\"@type\":\"WebSite\",\"@id\":\"https:\\\/\\\/folhapopular.info\\\/#website\",\"url\":\"https:\\\/\\\/folhapopular.info\\\/\",\"name\":\"Folha Popular\",\"description\":\"Onde voc\u00ea tem vez e voz\",\"potentialAction\":[{\"@type\":\"SearchAction\",\"target\":{\"@type\":\"EntryPoint\",\"urlTemplate\":\"https:\\\/\\\/folhapopular.info\\\/?s={search_term_string}\"},\"query-input\":{\"@type\":\"PropertyValueSpecification\",\"valueRequired\":true,\"valueName\":\"search_term_string\"}}],\"inLanguage\":\"pt-BR\"},{\"@type\":\"Person\",\"@id\":\"https:\\\/\\\/folhapopular.info\\\/#\\\/schema\\\/person\\\/2814e8a0df7643585a9ca38bc6eb9d4b\",\"name\":\"Reda\u00e7\u00e3o Folha Popular\",\"image\":{\"@type\":\"ImageObject\",\"inLanguage\":\"pt-BR\",\"@id\":\"https:\\\/\\\/folhapopular.info\\\/wp-content\\\/uploads\\\/2026\\\/04\\\/Folha-1.webp\",\"url\":\"https:\\\/\\\/folhapopular.info\\\/wp-content\\\/uploads\\\/2026\\\/04\\\/Folha-1.webp\",\"contentUrl\":\"https:\\\/\\\/folhapopular.info\\\/wp-content\\\/uploads\\\/2026\\\/04\\\/Folha-1.webp\",\"caption\":\"Reda\u00e7\u00e3o Folha Popular\"},\"url\":\"https:\\\/\\\/folhapopular.info\\\/index.php\\\/author\\\/redacao\\\/\"}]}<\/script>\n<!-- \/ Yoast SEO plugin. -->","yoast_head_json":{"title":"Exporta\u00e7\u00f5es de carne de frango alcan\u00e7am 418,1 mil toneladas em mar\u00e7o - Folha Popular","robots":{"index":"index","follow":"follow","max-snippet":"max-snippet:-1","max-image-preview":"max-image-preview:large","max-video-preview":"max-video-preview:-1"},"canonical":"https:\/\/folhapopular.info\/index.php\/2024\/04\/06\/exportacoes-de-carne-de-frango-alcancam-4181-mil-toneladas-em-marco\/","og_locale":"pt_BR","og_type":"article","og_title":"Exporta\u00e7\u00f5es de carne de frango alcan\u00e7am 418,1 mil toneladas em mar\u00e7o - Folha Popular","og_description":"Levantamentos da Associa\u00e7\u00e3o Brasileira de Prote\u00edna Animal (ABPA) mostram que as exporta\u00e7\u00f5es brasileiras de carne de frango (considerando todos os produtos, entre&nbsp;in natura&nbsp;e processados) totalizaram 418,1 mil toneladas em mar\u00e7o. O volume \u00e9 o maior registrado no ano de 2024, embora seja 18,8% menor que o total embarcado no mesmo per\u00edodo de 2023, com 514,6 [&hellip;]","og_url":"https:\/\/folhapopular.info\/index.php\/2024\/04\/06\/exportacoes-de-carne-de-frango-alcancam-4181-mil-toneladas-em-marco\/","og_site_name":"Folha Popular","article_published_time":"2024-04-06T13:00:00+00:00","og_image":[{"width":1064,"height":708,"url":"https:\/\/folhapopular.info\/wp-content\/uploads\/2024\/04\/Foto-Manoel-Petry-Divulgacao-ABPA-2.jpg","type":"image\/jpeg"}],"author":"Reda\u00e7\u00e3o Folha Popular","twitter_card":"summary_large_image","twitter_misc":{"Escrito por":"Reda\u00e7\u00e3o Folha Popular","Est. tempo de leitura":"3 minutos"},"schema":{"@context":"https:\/\/schema.org","@graph":[{"@type":"Article","@id":"https:\/\/folhapopular.info\/index.php\/2024\/04\/06\/exportacoes-de-carne-de-frango-alcancam-4181-mil-toneladas-em-marco\/#article","isPartOf":{"@id":"https:\/\/folhapopular.info\/index.php\/2024\/04\/06\/exportacoes-de-carne-de-frango-alcancam-4181-mil-toneladas-em-marco\/"},"author":{"name":"Reda\u00e7\u00e3o Folha Popular","@id":"https:\/\/folhapopular.info\/#\/schema\/person\/2814e8a0df7643585a9ca38bc6eb9d4b"},"headline":"Exporta\u00e7\u00f5es de carne de frango alcan\u00e7am 418,1 mil toneladas em mar\u00e7o","datePublished":"2024-04-06T13:00:00+00:00","mainEntityOfPage":{"@id":"https:\/\/folhapopular.info\/index.php\/2024\/04\/06\/exportacoes-de-carne-de-frango-alcancam-4181-mil-toneladas-em-marco\/"},"wordCount":436,"commentCount":0,"image":{"@id":"https:\/\/folhapopular.info\/index.php\/2024\/04\/06\/exportacoes-de-carne-de-frango-alcancam-4181-mil-toneladas-em-marco\/#primaryimage"},"thumbnailUrl":"https:\/\/folhapopular.info\/wp-content\/uploads\/2024\/04\/Foto-Manoel-Petry-Divulgacao-ABPA-2.jpg","keywords":["Cortes","Exporta\u00e7\u00e3o","frango"],"articleSection":["Destaques","Economia","Rural"],"inLanguage":"pt-BR","potentialAction":[{"@type":"CommentAction","name":"Comment","target":["https:\/\/folhapopular.info\/index.php\/2024\/04\/06\/exportacoes-de-carne-de-frango-alcancam-4181-mil-toneladas-em-marco\/#respond"]}]},{"@type":"WebPage","@id":"https:\/\/folhapopular.info\/index.php\/2024\/04\/06\/exportacoes-de-carne-de-frango-alcancam-4181-mil-toneladas-em-marco\/","url":"https:\/\/folhapopular.info\/index.php\/2024\/04\/06\/exportacoes-de-carne-de-frango-alcancam-4181-mil-toneladas-em-marco\/","name":"Exporta\u00e7\u00f5es de carne de frango alcan\u00e7am 418,1 mil toneladas em mar\u00e7o - Folha Popular","isPartOf":{"@id":"https:\/\/folhapopular.info\/#website"},"primaryImageOfPage":{"@id":"https:\/\/folhapopular.info\/index.php\/2024\/04\/06\/exportacoes-de-carne-de-frango-alcancam-4181-mil-toneladas-em-marco\/#primaryimage"},"image":{"@id":"https:\/\/folhapopular.info\/index.php\/2024\/04\/06\/exportacoes-de-carne-de-frango-alcancam-4181-mil-toneladas-em-marco\/#primaryimage"},"thumbnailUrl":"https:\/\/folhapopular.info\/wp-content\/uploads\/2024\/04\/Foto-Manoel-Petry-Divulgacao-ABPA-2.jpg","datePublished":"2024-04-06T13:00:00+00:00","author":{"@id":"https:\/\/folhapopular.info\/#\/schema\/person\/2814e8a0df7643585a9ca38bc6eb9d4b"},"breadcrumb":{"@id":"https:\/\/folhapopular.info\/index.php\/2024\/04\/06\/exportacoes-de-carne-de-frango-alcancam-4181-mil-toneladas-em-marco\/#breadcrumb"},"inLanguage":"pt-BR","potentialAction":[{"@type":"ReadAction","target":["https:\/\/folhapopular.info\/index.php\/2024\/04\/06\/exportacoes-de-carne-de-frango-alcancam-4181-mil-toneladas-em-marco\/"]}]},{"@type":"ImageObject","inLanguage":"pt-BR","@id":"https:\/\/folhapopular.info\/index.php\/2024\/04\/06\/exportacoes-de-carne-de-frango-alcancam-4181-mil-toneladas-em-marco\/#primaryimage","url":"https:\/\/folhapopular.info\/wp-content\/uploads\/2024\/04\/Foto-Manoel-Petry-Divulgacao-ABPA-2.jpg","contentUrl":"https:\/\/folhapopular.info\/wp-content\/uploads\/2024\/04\/Foto-Manoel-Petry-Divulgacao-ABPA-2.jpg","width":1064,"height":708,"caption":"Cr\u00e9dito: Divulga\u00e7\u00e3o"},{"@type":"BreadcrumbList","@id":"https:\/\/folhapopular.info\/index.php\/2024\/04\/06\/exportacoes-de-carne-de-frango-alcancam-4181-mil-toneladas-em-marco\/#breadcrumb","itemListElement":[{"@type":"ListItem","position":1,"name":"In\u00edcio","item":"https:\/\/folhapopular.info\/"},{"@type":"ListItem","position":2,"name":"Exporta\u00e7\u00f5es de carne de frango alcan\u00e7am 418,1 mil toneladas em mar\u00e7o"}]},{"@type":"WebSite","@id":"https:\/\/folhapopular.info\/#website","url":"https:\/\/folhapopular.info\/","name":"Folha Popular","description":"Onde voc\u00ea tem vez e voz","potentialAction":[{"@type":"SearchAction","target":{"@type":"EntryPoint","urlTemplate":"https:\/\/folhapopular.info\/?s={search_term_string}"},"query-input":{"@type":"PropertyValueSpecification","valueRequired":true,"valueName":"search_term_string"}}],"inLanguage":"pt-BR"},{"@type":"Person","@id":"https:\/\/folhapopular.info\/#\/schema\/person\/2814e8a0df7643585a9ca38bc6eb9d4b","name":"Reda\u00e7\u00e3o Folha Popular","image":{"@type":"ImageObject","inLanguage":"pt-BR","@id":"https:\/\/folhapopular.info\/wp-content\/uploads\/2026\/04\/Folha-1.webp","url":"https:\/\/folhapopular.info\/wp-content\/uploads\/2026\/04\/Folha-1.webp","contentUrl":"https:\/\/folhapopular.info\/wp-content\/uploads\/2026\/04\/Folha-1.webp","caption":"Reda\u00e7\u00e3o Folha Popular"},"url":"https:\/\/folhapopular.info\/index.php\/author\/redacao\/"}]}},"jetpack_featured_media_url":"https:\/\/folhapopular.info\/wp-content\/uploads\/2024\/04\/Foto-Manoel-Petry-Divulgacao-ABPA-2.jpg","jetpack_sharing_enabled":true,"amp_enabled":true,"_links":{"self":[{"href":"https:\/\/folhapopular.info\/index.php\/wp-json\/wp\/v2\/posts\/154883","targetHints":{"allow":["GET"]}}],"collection":[{"href":"https:\/\/folhapopular.info\/index.php\/wp-json\/wp\/v2\/posts"}],"about":[{"href":"https:\/\/folhapopular.info\/index.php\/wp-json\/wp\/v2\/types\/post"}],"author":[{"embeddable":true,"href":"https:\/\/folhapopular.info\/index.php\/wp-json\/wp\/v2\/users\/8"}],"replies":[{"embeddable":true,"href":"https:\/\/folhapopular.info\/index.php\/wp-json\/wp\/v2\/comments?post=154883"}],"version-history":[{"count":0,"href":"https:\/\/folhapopular.info\/index.php\/wp-json\/wp\/v2\/posts\/154883\/revisions"}],"wp:featuredmedia":[{"embeddable":true,"href":"https:\/\/folhapopular.info\/index.php\/wp-json\/wp\/v2\/media\/154884"}],"wp:attachment":[{"href":"https:\/\/folhapopular.info\/index.php\/wp-json\/wp\/v2\/media?parent=154883"}],"wp:term":[{"taxonomy":"category","embeddable":true,"href":"https:\/\/folhapopular.info\/index.php\/wp-json\/wp\/v2\/categories?post=154883"},{"taxonomy":"post_tag","embeddable":true,"href":"https:\/\/folhapopular.info\/index.php\/wp-json\/wp\/v2\/tags?post=154883"}],"curies":[{"name":"wp","href":"https:\/\/api.w.org\/{rel}","templated":true}]}}