{"id":155235,"date":"2024-04-11T08:00:00","date_gmt":"2024-04-11T11:00:00","guid":{"rendered":"https:\/\/folhapopular.info\/?p=155235"},"modified":"2024-04-11T11:15:57","modified_gmt":"2024-04-11T14:15:57","slug":"westfalia-entrega-ampliacao-da-eei-monica-a-comunidade-escolar","status":"publish","type":"post","link":"https:\/\/folhapopular.info\/index.php\/2024\/04\/11\/westfalia-entrega-ampliacao-da-eei-monica-a-comunidade-escolar\/","title":{"rendered":"Westf\u00e1lia entrega amplia\u00e7\u00e3o da EEI M\u00f4nica \u00e0 comunidade escolar"},"content":{"rendered":"\n<p>Na manh\u00e3 de s\u00e1bado (6\/4), a amplia\u00e7\u00e3o da escola Escola de Educa\u00e7\u00e3o Infantil M\u00f4nica, do Bairro Germ\u00e2nia foi entregue \u00e0 comunidade. A expans\u00e3o conta com seis novas salas de aula (incluindo Sala Multiuso), privilegiando a ilumina\u00e7\u00e3o natural e o contato com os p\u00e1tios externos. O projeto conta tamb\u00e9m com muro verde, o qual permite a cria\u00e7\u00e3o de uma horta vertical, garantindo a experi\u00eancia do contato com a natureza, al\u00e9m de banheiros. O novo espa\u00e7o possibilita a amplia\u00e7\u00e3o do educand\u00e1rio para receber em torno de 187 crian\u00e7as.<\/p>\n\n\n\n<p>A programa\u00e7\u00e3o, elaborada de forma especial para a data, foi aberta com a apresenta\u00e7\u00e3o das crian\u00e7as do educand\u00e1rio, trazendo mensagens de otimismo e alegria para os presentes.\u00a0A amplia\u00e7\u00e3o da estrutura de 422,95 metros quadrados, era um antigo anseio da comunidade escolar e foi comemorada pelas fam\u00edlias durante o ato inaugural.<\/p>\n\n\n\n<p>Abrindo os pronunciamentos, a diretora da EEI M\u00f4nica, Simone Carniel, n\u00e3o escondeu a emo\u00e7\u00e3o. \u201cPassa um filme na cabe\u00e7a: de como era l\u00e1 no in\u00edcio e como \u00e9 hoje. E, neste sentido, n\u00e3o posso deixar de agradecer \u00e0 Administra\u00e7\u00e3o Municipal por sempre olhar com tanto carinho para a nossa escola. E, digo: investir em pessoas, em educa\u00e7\u00e3o, \u00e9 sin\u00f4nimo de crescimento e desenvolvimento para todos de uma cidade\u201d, enalteceu, agradecendo a todos aqueles que estiveram envolvidos para a concretiza\u00e7\u00e3o desta importante obra.<\/p>\n\n\n\n<p>O presidente da diretoria da EEI M\u00f4nica, Pablo Diogo Rex Cardoso, tamb\u00e9m parabenizou a Administra\u00e7\u00e3o Municipal por sempre primar por oferecer espa\u00e7os qualificados para a educa\u00e7\u00e3o das crian\u00e7as e jovens. \u201cA Escola de Educa\u00e7\u00e3o Infantil M\u00f4nica \u00e9 exemplo e modelo. Esta amplia\u00e7\u00e3o era um grande anseio n\u00e3o s\u00f3 do educand\u00e1rio e dos profissionais, mas de todos os pais. E hoje, felizmente, podemos celebrar esta importante conquista para toda a comunidade. Parab\u00e9ns, Westf\u00e1lia, por acreditar que investir em educa\u00e7\u00e3o \u00e9 investir em futuro\u201d, considerou.<\/p>\n\n\n\n<p>Representando o deputado federal Lucas Redecker (PSDB), \u00c9verton Pacheco ressaltou que entregar projetos que beneficiem a educa\u00e7\u00e3o \u00e9 um dos princ\u00edpios do parlamentar. \u201cO deputado prioriza o direcionamento de recursos para investimentos em educa\u00e7\u00e3o. E fazer parte deste projeto em Westf\u00e1lia foi gratificante, tendo em vista o carinho que o deputado tem pelo Munic\u00edpio. Estamos sempre \u00e0 disposi\u00e7\u00e3o e seremos parceiros sempre que necess\u00e1rio\u201d, destacou o assessor.<\/p>\n","protected":false},"excerpt":{"rendered":"<p>Na manh\u00e3 de s\u00e1bado (6\/4), a amplia\u00e7\u00e3o da escola Escola de Educa\u00e7\u00e3o Infantil M\u00f4nica, do Bairro Germ\u00e2nia foi entregue \u00e0 comunidade. A expans\u00e3o conta com seis novas salas de aula (incluindo Sala Multiuso), privilegiando a ilumina\u00e7\u00e3o natural e o contato com os p\u00e1tios externos. O projeto conta tamb\u00e9m com muro verde, o qual permite a [&hellip;]<\/p>\n","protected":false},"author":8,"featured_media":155237,"comment_status":"open","ping_status":"open","sticky":false,"template":"","format":"standard","meta":{"pmpro_default_level":"","_jetpack_memberships_contains_paid_content":false,"footnotes":""},"categories":[2,3],"tags":[3347,14766,25],"class_list":{"0":"post-155235","1":"post","2":"type-post","3":"status-publish","4":"format-standard","5":"has-post-thumbnail","7":"category-featured","8":"category-geral","9":"tag-ampliacao","10":"tag-eei-monica","11":"tag-westfalia","12":"pmpro-has-access"},"yoast_head":"<!-- This site is optimized with the Yoast SEO plugin v27.5 - https:\/\/yoast.com\/product\/yoast-seo-wordpress\/ -->\n<title>Westf\u00e1lia entrega amplia\u00e7\u00e3o da EEI M\u00f4nica \u00e0 comunidade escolar - Folha Popular<\/title>\n<meta name=\"robots\" content=\"index, follow, max-snippet:-1, max-image-preview:large, max-video-preview:-1\" \/>\n<link rel=\"canonical\" href=\"https:\/\/folhapopular.info\/index.php\/2024\/04\/11\/westfalia-entrega-ampliacao-da-eei-monica-a-comunidade-escolar\/\" \/>\n<meta property=\"og:locale\" content=\"pt_BR\" \/>\n<meta property=\"og:type\" content=\"article\" \/>\n<meta property=\"og:title\" content=\"Westf\u00e1lia entrega amplia\u00e7\u00e3o da EEI M\u00f4nica \u00e0 comunidade escolar - Folha Popular\" \/>\n<meta property=\"og:description\" content=\"Na manh\u00e3 de s\u00e1bado (6\/4), a amplia\u00e7\u00e3o da escola Escola de Educa\u00e7\u00e3o Infantil M\u00f4nica, do Bairro Germ\u00e2nia foi entregue \u00e0 comunidade. A expans\u00e3o conta com seis novas salas de aula (incluindo Sala Multiuso), privilegiando a ilumina\u00e7\u00e3o natural e o contato com os p\u00e1tios externos. O projeto conta tamb\u00e9m com muro verde, o qual permite a [&hellip;]\" \/>\n<meta property=\"og:url\" content=\"https:\/\/folhapopular.info\/index.php\/2024\/04\/11\/westfalia-entrega-ampliacao-da-eei-monica-a-comunidade-escolar\/\" \/>\n<meta property=\"og:site_name\" content=\"Folha Popular\" \/>\n<meta property=\"article:published_time\" content=\"2024-04-11T11:00:00+00:00\" \/>\n<meta property=\"article:modified_time\" content=\"2024-04-11T14:15:57+00:00\" \/>\n<meta property=\"og:image\" content=\"http:\/\/folhapopular.info\/wp-content\/uploads\/2024\/04\/Comunidade-escolar-prestigiou-o-ato-inaugural-na-manha-de-sabado-dia-06_AI-Westfalia-scaled.jpg\" \/>\n\t<meta property=\"og:image:width\" content=\"2560\" \/>\n\t<meta property=\"og:image:height\" content=\"1706\" \/>\n\t<meta property=\"og:image:type\" content=\"image\/jpeg\" \/>\n<meta name=\"author\" content=\"Reda\u00e7\u00e3o Folha Popular\" \/>\n<meta name=\"twitter:card\" content=\"summary_large_image\" \/>\n<meta name=\"twitter:label1\" content=\"Escrito por\" \/>\n\t<meta name=\"twitter:data1\" content=\"Reda\u00e7\u00e3o Folha Popular\" \/>\n\t<meta name=\"twitter:label2\" content=\"Est. tempo de leitura\" \/>\n\t<meta name=\"twitter:data2\" content=\"3 minutos\" \/>\n<script type=\"application\/ld+json\" class=\"yoast-schema-graph\">{\"@context\":\"https:\\\/\\\/schema.org\",\"@graph\":[{\"@type\":\"Article\",\"@id\":\"https:\\\/\\\/folhapopular.info\\\/index.php\\\/2024\\\/04\\\/11\\\/westfalia-entrega-ampliacao-da-eei-monica-a-comunidade-escolar\\\/#article\",\"isPartOf\":{\"@id\":\"https:\\\/\\\/folhapopular.info\\\/index.php\\\/2024\\\/04\\\/11\\\/westfalia-entrega-ampliacao-da-eei-monica-a-comunidade-escolar\\\/\"},\"author\":{\"name\":\"Reda\u00e7\u00e3o Folha Popular\",\"@id\":\"https:\\\/\\\/folhapopular.info\\\/#\\\/schema\\\/person\\\/2814e8a0df7643585a9ca38bc6eb9d4b\"},\"headline\":\"Westf\u00e1lia entrega amplia\u00e7\u00e3o da EEI M\u00f4nica \u00e0 comunidade escolar\",\"datePublished\":\"2024-04-11T11:00:00+00:00\",\"dateModified\":\"2024-04-11T14:15:57+00:00\",\"mainEntityOfPage\":{\"@id\":\"https:\\\/\\\/folhapopular.info\\\/index.php\\\/2024\\\/04\\\/11\\\/westfalia-entrega-ampliacao-da-eei-monica-a-comunidade-escolar\\\/\"},\"wordCount\":422,\"commentCount\":0,\"image\":{\"@id\":\"https:\\\/\\\/folhapopular.info\\\/index.php\\\/2024\\\/04\\\/11\\\/westfalia-entrega-ampliacao-da-eei-monica-a-comunidade-escolar\\\/#primaryimage\"},\"thumbnailUrl\":\"https:\\\/\\\/folhapopular.info\\\/wp-content\\\/uploads\\\/2024\\\/04\\\/Comunidade-escolar-prestigiou-o-ato-inaugural-na-manha-de-sabado-dia-06_AI-Westfalia-scaled.jpg\",\"keywords\":[\"Amplia\u00e7\u00e3o\",\"EEI M\u00f4nica\",\"Westf\u00e1lia\"],\"articleSection\":[\"Destaques\",\"Geral\"],\"inLanguage\":\"pt-BR\",\"potentialAction\":[{\"@type\":\"CommentAction\",\"name\":\"Comment\",\"target\":[\"https:\\\/\\\/folhapopular.info\\\/index.php\\\/2024\\\/04\\\/11\\\/westfalia-entrega-ampliacao-da-eei-monica-a-comunidade-escolar\\\/#respond\"]}]},{\"@type\":\"WebPage\",\"@id\":\"https:\\\/\\\/folhapopular.info\\\/index.php\\\/2024\\\/04\\\/11\\\/westfalia-entrega-ampliacao-da-eei-monica-a-comunidade-escolar\\\/\",\"url\":\"https:\\\/\\\/folhapopular.info\\\/index.php\\\/2024\\\/04\\\/11\\\/westfalia-entrega-ampliacao-da-eei-monica-a-comunidade-escolar\\\/\",\"name\":\"Westf\u00e1lia entrega amplia\u00e7\u00e3o da EEI M\u00f4nica \u00e0 comunidade escolar - Folha Popular\",\"isPartOf\":{\"@id\":\"https:\\\/\\\/folhapopular.info\\\/#website\"},\"primaryImageOfPage\":{\"@id\":\"https:\\\/\\\/folhapopular.info\\\/index.php\\\/2024\\\/04\\\/11\\\/westfalia-entrega-ampliacao-da-eei-monica-a-comunidade-escolar\\\/#primaryimage\"},\"image\":{\"@id\":\"https:\\\/\\\/folhapopular.info\\\/index.php\\\/2024\\\/04\\\/11\\\/westfalia-entrega-ampliacao-da-eei-monica-a-comunidade-escolar\\\/#primaryimage\"},\"thumbnailUrl\":\"https:\\\/\\\/folhapopular.info\\\/wp-content\\\/uploads\\\/2024\\\/04\\\/Comunidade-escolar-prestigiou-o-ato-inaugural-na-manha-de-sabado-dia-06_AI-Westfalia-scaled.jpg\",\"datePublished\":\"2024-04-11T11:00:00+00:00\",\"dateModified\":\"2024-04-11T14:15:57+00:00\",\"author\":{\"@id\":\"https:\\\/\\\/folhapopular.info\\\/#\\\/schema\\\/person\\\/2814e8a0df7643585a9ca38bc6eb9d4b\"},\"breadcrumb\":{\"@id\":\"https:\\\/\\\/folhapopular.info\\\/index.php\\\/2024\\\/04\\\/11\\\/westfalia-entrega-ampliacao-da-eei-monica-a-comunidade-escolar\\\/#breadcrumb\"},\"inLanguage\":\"pt-BR\",\"potentialAction\":[{\"@type\":\"ReadAction\",\"target\":[\"https:\\\/\\\/folhapopular.info\\\/index.php\\\/2024\\\/04\\\/11\\\/westfalia-entrega-ampliacao-da-eei-monica-a-comunidade-escolar\\\/\"]}]},{\"@type\":\"ImageObject\",\"inLanguage\":\"pt-BR\",\"@id\":\"https:\\\/\\\/folhapopular.info\\\/index.php\\\/2024\\\/04\\\/11\\\/westfalia-entrega-ampliacao-da-eei-monica-a-comunidade-escolar\\\/#primaryimage\",\"url\":\"https:\\\/\\\/folhapopular.info\\\/wp-content\\\/uploads\\\/2024\\\/04\\\/Comunidade-escolar-prestigiou-o-ato-inaugural-na-manha-de-sabado-dia-06_AI-Westfalia-scaled.jpg\",\"contentUrl\":\"https:\\\/\\\/folhapopular.info\\\/wp-content\\\/uploads\\\/2024\\\/04\\\/Comunidade-escolar-prestigiou-o-ato-inaugural-na-manha-de-sabado-dia-06_AI-Westfalia-scaled.jpg\",\"width\":2560,\"height\":1706,\"caption\":\"Cr\u00e9dito: Divulga\u00e7\u00e3o\\\/AI Westf\u00e1lia\"},{\"@type\":\"BreadcrumbList\",\"@id\":\"https:\\\/\\\/folhapopular.info\\\/index.php\\\/2024\\\/04\\\/11\\\/westfalia-entrega-ampliacao-da-eei-monica-a-comunidade-escolar\\\/#breadcrumb\",\"itemListElement\":[{\"@type\":\"ListItem\",\"position\":1,\"name\":\"In\u00edcio\",\"item\":\"https:\\\/\\\/folhapopular.info\\\/\"},{\"@type\":\"ListItem\",\"position\":2,\"name\":\"Westf\u00e1lia entrega amplia\u00e7\u00e3o da EEI M\u00f4nica \u00e0 comunidade escolar\"}]},{\"@type\":\"WebSite\",\"@id\":\"https:\\\/\\\/folhapopular.info\\\/#website\",\"url\":\"https:\\\/\\\/folhapopular.info\\\/\",\"name\":\"Folha Popular\",\"description\":\"Onde voc\u00ea tem vez e voz\",\"potentialAction\":[{\"@type\":\"SearchAction\",\"target\":{\"@type\":\"EntryPoint\",\"urlTemplate\":\"https:\\\/\\\/folhapopular.info\\\/?s={search_term_string}\"},\"query-input\":{\"@type\":\"PropertyValueSpecification\",\"valueRequired\":true,\"valueName\":\"search_term_string\"}}],\"inLanguage\":\"pt-BR\"},{\"@type\":\"Person\",\"@id\":\"https:\\\/\\\/folhapopular.info\\\/#\\\/schema\\\/person\\\/2814e8a0df7643585a9ca38bc6eb9d4b\",\"name\":\"Reda\u00e7\u00e3o Folha Popular\",\"image\":{\"@type\":\"ImageObject\",\"inLanguage\":\"pt-BR\",\"@id\":\"https:\\\/\\\/folhapopular.info\\\/wp-content\\\/uploads\\\/2026\\\/04\\\/Folha-1.webp\",\"url\":\"https:\\\/\\\/folhapopular.info\\\/wp-content\\\/uploads\\\/2026\\\/04\\\/Folha-1.webp\",\"contentUrl\":\"https:\\\/\\\/folhapopular.info\\\/wp-content\\\/uploads\\\/2026\\\/04\\\/Folha-1.webp\",\"caption\":\"Reda\u00e7\u00e3o Folha Popular\"},\"url\":\"https:\\\/\\\/folhapopular.info\\\/index.php\\\/author\\\/redacao\\\/\"}]}<\/script>\n<!-- \/ Yoast SEO plugin. -->","yoast_head_json":{"title":"Westf\u00e1lia entrega amplia\u00e7\u00e3o da EEI M\u00f4nica \u00e0 comunidade escolar - Folha Popular","robots":{"index":"index","follow":"follow","max-snippet":"max-snippet:-1","max-image-preview":"max-image-preview:large","max-video-preview":"max-video-preview:-1"},"canonical":"https:\/\/folhapopular.info\/index.php\/2024\/04\/11\/westfalia-entrega-ampliacao-da-eei-monica-a-comunidade-escolar\/","og_locale":"pt_BR","og_type":"article","og_title":"Westf\u00e1lia entrega amplia\u00e7\u00e3o da EEI M\u00f4nica \u00e0 comunidade escolar - Folha Popular","og_description":"Na manh\u00e3 de s\u00e1bado (6\/4), a amplia\u00e7\u00e3o da escola Escola de Educa\u00e7\u00e3o Infantil M\u00f4nica, do Bairro Germ\u00e2nia foi entregue \u00e0 comunidade. A expans\u00e3o conta com seis novas salas de aula (incluindo Sala Multiuso), privilegiando a ilumina\u00e7\u00e3o natural e o contato com os p\u00e1tios externos. O projeto conta tamb\u00e9m com muro verde, o qual permite a [&hellip;]","og_url":"https:\/\/folhapopular.info\/index.php\/2024\/04\/11\/westfalia-entrega-ampliacao-da-eei-monica-a-comunidade-escolar\/","og_site_name":"Folha Popular","article_published_time":"2024-04-11T11:00:00+00:00","article_modified_time":"2024-04-11T14:15:57+00:00","og_image":[{"width":2560,"height":1706,"url":"http:\/\/folhapopular.info\/wp-content\/uploads\/2024\/04\/Comunidade-escolar-prestigiou-o-ato-inaugural-na-manha-de-sabado-dia-06_AI-Westfalia-scaled.jpg","type":"image\/jpeg"}],"author":"Reda\u00e7\u00e3o Folha Popular","twitter_card":"summary_large_image","twitter_misc":{"Escrito por":"Reda\u00e7\u00e3o Folha Popular","Est. tempo de leitura":"3 minutos"},"schema":{"@context":"https:\/\/schema.org","@graph":[{"@type":"Article","@id":"https:\/\/folhapopular.info\/index.php\/2024\/04\/11\/westfalia-entrega-ampliacao-da-eei-monica-a-comunidade-escolar\/#article","isPartOf":{"@id":"https:\/\/folhapopular.info\/index.php\/2024\/04\/11\/westfalia-entrega-ampliacao-da-eei-monica-a-comunidade-escolar\/"},"author":{"name":"Reda\u00e7\u00e3o Folha Popular","@id":"https:\/\/folhapopular.info\/#\/schema\/person\/2814e8a0df7643585a9ca38bc6eb9d4b"},"headline":"Westf\u00e1lia entrega amplia\u00e7\u00e3o da EEI M\u00f4nica \u00e0 comunidade escolar","datePublished":"2024-04-11T11:00:00+00:00","dateModified":"2024-04-11T14:15:57+00:00","mainEntityOfPage":{"@id":"https:\/\/folhapopular.info\/index.php\/2024\/04\/11\/westfalia-entrega-ampliacao-da-eei-monica-a-comunidade-escolar\/"},"wordCount":422,"commentCount":0,"image":{"@id":"https:\/\/folhapopular.info\/index.php\/2024\/04\/11\/westfalia-entrega-ampliacao-da-eei-monica-a-comunidade-escolar\/#primaryimage"},"thumbnailUrl":"https:\/\/folhapopular.info\/wp-content\/uploads\/2024\/04\/Comunidade-escolar-prestigiou-o-ato-inaugural-na-manha-de-sabado-dia-06_AI-Westfalia-scaled.jpg","keywords":["Amplia\u00e7\u00e3o","EEI M\u00f4nica","Westf\u00e1lia"],"articleSection":["Destaques","Geral"],"inLanguage":"pt-BR","potentialAction":[{"@type":"CommentAction","name":"Comment","target":["https:\/\/folhapopular.info\/index.php\/2024\/04\/11\/westfalia-entrega-ampliacao-da-eei-monica-a-comunidade-escolar\/#respond"]}]},{"@type":"WebPage","@id":"https:\/\/folhapopular.info\/index.php\/2024\/04\/11\/westfalia-entrega-ampliacao-da-eei-monica-a-comunidade-escolar\/","url":"https:\/\/folhapopular.info\/index.php\/2024\/04\/11\/westfalia-entrega-ampliacao-da-eei-monica-a-comunidade-escolar\/","name":"Westf\u00e1lia entrega amplia\u00e7\u00e3o da EEI M\u00f4nica \u00e0 comunidade escolar - Folha Popular","isPartOf":{"@id":"https:\/\/folhapopular.info\/#website"},"primaryImageOfPage":{"@id":"https:\/\/folhapopular.info\/index.php\/2024\/04\/11\/westfalia-entrega-ampliacao-da-eei-monica-a-comunidade-escolar\/#primaryimage"},"image":{"@id":"https:\/\/folhapopular.info\/index.php\/2024\/04\/11\/westfalia-entrega-ampliacao-da-eei-monica-a-comunidade-escolar\/#primaryimage"},"thumbnailUrl":"https:\/\/folhapopular.info\/wp-content\/uploads\/2024\/04\/Comunidade-escolar-prestigiou-o-ato-inaugural-na-manha-de-sabado-dia-06_AI-Westfalia-scaled.jpg","datePublished":"2024-04-11T11:00:00+00:00","dateModified":"2024-04-11T14:15:57+00:00","author":{"@id":"https:\/\/folhapopular.info\/#\/schema\/person\/2814e8a0df7643585a9ca38bc6eb9d4b"},"breadcrumb":{"@id":"https:\/\/folhapopular.info\/index.php\/2024\/04\/11\/westfalia-entrega-ampliacao-da-eei-monica-a-comunidade-escolar\/#breadcrumb"},"inLanguage":"pt-BR","potentialAction":[{"@type":"ReadAction","target":["https:\/\/folhapopular.info\/index.php\/2024\/04\/11\/westfalia-entrega-ampliacao-da-eei-monica-a-comunidade-escolar\/"]}]},{"@type":"ImageObject","inLanguage":"pt-BR","@id":"https:\/\/folhapopular.info\/index.php\/2024\/04\/11\/westfalia-entrega-ampliacao-da-eei-monica-a-comunidade-escolar\/#primaryimage","url":"https:\/\/folhapopular.info\/wp-content\/uploads\/2024\/04\/Comunidade-escolar-prestigiou-o-ato-inaugural-na-manha-de-sabado-dia-06_AI-Westfalia-scaled.jpg","contentUrl":"https:\/\/folhapopular.info\/wp-content\/uploads\/2024\/04\/Comunidade-escolar-prestigiou-o-ato-inaugural-na-manha-de-sabado-dia-06_AI-Westfalia-scaled.jpg","width":2560,"height":1706,"caption":"Cr\u00e9dito: Divulga\u00e7\u00e3o\/AI Westf\u00e1lia"},{"@type":"BreadcrumbList","@id":"https:\/\/folhapopular.info\/index.php\/2024\/04\/11\/westfalia-entrega-ampliacao-da-eei-monica-a-comunidade-escolar\/#breadcrumb","itemListElement":[{"@type":"ListItem","position":1,"name":"In\u00edcio","item":"https:\/\/folhapopular.info\/"},{"@type":"ListItem","position":2,"name":"Westf\u00e1lia entrega amplia\u00e7\u00e3o da EEI M\u00f4nica \u00e0 comunidade escolar"}]},{"@type":"WebSite","@id":"https:\/\/folhapopular.info\/#website","url":"https:\/\/folhapopular.info\/","name":"Folha Popular","description":"Onde voc\u00ea tem vez e voz","potentialAction":[{"@type":"SearchAction","target":{"@type":"EntryPoint","urlTemplate":"https:\/\/folhapopular.info\/?s={search_term_string}"},"query-input":{"@type":"PropertyValueSpecification","valueRequired":true,"valueName":"search_term_string"}}],"inLanguage":"pt-BR"},{"@type":"Person","@id":"https:\/\/folhapopular.info\/#\/schema\/person\/2814e8a0df7643585a9ca38bc6eb9d4b","name":"Reda\u00e7\u00e3o Folha Popular","image":{"@type":"ImageObject","inLanguage":"pt-BR","@id":"https:\/\/folhapopular.info\/wp-content\/uploads\/2026\/04\/Folha-1.webp","url":"https:\/\/folhapopular.info\/wp-content\/uploads\/2026\/04\/Folha-1.webp","contentUrl":"https:\/\/folhapopular.info\/wp-content\/uploads\/2026\/04\/Folha-1.webp","caption":"Reda\u00e7\u00e3o Folha Popular"},"url":"https:\/\/folhapopular.info\/index.php\/author\/redacao\/"}]}},"jetpack_featured_media_url":"https:\/\/folhapopular.info\/wp-content\/uploads\/2024\/04\/Comunidade-escolar-prestigiou-o-ato-inaugural-na-manha-de-sabado-dia-06_AI-Westfalia-scaled.jpg","jetpack_sharing_enabled":true,"amp_enabled":true,"_links":{"self":[{"href":"https:\/\/folhapopular.info\/index.php\/wp-json\/wp\/v2\/posts\/155235","targetHints":{"allow":["GET"]}}],"collection":[{"href":"https:\/\/folhapopular.info\/index.php\/wp-json\/wp\/v2\/posts"}],"about":[{"href":"https:\/\/folhapopular.info\/index.php\/wp-json\/wp\/v2\/types\/post"}],"author":[{"embeddable":true,"href":"https:\/\/folhapopular.info\/index.php\/wp-json\/wp\/v2\/users\/8"}],"replies":[{"embeddable":true,"href":"https:\/\/folhapopular.info\/index.php\/wp-json\/wp\/v2\/comments?post=155235"}],"version-history":[{"count":0,"href":"https:\/\/folhapopular.info\/index.php\/wp-json\/wp\/v2\/posts\/155235\/revisions"}],"wp:featuredmedia":[{"embeddable":true,"href":"https:\/\/folhapopular.info\/index.php\/wp-json\/wp\/v2\/media\/155237"}],"wp:attachment":[{"href":"https:\/\/folhapopular.info\/index.php\/wp-json\/wp\/v2\/media?parent=155235"}],"wp:term":[{"taxonomy":"category","embeddable":true,"href":"https:\/\/folhapopular.info\/index.php\/wp-json\/wp\/v2\/categories?post=155235"},{"taxonomy":"post_tag","embeddable":true,"href":"https:\/\/folhapopular.info\/index.php\/wp-json\/wp\/v2\/tags?post=155235"}],"curies":[{"name":"wp","href":"https:\/\/api.w.org\/{rel}","templated":true}]}}